{"id":278818,"date":"2026-03-10T08:00:23","date_gmt":"2026-03-10T11:00:23","guid":{"rendered":"https:\/\/www.agrobase.com.br\/concursos\/?p=278818"},"modified":"2026-03-09T13:43:45","modified_gmt":"2026-03-09T16:43:45","slug":"ifc-sc-concurso-27-2026","status":"publish","type":"post","link":"https:\/\/www.agrobase.com.br\/concursos\/2026\/ifc-sc-concurso-27-2026\/","title":{"rendered":"IFC (SC) &#8211; Concurso 27\/2026"},"content":{"rendered":"<h2>Informa\u00e7\u00f5es Gerais<\/h2>\n<p>O <strong>Instituto Federal Catarinense (IFC)<\/strong> publicou edital de concurso p\u00fablico para o provimento de cargos efetivos de <strong>T\u00e9cnico-Administrativos em Educa\u00e7\u00e3o<\/strong>, vinculados ao Quadro de Pessoal Permanente da institui\u00e7\u00e3o. O certame \u00e9 regido pelo Regime Jur\u00eddico \u00danico dos Servidores P\u00fablicos Civis da Uni\u00e3o (Lei Federal n\u00ba 8.112\/1990), garantindo estabilidade e os benef\u00edcios do regime estatut\u00e1rio federal.<\/p>\n<p>Ao todo, s\u00e3o ofertadas <strong>10 vagas imediatas<\/strong>, distribu\u00eddas entre os n\u00edveis <strong>M\u00e9dio\/T\u00e9cnico<\/strong> e <strong>Superior<\/strong>, com remunera\u00e7\u00f5es que variam de <strong>R$ 3.029,90<\/strong> a <strong>R$ 4.967,04<\/strong>, para jornada de <strong>40 horas semanais<\/strong>.<\/p>\n<p>No n\u00edvel M\u00e9dio\/T\u00e9cnico, as oportunidades abrangem cargos como Assistente em Administra\u00e7\u00e3o e T\u00e9cnico de Laborat\u00f3rio nas \u00e1reas de Automa\u00e7\u00e3o, Biologia, Eletrot\u00e9cnica, Inform\u00e1tica e Mec\u00e2nica. Merece destaque especial a vaga para <strong>T\u00e9cnico em Agropecu\u00e1ria<\/strong>, voltada a profissionais com forma\u00e7\u00e3o t\u00e9cnica na \u00e1rea e registro no respectivo conselho regional \u2014 uma excelente oportunidade para quem atua no setor agropecu\u00e1rio.<\/p>\n<p>J\u00e1 no n\u00edvel Superior, o concurso oferece uma vaga para <strong>Engenheiro Agr\u00f4nomo<\/strong>, exigindo diploma em <strong>Engenharia Agron\u00f4mica<\/strong> e registro no conselho de classe. Trata-se de uma oportunidade relevante para profissionais da \u00e1rea de Agronomia que buscam estabilidade no servi\u00e7o p\u00fablico federal.<\/p>\n<p>A lota\u00e7\u00e3o e o exerc\u00edcio dos aprovados ocorrer\u00e3o nas unidades do IFC no estado de <strong>Santa Catarina<\/strong>. Continue a leitura para conferir todos os detalhes sobre inscri\u00e7\u00f5es, etapas do processo seletivo e como acompanhar os resultados.<\/p>\n<h2>Inscri\u00e7\u00f5es<\/h2>\n<p>As inscri\u00e7\u00f5es para o concurso p\u00fablico do <strong>IFC &#8211; Instituto Federal Catarinense<\/strong> ser\u00e3o realizadas exclusivamente pela internet, por meio do site da <strong>FUNDATEC<\/strong>, banca organizadora do certame, no endere\u00e7o <strong>www.fundatec.org.br<\/strong>.<\/p>\n<p>O per\u00edodo de inscri\u00e7\u00f5es tem in\u00edcio em <strong>05 de mar\u00e7o de 2026<\/strong> e se encerra \u00e0s <strong>17h do dia 30 de mar\u00e7o de 2026<\/strong>. As inscri\u00e7\u00f5es submetidas ap\u00f3s esse hor\u00e1rio n\u00e3o ser\u00e3o aceitas pelo sistema.<\/p>\n<p>Para efetivar a inscri\u00e7\u00e3o, o candidato dever\u00e1 acessar o site da FUNDATEC, localizar o concurso do IFC, preencher o formul\u00e1rio de inscri\u00e7\u00e3o com seus dados pessoais e selecionar o cargo desejado. Ao concluir o cadastro, ser\u00e1 necess\u00e1rio assinalar a concord\u00e2ncia com os termos do edital e autorizar a coleta e o uso de dados pessoais e imagem para fins do certame.<\/p>\n<p>Ap\u00f3s a finaliza\u00e7\u00e3o do cadastro, ser\u00e1 gerado um <strong>boleto banc\u00e1rio ou guia de arrecada\u00e7\u00e3o<\/strong> referente \u00e0 taxa de inscri\u00e7\u00e3o. O pagamento dever\u00e1 ser efetuado <strong>at\u00e9 a data de vencimento indicada no pr\u00f3prio boleto\/guia<\/strong>, sendo indispens\u00e1vel para a confirma\u00e7\u00e3o da inscri\u00e7\u00e3o.<\/p>\n<p>Recomenda-se que o candidato acompanhe o status de sua inscri\u00e7\u00e3o diretamente na \u00e1rea restrita do site da FUNDATEC, verificando se o pagamento foi processado e a inscri\u00e7\u00e3o confirmada. Em caso de d\u00favidas sobre valores de taxa por cargo, crit\u00e9rios e procedimentos para solicita\u00e7\u00e3o de isen\u00e7\u00e3o da taxa de inscri\u00e7\u00e3o, ou demais orienta\u00e7\u00f5es espec\u00edficas, consulte o edital completo dispon\u00edvel no site da banca organizadora e do IFC.<\/p>\n<p>Para garantir que nenhum prazo seja perdido, leia atentamente o edital na \u00edntegra e o cronograma de execu\u00e7\u00e3o do concurso.<\/p>\n<h2>Etapas e Provas<\/h2>\n<p>O concurso p\u00fablico do <strong>IFC &#8211; Instituto Federal Catarinense<\/strong> ser\u00e1 composto por uma \u00fanica etapa de avalia\u00e7\u00e3o: a <strong>Prova Te\u00f3rico-Objetiva<\/strong>, aplic\u00e1vel a todos os cargos ofertados. Essa prova possui car\u00e1ter <strong>eliminat\u00f3rio e classificat\u00f3rio<\/strong>.<\/p>\n<ul>\n<li><strong>Prova Te\u00f3rico-Objetiva<\/strong>\n<ul>\n<li><strong>Formato:<\/strong> quest\u00f5es de m\u00faltipla escolha, elaboradas com base nos programas de conte\u00fado constantes nos Anexos VII e VIII do edital, e conforme o Quadro Demonstrativo de Provas (Anexo II).<\/li>\n<li><strong>N\u00edvel de dificuldade:<\/strong> compat\u00edvel com o grau de escolaridade m\u00ednimo exigido para cada cargo.<\/li>\n<li><strong>Dura\u00e7\u00e3o:<\/strong> <strong>4 (quatro) horas<\/strong> para resolu\u00e7\u00e3o das quest\u00f5es e preenchimento da Folha Definitiva de Respostas.<\/li>\n<li><strong>Data prevista de aplica\u00e7\u00e3o:<\/strong> <strong>26 de abril de 2026<\/strong> (data prov\u00e1vel, conforme cronograma de execu\u00e7\u00e3o).<\/li>\n<li><strong>Locais de prova:<\/strong> em princ\u00edpio, a prova ser\u00e1 realizada nos munic\u00edpios de <strong>Araquari\/SC<\/strong>, <strong>Blumenau\/SC<\/strong>, <strong>Cambori\u00fa\/SC<\/strong>, <strong>Conc\u00f3rdia\/SC<\/strong>, <strong>Rio do Sul\/SC<\/strong> e <strong>Santa Rosa do Sul\/SC<\/strong>.<\/li>\n<li><strong>Crit\u00e9rios de aprova\u00e7\u00e3o:<\/strong> a pontua\u00e7\u00e3o total e as notas m\u00ednimas para aprova\u00e7\u00e3o est\u00e3o detalhadas no Anexo II do edital. O candidato que n\u00e3o atingir o desempenho m\u00ednimo exigido ser\u00e1 eliminado do certame.<\/li>\n<\/ul>\n<\/li>\n<\/ul>\n<p>As disciplinas e os conte\u00fados program\u00e1ticos cobrados variam conforme o cargo e o n\u00edvel de escolaridade. Para conhecer em detalhes os temas que ser\u00e3o exigidos na sua prova, consulte os <strong>Anexos VII e VIII<\/strong> do edital, que trazem o conte\u00fado program\u00e1tico completo para os cargos de n\u00edvel M\u00e9dio\/T\u00e9cnico e Superior, respectivamente.<\/p>\n<p>Fique atento ao cronograma de execu\u00e7\u00e3o do concurso para confirmar datas, hor\u00e1rios e locais definitivos de aplica\u00e7\u00e3o da prova. Todas as informa\u00e7\u00f5es ser\u00e3o divulgadas no site da FUNDATEC (<strong>www.fundatec.org.br<\/strong>).<\/p>\n<h2>Resultados e Gabarito<\/h2>\n<p>Ap\u00f3s a realiza\u00e7\u00e3o da Prova Te\u00f3rico-Objetiva, o <strong>IFC &#8211; Instituto Federal Catarinense<\/strong> e a <strong>FUNDATEC<\/strong> divulgar\u00e3o os resultados seguindo o cronograma de execu\u00e7\u00e3o do concurso. O candidato deve acompanhar as publica\u00e7\u00f5es para verificar gabaritos preliminares, gabaritos definitivos, resultados preliminares e resultados definitivos.<\/p>\n<p>A <strong>classifica\u00e7\u00e3o final<\/strong> do concurso p\u00fablico ser\u00e1 determinada exclusivamente pelo desempenho obtido na Prova Te\u00f3rico-Objetiva, conforme os crit\u00e9rios estabelecidos no Anexo II do edital. Os crit\u00e9rios de desempate entre candidatos com a mesma pontua\u00e7\u00e3o tamb\u00e9m est\u00e3o previstos no edital e devem ser consultados na \u00edntegra.<\/p>\n<p>Conclu\u00eddas todas as etapas previstas, inclu\u00edda a an\u00e1lise de eventuais recursos, ser\u00e1 publicado o <strong>Edital de Homologa\u00e7\u00e3o do Resultado Final<\/strong>, contendo a rela\u00e7\u00e3o das pessoas candidatas aprovadas por ordem de classifica\u00e7\u00e3o. A homologa\u00e7\u00e3o ser\u00e1 realizada pelo <strong>Reitor do IFC<\/strong>, em conformidade com o Anexo II do Decreto Federal n\u00ba 9.739\/2019.<\/p>\n<p>Os resultados e a homologa\u00e7\u00e3o ser\u00e3o divulgados nos seguintes canais oficiais:<\/p>\n<ul>\n<li><strong>Di\u00e1rio Oficial da Uni\u00e3o (DOU)<\/strong><\/li>\n<li><strong>Site da FUNDATEC:<\/strong> www.fundatec.org.br<\/li>\n<\/ul>\n<p>Quanto \u00e0 validade do concurso e \u00e0 possibilidade de prorroga\u00e7\u00e3o, o candidato deve consultar as disposi\u00e7\u00f5es espec\u00edficas contidas no edital de abertura.<\/p>\n<p><strong>Aten\u00e7\u00e3o:<\/strong> o acompanhamento de todas as publica\u00e7\u00f5es, editais complementares, convoca\u00e7\u00f5es e demais comunicados referentes ao concurso \u00e9 de <strong>responsabilidade exclusiva do candidato<\/strong>. Mantenha seus dados atualizados e consulte regularmente os canais oficiais para n\u00e3o perder nenhum prazo importante.<\/p>\n","protected":false},"excerpt":{"rendered":"<p>Concurso IFC (SC) com edital publicado! Vagas p\/ Assistente Adm. e Eng. Agr\u00f4nomo (M\u00e9dio\/Sup.). Inscri\u00e7\u00f5es a partir de 05\/03. Sal\u00e1rios at\u00e9 R$4.9k. Confira!<\/p>\n","protected":false},"author":7,"featured_media":278817,"comment_status":"open","ping_status":"open","sticky":false,"template":"","format":"standard","meta":{"_acf_changed":false,"_breakdance_hide_in_design_set":false,"_breakdance_tags":"","footnotes":""},"categories":[4,30,130,161],"tags":[61],"_amplo":[],"destaque":[],"instituicoes":[],"class_list":["post-278818","post","type-post","status-publish","format-standard","has-post-thumbnail","hentry","category-agronomia","category-tecnico-agropecuaria","category-tecnico-informatica","category-tecnico-laboratorio","tag-santa-catarina"],"acf":{"_tipo_vagas":"vagas","_numero_vagas":"","_quadro_vagas":"","_cargos":"diversos","_cargos_especificos":"","_salario_max":"R$ 4967.04","_abertura":"20260305","_encerramento":"20260330","_inscricoes":"https:\/\/www.fundatec.org.br","_executora_concurso":"","_instituicao_concurso":[],"_link_adicional":null,"_anexos":null,"_produtos":null,"_vagas":"10 vagas","_salario_min":"R$ 3029.9","_instituicao":"IFC - Instituto Federal Catarinense","_edital":"https:\/\/www.agrobase.com.br\/concursos\/wp-content\/uploads\/sites\/4\/2026\/03\/edital-27-2026-do-if-catarinense-sc.pdf","_anexos_edital":"https:\/\/www.agrobase.com.br\/concursos\/wp-content\/uploads\/sites\/4\/2026\/03\/anexos-edital-27-2026-do-if-catarinense-sc.pdf","_fund_incompleto":"","_fund_completo":"","_medio":"<div>\r\n<table class=\"quadro\">\r\n<thead>\r\n<tr>\r\n<th class=\"hcargo\">Cargo<\/th>\r\n<th class=\"hvagas\">Vagas<\/th>\r\n<th class=\"hremuneracao\">Remunera\u00e7\u00e3o<\/th>\r\n<\/tr>\r\n<\/thead>\r\n    <tbody>\r\n      <td class=\"ccargos\">\r\n<span data-balloon-length=\"medium\" aria-label=\"Ensino M\u00e9dio Profissionalizante ou Ensino M\u00e9dio Completo e 12 meses de experi\u00eancia\" data-balloon-pos=\"up\">T\u00e9cnico-Administrativo em Educa\u00e7\u00e3o - Assistente em Administra\u00e7\u00e3o<\/span><\/td>\r\n<td class=\"cvagas\">04<\/td>\r\n<td class=\"cremuneracao\">R$ 3.029,90 \/40h<\/td>\r\n<\/tr><td class=\"ccargos\">\r\n<span data-balloon-length=\"medium\" aria-label=\"Ensino M\u00e9dio Profissionalizante na \u00e1rea ou Ensino M\u00e9dio completo mais Curso T\u00e9cnico na \u00e1rea.\" data-balloon-pos=\"up\">T\u00e9cnico-Administrativo em Educa\u00e7\u00e3o - T\u00e9cnico de Laborat\u00f3rio: Automa\u00e7\u00e3o<\/span><\/td>\r\n<td class=\"cvagas\">01<\/td>\r\n<td class=\"cremuneracao\">R$ 3.029,90 \/40h<\/td>\r\n<\/tr><td class=\"ccargos\">\r\n<span data-balloon-length=\"medium\" aria-label=\"Ensino M\u00e9dio Profissionalizante na \u00e1rea ou Ensino M\u00e9dio completo mais Curso T\u00e9cnico na \u00e1rea.\" data-balloon-pos=\"up\">T\u00e9cnico-Administrativo em Educa\u00e7\u00e3o - T\u00e9cnico de Laborat\u00f3rio: Biologia<\/span><\/td>\r\n<td class=\"cvagas\">01<\/td>\r\n<td class=\"cremuneracao\">R$ 3.029,90 \/40h<\/td>\r\n<\/tr><td class=\"ccargos\">\r\n<span data-balloon-length=\"medium\" aria-label=\"Ensino M\u00e9dio Profissionalizante na \u00e1rea ou Ensino M\u00e9dio completo mais Curso T\u00e9cnico na \u00e1rea.\" data-balloon-pos=\"up\">T\u00e9cnico-Administrativo em Educa\u00e7\u00e3o - T\u00e9cnico de Laborat\u00f3rio: Eletrot\u00e9cnica<\/span><\/td>\r\n<td class=\"cvagas\">01<\/td>\r\n<td class=\"cremuneracao\">R$ 3.029,90 \/40h<\/td>\r\n<\/tr><td class=\"ccargos\">\r\n<span data-balloon-length=\"medium\" aria-label=\"Ensino M\u00e9dio Profissionalizante na \u00e1rea ou Ensino M\u00e9dio completo mais Curso T\u00e9cnico na \u00e1rea.\" data-balloon-pos=\"up\">T\u00e9cnico-Administrativo em Educa\u00e7\u00e3o - T\u00e9cnico de Laborat\u00f3rio: Inform\u00e1tica<\/span><\/td>\r\n<td class=\"cvagas\">01<\/td>\r\n<td class=\"cremuneracao\">R$ 3.029,90 \/40h<\/td>\r\n<\/tr><td class=\"ccargos\">\r\n<span data-balloon-length=\"medium\" aria-label=\"Ensino M\u00e9dio Profissionalizante na \u00e1rea ou Ensino M\u00e9dio completo mais Curso T\u00e9cnico na \u00e1rea.\" data-balloon-pos=\"up\">T\u00e9cnico-Administrativo em Educa\u00e7\u00e3o - T\u00e9cnico de Laborat\u00f3rio: Mec\u00e2nica<\/span><\/td>\r\n<td class=\"cvagas\">01<\/td>\r\n<td class=\"cremuneracao\">R$ 3.029,90 \/40h<\/td>\r\n<\/tr><td class=\"ccargos\">\r\n<span data-balloon-length=\"medium\" aria-label=\"Ensino M\u00e9dio Profissionalizante em Agropecu\u00e1ria ou Ensino M\u00e9dio Completo mais Curso T\u00e9cnico em Agropecu\u00e1ria e registro no respectivo Conselho Regional.\" data-balloon-pos=\"up\">T\u00e9cnico-Administrativo em Educa\u00e7\u00e3o - T\u00e9cnico em Agropecu\u00e1ria<\/span><\/td>\r\n<td class=\"cvagas\">01<\/td>\r\n<td class=\"cremuneracao\">R$ 3.029,90 \/40h<\/td>\r\n<\/tr>\r\n    <\/tbody>\r\n  <\/table>\r\n<\/div>","_superior":"<div>\r\n<table class=\"quadro\">\r\n<thead>\r\n<tr>\r\n<th class=\"hcargo\">Cargo<\/th>\r\n<th class=\"hvagas\">Vagas<\/th>\r\n<th class=\"hremuneracao\">Remunera\u00e7\u00e3o<\/th>\r\n<\/tr>\r\n<\/thead>\r\n    <tbody>\r\n      <tr>\r\n<td class=\"ccargos\">\r\n<span data-balloon-length=\"medium\" aria-label=\"Curso Superior Completo em Engenharia Agron\u00f4mica e registro no respectivo Conselho da Classe.\" data-balloon-pos=\"up\">T\u00e9cnico-Administrativo em Educa\u00e7\u00e3o - Engenheiro Agr\u00f4nomo<\/span><\/td>\r\n<td class=\"cvagas\">01<\/td>\r\n<td class=\"cremuneracao\">R$ 4.967,04 \/40h<\/td>\r\n<\/tr>\r\n    <\/tbody>\r\n  <\/table>\r\n<\/div>"},"_links":{"self":[{"href":"https:\/\/www.agrobase.com.br\/concursos\/wp-json\/wp\/v2\/posts\/278818","targetHints":{"allow":["GET"]}}],"collection":[{"href":"https:\/\/www.agrobase.com.br\/concursos\/wp-json\/wp\/v2\/posts"}],"about":[{"href":"https:\/\/www.agrobase.com.br\/concursos\/wp-json\/wp\/v2\/types\/post"}],"author":[{"embeddable":true,"href":"https:\/\/www.agrobase.com.br\/concursos\/wp-json\/wp\/v2\/users\/7"}],"replies":[{"embeddable":true,"href":"https:\/\/www.agrobase.com.br\/concursos\/wp-json\/wp\/v2\/comments?post=278818"}],"version-history":[{"count":1,"href":"https:\/\/www.agrobase.com.br\/concursos\/wp-json\/wp\/v2\/posts\/278818\/revisions"}],"predecessor-version":[{"id":278820,"href":"https:\/\/www.agrobase.com.br\/concursos\/wp-json\/wp\/v2\/posts\/278818\/revisions\/278820"}],"wp:featuredmedia":[{"embeddable":true,"href":"https:\/\/www.agrobase.com.br\/concursos\/wp-json\/wp\/v2\/media\/278817"}],"wp:attachment":[{"href":"https:\/\/www.agrobase.com.br\/concursos\/wp-json\/wp\/v2\/media?parent=278818"}],"wp:term":[{"taxonomy":"category","embeddable":true,"href":"https:\/\/www.agrobase.com.br\/concursos\/wp-json\/wp\/v2\/categories?post=278818"},{"taxonomy":"post_tag","embeddable":true,"href":"https:\/\/www.agrobase.com.br\/concursos\/wp-json\/wp\/v2\/tags?post=278818"},{"taxonomy":"_amplo","embeddable":true,"href":"https:\/\/www.agrobase.com.br\/concursos\/wp-json\/wp\/v2\/_amplo?post=278818"},{"taxonomy":"destaque","embeddable":true,"href":"https:\/\/www.agrobase.com.br\/concursos\/wp-json\/wp\/v2\/destaque?post=278818"},{"taxonomy":"instituicoes","embeddable":true,"href":"https:\/\/www.agrobase.com.br\/concursos\/wp-json\/wp\/v2\/instituicoes?post=278818"}],"curies":[{"name":"wp","href":"https:\/\/api.w.org\/{rel}","templated":true}]}}