{"id":278771,"date":"2026-03-09T08:20:07","date_gmt":"2026-03-09T11:20:07","guid":{"rendered":"https:\/\/www.agrobase.com.br\/concursos\/?p=278771"},"modified":"2026-03-06T14:34:07","modified_gmt":"2026-03-06T17:34:07","slug":"prefeitura-ivora-rs-concurso-01-2026","status":"publish","type":"post","link":"https:\/\/www.agrobase.com.br\/concursos\/2026\/prefeitura-ivora-rs-concurso-01-2026\/","title":{"rendered":"Prefeitura Ivor\u00e1 (RS) &#8211; Concurso 01\/2026"},"content":{"rendered":"<h2>Informa\u00e7\u00f5es Gerais<\/h2>\n<p>A Prefeitura Municipal de <strong>Ivor\u00e1, no Rio Grande do Sul<\/strong>, publicou o <strong>Edital do Concurso P\u00fablico n\u00ba 01\/2026<\/strong>, destinado ao provimento de <strong>31 vagas imediatas<\/strong>, al\u00e9m de forma\u00e7\u00e3o de <strong>Cadastro Reserva (CR)<\/strong> para diversos cargos. O certame \u00e9 coordenado pela <strong>Funda\u00e7\u00e3o Universidade Empresa de Tecnologia e Ci\u00eancias (FUNDATEC)<\/strong>, e o ingresso dos aprovados se dar\u00e1 pelo <strong>regime jur\u00eddico-administrativo estatut\u00e1rio<\/strong>.<\/p>\n<p>As oportunidades contemplam todos os n\u00edveis de escolaridade: <strong>Fundamental Incompleto, Fundamental Completo, M\u00e9dio\/T\u00e9cnico e Superior<\/strong>. As remunera\u00e7\u00f5es variam de <strong>R$ 2.093,54 a R$ 8.046,90<\/strong>, com cargas hor\u00e1rias entre 20h e 40h semanais.<\/p>\n<p>Entre os cargos de n\u00edvel superior, h\u00e1 vagas para \u00e1reas como Enfermagem, Farm\u00e1cia, Psicologia, Fonoaudiologia, Educa\u00e7\u00e3o Especial, Educa\u00e7\u00e3o F\u00edsica, Pedagogia, Psicopedagogia, M\u00fasica e Controle Interno. Para o n\u00edvel m\u00e9dio e t\u00e9cnico, destacam-se os cargos de T\u00e9cnico em Enfermagem, Agente Comunit\u00e1rio de Sa\u00fade, Auxiliar Administrativo, Monitor Escolar, Almoxarife, Inspetor Tribut\u00e1rio e Tesoureiro. J\u00e1 para o n\u00edvel fundamental, as vagas incluem Motorista, Operador de M\u00e1quina, Oper\u00e1rio Especializado e Eletricista.<\/p>\n<p>Se voc\u00ea busca estabilidade no servi\u00e7o p\u00fablico municipal no interior do Rio Grande do Sul, continue a leitura para conhecer todos os detalhes sobre inscri\u00e7\u00f5es, etapas de sele\u00e7\u00e3o e como acompanhar os resultados do Concurso P\u00fablico de Ivor\u00e1\/RS.<\/p>\n<h2>Inscri\u00e7\u00f5es<\/h2>\n<p>As inscri\u00e7\u00f5es para o Concurso P\u00fablico n\u00ba 01\/2026 da Prefeitura de Ivor\u00e1\/RS ser\u00e3o realizadas <strong>exclusivamente pela internet<\/strong>, por meio do site da FUNDATEC (<strong>www.fundatec.org.br<\/strong>), no per\u00edodo de <strong>03 de mar\u00e7o de 2026 at\u00e9 as 23h59 do dia 23 de mar\u00e7o de 2026<\/strong>.<\/p>\n<p>Para se inscrever, o candidato dever\u00e1 acessar o site da banca organizadora, localizar o concurso da Prefeitura de Ivor\u00e1, preencher o formul\u00e1rio de inscri\u00e7\u00e3o com seus dados pessoais, selecionar o cargo desejado e efetuar o pagamento da taxa correspondente ao seu n\u00edvel de escolaridade.<\/p>\n<p>Os <strong>valores das taxas de inscri\u00e7\u00e3o<\/strong> s\u00e3o os seguintes:<\/p>\n<ul>\n<li><strong>N\u00edvel Superior Completo:<\/strong> R$ 180,00<\/li>\n<li><strong>N\u00edvel T\u00e9cnico Completo:<\/strong> R$ 150,00<\/li>\n<li><strong>N\u00edvel M\u00e9dio Completo, N\u00edvel Fundamental Completo e N\u00edvel Fundamental Incompleto:<\/strong> R$ 110,00<\/li>\n<\/ul>\n<p>Ap\u00f3s a inscri\u00e7\u00e3o, \u00e9 fundamental que o candidato acompanhe o status do seu cadastro e a confirma\u00e7\u00e3o do pagamento diretamente na \u00e1rea restrita do candidato no site da FUNDATEC. Fique atento ao prazo-limite para pagamento do boleto banc\u00e1rio, conforme indicado no cronograma de execu\u00e7\u00e3o dispon\u00edvel no edital.<\/p>\n<p>Recomendamos a <strong>leitura integral do edital<\/strong> para verificar os procedimentos completos de inscri\u00e7\u00e3o, os crit\u00e9rios e prazos para solicita\u00e7\u00e3o de isen\u00e7\u00e3o da taxa, bem como demais orienta\u00e7\u00f5es importantes para garantir a efetiva\u00e7\u00e3o da sua candidatura.<\/p>\n<h2>Etapas e Provas<\/h2>\n<p>O Concurso P\u00fablico da Prefeitura de Ivor\u00e1\/RS ser\u00e1 composto por at\u00e9 <strong>tr\u00eas etapas<\/strong>, variando conforme o cargo escolhido pelo candidato. Confira abaixo o detalhamento de cada uma:<\/p>\n<ul>\n<li><strong>Prova Te\u00f3rico-Objetiva (todos os cargos)<\/strong> \u2014 Etapa de car\u00e1ter <strong>eliminat\u00f3rio e classificat\u00f3rio<\/strong>, aplicada a todos os candidatos inscritos. A prova ser\u00e1 composta por quest\u00f5es de m\u00faltipla escolha, abrangendo disciplinas e conte\u00fados espec\u00edficos definidos no edital para cada cargo e n\u00edvel de escolaridade.<\/li>\n<li><strong>Prova de T\u00edtulos (cargos espec\u00edficos)<\/strong> \u2014 Etapa de car\u00e1ter exclusivamente <strong>classificat\u00f3rio<\/strong>, destinada aos candidatos <strong>aprovados na Prova Te\u00f3rico-Objetiva<\/strong> nos seguintes cargos: <strong>Educador Especial, Educador F\u00edsico, Enfermeiro, Fonoaudi\u00f3logo, Instrutor de M\u00fasica, Professor \u2013 Pedagogia: Anos Iniciais e Educa\u00e7\u00e3o Infantil, Psic\u00f3logo, Psicopedagogo, T\u00e9cnico em Enfermagem e Monitor Escolar<\/strong>. Nesta etapa, ser\u00e3o avaliados t\u00edtulos acad\u00eamicos e de forma\u00e7\u00e3o complementar, conforme crit\u00e9rios e pontua\u00e7\u00f5es estabelecidos no edital.<\/li>\n<li><strong>Prova Pr\u00e1tica (cargos espec\u00edficos)<\/strong> \u2014 Etapa de car\u00e1ter <strong>eliminat\u00f3rio<\/strong>, aplicada aos candidatos <strong>classificados na Prova Te\u00f3rico-Objetiva<\/strong> nos cargos de <strong>Operador de M\u00e1quina, Oper\u00e1rio Especializado e Motorista<\/strong>. Nesta etapa, os candidatos ser\u00e3o avaliados na execu\u00e7\u00e3o de tarefas pr\u00e1ticas relacionadas \u00e0s atribui\u00e7\u00f5es do cargo.<\/li>\n<\/ul>\n<p>As datas previstas para aplica\u00e7\u00e3o das provas, a dura\u00e7\u00e3o de cada avalia\u00e7\u00e3o, as disciplinas cobradas, a pontua\u00e7\u00e3o total e os crit\u00e9rios de aprova\u00e7\u00e3o e nota m\u00ednima est\u00e3o detalhados no cronograma de execu\u00e7\u00e3o e nos anexos do edital. Recomendamos fortemente a <strong>consulta ao edital completo<\/strong> para conhecer o conte\u00fado program\u00e1tico de cada cargo e o cronograma detalhado de todas as etapas.<\/p>\n<h2>Resultados e Gabarito<\/h2>\n<p>Ap\u00f3s a realiza\u00e7\u00e3o de cada etapa do Concurso P\u00fablico de Ivor\u00e1\/RS, os resultados ser\u00e3o divulgados de forma progressiva. Os candidatos devem acompanhar a publica\u00e7\u00e3o do <strong>gabarito preliminar<\/strong> da Prova Te\u00f3rico-Objetiva, eventuais prazos para interposi\u00e7\u00e3o de recursos, e a posterior divulga\u00e7\u00e3o do <strong>gabarito definitivo<\/strong> e dos resultados preliminares e definitivos de cada fase.<\/p>\n<p>Conclu\u00eddas todas as etapas previstas no edital, ser\u00e1 publicado o <strong>Edital de Homologa\u00e7\u00e3o do Resultado Final<\/strong>, devidamente autorizado pelo Prefeito Municipal, contendo duas listagens de classificados:<\/p>\n<ul>\n<li>Uma listagem de classificados na <strong>Ampla Concorr\u00eancia<\/strong>;<\/li>\n<li>Uma listagem de classificados especificamente para as <strong>vagas reservadas \u00e0s Pessoas com Defici\u00eancia (PcD)<\/strong>.<\/li>\n<\/ul>\n<p>A homologa\u00e7\u00e3o do resultado final representa o encerramento oficial do certame e a autoriza\u00e7\u00e3o para convoca\u00e7\u00e3o dos aprovados, conforme a necessidade e conveni\u00eancia da administra\u00e7\u00e3o municipal.<\/p>\n<p>Todas as publica\u00e7\u00f5es oficiais \u2014 incluindo gabaritos, resultados parciais, resultado final e homologa\u00e7\u00e3o \u2014 ser\u00e3o divulgadas em <strong>jornal<\/strong> e no site da banca organizadora (<strong>www.fundatec.org.br<\/strong>). Os crit\u00e9rios de classifica\u00e7\u00e3o final e de desempate entre candidatos com a mesma pontua\u00e7\u00e3o est\u00e3o descritos no edital.<\/p>\n<p>A validade do concurso e a possibilidade de prorroga\u00e7\u00e3o seguem as disposi\u00e7\u00f5es legais e as condi\u00e7\u00f5es estabelecidas no edital. <strong>O acompanhamento de todas as publica\u00e7\u00f5es oficiais, prazos de recursos e convoca\u00e7\u00f5es \u00e9 de responsabilidade exclusiva do candidato.<\/strong> Mantenha seus dados atualizados e consulte regularmente os canais oficiais de divulga\u00e7\u00e3o.<\/p>\n","protected":false},"excerpt":{"rendered":"<p>Concurso Pref. Ivor\u00e1 (RS) com edital publicado! Vagas p\/ Professor e Farmac\u00eautico (Fund. a Sup.). Inscri\u00e7\u00f5es a partir de 03\/03. Sal\u00e1rios at\u00e9 R$ 8k. Confira!<\/p>\n","protected":false},"author":7,"featured_media":278770,"comment_status":"open","ping_status":"open","sticky":false,"template":"","format":"standard","meta":{"_acf_changed":false,"_breakdance_hide_in_design_set":false,"_breakdance_tags":"","footnotes":""},"categories":[3,9,117,6434,12,17,19,25,26,108],"tags":[58],"_amplo":[],"destaque":[],"instituicoes":[],"class_list":["post-278771","post","type-post","status-publish","format-standard","has-post-thumbnail","hentry","category-administracao","category-ciencias-contabeis","category-economia","category-educacao-fisica-licenciatura","category-enfermagem","category-farmacia","category-fonoaudiologia","category-pedagogia","category-psicologia","category-tecnico-enfermagem","tag-rio-grande-sul"],"acf":{"_tipo_vagas":"vagas","_numero_vagas":"","_quadro_vagas":"","_cargos":"diversos","_cargos_especificos":"","_salario_max":"R$ 8046.9","_abertura":"20260303","_encerramento":"20260323","_inscricoes":"https:\/\/www.fundatec.org.br","_executora_concurso":"","_instituicao_concurso":[],"_link_adicional":null,"_anexos":null,"_produtos":null,"_vagas":"31 vagas + CR","_salario_min":"R$ 2093.54","_instituicao":"Prefeitura de Ivor\u00e1","_edital":"https:\/\/www.agrobase.com.br\/concursos\/wp-content\/uploads\/sites\/4\/2026\/03\/edital-01-2026-da-prefeitura-de-ivora-rs.pdf","_anexos_edital":"https:\/\/www.agrobase.com.br\/concursos\/wp-content\/uploads\/sites\/4\/2026\/03\/anexos-edital-01-2026-da-prefeitura-de-ivora-rs.pdf","_fund_incompleto":"<div>\r\n<table class=\"quadro\">\r\n<thead>\r\n<tr>\r\n<th class=\"hcargo\">Cargo<\/th>\r\n<th class=\"hvagas\">Vagas<\/th>\r\n<th class=\"hremuneracao\">Remunera\u00e7\u00e3o<\/th>\r\n<\/tr>\r\n<\/thead>\r\n    <tbody>\r\n      <td class=\"ccargos\">\r\n<span data-balloon-length=\"medium\" aria-label=\"Ensino Fundamental Incompleto; CNH categoria m\u00ednima D; experi\u00eancia m\u00ednima de 6 meses.\" data-balloon-pos=\"up\">Motorista<\/span><\/td>\r\n<td class=\"cvagas\">05 + CR<\/td>\r\n<td class=\"cremuneracao\">R$ 3.488,20 \/40h<\/td>\r\n<\/tr>\r\n    <\/tbody>\r\n  <\/table>\r\n<\/div>","_fund_completo":"<div>\r\n<table class=\"quadro\">\r\n<thead>\r\n<tr>\r\n<th class=\"hcargo\">Cargo<\/th>\r\n<th class=\"hvagas\">Vagas<\/th>\r\n<th class=\"hremuneracao\">Remunera\u00e7\u00e3o<\/th>\r\n<\/tr>\r\n<\/thead>\r\n    <tbody>\r\n      <td class=\"ccargos\">\r\n<span data-balloon-length=\"medium\" aria-label=\"Ensino Fundamental Completo e curso adequado ou experi\u00eancia comprovada.\" data-balloon-pos=\"up\">Eletricista<\/span><\/td>\r\n<td class=\"cvagas\">01 + CR<\/td>\r\n<td class=\"cremuneracao\">R$ 2.790,85 \/30h<\/td>\r\n<\/tr><td class=\"ccargos\">\r\n<span data-balloon-length=\"medium\" aria-label=\"Ensino Fundamental Completo e CNH categoria m\u00ednima C.\" data-balloon-pos=\"up\">Operador de M\u00e1quina<\/span><\/td>\r\n<td class=\"cvagas\">02 + CR<\/td>\r\n<td class=\"cremuneracao\">R$ 3.488,20 \/40h<\/td>\r\n<\/tr><td class=\"ccargos\">\r\n<span data-balloon-length=\"medium\" aria-label=\"Ensino Fundamental Completo e experi\u00eancia em trabalhos bra\u00e7ais.\" data-balloon-pos=\"up\">Oper\u00e1rio Especializado<\/span><\/td>\r\n<td class=\"cvagas\">02 + CR<\/td>\r\n<td class=\"cremuneracao\">R$ 2.093,54 \/40h<\/td>\r\n<\/tr>\r\n    <\/tbody>\r\n  <\/table>\r\n<\/div>","_medio":"<div>\r\n<table class=\"quadro\">\r\n<thead>\r\n<tr>\r\n<th class=\"hcargo\">Cargo<\/th>\r\n<th class=\"hvagas\">Vagas<\/th>\r\n<th class=\"hremuneracao\">Remunera\u00e7\u00e3o<\/th>\r\n<\/tr>\r\n<\/thead>\r\n    <tbody>\r\n      <td class=\"ccargos\">\r\n<span data-balloon-length=\"medium\" aria-label=\"Curso T\u00e9cnico Completo de Enfermagem com registro no conselho.\" data-balloon-pos=\"up\">T\u00e9cnico em Enfermagem<\/span><\/td>\r\n<td class=\"cvagas\">02 + CR<\/td>\r\n<td class=\"cremuneracao\">R$ 4.185,75 \/40h<\/td>\r\n<\/tr><td class=\"ccargos\">\r\n<span data-balloon-length=\"medium\" aria-label=\"Ensino M\u00e9dio Completo, Curso de Forma\u00e7\u00e3o Inicial e Continuada e residir na \u00e1rea.\" data-balloon-pos=\"up\">Agente Comunit\u00e1rio de Sa\u00fade - \u00c1REA V<\/span><\/td>\r\n<td class=\"cvagas\">01 + CR<\/td>\r\n<td class=\"cremuneracao\">R$ 3.242,00 \/40h<\/td>\r\n<\/tr><td class=\"ccargos\">\r\n<span data-balloon-length=\"medium\" aria-label=\"Ensino M\u00e9dio Completo.\" data-balloon-pos=\"up\">Almoxarife<\/span><\/td>\r\n<td class=\"cvagas\">CR<\/td>\r\n<td class=\"cremuneracao\">R$ 4.185,75 \/40h<\/td>\r\n<\/tr><td class=\"ccargos\">\r\n<span data-balloon-length=\"medium\" aria-label=\"Ensino M\u00e9dio Completo.\" data-balloon-pos=\"up\">Auxiliar Administrativo<\/span><\/td>\r\n<td class=\"cvagas\">02 + CR<\/td>\r\n<td class=\"cremuneracao\">R$ 2.790,85 \/40h<\/td>\r\n<\/tr><td class=\"ccargos\">\r\n<span data-balloon-length=\"medium\" aria-label=\"Ensino M\u00e9dio Completo.\" data-balloon-pos=\"up\">Inspetor Tribut\u00e1rio<\/span><\/td>\r\n<td class=\"cvagas\">CR<\/td>\r\n<td class=\"cremuneracao\">R$ 4.185,75 \/40h<\/td>\r\n<\/tr><td class=\"ccargos\">\r\n<span data-balloon-length=\"medium\" aria-label=\"Ensino M\u00e9dio Completo.\" data-balloon-pos=\"up\">Monitor Escolar<\/span><\/td>\r\n<td class=\"cvagas\">01 + CR<\/td>\r\n<td class=\"cremuneracao\">R$ 2.093,54 \/40h<\/td>\r\n<\/tr><td class=\"ccargos\">\r\n<span data-balloon-length=\"medium\" aria-label=\"Ensino M\u00e9dio Completo.\" data-balloon-pos=\"up\">Tesoureiro<\/span><\/td>\r\n<td class=\"cvagas\">CR<\/td>\r\n<td class=\"cremuneracao\">R$ 4.185,75 \/40h<\/td>\r\n<\/tr>\r\n    <\/tbody>\r\n  <\/table>\r\n<\/div>","_superior":"<div>\r\n<table class=\"quadro\">\r\n<thead>\r\n<tr>\r\n<th class=\"hcargo\">Cargo<\/th>\r\n<th class=\"hvagas\">Vagas<\/th>\r\n<th class=\"hremuneracao\">Remunera\u00e7\u00e3o<\/th>\r\n<\/tr>\r\n<\/thead>\r\n    <tbody>\r\n      <tr>\r\n<td class=\"ccargos\">\r\n<span data-balloon-length=\"medium\" aria-label=\"Ensino Superior completo de Bacharel em Ci\u00eancias Cont\u00e1beis, ou Ci\u00eancias Econ\u00f4micas, ou Direito, ou Administra\u00e7\u00e3o.\" data-balloon-pos=\"up\">Agente de Controle Interno<\/span><\/td>\r\n<td class=\"cvagas\">01 + CR<\/td>\r\n<td class=\"cremuneracao\">R$ 4.185,75 \/20h<\/td>\r\n<\/tr><tr>\r\n<td class=\"ccargos\">\r\n<span data-balloon-length=\"medium\" aria-label=\"Ensino Superior completo de Bacharel em Licenciatura em Educa\u00e7\u00e3o Especial.\" data-balloon-pos=\"up\">Educador Especial<\/span><\/td>\r\n<td class=\"cvagas\">01 + CR<\/td>\r\n<td class=\"cremuneracao\">R$ 2.842,60 \/22h<\/td>\r\n<\/tr><tr>\r\n<td class=\"ccargos\">\r\n<span data-balloon-length=\"medium\" aria-label=\"Ensino Superior completo de Bacharel em Educa\u00e7\u00e3o F\u00edsica, habilita\u00e7\u00e3o legal e registro no conselho.\" data-balloon-pos=\"up\">Educador F\u00edsico<\/span><\/td>\r\n<td class=\"cvagas\">02 + CR<\/td>\r\n<td class=\"cremuneracao\">R$ 2.790,85 \/20h<\/td>\r\n<\/tr><tr>\r\n<td class=\"ccargos\">\r\n<span data-balloon-length=\"medium\" aria-label=\"Ensino Superior completo de Bacharel em Enfermagem e registro no conselho.\" data-balloon-pos=\"up\">Enfermeiro<\/span><\/td>\r\n<td class=\"cvagas\">01 + CR<\/td>\r\n<td class=\"cremuneracao\">R$ 4.185,75 \/20h<\/td>\r\n<\/tr><tr>\r\n<td class=\"ccargos\">\r\n<span data-balloon-length=\"medium\" aria-label=\"Ensino Superior completo de Bacharel em Farm\u00e1cia com habilita\u00e7\u00e3o legal e registro no conselho.\" data-balloon-pos=\"up\">Farmac\u00eautico<\/span><\/td>\r\n<td class=\"cvagas\">01 + CR<\/td>\r\n<td class=\"cremuneracao\">R$ 8.046,90 \/40h<\/td>\r\n<\/tr><tr>\r\n<td class=\"ccargos\">\r\n<span data-balloon-length=\"medium\" aria-label=\"Ensino Superior completo de Bacharel em Fonoaudiologia e registro no conselho.\" data-balloon-pos=\"up\">Fonoaudi\u00f3logo<\/span><\/td>\r\n<td class=\"cvagas\">01 + CR<\/td>\r\n<td class=\"cremuneracao\">R$ 4.185,75 \/20h<\/td>\r\n<\/tr><tr>\r\n<td class=\"ccargos\">\r\n<span data-balloon-length=\"medium\" aria-label=\"Ensino Superior Completo: Bacharelado em Educa\u00e7\u00e3o Art\u00edstica, M\u00fasica ou Licenciatura Plena em M\u00fasica.\" data-balloon-pos=\"up\">Instrutor de M\u00fasica<\/span><\/td>\r\n<td class=\"cvagas\">01 + CR<\/td>\r\n<td class=\"cremuneracao\">R$ 2.790,85 \/20h<\/td>\r\n<\/tr><tr>\r\n<td class=\"ccargos\">\r\n<span data-balloon-length=\"medium\" aria-label=\"Ensino Superior Completo em Pedagogia - Licenciatura Plena.\" data-balloon-pos=\"up\">Professor - Pedagogia: Anos Iniciais e Educa\u00e7\u00e3o Infantil<\/span><\/td>\r\n<td class=\"cvagas\">05 + CR<\/td>\r\n<td class=\"cremuneracao\">R$ 2.842,60 \/22h<\/td>\r\n<\/tr><tr>\r\n<td class=\"ccargos\">\r\n<span data-balloon-length=\"medium\" aria-label=\"Ensino Superior Completo: Bacharelado em Psicologia e registro no conselho.\" data-balloon-pos=\"up\">Psic\u00f3logo<\/span><\/td>\r\n<td class=\"cvagas\">01 + CR<\/td>\r\n<td class=\"cremuneracao\">R$ 4.185,75 \/20h<\/td>\r\n<\/tr><tr>\r\n<td class=\"ccargos\">\r\n<span data-balloon-length=\"medium\" aria-label=\"Ensino Superior Completo: Bacharelado em Psicopedagogia; ou gradua\u00e7\u00e3o em Psicologia, Fonoaudiologia ou Pedagogia com P\u00f3s-Gradua\u00e7\u00e3o em Psicopedagogia.\" data-balloon-pos=\"up\">Psicopedagogo<\/span><\/td>\r\n<td class=\"cvagas\">01 + CR<\/td>\r\n<td class=\"cremuneracao\">R$ 3.488,20 \/20h<\/td>\r\n<\/tr>\r\n    <\/tbody>\r\n  <\/table>\r\n<\/div>"},"_links":{"self":[{"href":"https:\/\/www.agrobase.com.br\/concursos\/wp-json\/wp\/v2\/posts\/278771","targetHints":{"allow":["GET"]}}],"collection":[{"href":"https:\/\/www.agrobase.com.br\/concursos\/wp-json\/wp\/v2\/posts"}],"about":[{"href":"https:\/\/www.agrobase.com.br\/concursos\/wp-json\/wp\/v2\/types\/post"}],"author":[{"embeddable":true,"href":"https:\/\/www.agrobase.com.br\/concursos\/wp-json\/wp\/v2\/users\/7"}],"replies":[{"embeddable":true,"href":"https:\/\/www.agrobase.com.br\/concursos\/wp-json\/wp\/v2\/comments?post=278771"}],"version-history":[{"count":1,"href":"https:\/\/www.agrobase.com.br\/concursos\/wp-json\/wp\/v2\/posts\/278771\/revisions"}],"predecessor-version":[{"id":278773,"href":"https:\/\/www.agrobase.com.br\/concursos\/wp-json\/wp\/v2\/posts\/278771\/revisions\/278773"}],"wp:featuredmedia":[{"embeddable":true,"href":"https:\/\/www.agrobase.com.br\/concursos\/wp-json\/wp\/v2\/media\/278770"}],"wp:attachment":[{"href":"https:\/\/www.agrobase.com.br\/concursos\/wp-json\/wp\/v2\/media?parent=278771"}],"wp:term":[{"taxonomy":"category","embeddable":true,"href":"https:\/\/www.agrobase.com.br\/concursos\/wp-json\/wp\/v2\/categories?post=278771"},{"taxonomy":"post_tag","embeddable":true,"href":"https:\/\/www.agrobase.com.br\/concursos\/wp-json\/wp\/v2\/tags?post=278771"},{"taxonomy":"_amplo","embeddable":true,"href":"https:\/\/www.agrobase.com.br\/concursos\/wp-json\/wp\/v2\/_amplo?post=278771"},{"taxonomy":"destaque","embeddable":true,"href":"https:\/\/www.agrobase.com.br\/concursos\/wp-json\/wp\/v2\/destaque?post=278771"},{"taxonomy":"instituicoes","embeddable":true,"href":"https:\/\/www.agrobase.com.br\/concursos\/wp-json\/wp\/v2\/instituicoes?post=278771"}],"curies":[{"name":"wp","href":"https:\/\/api.w.org\/{rel}","templated":true}]}}