{"id":278722,"date":"2026-03-06T08:33:27","date_gmt":"2026-03-06T11:33:27","guid":{"rendered":"https:\/\/www.agrobase.com.br\/concursos\/?p=278722"},"modified":"2026-03-05T14:33:44","modified_gmt":"2026-03-05T17:33:44","slug":"prefeitura-conchas-sp-selecao-publica-01-2026","status":"publish","type":"post","link":"https:\/\/www.agrobase.com.br\/concursos\/2026\/prefeitura-conchas-sp-selecao-publica-01-2026\/","title":{"rendered":"Prefeitura Conchas (SP) &#8211; Sele\u00e7\u00e3o P\u00fablica 01\/2026"},"content":{"rendered":"<h2>Informa\u00e7\u00f5es Gerais<\/h2>\n<p>A <strong>Prefeitura Municipal de Conchas<\/strong>, no interior do estado de S\u00e3o Paulo, publicou o <strong>Edital do Processo Seletivo n\u00ba 001\/2026<\/strong>, destinado \u00e0 contrata\u00e7\u00e3o tempor\u00e1ria de profissionais da \u00e1rea de Educa\u00e7\u00e3o, sob o <strong>Regime Jur\u00eddico Estatut\u00e1rio<\/strong>. O certame \u00e9 organizado pelo <strong>INEPAM<\/strong> (Instituto Nacional Especializado em Pesquisa e Apoio aos Munic\u00edpios).<\/p>\n<p>Ao todo, s\u00e3o oferecidas <strong>17 vagas imediatas, al\u00e9m de forma\u00e7\u00e3o de cadastro reserva (CR)<\/strong>, distribu\u00eddas exclusivamente em fun\u00e7\u00f5es de <strong>n\u00edvel superior<\/strong>. As oportunidades contemplam cargos de Professor de Ensino Fundamental I, Professor de Ensino Fundamental II e Professor de Ensino Infantil, abrangendo diversas disciplinas e \u00e1reas de atua\u00e7\u00e3o.<\/p>\n<p>As fun\u00e7\u00f5es dispon\u00edveis incluem Professor de Ensino Fundamental I nas \u00e1reas de Alfabetiza\u00e7\u00e3o e Letramento (Matem\u00e1tica e Portugu\u00eas), Dan\u00e7a e Teatro, Leitura, PEB I, Pensamento Computacional e Sa\u00fade e Qualidade de Vida Socioemocional. J\u00e1 para o Ensino Fundamental II, h\u00e1 vagas para as disciplinas de Arte, Ci\u00eancias, Educa\u00e7\u00e3o F\u00edsica, Filosofia, Geografia, Hist\u00f3ria, Ingl\u00eas, Matem\u00e1tica e Portugu\u00eas. Tamb\u00e9m h\u00e1 vaga para Professor de Ensino Infantil (PEBIN).<\/p>\n<p>A <strong>remunera\u00e7\u00e3o<\/strong> varia entre <strong>R$ 24,13<\/strong> e <strong>R$ 26,62 por hora-aula<\/strong>, com carga hor\u00e1ria vari\u00e1vel conforme a fun\u00e7\u00e3o \u2014 exceto para os cargos de PEB I e PEBIN, que possuem carga hor\u00e1ria de 175 horas. Todos os cargos exigem <strong>ensino superior completo<\/strong> com licenciatura plena na \u00e1rea correspondente, sendo que algumas fun\u00e7\u00f5es tamb\u00e9m requerem registro no respectivo conselho de classe.<\/p>\n<p>Continue a leitura para conferir todos os detalhes sobre inscri\u00e7\u00f5es, etapas do processo seletivo e como acompanhar os resultados.<\/p>\n<h2>Inscri\u00e7\u00f5es<\/h2>\n<p>As <strong>inscri\u00e7\u00f5es para o Processo Seletivo n\u00ba 001\/2026 da Prefeitura de Conchas\/SP<\/strong> estar\u00e3o abertas <strong>das 10h do dia 04 de mar\u00e7o de 2026 at\u00e9 as 16h do dia 12 de mar\u00e7o de 2026<\/strong>. As inscri\u00e7\u00f5es devem ser realizadas <strong>exclusivamente pela internet<\/strong>, por meio do site <strong><a href=\"https:\/\/www.inepam.org.br\" target=\"_blank\" rel=\"noopener\">www.inepam.org.br<\/a><\/strong>.<\/p>\n<p>Para se inscrever, o candidato deve acessar o site do INEPAM no per\u00edodo indicado, preencher o formul\u00e1rio de inscri\u00e7\u00e3o e gerar o boleto banc\u00e1rio. A emiss\u00e3o do boleto \u00e9 de <strong>responsabilidade exclusiva do candidato<\/strong> e deve ser feita dentro do per\u00edodo de inscri\u00e7\u00f5es. O <strong>pagamento do boleto<\/strong> pode ser efetuado em qualquer ag\u00eancia banc\u00e1ria ou casa lot\u00e9rica <strong>at\u00e9 o dia 12 de mar\u00e7o de 2026<\/strong>.<\/p>\n<p>\u00c9 importante destacar que a inscri\u00e7\u00e3o implica o <strong>conhecimento e a aceita\u00e7\u00e3o t\u00e1cita<\/strong> de todas as normas e condi\u00e7\u00f5es estabelecidas no edital, seus anexos e eventuais aditamentos. O candidato n\u00e3o poder\u00e1 alegar desconhecimento das regras do certame ap\u00f3s efetuar sua inscri\u00e7\u00e3o.<\/p>\n<p>Recomenda-se que o candidato acompanhe o status de sua inscri\u00e7\u00e3o diretamente pelo site do INEPAM e realize a leitura integral do edital para verificar todos os requisitos, condi\u00e7\u00f5es e prazos aplic\u00e1veis.<\/p>\n<h2>Etapas e Provas<\/h2>\n<p>O Processo Seletivo n\u00ba 001\/2026 da Prefeitura de Conchas\/SP ser\u00e1 composto por uma \u00fanica etapa de avalia\u00e7\u00e3o, aplic\u00e1vel a todas as fun\u00e7\u00f5es oferecidas:<\/p>\n<ul>\n<li><strong>Prova Objetiva<\/strong> \u2014 de car\u00e1ter <strong>eliminat\u00f3rio e classificat\u00f3rio<\/strong><\/li>\n<\/ul>\n<p><strong>Detalhes da Prova Objetiva:<\/strong><\/p>\n<ul>\n<li><strong>Data prov\u00e1vel de aplica\u00e7\u00e3o:<\/strong> 22 de mar\u00e7o de 2026<\/li>\n<li><strong>Hor\u00e1rios de fechamento dos port\u00f5es:<\/strong> 08h (1\u00ba per\u00edodo), 13h (2\u00ba per\u00edodo) e 16h (3\u00ba per\u00edodo)<\/li>\n<li><strong>Dura\u00e7\u00e3o:<\/strong> 2 (duas) horas<\/li>\n<li><strong>Formato:<\/strong> quest\u00f5es objetivas (m\u00faltipla escolha)<\/li>\n<\/ul>\n<p>A prova ser\u00e1 aplicada em diferentes per\u00edodos ao longo do dia, conforme a fun\u00e7\u00e3o para a qual o candidato se inscreveu. O candidato deve consultar o edital e os comunicados oficiais para verificar em qual per\u00edodo ser\u00e1 alocado.<\/p>\n<p>Para informa\u00e7\u00f5es completas sobre o conte\u00fado program\u00e1tico de cada fun\u00e7\u00e3o, crit\u00e9rios de pontua\u00e7\u00e3o, nota m\u00ednima para aprova\u00e7\u00e3o e demais regras da prova objetiva, recomenda-se a leitura integral do edital e de seus anexos, incluindo o <strong>Anexo V \u2013 Cronograma do Processo Seletivo<\/strong>.<\/p>\n<h2>Resultados e Gabarito<\/h2>\n<p>Ap\u00f3s a aplica\u00e7\u00e3o da prova objetiva, o <strong>gabarito oficial<\/strong> ser\u00e1 divulgado no site <strong><a href=\"https:\/\/www.inepam.org.br\" target=\"_blank\" rel=\"noopener\">www.inepam.org.br<\/a><\/strong>, conforme datas previstas no Anexo V \u2013 Cronograma do Processo Seletivo. Os candidatos devem acompanhar o site da banca organizadora para conferir o gabarito e, se for o caso, interpor os recursos cab\u00edveis dentro dos prazos estabelecidos no edital.<\/p>\n<p>A <strong>homologa\u00e7\u00e3o do resultado final<\/strong> do Processo Seletivo ser\u00e1 de responsabilidade da Prefeitura Municipal de Conchas. A homologa\u00e7\u00e3o \u00e9 o ato administrativo que oficializa e valida os resultados definitivos do certame, permitindo que se inicie o processo de convoca\u00e7\u00e3o dos aprovados.<\/p>\n<p>Ap\u00f3s a homologa\u00e7\u00e3o, a <strong>convoca\u00e7\u00e3o para a Atribui\u00e7\u00e3o de Aula<\/strong> ser\u00e1 realizada <strong>\u00fanica e exclusivamente por meio do Di\u00e1rio Oficial do Munic\u00edpio de Conchas<\/strong>. Portanto, \u00e9 fundamental que os candidatos aprovados acompanhem regularmente as publica\u00e7\u00f5es oficiais do munic\u00edpio.<\/p>\n<p>Os principais canais para acompanhamento de resultados e convoca\u00e7\u00f5es s\u00e3o:<\/p>\n<ul>\n<li><strong>Site do INEPAM:<\/strong> <a href=\"https:\/\/www.inepam.org.br\" target=\"_blank\" rel=\"noopener\">www.inepam.org.br<\/a> \u2014 gabaritos, resultados preliminares e definitivos<\/li>\n<li><strong>Di\u00e1rio Oficial do Munic\u00edpio de Conchas<\/strong> \u2014 homologa\u00e7\u00e3o e convoca\u00e7\u00f5es<\/li>\n<\/ul>\n<p><strong>Aten\u00e7\u00e3o:<\/strong> o acompanhamento de todas as publica\u00e7\u00f5es, comunicados, retifica\u00e7\u00f5es e convoca\u00e7\u00f5es relacionadas ao Processo Seletivo \u00e9 de <strong>responsabilidade exclusiva do candidato<\/strong>. A Prefeitura de Conchas e o INEPAM n\u00e3o se responsabilizam por informa\u00e7\u00f5es n\u00e3o consultadas pelo interessado nos canais oficiais.<\/p>\n","protected":false},"excerpt":{"rendered":"<p>Processo Seletivo Pref. Conchas (SP) com edital publicado! Vagas p\/ Professores (Superior). Inscri\u00e7\u00f5es a partir de 04\/03. Confira detalhes!<\/p>\n","protected":false},"author":7,"featured_media":278721,"comment_status":"open","ping_status":"open","sticky":false,"template":"","format":"standard","meta":{"_acf_changed":false,"_breakdance_hide_in_design_set":false,"_breakdance_tags":"","footnotes":""},"categories":[6433,6434,112,6436,111,100,20,6872,6871,116,25,6435],"tags":[62],"_amplo":[],"destaque":[],"instituicoes":[],"class_list":["post-278722","post","type-post","status-publish","format-standard","has-post-thumbnail","hentry","category-biologia-licenciatura","category-educacao-fisica-licenciatura","category-filosofia","category-fisica-licenciatura","category-geografia","category-historia","category-letras","category-letras-espanhol","category-letras-ingles","category-matematica","category-pedagogia","category-quimica-licenciatura","tag-sao-paulo"],"acf":{"_tipo_vagas":"vagas","_numero_vagas":"","_quadro_vagas":"","_cargos":"diversos","_cargos_especificos":"","_salario_max":"R$ 26.62","_abertura":"20260304","_encerramento":"20260312","_inscricoes":"https:\/\/www.inepam.org.br","_executora_concurso":"","_instituicao_concurso":[],"_link_adicional":null,"_anexos":null,"_produtos":null,"_vagas":"17 vagas + CR","_salario_min":"R$ 24.13","_instituicao":"Prefeitura Municipal de Conchas","_edital":"https:\/\/www.agrobase.com.br\/concursos\/wp-content\/uploads\/sites\/4\/2026\/03\/edital-01-2026-da-prefeitura-de-conchas-sp.pdf","_anexos_edital":"https:\/\/www.agrobase.com.br\/concursos\/wp-content\/uploads\/sites\/4\/2026\/03\/anexos-edital-01-2026-da-prefeitura-de-conchas-sp.pdf","_fund_incompleto":"","_fund_completo":"","_medio":"","_superior":"<div>\r\n<table class=\"quadro\">\r\n<thead>\r\n<tr>\r\n<th class=\"hcargo\">Cargo<\/th>\r\n<th class=\"hvagas\">Vagas<\/th>\r\n<th class=\"hremuneracao\">Remunera\u00e7\u00e3o<\/th>\r\n<\/tr>\r\n<\/thead>\r\n    <tbody>\r\n      <tr>\r\n<td class=\"ccargos\">\r\n<span data-balloon-length=\"medium\" aria-label=\"Ensino Superior Completo (Licenciatura Plena em Matem\u00e1tica ou correlatas habilitada)\" data-balloon-pos=\"up\">Professor de Ensino Fundamental I \u2013 Alfabetiza\u00e7\u00e3o e Letramento (Matem\u00e1tica)<\/span><\/td>\r\n<td class=\"cvagas\">01 + CR<\/td>\r\n<td class=\"cremuneracao\">R$ 26,62 \/Vari\u00e1vel<\/td>\r\n<\/tr><tr>\r\n<td class=\"ccargos\">\r\n<span data-balloon-length=\"medium\" aria-label=\"Ensino Superior Completo (Licenciatura Plena em Letras com Habilita\u00e7\u00e3o em Portugu\u00eas)\" data-balloon-pos=\"up\">Professor de Ensino Fundamental I \u2013 Alfabetiza\u00e7\u00e3o e Letramento (Portugu\u00eas)<\/span><\/td>\r\n<td class=\"cvagas\">01 + CR<\/td>\r\n<td class=\"cremuneracao\">R$ 26,62 \/Vari\u00e1vel<\/td>\r\n<\/tr><tr>\r\n<td class=\"ccargos\">\r\n<span data-balloon-length=\"medium\" aria-label=\"Ensino Superior Completo (Licenciatura Plena em Educa\u00e7\u00e3o F\u00edsica) + Registro no respectivo Conselho de Classe\" data-balloon-pos=\"up\">Professor de Ensino Fundamental I \u2013 Dan\u00e7a e Teatro<\/span><\/td>\r\n<td class=\"cvagas\">01 + CR<\/td>\r\n<td class=\"cremuneracao\">R$ 26,62 \/Vari\u00e1vel<\/td>\r\n<\/tr><tr>\r\n<td class=\"ccargos\">\r\n<span data-balloon-length=\"medium\" aria-label=\"Ensino Superior Completo (Licenciatura Plena em Letras e \/ou Licenciatura plena em Pedagogia)\" data-balloon-pos=\"up\">Professor de Ensino Fundamental I \u2013 Leitura<\/span><\/td>\r\n<td class=\"cvagas\">01 + CR<\/td>\r\n<td class=\"cremuneracao\">R$ 26,62 \/Vari\u00e1vel<\/td>\r\n<\/tr><tr>\r\n<td class=\"ccargos\">\r\n<span data-balloon-length=\"medium\" aria-label=\"Ensino Superior Completo (Licenciatura Plena em Pedagogia ou Normal Superior (Magist\u00e9rio))\" data-balloon-pos=\"up\">Professor de Ensino Fundamental I \u2013 Peb I<\/span><\/td>\r\n<td class=\"cvagas\">01 + CR<\/td>\r\n<td class=\"cremuneracao\">R$ 26,62 \/175 h<\/td>\r\n<\/tr><tr>\r\n<td class=\"ccargos\">\r\n<span data-balloon-length=\"medium\" aria-label=\"Ensino Superior Completo (Licenciatura plena em Pedagogia, Matem\u00e1tica, Computa\u00e7\u00e3o, Inform\u00e1tica, Sistemas de Informa\u00e7\u00e3o, Engenharia; ou Licenciatura em qualquer \u00e1rea com forma\u00e7\u00e3o complementar em Tecnologia Educacional, Programa\u00e7\u00e3o, Rob\u00f3tica Educacional ou Pensamento Computacional)\" data-balloon-pos=\"up\">Professor de Ensino Fundamental I \u2013 Pensamento Computacional<\/span><\/td>\r\n<td class=\"cvagas\">01 + CR<\/td>\r\n<td class=\"cremuneracao\">R$ 26,62 \/Vari\u00e1vel<\/td>\r\n<\/tr><tr>\r\n<td class=\"ccargos\">\r\n<span data-balloon-length=\"medium\" aria-label=\"Ensino Superior Completo (Licenciatura plena em Pedagogia ou Licenciatura Plena em Ci\u00eancias Biol\u00f3gicas)\" data-balloon-pos=\"up\">Professor de Ensino Fundamental I \u2013 Sa\u00fade e Qualidade de Vida Socioemocional<\/span><\/td>\r\n<td class=\"cvagas\">01 + CR<\/td>\r\n<td class=\"cremuneracao\">R$ 26,62 \/Vari\u00e1vel<\/td>\r\n<\/tr><tr>\r\n<td class=\"ccargos\">\r\n<span data-balloon-length=\"medium\" aria-label=\"Ensino Superior Completo (licenciatura Plena em Educa\u00e7\u00e3o Art\u00edstica ou Arte)\" data-balloon-pos=\"up\">Professor de Ensino Fundamental II \u2013 Arte<\/span><\/td>\r\n<td class=\"cvagas\">01 + CR<\/td>\r\n<td class=\"cremuneracao\">R$ 26,62 \/Vari\u00e1vel<\/td>\r\n<\/tr><tr>\r\n<td class=\"ccargos\">\r\n<span data-balloon-length=\"medium\" aria-label=\"Ensino Superior Completo (licenciatura Plena em Ci\u00eancia Biol\u00f3gicas ou outros Curso correlatos habilitados)\" data-balloon-pos=\"up\">Professor de Ensino Fundamental II \u2013 Ci\u00eancias<\/span><\/td>\r\n<td class=\"cvagas\">01 + CR<\/td>\r\n<td class=\"cremuneracao\">R$ 26,62 \/Vari\u00e1vel<\/td>\r\n<\/tr><tr>\r\n<td class=\"ccargos\">\r\n<span data-balloon-length=\"medium\" aria-label=\"Ensino Superior Completo (Licenciatura Plena em Educa\u00e7\u00e3o F\u00edsica) + Registro no respectivo Conselho de Classe\" data-balloon-pos=\"up\">Professor de Ensino Fundamental II \u2013 Educa\u00e7\u00e3o F\u00edsica<\/span><\/td>\r\n<td class=\"cvagas\">01 + CR<\/td>\r\n<td class=\"cremuneracao\">R$ 26,62 \/Vari\u00e1vel<\/td>\r\n<\/tr><tr>\r\n<td class=\"ccargos\">\r\n<span data-balloon-length=\"medium\" aria-label=\"Ensino Superior Completo (Licenciatura Plena em Filosofia ou \u00e1rea correlata habilitada)\" data-balloon-pos=\"up\">Professor de Ensino Fundamental II \u2013 Filosofia<\/span><\/td>\r\n<td class=\"cvagas\">01 + CR<\/td>\r\n<td class=\"cremuneracao\">R$ 26,62 \/Vari\u00e1vel<\/td>\r\n<\/tr><tr>\r\n<td class=\"ccargos\">\r\n<span data-balloon-length=\"medium\" aria-label=\"Ensino Superior Completo (Licenciatura Plena em Geografia) com habilita\u00e7\u00e3o espec\u00edfica na \u00e1rea ou forma\u00e7\u00e3o superior em \u00e1rea correspondente\" data-balloon-pos=\"up\">Professor de Ensino Fundamental II \u2013 Geografia<\/span><\/td>\r\n<td class=\"cvagas\">01 + CR<\/td>\r\n<td class=\"cremuneracao\">R$ 26,62 \/Vari\u00e1vel<\/td>\r\n<\/tr><tr>\r\n<td class=\"ccargos\">\r\n<span data-balloon-length=\"medium\" aria-label=\"Ensino Superior Completo (licenciatura Plena em Ci\u00eancia Biol\u00f3gicas ou outros Curso correlatos habilitados)\" data-balloon-pos=\"up\">Professor de Ensino Fundamental II \u2013 Hist\u00f3ria<\/span><\/td>\r\n<td class=\"cvagas\">01 + CR<\/td>\r\n<td class=\"cremuneracao\">R$ 26,62 \/Vari\u00e1vel<\/td>\r\n<\/tr><tr>\r\n<td class=\"ccargos\">\r\n<span data-balloon-length=\"medium\" aria-label=\"Ensino Superior Completo (Licenciatura Plena em Letras com Habilita\u00e7\u00e3o em Ingl\u00eas)\" data-balloon-pos=\"up\">Professor de Ensino Fundamental II \u2013 Ingl\u00eas<\/span><\/td>\r\n<td class=\"cvagas\">01 + CR<\/td>\r\n<td class=\"cremuneracao\">R$ 26,62 \/Vari\u00e1vel<\/td>\r\n<\/tr><tr>\r\n<td class=\"ccargos\">\r\n<span data-balloon-length=\"medium\" aria-label=\"Ensino Superior Completo (Licenciatura Plena em Matem\u00e1tica ou correlatas habilitada)\" data-balloon-pos=\"up\">Professor de Ensino Fundamental II \u2013 Matem\u00e1tica<\/span><\/td>\r\n<td class=\"cvagas\">01 + CR<\/td>\r\n<td class=\"cremuneracao\">R$ 26,62 \/Vari\u00e1vel<\/td>\r\n<\/tr><tr>\r\n<td class=\"ccargos\">\r\n<span data-balloon-length=\"medium\" aria-label=\"Ensino Superior Completo (Licenciatura Plena em Letras com Habilita\u00e7\u00e3o em Portugu\u00eas)\" data-balloon-pos=\"up\">Professor de Ensino Fundamental II \u2013 Portugu\u00eas<\/span><\/td>\r\n<td class=\"cvagas\">01 + CR<\/td>\r\n<td class=\"cremuneracao\">R$ 26,62 \/Vari\u00e1vel<\/td>\r\n<\/tr><tr>\r\n<td class=\"ccargos\">\r\n<span data-balloon-length=\"medium\" aria-label=\"Ensino Superior Completo (Licenciatura Plena em Pedagogia) ou Normal Superior (Magist\u00e9rio)\" data-balloon-pos=\"up\">Professor de Ensino Infantil PEBIN<\/span><\/td>\r\n<td class=\"cvagas\">01 + CR<\/td>\r\n<td class=\"cremuneracao\">R$ 24,13 \/175 h<\/td>\r\n<\/tr>\r\n    <\/tbody>\r\n  <\/table>\r\n<\/div>"},"_links":{"self":[{"href":"https:\/\/www.agrobase.com.br\/concursos\/wp-json\/wp\/v2\/posts\/278722","targetHints":{"allow":["GET"]}}],"collection":[{"href":"https:\/\/www.agrobase.com.br\/concursos\/wp-json\/wp\/v2\/posts"}],"about":[{"href":"https:\/\/www.agrobase.com.br\/concursos\/wp-json\/wp\/v2\/types\/post"}],"author":[{"embeddable":true,"href":"https:\/\/www.agrobase.com.br\/concursos\/wp-json\/wp\/v2\/users\/7"}],"replies":[{"embeddable":true,"href":"https:\/\/www.agrobase.com.br\/concursos\/wp-json\/wp\/v2\/comments?post=278722"}],"version-history":[{"count":1,"href":"https:\/\/www.agrobase.com.br\/concursos\/wp-json\/wp\/v2\/posts\/278722\/revisions"}],"predecessor-version":[{"id":278724,"href":"https:\/\/www.agrobase.com.br\/concursos\/wp-json\/wp\/v2\/posts\/278722\/revisions\/278724"}],"wp:featuredmedia":[{"embeddable":true,"href":"https:\/\/www.agrobase.com.br\/concursos\/wp-json\/wp\/v2\/media\/278721"}],"wp:attachment":[{"href":"https:\/\/www.agrobase.com.br\/concursos\/wp-json\/wp\/v2\/media?parent=278722"}],"wp:term":[{"taxonomy":"category","embeddable":true,"href":"https:\/\/www.agrobase.com.br\/concursos\/wp-json\/wp\/v2\/categories?post=278722"},{"taxonomy":"post_tag","embeddable":true,"href":"https:\/\/www.agrobase.com.br\/concursos\/wp-json\/wp\/v2\/tags?post=278722"},{"taxonomy":"_amplo","embeddable":true,"href":"https:\/\/www.agrobase.com.br\/concursos\/wp-json\/wp\/v2\/_amplo?post=278722"},{"taxonomy":"destaque","embeddable":true,"href":"https:\/\/www.agrobase.com.br\/concursos\/wp-json\/wp\/v2\/destaque?post=278722"},{"taxonomy":"instituicoes","embeddable":true,"href":"https:\/\/www.agrobase.com.br\/concursos\/wp-json\/wp\/v2\/instituicoes?post=278722"}],"curies":[{"name":"wp","href":"https:\/\/api.w.org\/{rel}","templated":true}]}}