{"id":278671,"date":"2026-03-05T08:30:59","date_gmt":"2026-03-05T11:30:59","guid":{"rendered":"https:\/\/www.agrobase.com.br\/concursos\/?p=278671"},"modified":"2026-03-04T15:44:11","modified_gmt":"2026-03-04T18:44:11","slug":"prefeitura-laurentino-sc-concurso-02-2026","status":"publish","type":"post","link":"https:\/\/www.agrobase.com.br\/concursos\/2026\/prefeitura-laurentino-sc-concurso-02-2026\/","title":{"rendered":"Prefeitura Laurentino (SC) &#8211; Concurso 02\/2026"},"content":{"rendered":"<h2>Informa\u00e7\u00f5es Gerais<\/h2>\n<p>O <strong>Concurso P\u00fablico do Munic\u00edpio de Laurentino, em Santa Catarina<\/strong>, foi oficialmente anunciado pelo Prefeito Municipal Agenor Avi, com o objetivo de prover <strong>09 vagas imediatas e forma\u00e7\u00e3o de cadastro reserva<\/strong> para diversos cargos do quadro do Poder Executivo. O certame \u00e9 regido pela Constitui\u00e7\u00e3o Federal, pela Lei Org\u00e2nica do Munic\u00edpio e pelas Leis Complementares Municipais n\u00ba 1.519\/2023, n\u00ba 1.021\/2009 e n\u00ba 1.142\/2011, com regime de contrata\u00e7\u00e3o estatut\u00e1rio.<\/p>\n<p>As oportunidades contemplam os tr\u00eas n\u00edveis de escolaridade: <strong>Fundamental Completo, M\u00e9dio\/T\u00e9cnico e Superior<\/strong>, com remunera\u00e7\u00f5es que variam de <strong>R$ 936,00 a R$ 9.465,04<\/strong>, conforme o cargo e a carga hor\u00e1ria.<\/p>\n<p>Entre os cargos de n\u00edvel superior, destacam-se vagas nas \u00e1reas de Engenharia Civil, Farm\u00e1cia, Medicina (Pediatria), Psicologia e diversas licenciaturas para a \u00e1rea de Educa\u00e7\u00e3o. Merece aten\u00e7\u00e3o especial o cargo de <strong>Fiscal Ambiental<\/strong>, que aceita forma\u00e7\u00e3o em <strong>Ci\u00eancias Biol\u00f3gicas, Gest\u00e3o Ambiental, Engenharia Ambiental, Engenharia Florestal ou Agronomia<\/strong> \u2014 \u00e1reas de grande relev\u00e2ncia para profissionais das ci\u00eancias agr\u00e1rias e ambientais. H\u00e1 tamb\u00e9m vaga para <strong>Nutricionista<\/strong> (cadastro reserva). No n\u00edvel m\u00e9dio\/t\u00e9cnico, as oportunidades incluem Agente Administrativo, Agente Comunit\u00e1rio de Sa\u00fade, T\u00e9cnico em Seguran\u00e7a do Trabalho, entre outros. J\u00e1 para o n\u00edvel fundamental, h\u00e1 vagas para Agente de Servi\u00e7os Gerais, Gari, Operador de Equipamentos, Oper\u00e1rio e Vigia.<\/p>\n<p>As inscri\u00e7\u00f5es j\u00e1 possuem data definida. Continue a leitura para conferir todos os detalhes sobre como se inscrever, as etapas do processo seletivo e a divulga\u00e7\u00e3o dos resultados.<\/p>\n<h2>Inscri\u00e7\u00f5es<\/h2>\n<p>As inscri\u00e7\u00f5es para o Concurso P\u00fablico do Munic\u00edpio de Laurentino\/SC estar\u00e3o abertas no per\u00edodo de <strong>10h do dia 02 de mar\u00e7o de 2026 at\u00e9 as 15h do dia 31 de mar\u00e7o de 2026<\/strong> (hor\u00e1rio de Bras\u00edlia). Todo o processo de inscri\u00e7\u00e3o ser\u00e1 realizado exclusivamente pela internet, por meio do portal da banca organizadora <strong>Actio Concursos<\/strong>.<\/p>\n<p>Para se inscrever, o candidato dever\u00e1 acessar o endere\u00e7o eletr\u00f4nico <strong>https:\/\/portal.actio.srv.br\/<\/strong> e seguir os passos abaixo:<\/p>\n<ul>\n<li>Localizar o Concurso P\u00fablico de Laurentino e clicar em <strong>&#8220;Realizar Inscri\u00e7\u00e3o&#8221;<\/strong>;<\/li>\n<li>Inserir o CPF e clicar em &#8220;Validar meu CPF&#8221;;<\/li>\n<li>Digitar a senha pessoal (candidatos j\u00e1 cadastrados) e pressionar &#8220;Entrar no sistema&#8221;;<\/li>\n<li>Ler os termos e clicar em &#8220;Concordo&#8221;;<\/li>\n<li>Selecionar o cargo desejado e clicar em &#8220;Prosseguir&#8221;;<\/li>\n<li>Confirmar a inscri\u00e7\u00e3o clicando em &#8220;SIM&#8221;;<\/li>\n<li>Conferir os dados exibidos, responder os dados adicionais e clicar em &#8220;Confirmar&#8221;;<\/li>\n<li>Imprimir o <strong>Comprovante de Inscri\u00e7\u00e3o<\/strong> e o <strong>Boleto Banc\u00e1rio<\/strong>.<\/li>\n<\/ul>\n<p>O candidato dever\u00e1 imprimir o boleto banc\u00e1rio e efetuar o pagamento na rede banc\u00e1ria <strong>at\u00e9 a data de vencimento indicada no pr\u00f3prio boleto<\/strong>. A inscri\u00e7\u00e3o somente ser\u00e1 confirmada ap\u00f3s a compensa\u00e7\u00e3o do pagamento.<\/p>\n<p>Recomenda-se que o candidato acompanhe o status da sua inscri\u00e7\u00e3o diretamente na \u00e1rea do candidato no portal da Actio Concursos, verificando se o pagamento foi devidamente processado. Para informa\u00e7\u00f5es completas sobre valores das taxas de inscri\u00e7\u00e3o, crit\u00e9rios e procedimentos para solicita\u00e7\u00e3o de isen\u00e7\u00e3o, consulte o edital na \u00edntegra.<\/p>\n<h2>Etapas e Provas<\/h2>\n<p>O Concurso P\u00fablico do Munic\u00edpio de Laurentino\/SC ser\u00e1 composto por at\u00e9 tr\u00eas etapas, conforme o cargo pretendido. Veja a seguir o detalhamento de cada uma:<\/p>\n<ul>\n<li><strong>Prova Escrita (Objetiva) \u2014 para todos os cargos<\/strong>\n<ul>\n<li><strong>Car\u00e1ter:<\/strong> eliminat\u00f3rio e classificat\u00f3rio;<\/li>\n<li><strong>Formato:<\/strong> quest\u00f5es de m\u00faltipla escolha;<\/li>\n<li><strong>Data prov\u00e1vel de aplica\u00e7\u00e3o:<\/strong> <strong>12 de abril de 2026<\/strong>, podendo ser alterada em caso de fatos supervenientes;<\/li>\n<li><strong>Dura\u00e7\u00e3o:<\/strong> <strong>3 horas<\/strong>, incluindo a resolu\u00e7\u00e3o das quest\u00f5es e o preenchimento da folha de respostas;<\/li>\n<li>O candidato somente poder\u00e1 se retirar da sala ap\u00f3s transcorrida <strong>1 hora<\/strong> do in\u00edcio da prova;<\/li>\n<li>As disciplinas e conte\u00fados cobrados variam conforme o cargo e o n\u00edvel de escolaridade \u2014 consulte o conte\u00fado program\u00e1tico completo no edital.<\/li>\n<\/ul>\n<\/li>\n<li><strong>Prova Pr\u00e1tica \u2014 exclusiva para o cargo de Operador de Equipamentos<\/strong>\n<ul>\n<li><strong>Car\u00e1ter:<\/strong> eliminat\u00f3rio e classificat\u00f3rio;<\/li>\n<li>Destinada a avaliar habilidades pr\u00e1ticas espec\u00edficas exigidas para o exerc\u00edcio do cargo;<\/li>\n<li>Detalhes sobre crit\u00e9rios de avalia\u00e7\u00e3o, data e local ser\u00e3o divulgados conforme cronograma do edital.<\/li>\n<\/ul>\n<\/li>\n<li><strong>Prova de Avalia\u00e7\u00e3o de T\u00edtulos \u2014 exclusiva para os cargos de M\u00e9dico Pediatra e Professor<\/strong>\n<ul>\n<li><strong>Car\u00e1ter:<\/strong> classificat\u00f3rio;<\/li>\n<li>Ser\u00e3o avaliados t\u00edtulos acad\u00eamicos e de forma\u00e7\u00e3o complementar conforme os crit\u00e9rios e pontua\u00e7\u00f5es definidos no edital;<\/li>\n<li>Informa\u00e7\u00f5es sobre documenta\u00e7\u00e3o exigida e prazos de entrega devem ser consultadas diretamente no edital.<\/li>\n<\/ul>\n<\/li>\n<\/ul>\n<p>Para conhecer o conte\u00fado program\u00e1tico detalhado de cada cargo, os crit\u00e9rios de aprova\u00e7\u00e3o, a pontua\u00e7\u00e3o total das provas e as notas m\u00ednimas exigidas, consulte o edital completo dispon\u00edvel nos sites <strong>https:\/\/portal.actio.srv.br\/<\/strong> e <strong>https:\/\/laurentino.sc.gov.br\/<\/strong>.<\/p>\n<h2>Resultados e Gabarito<\/h2>\n<p>O resultado final do Concurso P\u00fablico do Munic\u00edpio de Laurentino\/SC ser\u00e1 divulgado por meio de <strong>duas listas de classifica\u00e7\u00e3o<\/strong>:<\/p>\n<ul>\n<li>Uma lista geral contendo a classifica\u00e7\u00e3o de <strong>todos os candidatos aprovados<\/strong>, incluindo os inscritos como pessoas com defici\u00eancia;<\/li>\n<li>Uma lista espec\u00edfica contendo exclusivamente a classifica\u00e7\u00e3o dos <strong>candidatos aprovados inscritos como pessoas com defici\u00eancia<\/strong>.<\/li>\n<\/ul>\n<p>A divulga\u00e7\u00e3o oficial de todas as etapas do certame \u2014 incluindo gabarito preliminar, gabarito definitivo, resultados preliminares, resultados definitivos e homologa\u00e7\u00e3o \u2014 ser\u00e1 realizada por meio de editais publicados nos seguintes endere\u00e7os eletr\u00f4nicos:<\/p>\n<ul>\n<li><strong>Site da banca organizadora:<\/strong> <a href=\"https:\/\/portal.actio.srv.br\/\" target=\"_blank\" rel=\"noopener\">https:\/\/portal.actio.srv.br\/<\/a><\/li>\n<li><strong>Site da Prefeitura de Laurentino:<\/strong> <a href=\"https:\/\/laurentino.sc.gov.br\/\" target=\"_blank\" rel=\"noopener\">https:\/\/laurentino.sc.gov.br\/<\/a><\/li>\n<\/ul>\n<p>A <strong>homologa\u00e7\u00e3o<\/strong> do concurso \u00e9 o ato oficial que encerra o processo seletivo e valida os resultados finais, permitindo que a Administra\u00e7\u00e3o Municipal proceda \u00e0 convoca\u00e7\u00e3o dos aprovados para posse e exerc\u00edcio dos cargos. Ap\u00f3s a homologa\u00e7\u00e3o, o concurso ter\u00e1 validade conforme estabelecido no edital, podendo ser prorrogado nos termos da legisla\u00e7\u00e3o vigente.<\/p>\n<p>Os crit\u00e9rios de desempate entre candidatos com a mesma pontua\u00e7\u00e3o final est\u00e3o detalhados no edital e devem ser consultados pelo candidato para pleno conhecimento das regras aplic\u00e1veis.<\/p>\n<p><strong>\u00c9 de responsabilidade exclusiva do candidato acompanhar todas as publica\u00e7\u00f5es oficiais referentes a este concurso.<\/strong> Recomenda-se consultar regularmente os sites indicados para n\u00e3o perder prazos de recursos, convoca\u00e7\u00f5es e demais atos do certame.<\/p>\n","protected":false},"excerpt":{"rendered":"<p>Concurso Pref. Laurentino (SC) com edital publicado! Vagas p\/ Eng. Civil e M\u00e9dico (Fund. a Sup.). Inscri\u00e7\u00f5es a partir de 02\/03. Sal\u00e1rios at\u00e9 R$9.4k. Confira!<\/p>\n","protected":false},"author":7,"featured_media":278670,"comment_status":"open","ping_status":"open","sticky":false,"template":"","format":"standard","meta":{"_acf_changed":false,"_breakdance_hide_in_design_set":false,"_breakdance_tags":"","footnotes":""},"categories":[3,4,6,9,13,14,15,17,6871,21,23,25,26,108,157],"tags":[61],"_amplo":[],"destaque":[],"instituicoes":[],"class_list":["post-278671","post","type-post","status-publish","format-standard","has-post-thumbnail","hentry","category-administracao","category-agronomia","category-biologia","category-ciencias-contabeis","category-engenharia-ambiental","category-engenharia","category-engenharia-florestal","category-farmacia","category-letras-ingles","category-medicina","category-nutricao","category-pedagogia","category-psicologia","category-tecnico-enfermagem","category-tecnico-seguranca-trabalho","tag-santa-catarina"],"acf":{"_tipo_vagas":"vagas","_numero_vagas":"","_quadro_vagas":"","_cargos":"diversos","_cargos_especificos":"","_salario_max":"R$ 9465.04","_abertura":"20260302","_encerramento":"20260331","_inscricoes":"https:\/\/portal.actio.srv.br\/","_executora_concurso":"","_instituicao_concurso":[],"_link_adicional":null,"_anexos":null,"_produtos":null,"_vagas":"09 vagas + CR","_salario_min":"R$ 936","_instituicao":"Prefeitura de Laurentino","_edital":"https:\/\/www.agrobase.com.br\/concursos\/wp-content\/uploads\/sites\/4\/2026\/03\/edital-02-2026-da-prefeitura-de-lourentino-sc.pdf","_anexos_edital":"https:\/\/www.agrobase.com.br\/concursos\/wp-content\/uploads\/sites\/4\/2026\/03\/anexos-edital-02-2026-da-prefeitura-de-lourentino-sc.pdf","_fund_incompleto":"","_fund_completo":"<div>\r\n<table class=\"quadro\">\r\n<thead>\r\n<tr>\r\n<th class=\"hcargo\">Cargo<\/th>\r\n<th class=\"hvagas\">Vagas<\/th>\r\n<th class=\"hremuneracao\">Remunera\u00e7\u00e3o<\/th>\r\n<\/tr>\r\n<\/thead>\r\n    <tbody>\r\n      <td class=\"ccargos\">\r\n<span data-balloon-length=\"medium\" aria-label=\"Comprovante de conclus\u00e3o da 4\u00aa s\u00e9rie do Ensino Fundamental.\" data-balloon-pos=\"up\">Agente de Servi\u00e7os Gerais - 30h<\/span><\/td>\r\n<td class=\"cvagas\">03<\/td>\r\n<td class=\"cremuneracao\">R$ 1.872,00 \/30h<\/td>\r\n<\/tr><td class=\"ccargos\">\r\n<span data-balloon-length=\"medium\" aria-label=\"Comprovante de conclus\u00e3o da 4\u00aa s\u00e9rie do Ensino Fundamental.\" data-balloon-pos=\"up\">Agente de Servi\u00e7os Gerais - 40h<\/span><\/td>\r\n<td class=\"cvagas\">02<\/td>\r\n<td class=\"cremuneracao\">R$ 2.340,00 \/40h<\/td>\r\n<\/tr><td class=\"ccargos\">\r\n<span data-balloon-length=\"medium\" aria-label=\"Comprovante de conclus\u00e3o de s\u00e9ries iniciais do Ensino Fundamental. e conhecimentos espec\u00edficos relativos \u00e0 \u00e1rea de atua\u00e7\u00e3o.\" data-balloon-pos=\"up\">Gari<\/span><\/td>\r\n<td class=\"cvagas\">CR<\/td>\r\n<td class=\"cremuneracao\">R$ 2.340,00 \/40h<\/td>\r\n<\/tr><td class=\"ccargos\">\r\n<span data-balloon-length=\"medium\" aria-label=\"Comprovante de conclus\u00e3o da 4\u00aa s\u00e9rie do Ensino Fundamental e ser portador da Carteira Nacional de Habilita\u00e7\u00e3o categorias \u201cC\u201d, \u201cD\u201d ou \u201cE\u201d.\" data-balloon-pos=\"up\">Operador de Equipamentos<\/span><\/td>\r\n<td class=\"cvagas\">CR<\/td>\r\n<td class=\"cremuneracao\">R$ 2.860,00 \/40h<\/td>\r\n<\/tr><td class=\"ccargos\">\r\n<span data-balloon-length=\"medium\" aria-label=\"Comprovante de conclus\u00e3o da 4\u00aa s\u00e9rie do Ensino Fundamental.\" data-balloon-pos=\"up\">Oper\u00e1rio I<\/span><\/td>\r\n<td class=\"cvagas\">CR<\/td>\r\n<td class=\"cremuneracao\">R$ 2.340,00 \/40h<\/td>\r\n<\/tr><td class=\"ccargos\">\r\n<span data-balloon-length=\"medium\" aria-label=\"Comprovante de conclus\u00e3o da 4\u00aa s\u00e9rie do Ensino Fundamental e ter comprovada habilidade na fun\u00e7\u00e3o.\" data-balloon-pos=\"up\">Vigia<\/span><\/td>\r\n<td class=\"cvagas\">CR<\/td>\r\n<td class=\"cremuneracao\">R$ 2.860,00 \/40h<\/td>\r\n<\/tr>\r\n    <\/tbody>\r\n  <\/table>\r\n<\/div>","_medio":"<div>\r\n<table class=\"quadro\">\r\n<thead>\r\n<tr>\r\n<th class=\"hcargo\">Cargo<\/th>\r\n<th class=\"hvagas\">Vagas<\/th>\r\n<th class=\"hremuneracao\">Remunera\u00e7\u00e3o<\/th>\r\n<\/tr>\r\n<\/thead>\r\n    <tbody>\r\n      <td class=\"ccargos\">\r\n<span data-balloon-length=\"medium\" aria-label=\"Ser portador de diploma ou certificado de conclus\u00e3o do Ensino M\u00e9dio.\" data-balloon-pos=\"up\">Agente Administrativo<\/span><\/td>\r\n<td class=\"cvagas\">CR<\/td>\r\n<td class=\"cremuneracao\">R$ 2.964,00 \/40h<\/td>\r\n<\/tr><td class=\"ccargos\">\r\n<span data-balloon-length=\"medium\" aria-label=\"Certificado de conclus\u00e3o do Ensino M\u00e9dio ABRANG\u00caNCIA: Ribeir\u00e3o Bas\u00edlio - Rodovia das Primaveras e adjac\u00eancias.\" data-balloon-pos=\"up\">Agente Comunit\u00e1rio de Sa\u00fade - ESF 1 - Micro \u00c1rea 01<\/span><\/td>\r\n<td class=\"cvagas\">01<\/td>\r\n<td class=\"cremuneracao\">R$ 3.157,44 \/40h<\/td>\r\n<\/tr><td class=\"ccargos\">\r\n<span data-balloon-length=\"medium\" aria-label=\"Certificado de conclus\u00e3o do Ensino M\u00e9dio ABRANG\u00caNCIA: - Rua Prefeito Jos\u00e9 Tambosi - Estrada Geral Baixo Amoado e adjac\u00eancias.\" data-balloon-pos=\"up\">Agente Comunit\u00e1rio de Sa\u00fade - ESF 3 \u2013 Micro \u00c1rea 09<\/span><\/td>\r\n<td class=\"cvagas\">01<\/td>\r\n<td class=\"cremuneracao\">R$ 3.157,44 \/40h<\/td>\r\n<\/tr><td class=\"ccargos\">\r\n<span data-balloon-length=\"medium\" aria-label=\"Ensino M\u00e9dio Completo e curso de capacita\u00e7\u00e3o na \u00e1rea a ser ministrado a posteriori.\" data-balloon-pos=\"up\">Agente de Defesa Civil<\/span><\/td>\r\n<td class=\"cvagas\">01<\/td>\r\n<td class=\"cremuneracao\">R$ 2.964,00 \/40h<\/td>\r\n<\/tr><td class=\"ccargos\">\r\n<span data-balloon-length=\"medium\" aria-label=\"Ensino M\u00e9dio completo e experi\u00eancia comprovada de no m\u00ednimo 12 (doze) meses na \u00e1rea de mec\u00e2nica.\" data-balloon-pos=\"up\">Agente de Manuten\u00e7\u00e3o e Controle de Frota e Equipamentos<\/span><\/td>\r\n<td class=\"cvagas\">01<\/td>\r\n<td class=\"cremuneracao\">R$ 2.964,00 \/40h<\/td>\r\n<\/tr><td class=\"ccargos\">\r\n<span data-balloon-length=\"medium\" aria-label=\"Habilita\u00e7\u00e3o categoria \u201cB\u201d no m\u00ednimo. Ser portador de diploma ou certificado de conclus\u00e3o de n\u00edvel m\u00e9dio.\" data-balloon-pos=\"up\">Atendente Consult\u00f3rio Dent\u00e1rio - ACD<\/span><\/td>\r\n<td class=\"cvagas\">01<\/td>\r\n<td class=\"cremuneracao\">R$ 2.340,00 \/40h<\/td>\r\n<\/tr><td class=\"ccargos\">\r\n<span data-balloon-length=\"medium\" aria-label=\"Ensino M\u00e9dio Completo.\" data-balloon-pos=\"up\">Auxiliar de Sala - 20h<\/span><\/td>\r\n<td class=\"cvagas\">01<\/td>\r\n<td class=\"cremuneracao\">R$ 936,00 \/20h<\/td>\r\n<\/tr><td class=\"ccargos\">\r\n<span data-balloon-length=\"medium\" aria-label=\"Ensino M\u00e9dio Completo.\" data-balloon-pos=\"up\">Auxiliar de Sala - 40h<\/span><\/td>\r\n<td class=\"cvagas\">01<\/td>\r\n<td class=\"cremuneracao\">R$ 2.028,00 \/40h<\/td>\r\n<\/tr><td class=\"ccargos\">\r\n<span data-balloon-length=\"medium\" aria-label=\"Ensino M\u00e9dio e Curso de T\u00e9cnico de Seguran\u00e7a do Trabalho. Registro no respectivo \u00f3rg\u00e3o fiscalizador da profiss\u00e3o.\" data-balloon-pos=\"up\">T\u00e9cnico em Seguran\u00e7a do Trabalho<\/span><\/td>\r\n<td class=\"cvagas\">01<\/td>\r\n<td class=\"cremuneracao\">R$ 3.931,20 \/40h<\/td>\r\n<\/tr>\r\n    <\/tbody>\r\n  <\/table>\r\n<\/div>","_superior":"<div>\r\n<table class=\"quadro\">\r\n<thead>\r\n<tr>\r\n<th class=\"hcargo\">Cargo<\/th>\r\n<th class=\"hvagas\">Vagas<\/th>\r\n<th class=\"hremuneracao\">Remunera\u00e7\u00e3o<\/th>\r\n<\/tr>\r\n<\/thead>\r\n    <tbody>\r\n      <tr>\r\n<td class=\"ccargos\">\r\n<span data-balloon-length=\"medium\" aria-label=\"Forma\u00e7\u00e3o em n\u00edvel superior de gradua\u00e7\u00e3o em Direito, Ci\u00eancias Cont\u00e1beis, Ci\u00eancias Econ\u00f4micas, Administra\u00e7\u00e3o, Administra\u00e7\u00e3o P\u00fablica, ou Gest\u00e3o P\u00fablica, devidamente reconhecido pelo MEC.\" data-balloon-pos=\"up\">Agente de Licita\u00e7\u00f5es e Contratos<\/span><\/td>\r\n<td class=\"cvagas\">01<\/td>\r\n<td class=\"cremuneracao\">R$ 3.931,20 \/40h<\/td>\r\n<\/tr><tr>\r\n<td class=\"ccargos\">\r\n<span data-balloon-length=\"medium\" aria-label=\"Habilita\u00e7\u00e3o obtida em curso de n\u00edvel superior, de licenciatura plena em pedagogia ou outra licenciatura, com registro no MEC.\" data-balloon-pos=\"up\">Assistente T\u00e9cnico Pedag\u00f3gico<\/span><\/td>\r\n<td class=\"cvagas\">CR<\/td>\r\n<td class=\"cremuneracao\">R$ 4.441,04 \/40h<\/td>\r\n<\/tr><tr>\r\n<td class=\"ccargos\">\r\n<span data-balloon-length=\"medium\" aria-label=\"Diploma ou Certificado de conclus\u00e3o de Curso Superior em Engenharia Civil e registro na entidade profissional competente.\" data-balloon-pos=\"up\">Engenheiro Civil<\/span><\/td>\r\n<td class=\"cvagas\">01<\/td>\r\n<td class=\"cremuneracao\">R$ 6.032,00 \/40h<\/td>\r\n<\/tr><tr>\r\n<td class=\"ccargos\">\r\n<span data-balloon-length=\"medium\" aria-label=\"Diploma ou certificado de conclus\u00e3o superior em Farm\u00e1cia, com registro no \u00f3rg\u00e3o fiscalizador do exerc\u00edcio profissional com atribui\u00e7\u00f5es no Estado de Santa Catarina.\" data-balloon-pos=\"up\">Farmac\u00eautico - 20h<\/span><\/td>\r\n<td class=\"cvagas\">01<\/td>\r\n<td class=\"cremuneracao\">R$ 3.172,00 \/20h<\/td>\r\n<\/tr><tr>\r\n<td class=\"ccargos\">\r\n<span data-balloon-length=\"medium\" aria-label=\"Diploma ou certificado de conclus\u00e3o superior em Farm\u00e1cia, com registro no \u00f3rg\u00e3o fiscalizador do exerc\u00edcio profissional com atribui\u00e7\u00f5es no Estado de Santa Catarina.\" data-balloon-pos=\"up\">Farmac\u00eautico - 40h<\/span><\/td>\r\n<td class=\"cvagas\">01<\/td>\r\n<td class=\"cremuneracao\">R$ 6.500,00 \/40h<\/td>\r\n<\/tr><tr>\r\n<td class=\"ccargos\">\r\n<span data-balloon-length=\"medium\" aria-label=\"Diploma de conclus\u00e3o de curso superior em Direito, Ci\u00eancias Biol\u00f3gicas, Tecnologia em Gest\u00e3o Ambiental, Engenharia Ambiental, Engenharia Florestal ou Agronomia, devidamente reconhecido pelo MEC.\" data-balloon-pos=\"up\">Fiscal Ambiental<\/span><\/td>\r\n<td class=\"cvagas\">01<\/td>\r\n<td class=\"cremuneracao\">R$ 3.931,20 \/40h<\/td>\r\n<\/tr><tr>\r\n<td class=\"ccargos\">\r\n<span data-balloon-length=\"medium\" aria-label=\"Diploma de Curso Superior em qualquer \u00e1rea de forma\u00e7\u00e3o, devidamente reconhecido pelo MEC.\" data-balloon-pos=\"up\">Fiscal de Obras e Posturas<\/span><\/td>\r\n<td class=\"cvagas\">01<\/td>\r\n<td class=\"cremuneracao\">R$ 3.931,20 \/40h<\/td>\r\n<\/tr><tr>\r\n<td class=\"ccargos\">\r\n<span data-balloon-length=\"medium\" aria-label=\"Diploma ou certificado de conclus\u00e3o de curso superior de Medicina, com especializa\u00e7\u00e3o em Pediatria, com registro no \u00f3rg\u00e3o fiscalizador do exerc\u00edcio profissional com atribui\u00e7\u00f5es no Estado de Santa Catarina.\" data-balloon-pos=\"up\">M\u00e9dico - Pediatra<\/span><\/td>\r\n<td class=\"cvagas\">CR<\/td>\r\n<td class=\"cremuneracao\">R$ 9.465,04 \/20h<\/td>\r\n<\/tr><tr>\r\n<td class=\"ccargos\">\r\n<span data-balloon-length=\"medium\" aria-label=\"Diploma ou certificado de conclus\u00e3o de curso superior em Nutri\u00e7\u00e3o, com registro no \u00f3rg\u00e3o fiscalizador do exerc\u00edcio profissional com atribui\u00e7\u00f5es no Estado de Santa Catarina.\" data-balloon-pos=\"up\">Nutricionista<\/span><\/td>\r\n<td class=\"cvagas\">CR<\/td>\r\n<td class=\"cremuneracao\">R$ 3.296,80 \/20h<\/td>\r\n<\/tr><tr>\r\n<td class=\"ccargos\">\r\n<span data-balloon-length=\"medium\" aria-label=\"Diploma e Hist\u00f3rico Escolar de Conclus\u00e3o de Licenciatura Plena em Arte e Licenciatura Curta em Educa\u00e7\u00e3o Art\u00edstica, ou Curso de Licenciatura Plena em Arte; ou Curso de Licenciatura Plena em Artes Visuais; ou Curso de Licenciatura Plena em Artes Pl\u00e1sticas; ou Curso de Licenciatura Plena em Artes C\u00eanicas ou Teatro; ou Curso de Licenciatura Plena em M\u00fasica; ou Curso de Licenciatura Plena em Dan\u00e7a e\/ou Pedagogia para atuar nas s\u00e9ries\/anos iniciais do Ensino Fundamental; com p\u00f3s gradua\u00e7\u00e3o em Arte.\" data-balloon-pos=\"up\">Professor de Arte<\/span><\/td>\r\n<td class=\"cvagas\">CR<\/td>\r\n<td class=\"cremuneracao\">R$ 2.220,50 \/20h<\/td>\r\n<\/tr><tr>\r\n<td class=\"ccargos\">\r\n<span data-balloon-length=\"medium\" aria-label=\"Superior em Pedagogia ou normal superior para atuar na Educa\u00e7\u00e3o Infantil.\" data-balloon-pos=\"up\">Professor de Educa\u00e7\u00e3o Infantil<\/span><\/td>\r\n<td class=\"cvagas\">CR<\/td>\r\n<td class=\"cremuneracao\">R$ 3.330,75 \/30h<\/td>\r\n<\/tr><tr>\r\n<td class=\"ccargos\">\r\n<span data-balloon-length=\"medium\" aria-label=\"Superior em Pedagogia ou normal superior para atuar nas s\u00e9ries\/anos iniciais do Ensino Fundamental.\" data-balloon-pos=\"up\">Professor de Ensino Fundamental<\/span><\/td>\r\n<td class=\"cvagas\">CR<\/td>\r\n<td class=\"cremuneracao\">R$ 2.220,50 \/20h<\/td>\r\n<\/tr><tr>\r\n<td class=\"ccargos\">\r\n<span data-balloon-length=\"medium\" aria-label=\"Superior em Letras - Ingl\u00eas ou Disciplina Espec\u00edfica Ingl\u00eas para atuar no Ensino Fundamental.\" data-balloon-pos=\"up\">Professor de L\u00edngua Inglesa<\/span><\/td>\r\n<td class=\"cvagas\">CR<\/td>\r\n<td class=\"cremuneracao\">R$ 2.220,50 \/20h<\/td>\r\n<\/tr><tr>\r\n<td class=\"ccargos\">\r\n<span data-balloon-length=\"medium\" aria-label=\"Superior em Disciplinas Espec\u00edficas do curr\u00edculo (Italiano) para atuar no Ensino Fundamental.\" data-balloon-pos=\"up\">Professor de L\u00edngua Italiana<\/span><\/td>\r\n<td class=\"cvagas\">CR<\/td>\r\n<td class=\"cremuneracao\">R$ 2.220,50 \/20h<\/td>\r\n<\/tr><tr>\r\n<td class=\"ccargos\">\r\n<span data-balloon-length=\"medium\" aria-label=\"Gradua\u00e7\u00e3o em Psicologia. Registro no respectivo \u00f3rg\u00e3o fiscalizador da profiss\u00e3o.\" data-balloon-pos=\"up\">Psic\u00f3logo - 20h<\/span><\/td>\r\n<td class=\"cvagas\">CR<\/td>\r\n<td class=\"cremuneracao\">R$ 3.296,80 \/20h<\/td>\r\n<\/tr><tr>\r\n<td class=\"ccargos\">\r\n<span data-balloon-length=\"medium\" aria-label=\"Gradua\u00e7\u00e3o em Psicologia. Registro no respectivo \u00f3rg\u00e3o fiscalizador da profiss\u00e3o.\" data-balloon-pos=\"up\">Psic\u00f3logo - 40h<\/span><\/td>\r\n<td class=\"cvagas\">CR<\/td>\r\n<td class=\"cremuneracao\">R$ 6.500,00 \/40h<\/td>\r\n<\/tr><tr>\r\n<td class=\"ccargos\">\r\n<span data-balloon-length=\"medium\" aria-label=\"Diploma ou certificado de conclus\u00e3o do Ensino M\u00e9dio em curso de T\u00e9cnico de Enfermagem e registro no \u00f3rg\u00e3o fiscalizador do exerc\u00edcio profissional com atribui\u00e7\u00f5es no Estado de Santa Catarina.\" data-balloon-pos=\"up\">T\u00e9cnico de Enfermagem<\/span><\/td>\r\n<td class=\"cvagas\">CR<\/td>\r\n<td class=\"cremuneracao\">R$ 2.600,00 \/40h<\/td>\r\n<\/tr>\r\n    <\/tbody>\r\n  <\/table>\r\n<\/div>"},"_links":{"self":[{"href":"https:\/\/www.agrobase.com.br\/concursos\/wp-json\/wp\/v2\/posts\/278671","targetHints":{"allow":["GET"]}}],"collection":[{"href":"https:\/\/www.agrobase.com.br\/concursos\/wp-json\/wp\/v2\/posts"}],"about":[{"href":"https:\/\/www.agrobase.com.br\/concursos\/wp-json\/wp\/v2\/types\/post"}],"author":[{"embeddable":true,"href":"https:\/\/www.agrobase.com.br\/concursos\/wp-json\/wp\/v2\/users\/7"}],"replies":[{"embeddable":true,"href":"https:\/\/www.agrobase.com.br\/concursos\/wp-json\/wp\/v2\/comments?post=278671"}],"version-history":[{"count":1,"href":"https:\/\/www.agrobase.com.br\/concursos\/wp-json\/wp\/v2\/posts\/278671\/revisions"}],"predecessor-version":[{"id":278673,"href":"https:\/\/www.agrobase.com.br\/concursos\/wp-json\/wp\/v2\/posts\/278671\/revisions\/278673"}],"wp:featuredmedia":[{"embeddable":true,"href":"https:\/\/www.agrobase.com.br\/concursos\/wp-json\/wp\/v2\/media\/278670"}],"wp:attachment":[{"href":"https:\/\/www.agrobase.com.br\/concursos\/wp-json\/wp\/v2\/media?parent=278671"}],"wp:term":[{"taxonomy":"category","embeddable":true,"href":"https:\/\/www.agrobase.com.br\/concursos\/wp-json\/wp\/v2\/categories?post=278671"},{"taxonomy":"post_tag","embeddable":true,"href":"https:\/\/www.agrobase.com.br\/concursos\/wp-json\/wp\/v2\/tags?post=278671"},{"taxonomy":"_amplo","embeddable":true,"href":"https:\/\/www.agrobase.com.br\/concursos\/wp-json\/wp\/v2\/_amplo?post=278671"},{"taxonomy":"destaque","embeddable":true,"href":"https:\/\/www.agrobase.com.br\/concursos\/wp-json\/wp\/v2\/destaque?post=278671"},{"taxonomy":"instituicoes","embeddable":true,"href":"https:\/\/www.agrobase.com.br\/concursos\/wp-json\/wp\/v2\/instituicoes?post=278671"}],"curies":[{"name":"wp","href":"https:\/\/api.w.org\/{rel}","templated":true}]}}