{"id":278631,"date":"2026-03-05T07:00:40","date_gmt":"2026-03-05T10:00:40","guid":{"rendered":"https:\/\/www.agrobase.com.br\/concursos\/?p=278631"},"modified":"2026-03-04T11:10:25","modified_gmt":"2026-03-04T14:10:25","slug":"prefeitura-barra-de-sao-francisco-es-concurso-01-2026","status":"publish","type":"post","link":"https:\/\/www.agrobase.com.br\/concursos\/2026\/prefeitura-barra-de-sao-francisco-es-concurso-01-2026\/","title":{"rendered":"Prefeitura Barra de S\u00e3o Francisco (ES) &#8211; Concurso 01\/2026"},"content":{"rendered":"<h2>Informa\u00e7\u00f5es Gerais<\/h2>\n<p>A <strong>Prefeitura Municipal de Barra de S\u00e3o Francisco, no Esp\u00edrito Santo<\/strong>, publicou o <strong>Edital de Concurso P\u00fablico n\u00ba 01\/2025<\/strong>, abrindo oportunidades para provimento de <strong>52 vagas imediatas, al\u00e9m de forma\u00e7\u00e3o de cadastro de reserva (CR)<\/strong>, em cargos de n\u00edveis m\u00e9dio e superior. O certame \u00e9 organizado pelo <strong>IBADE<\/strong> e destina-se ao preenchimento de posi\u00e7\u00f5es no quadro efetivo do munic\u00edpio, sob regime estatut\u00e1rio.<\/p>\n<p>As remunera\u00e7\u00f5es variam de <strong>R$ 2.023,33 a R$ 4.318,18<\/strong>, com cargas hor\u00e1rias de 20h a 40h semanais, a depender do cargo. O concurso contempla profissionais de diversas \u00e1reas da sa\u00fade, educa\u00e7\u00e3o, fiscaliza\u00e7\u00e3o e transporte.<\/p>\n<p>Entre os cargos de <strong>n\u00edvel superior<\/strong>, destacam-se vagas para Enfermeiro de Unidade de Sa\u00fade (10 vagas + CR), Professor PEB IV (15 vagas + CR), M\u00e9dico Cl\u00ednico Geral (5 vagas + CR), Agente Fiscal de Posturas (5 vagas + CR), Odont\u00f3logo, Fisioterapeuta, Psic\u00f3logo e Fonoaudi\u00f3logo. <strong>H\u00e1 tamb\u00e9m vaga para Nutricionista (01 + CR)<\/strong>, \u00e1rea de grande interesse para profissionais das ci\u00eancias agr\u00e1rias e da sa\u00fade. Para o <strong>n\u00edvel m\u00e9dio<\/strong>, s\u00e3o oferecidas vagas para Motorista de Ambul\u00e2ncia (3 + CR) e Motorista de Transporte Escolar (5 + CR).<\/p>\n<p>Confira a seguir todos os detalhes sobre inscri\u00e7\u00f5es, etapas de sele\u00e7\u00e3o e como acompanhar os resultados deste concurso p\u00fablico em Barra de S\u00e3o Francisco\/ES.<\/p>\n<h2>Inscri\u00e7\u00f5es<\/h2>\n<p>As inscri\u00e7\u00f5es para o Concurso P\u00fablico da Prefeitura de Barra de S\u00e3o Francisco\/ES estar\u00e3o abertas <strong>a partir das 11h do dia 02 de mar\u00e7o de 2026 at\u00e9 as 23h59 do dia 06 de abril de 2026<\/strong>, considerando o hor\u00e1rio oficial de Bras\u00edlia\/DF. O processo \u00e9 realizado exclusivamente pela internet, por meio do site do IBADE.<\/p>\n<p>Os valores das taxas de inscri\u00e7\u00e3o s\u00e3o:<\/p>\n<ul>\n<li><strong>R$ 60,00<\/strong> \u2014 cargos de Ensino M\u00e9dio;<\/li>\n<li><strong>R$ 80,00<\/strong> \u2014 cargos de Ensino Superior.<\/li>\n<\/ul>\n<p>Para efetuar a inscri\u00e7\u00e3o, o candidato deve acessar o site <strong><a href=\"https:\/\/www.ibade.org.br\" target=\"_blank\" rel=\"noopener\">www.ibade.org.br<\/a><\/strong>, onde est\u00e3o dispon\u00edveis o edital completo, a ficha de inscri\u00e7\u00e3o e todas as orienta\u00e7\u00f5es sobre os procedimentos necess\u00e1rios. O sistema de inscri\u00e7\u00e3o ficar\u00e1 dispon\u00edvel <strong>24 horas por dia<\/strong>, de forma ininterrupta, durante todo o per\u00edodo.<\/p>\n<p>Os passos principais para se inscrever s\u00e3o:<\/p>\n<ul>\n<li>Acessar o site do IBADE e localizar o concurso da Prefeitura de Barra de S\u00e3o Francisco\/ES;<\/li>\n<li>Preencher a ficha de inscri\u00e7\u00e3o com seus dados pessoais e selecionar o cargo desejado;<\/li>\n<li>Gerar o boleto banc\u00e1rio e efetuar o pagamento dentro do prazo estabelecido no cronograma do edital.<\/li>\n<\/ul>\n<p>Candidatos que se enquadrem nos crit\u00e9rios de isen\u00e7\u00e3o da taxa de inscri\u00e7\u00e3o devem consultar o edital para verificar os requisitos, os documentos exigidos e o prazo espec\u00edfico para solicita\u00e7\u00e3o.<\/p>\n<p>Ap\u00f3s a inscri\u00e7\u00e3o, \u00e9 fundamental que o candidato acompanhe o status de sua inscri\u00e7\u00e3o e eventuais comunicados pela \u00e1rea restrita do candidato no site do IBADE. <strong>Recomendamos a leitura integral do edital para conhecer todas as regras, prazos e condi\u00e7\u00f5es do certame.<\/strong><\/p>\n<h2>Etapas e Provas<\/h2>\n<p>O Concurso P\u00fablico da Prefeitura de Barra de S\u00e3o Francisco\/ES ser\u00e1 composto por at\u00e9 tr\u00eas etapas, conforme o cargo pretendido:<\/p>\n<ul>\n<li><strong>1\u00aa Etapa \u2014 Prova Objetiva<\/strong> (para todos os cargos): de car\u00e1ter <strong>eliminat\u00f3rio e classificat\u00f3rio<\/strong>. A prova ser\u00e1 composta por quest\u00f5es de m\u00faltipla escolha e ter\u00e1 dura\u00e7\u00e3o total de <strong>3 horas e 30 minutos<\/strong>. A data prevista para aplica\u00e7\u00e3o \u00e9 <strong>24 de maio de 2026<\/strong>, no munic\u00edpio de Barra de S\u00e3o Francisco\/ES. As disciplinas cobradas abrangem conhecimentos gerais e espec\u00edficos de acordo com o n\u00edvel e o cargo \u2014 o conte\u00fado program\u00e1tico detalhado est\u00e1 dispon\u00edvel nos anexos do edital.<\/li>\n<li><strong>2\u00aa Etapa \u2014 Prova de T\u00edtulos<\/strong> (somente para cargos de Ensino Superior): de car\u00e1ter exclusivamente <strong>classificat\u00f3rio<\/strong>. Nesta etapa, ser\u00e3o avaliados diplomas e certificados de p\u00f3s-gradua\u00e7\u00e3o, mestrado, doutorado e outros t\u00edtulos acad\u00eamicos, conforme crit\u00e9rios e pontua\u00e7\u00f5es definidos no edital.<\/li>\n<li><strong>3\u00aa Etapa \u2014 Prova Pr\u00e1tica<\/strong> (somente para os cargos de Motorista de Ambul\u00e2ncia e Motorista de Transporte Escolar): de car\u00e1ter <strong>eliminat\u00f3rio<\/strong>. A prova avaliar\u00e1 habilidades pr\u00e1ticas na condu\u00e7\u00e3o de ve\u00edculos compat\u00edveis com as atribui\u00e7\u00f5es do cargo. Tamb\u00e9m ser\u00e1 realizada no munic\u00edpio de Barra de S\u00e3o Francisco\/ES.<\/li>\n<\/ul>\n<p>\u00c9 importante observar que a aprova\u00e7\u00e3o na Prova Objetiva \u00e9 requisito para participa\u00e7\u00e3o nas etapas subsequentes, quando aplic\u00e1veis. Candidatos aos cargos de motorista precisam ser aprovados tanto na Prova Objetiva quanto na Prova Pr\u00e1tica para figurarem na classifica\u00e7\u00e3o final.<\/p>\n<p><strong>Consulte o edital completo para conhecer o conte\u00fado program\u00e1tico detalhado, os crit\u00e9rios de pontua\u00e7\u00e3o, as notas m\u00ednimas para aprova\u00e7\u00e3o e o cronograma atualizado de cada etapa.<\/strong><\/p>\n<h2>Resultados e Gabarito<\/h2>\n<p>Os resultados de todas as etapas do Concurso P\u00fablico da Prefeitura de Barra de S\u00e3o Francisco\/ES ser\u00e3o divulgados nos sites <strong><a href=\"https:\/\/www.ibade.org.br\" target=\"_blank\" rel=\"noopener\">www.ibade.org.br<\/a><\/strong> e <strong><a href=\"https:\/\/www.pmbsf.es.gov.br\" target=\"_blank\" rel=\"noopener\">www.pmbsf.es.gov.br<\/a><\/strong>.<\/p>\n<p>O cronograma de divulga\u00e7\u00e3o segue, em linhas gerais, a seguinte ordem:<\/p>\n<ul>\n<li><strong>Gabarito preliminar<\/strong> da Prova Objetiva \u2014 publicado ap\u00f3s a aplica\u00e7\u00e3o da prova;<\/li>\n<li><strong>Gabarito definitivo<\/strong> \u2014 divulgado ap\u00f3s an\u00e1lise dos recursos interpostos;<\/li>\n<li><strong>Resultado preliminar<\/strong> de cada etapa \u2014 com abertura de prazo para recursos;<\/li>\n<li><strong>Resultado definitivo<\/strong> de cada etapa \u2014 ap\u00f3s julgamento dos recursos.<\/li>\n<\/ul>\n<p>A <strong>nota final<\/strong> do concurso ser\u00e1 calculada da seguinte forma:<\/p>\n<ul>\n<li><strong>Cargos de Ensino M\u00e9dio:<\/strong> nota final da Prova Objetiva, condicionada \u00e0 aprova\u00e7\u00e3o na Prova Pr\u00e1tica (quando aplic\u00e1vel);<\/li>\n<li><strong>Cargos de Ensino Superior:<\/strong> soma das notas finais da Prova Objetiva e da Prova de T\u00edtulos.<\/li>\n<\/ul>\n<p>Os candidatos ser\u00e3o listados em <strong>ordem decrescente de nota final<\/strong>. Em caso de empate, ser\u00e3o aplicados os crit\u00e9rios de desempate previstos no edital.<\/p>\n<p>A <strong>homologa\u00e7\u00e3o do resultado final<\/strong> ser\u00e1 realizada pela Prefeitura Municipal de Barra de S\u00e3o Francisco\/ES e publicada oficialmente, consolidando a classifica\u00e7\u00e3o definitiva dos aprovados e habilitados para nomea\u00e7\u00e3o dentro do n\u00famero de vagas e cadastro de reserva.<\/p>\n<p>Quanto \u00e0 <strong>validade do concurso<\/strong>, os prazos e a possibilidade de prorroga\u00e7\u00e3o est\u00e3o definidos no edital, devendo o candidato consult\u00e1-lo para informa\u00e7\u00f5es precisas.<\/p>\n<p><strong>O acompanhamento de todas as publica\u00e7\u00f5es, convoca\u00e7\u00f5es e prazos \u00e9 de responsabilidade exclusiva do candidato.<\/strong> Recomenda-se verificar periodicamente os sites oficiais da banca organizadora e da Prefeitura para n\u00e3o perder nenhuma atualiza\u00e7\u00e3o importante.<\/p>\n","protected":false},"excerpt":{"rendered":"<p>Concurso Pref. Barra de S\u00e3o Francisco (ES) com edital publicado! Vagas p\/ Professor e Enfermeiro (M\u00e9dio\/Sup.). Inscri\u00e7\u00f5es a partir de 02\/03. Confira detalhes!<\/p>\n","protected":false},"author":7,"featured_media":278630,"comment_status":"open","ping_status":"open","sticky":false,"template":"","format":"standard","meta":{"_acf_changed":false,"_breakdance_hide_in_design_set":false,"_breakdance_tags":"","footnotes":""},"categories":[12,18,19,21,23,24,25,26],"tags":[45],"_amplo":[],"destaque":[],"instituicoes":[],"class_list":["post-278631","post","type-post","status-publish","format-standard","has-post-thumbnail","hentry","category-enfermagem","category-fisioterapia","category-fonoaudiologia","category-medicina","category-nutricao","category-odontologia","category-pedagogia","category-psicologia","tag-espirito-santo"],"acf":{"_tipo_vagas":"vagas","_numero_vagas":"","_quadro_vagas":"","_cargos":"diversos","_cargos_especificos":"","_salario_max":"R$ 4318.18","_abertura":"20260302","_encerramento":"20260406","_inscricoes":"https:\/\/www.ibade.org.br","_executora_concurso":"","_instituicao_concurso":[],"_link_adicional":null,"_anexos":null,"_produtos":null,"_vagas":"52 vagas + CR","_salario_min":"R$ 2023.33","_instituicao":"Prefeitura Municipal de Barra de S\u00e3o Francisco","_edital":"https:\/\/www.agrobase.com.br\/concursos\/wp-content\/uploads\/sites\/4\/2026\/03\/edital-01-2026-da-prefeitura-de-barra-de-sao-francisco-es.pdf","_anexos_edital":"https:\/\/www.agrobase.com.br\/concursos\/wp-content\/uploads\/sites\/4\/2026\/03\/anexos-edital-01-2026-da-prefei.-barra-de-sao-francisco-es.pdf","_fund_incompleto":"","_fund_completo":"","_medio":"<div>\r\n<table class=\"quadro\">\r\n<thead>\r\n<tr>\r\n<th class=\"hcargo\">Cargo<\/th>\r\n<th class=\"hvagas\">Vagas<\/th>\r\n<th class=\"hremuneracao\">Remunera\u00e7\u00e3o<\/th>\r\n<\/tr>\r\n<\/thead>\r\n    <tbody>\r\n      <td class=\"ccargos\">\r\n<span data-balloon-length=\"medium\" aria-label=\"Ensino M\u00e9dio Completo, CNH D ou E e Conhecimento pr\u00e1tico na \u00e1rea\" data-balloon-pos=\"up\">Motorista de Ambul\u00e2ncia<\/span><\/td>\r\n<td class=\"cvagas\">03 + CR<\/td>\r\n<td class=\"cremuneracao\">R$ 2.284,29 \/40h<\/td>\r\n<\/tr><td class=\"ccargos\">\r\n<span data-balloon-length=\"medium\" aria-label=\"Ensino M\u00e9dio Completo, CNH D ou E e Conhecimento pr\u00e1tico na \u00e1rea\" data-balloon-pos=\"up\">Motorista de Transporte Escolar<\/span><\/td>\r\n<td class=\"cvagas\">05 + CR<\/td>\r\n<td class=\"cremuneracao\">R$ 2.284,29 \/40h<\/td>\r\n<\/tr>\r\n    <\/tbody>\r\n  <\/table>\r\n<\/div>","_superior":"<div>\r\n<table class=\"quadro\">\r\n<thead>\r\n<tr>\r\n<th class=\"hcargo\">Cargo<\/th>\r\n<th class=\"hvagas\">Vagas<\/th>\r\n<th class=\"hremuneracao\">Remunera\u00e7\u00e3o<\/th>\r\n<\/tr>\r\n<\/thead>\r\n    <tbody>\r\n      <tr>\r\n<td class=\"ccargos\">\r\n<span data-balloon-length=\"medium\" aria-label=\"Ensino superior completo e CNH categoria B\" data-balloon-pos=\"up\">Agente Fiscal de Posturas<\/span><\/td>\r\n<td class=\"cvagas\">05 + CR<\/td>\r\n<td class=\"cremuneracao\">R$ 3.135,00 \/40h<\/td>\r\n<\/tr><tr>\r\n<td class=\"ccargos\">\r\n<span data-balloon-length=\"medium\" aria-label=\"Bacharelado em Fisioterapia e registro no Conselho Regional\" data-balloon-pos=\"up\">Fisioterapeuta<\/span><\/td>\r\n<td class=\"cvagas\">02 + CR<\/td>\r\n<td class=\"cremuneracao\">R$ 2.276,25 \/20h<\/td>\r\n<\/tr><tr>\r\n<td class=\"ccargos\">\r\n<span data-balloon-length=\"medium\" aria-label=\"Curso Superior em Fonoaudiologia e Registro no Conselho\" data-balloon-pos=\"up\">Fonoaudi\u00f3logo<\/span><\/td>\r\n<td class=\"cvagas\">01 + CR<\/td>\r\n<td class=\"cremuneracao\">R$ 2.023,33 \/20h<\/td>\r\n<\/tr><tr>\r\n<td class=\"ccargos\">\r\n<span data-balloon-length=\"medium\" aria-label=\"Gradua\u00e7\u00e3o em Medicina e registro no CRM\" data-balloon-pos=\"up\">M\u00e9dico Cl\u00ednico Geral<\/span><\/td>\r\n<td class=\"cvagas\">05 + CR<\/td>\r\n<td class=\"cremuneracao\">R$ 4.000,00 \/20h<\/td>\r\n<\/tr><tr>\r\n<td class=\"ccargos\">\r\n<span data-balloon-length=\"medium\" aria-label=\"Curso Superior em Nutri\u00e7\u00e3o e Registro no Conselho\" data-balloon-pos=\"up\">Nutricionista<\/span><\/td>\r\n<td class=\"cvagas\">01 + CR<\/td>\r\n<td class=\"cremuneracao\">R$ 2.149,79 \/20h<\/td>\r\n<\/tr><tr>\r\n<td class=\"ccargos\">\r\n<span data-balloon-length=\"medium\" aria-label=\"Curso Superior em Odontologia e Registro no CRO\" data-balloon-pos=\"up\">Odont\u00f3logo<\/span><\/td>\r\n<td class=\"cvagas\">03 + CR<\/td>\r\n<td class=\"cremuneracao\">R$ 2.149,79 \/20h<\/td>\r\n<\/tr><tr>\r\n<td class=\"ccargos\">\r\n<span data-balloon-length=\"medium\" aria-label=\"Licenciatura Plena em Pedagogia ou Licenciatura Plena em Normal Superior\" data-balloon-pos=\"up\">Professor PEB IV<\/span><\/td>\r\n<td class=\"cvagas\">15 + CR<\/td>\r\n<td class=\"cremuneracao\">R$ 3.206,64 \/25h<\/td>\r\n<\/tr><tr>\r\n<td class=\"ccargos\">\r\n<span data-balloon-length=\"medium\" aria-label=\"Ensino Superior em Psicologia e Registro no Conselho\" data-balloon-pos=\"up\">Psic\u00f3logo<\/span><\/td>\r\n<td class=\"cvagas\">02 + CR<\/td>\r\n<td class=\"cremuneracao\">R$ 2.149,79 \/20h<\/td>\r\n<\/tr><tr>\r\n<td class=\"ccargos\">\r\n<span data-balloon-length=\"medium\" aria-label=\"Curso superior em enfermagem e registro ativo no COREN\" data-balloon-pos=\"up\">Enfermeiro de Unidade de Sa\u00fade<\/span><\/td>\r\n<td class=\"cvagas\">10 + CR<\/td>\r\n<td class=\"cremuneracao\">R$ 4.318,18 \/40h<\/td>\r\n<\/tr>\r\n    <\/tbody>\r\n  <\/table>\r\n<\/div>"},"_links":{"self":[{"href":"https:\/\/www.agrobase.com.br\/concursos\/wp-json\/wp\/v2\/posts\/278631","targetHints":{"allow":["GET"]}}],"collection":[{"href":"https:\/\/www.agrobase.com.br\/concursos\/wp-json\/wp\/v2\/posts"}],"about":[{"href":"https:\/\/www.agrobase.com.br\/concursos\/wp-json\/wp\/v2\/types\/post"}],"author":[{"embeddable":true,"href":"https:\/\/www.agrobase.com.br\/concursos\/wp-json\/wp\/v2\/users\/7"}],"replies":[{"embeddable":true,"href":"https:\/\/www.agrobase.com.br\/concursos\/wp-json\/wp\/v2\/comments?post=278631"}],"version-history":[{"count":1,"href":"https:\/\/www.agrobase.com.br\/concursos\/wp-json\/wp\/v2\/posts\/278631\/revisions"}],"predecessor-version":[{"id":278633,"href":"https:\/\/www.agrobase.com.br\/concursos\/wp-json\/wp\/v2\/posts\/278631\/revisions\/278633"}],"wp:featuredmedia":[{"embeddable":true,"href":"https:\/\/www.agrobase.com.br\/concursos\/wp-json\/wp\/v2\/media\/278630"}],"wp:attachment":[{"href":"https:\/\/www.agrobase.com.br\/concursos\/wp-json\/wp\/v2\/media?parent=278631"}],"wp:term":[{"taxonomy":"category","embeddable":true,"href":"https:\/\/www.agrobase.com.br\/concursos\/wp-json\/wp\/v2\/categories?post=278631"},{"taxonomy":"post_tag","embeddable":true,"href":"https:\/\/www.agrobase.com.br\/concursos\/wp-json\/wp\/v2\/tags?post=278631"},{"taxonomy":"_amplo","embeddable":true,"href":"https:\/\/www.agrobase.com.br\/concursos\/wp-json\/wp\/v2\/_amplo?post=278631"},{"taxonomy":"destaque","embeddable":true,"href":"https:\/\/www.agrobase.com.br\/concursos\/wp-json\/wp\/v2\/destaque?post=278631"},{"taxonomy":"instituicoes","embeddable":true,"href":"https:\/\/www.agrobase.com.br\/concursos\/wp-json\/wp\/v2\/instituicoes?post=278631"}],"curies":[{"name":"wp","href":"https:\/\/api.w.org\/{rel}","templated":true}]}}