{"id":278608,"date":"2026-03-04T08:20:53","date_gmt":"2026-03-04T11:20:53","guid":{"rendered":"https:\/\/www.agrobase.com.br\/concursos\/?p=278608"},"modified":"2026-03-03T14:18:40","modified_gmt":"2026-03-03T17:18:40","slug":"prefeitura-aracruz-es-concurso-001-2026","status":"publish","type":"post","link":"https:\/\/www.agrobase.com.br\/concursos\/2026\/prefeitura-aracruz-es-concurso-001-2026\/","title":{"rendered":"Prefeitura Aracruz (ES) &#8211; Concurso 001\/2026"},"content":{"rendered":"<h2>Informa\u00e7\u00f5es Gerais<\/h2>\n<p>O <strong>Concurso P\u00fablico n\u00ba 001\/2026 do Munic\u00edpio de Aracruz\/ES<\/strong>, promovido pela Secretaria Municipal de Gest\u00e3o (SEMGE), teve seu edital publicado com o objetivo de preencher <strong>48 vagas imediatas<\/strong>, al\u00e9m de forma\u00e7\u00e3o de <strong>cadastro de reserva (CR)<\/strong> para diversos cargos. O certame ser\u00e1 executado pelo <strong>Instituto de Desenvolvimento e Capacita\u00e7\u00e3o \u2013 IDCAP<\/strong> e o regime de contrata\u00e7\u00e3o \u00e9 <strong>estatut\u00e1rio<\/strong>, conforme legisla\u00e7\u00e3o municipal vigente.<\/p>\n<p>As oportunidades contemplam os n\u00edveis de escolaridade <strong>Fundamental, M\u00e9dio\/T\u00e9cnico e Superior<\/strong>, com remunera\u00e7\u00f5es que variam de <strong>R$ 1.600,10 a R$ 6.226,09<\/strong> e cargas hor\u00e1rias de 20h a 40h semanais. O concurso abrange uma ampla diversidade de \u00e1reas, incluindo Sa\u00fade (Enfermagem, Medicina, Farm\u00e1cia, Fisioterapia, Fonoaudiologia, Psicologia), Gest\u00e3o P\u00fablica (Administra\u00e7\u00e3o, Direito, Economia), Controle Interno (Auditoria Governamental, Cont\u00e1bil e de TI), Fiscaliza\u00e7\u00e3o (Prote\u00e7\u00e3o Ambiental, Obras, Postura, Vigil\u00e2ncia Sanit\u00e1ria), Tecnologia da Informa\u00e7\u00e3o, Servi\u00e7o Social, entre outras.<\/p>\n<p>Para os profissionais das \u00e1reas agr\u00e1rias, ambientais e biol\u00f3gicas, o edital traz oportunidades de grande relev\u00e2ncia: h\u00e1 vagas para <strong>T\u00e9cnico Agr\u00edcola<\/strong> (n\u00edvel m\u00e9dio\/t\u00e9cnico), <strong>Bi\u00f3logo<\/strong> (cadastro de reserva), <strong>M\u00e9dico Veterin\u00e1rio<\/strong> (1 vaga + CR), <strong>Nutricionista<\/strong> (cadastro de reserva) e <strong>Fiscal de Atividades Municipais \u2013 Prote\u00e7\u00e3o Ambiental<\/strong> (2 vagas + CR). Essas s\u00e3o excelentes oportunidades para quem atua nas ci\u00eancias agr\u00e1rias, biol\u00f3gicas e ambientais e busca estabilidade no servi\u00e7o p\u00fablico municipal.<\/p>\n<p>Continue a leitura para conferir todos os detalhes sobre inscri\u00e7\u00f5es, etapas de sele\u00e7\u00e3o e como acompanhar os resultados deste importante concurso em Aracruz, no Esp\u00edrito Santo.<\/p>\n<h2>Inscri\u00e7\u00f5es<\/h2>\n<p>As inscri\u00e7\u00f5es para o <strong>Concurso P\u00fablico n\u00ba 001\/2026 de Aracruz\/ES<\/strong> dever\u00e3o ser realizadas <strong>exclusivamente pela internet<\/strong>, por meio do site <strong><a href=\"https:\/\/www.idcap.org.br\" target=\"_blank\" rel=\"noopener\">www.idcap.org.br<\/a><\/strong>, no per\u00edodo previsto no cronograma do edital, com in\u00edcio em <strong>06 de mar\u00e7o de 2026<\/strong> e encerramento em <strong>18 de mar\u00e7o de 2026<\/strong>.<\/p>\n<p>Os valores das taxas de inscri\u00e7\u00e3o variam conforme o n\u00edvel de escolaridade do cargo pretendido:<\/p>\n<ul>\n<li><strong>N\u00edvel Fundamental:<\/strong> R$ 60,00<\/li>\n<li><strong>N\u00edvel M\u00e9dio e T\u00e9cnico:<\/strong> R$ 80,00<\/li>\n<li><strong>N\u00edvel Superior:<\/strong> R$ 100,00<\/li>\n<\/ul>\n<p>Para efetuar a inscri\u00e7\u00e3o, o candidato dever\u00e1 seguir os seguintes passos:<\/p>\n<ul>\n<li>Acessar o site <strong>www.idcap.org.br<\/strong> e localizar a \u00e1rea destinada ao concurso p\u00fablico;<\/li>\n<li>Ler e concordar com todas as normas estabelecidas no edital;<\/li>\n<li>Preencher total e corretamente a ficha de inscri\u00e7\u00e3o e envi\u00e1-la conforme as instru\u00e7\u00f5es do sistema;<\/li>\n<li>Ap\u00f3s o envio, ser\u00e1 gerado automaticamente um <strong>boleto banc\u00e1rio ou m\u00e9todo de pagamento eletr\u00f4nico<\/strong>, que dever\u00e1 ser pago em qualquer ag\u00eancia banc\u00e1ria ou por meio eletr\u00f4nico at\u00e9 a data de vencimento indicada, respeitando o hor\u00e1rio de expediente banc\u00e1rio.<\/li>\n<\/ul>\n<p>\u00c9 de <strong>inteira responsabilidade do candidato<\/strong> a impress\u00e3o e guarda do comprovante de pagamento e do cart\u00e3o de confirma\u00e7\u00e3o de inscri\u00e7\u00e3o. Recomenda-se acompanhar o status da inscri\u00e7\u00e3o diretamente na \u00e1rea do candidato no site do IDCAP, verificando a confirma\u00e7\u00e3o do pagamento e a regularidade dos dados informados.<\/p>\n<p>Para informa\u00e7\u00f5es sobre <strong>isen\u00e7\u00e3o da taxa de inscri\u00e7\u00e3o<\/strong>, crit\u00e9rios de elegibilidade e procedimentos espec\u00edficos, consulte o edital completo dispon\u00edvel no site da banca organizadora. A leitura integral do edital \u00e9 indispens\u00e1vel para garantir o cumprimento de todos os requisitos e prazos.<\/p>\n<h2>Etapas e Provas<\/h2>\n<p>O <strong>Concurso P\u00fablico n\u00ba 001\/2026 de Aracruz\/ES<\/strong> ser\u00e1 composto por cinco fases distintas, que avaliar\u00e3o os candidatos de forma progressiva. Confira abaixo o detalhamento de cada etapa:<\/p>\n<ul>\n<li><strong>Fase I \u2013 Prova Objetiva (Classificat\u00f3ria e Eliminat\u00f3ria):<\/strong> aplicada a <strong>todos os cargos<\/strong> de todos os n\u00edveis de escolaridade. A prova ser\u00e1 composta por quest\u00f5es de m\u00faltipla escolha, abrangendo disciplinas e conte\u00fados definidos no edital conforme o cargo pretendido. O candidato dever\u00e1 atingir a pontua\u00e7\u00e3o m\u00ednima exigida para ser considerado aprovado e avan\u00e7ar \u00e0s fases seguintes.<\/li>\n<li><strong>Fase II \u2013 Prova Discursiva (Classificat\u00f3ria e Eliminat\u00f3ria):<\/strong> destinada <strong>exclusivamente aos cargos de n\u00edvel superior<\/strong>. Essa etapa avaliar\u00e1 a capacidade de argumenta\u00e7\u00e3o, dom\u00ednio do tema e qualidade da reda\u00e7\u00e3o do candidato. Assim como a prova objetiva, exige nota m\u00ednima para aprova\u00e7\u00e3o.<\/li>\n<li><strong>Fase III \u2013 Prova de T\u00edtulos e Experi\u00eancia Profissional (Classificat\u00f3ria):<\/strong> etapa de car\u00e1ter exclusivamente classificat\u00f3rio, na qual os candidatos poder\u00e3o apresentar documenta\u00e7\u00e3o comprobat\u00f3ria de titula\u00e7\u00e3o acad\u00eamica e experi\u00eancia profissional na \u00e1rea do cargo. A pontua\u00e7\u00e3o obtida ser\u00e1 somada \u00e0 nota das fases anteriores para fins de classifica\u00e7\u00e3o final.<\/li>\n<li><strong>Fase IV \u2013 Avalia\u00e7\u00e3o Biopsicossocial e Heteroidentifica\u00e7\u00e3o (Verificat\u00f3ria):<\/strong> etapa de car\u00e1ter verificat\u00f3rio, destinada aos candidatos que concorrem \u00e0s vagas reservadas para <strong>pessoas com defici\u00eancia (PcD)<\/strong> e aos candidatos que se autodeclararam <strong>pretos<\/strong>. O objetivo \u00e9 confirmar a condi\u00e7\u00e3o declarada no ato da inscri\u00e7\u00e3o.<\/li>\n<li><strong>Fase V \u2013 Comprova\u00e7\u00e3o de Oportunidades (Verificat\u00f3ria):<\/strong> etapa de car\u00e1ter verificat\u00f3rio, voltada aos candidatos inscritos no <strong>Programa Municipal de Oportunidades (primeiro emprego)<\/strong>. Visa confirmar o enquadramento do candidato nos crit\u00e9rios estabelecidos pelo programa.<\/li>\n<\/ul>\n<p>As datas previstas para aplica\u00e7\u00e3o das provas, a dura\u00e7\u00e3o de cada avalia\u00e7\u00e3o, o n\u00famero de quest\u00f5es, a pontua\u00e7\u00e3o total e os crit\u00e9rios detalhados de aprova\u00e7\u00e3o e nota m\u00ednima por etapa devem ser consultados diretamente no edital e no cronograma oficial (Anexo I). Recomenda-se fortemente a leitura do <strong>conte\u00fado program\u00e1tico completo<\/strong>, dispon\u00edvel nos anexos do edital, para um planejamento de estudos eficiente.<\/p>\n<h2>Resultados e Gabarito<\/h2>\n<p>Os resultados do <strong>Concurso P\u00fablico n\u00ba 001\/2026 de Aracruz\/ES<\/strong> ser\u00e3o divulgados de forma progressiva, conforme a conclus\u00e3o de cada etapa do certame. O candidato dever\u00e1 acompanhar todas as publica\u00e7\u00f5es nos canais oficiais.<\/p>\n<p>A divulga\u00e7\u00e3o seguir\u00e1 a seguinte ordem geral:<\/p>\n<ul>\n<li><strong>Gabarito preliminar<\/strong> da prova objetiva, publicado ap\u00f3s a aplica\u00e7\u00e3o da prova;<\/li>\n<li>Per\u00edodo para interposi\u00e7\u00e3o de <strong>recursos contra o gabarito preliminar<\/strong>;<\/li>\n<li><strong>Gabarito definitivo<\/strong>, ap\u00f3s an\u00e1lise dos recursos;<\/li>\n<li><strong>Resultado preliminar<\/strong> de cada fase (prova objetiva, prova discursiva, prova de t\u00edtulos, avalia\u00e7\u00f5es verificat\u00f3rias);<\/li>\n<li>Per\u00edodo para <strong>recursos contra os resultados preliminares<\/strong> de cada etapa;<\/li>\n<li><strong>Resultado definitivo<\/strong> de cada fase, ap\u00f3s julgamento dos recursos.<\/li>\n<\/ul>\n<p>O <strong>resultado final<\/strong> do concurso ser\u00e1 divulgado em tr\u00eas listas distintas:<\/p>\n<ul>\n<li><strong>Resultado final da ampla concorr\u00eancia:<\/strong> listando todos os candidatos aprovados, inclusive aqueles que optaram por concorrer \u00e0s reservas de vagas, desde que classificados pelos crit\u00e9rios da ampla concorr\u00eancia;<\/li>\n<li><strong>Resultado final das reservas de vagas (cotistas):<\/strong> com listas espec\u00edficas para candidatos pretos, pessoas com defici\u00eancia e candidatos do Programa Municipal de Oportunidades (primeiro emprego).<\/li>\n<\/ul>\n<p>Ser\u00e1 considerado <strong>aprovado<\/strong> no concurso p\u00fablico o candidato que obtiver a pontua\u00e7\u00e3o e a classifica\u00e7\u00e3o m\u00ednimas exigidas em cada etapa, conforme os crit\u00e9rios estabelecidos no edital. Os crit\u00e9rios de desempate tamb\u00e9m est\u00e3o detalhados no documento oficial e devem ser consultados pelo candidato.<\/p>\n<p>A <strong>homologa\u00e7\u00e3o do resultado final<\/strong> \u00e9 o ato administrativo que oficializa a conclus\u00e3o do concurso e autoriza a convoca\u00e7\u00e3o dos aprovados para posse. Ap\u00f3s homologado, o resultado ser\u00e1 publicado nos canais oficiais do Munic\u00edpio de Aracruz\/ES e no site do IDCAP (<strong>www.idcap.org.br<\/strong>). A validade do concurso e a possibilidade de prorroga\u00e7\u00e3o dever\u00e3o ser verificadas conforme disposi\u00e7\u00f5es do edital e da legisla\u00e7\u00e3o municipal aplic\u00e1vel.<\/p>\n<p><strong>Aten\u00e7\u00e3o:<\/strong> o acompanhamento de todas as publica\u00e7\u00f5es oficiais \u2014 incluindo convoca\u00e7\u00f5es, retifica\u00e7\u00f5es, resultados e prazos recursais \u2014 \u00e9 de <strong>responsabilidade exclusiva do candidato<\/strong>. Consulte regularmente o site da banca organizadora (www.idcap.org.br), o site da Prefeitura Municipal de Aracruz e o Di\u00e1rio Oficial do Munic\u00edpio para n\u00e3o perder nenhuma informa\u00e7\u00e3o relevante.<\/p>\n","protected":false},"excerpt":{"rendered":"<p>Concurso Pref. Aracruz (ES) com edital publicado! Vagas p\/ M\u00e9dico e T\u00e9cnico Enfermagem (Fund. a Sup.). Inscri\u00e7\u00f5es a partir de 06\/03. Confira detalhes!<\/p>\n","protected":false},"author":7,"featured_media":278607,"comment_status":"open","ping_status":"open","sticky":false,"template":"","format":"standard","meta":{"_acf_changed":false,"_breakdance_hide_in_design_set":false,"_breakdance_tags":"","footnotes":""},"categories":[6,9,11,12,17,18,19,21,22,23,26,101,29,108,134],"tags":[45],"_amplo":[],"destaque":[],"instituicoes":[],"class_list":["post-278608","post","type-post","status-publish","format-standard","has-post-thumbnail","hentry","category-biologia","category-ciencias-contabeis","category-educacao-fisica","category-enfermagem","category-farmacia","category-fisioterapia","category-fonoaudiologia","category-medicina","category-veterinaria","category-nutricao","category-psicologia","category-servico-social","category-tecnico-agricola","category-tecnico-enfermagem","category-terapia-ocupacional","tag-espirito-santo"],"acf":{"_tipo_vagas":"vagas","_numero_vagas":"","_quadro_vagas":"","_cargos":"diversos","_cargos_especificos":"","_salario_max":"R$ 6226.09","_abertura":"20260306","_encerramento":"20260318","_inscricoes":"https:\/\/www.idcap.org.br","_executora_concurso":"","_instituicao_concurso":[],"_link_adicional":null,"_anexos":null,"_produtos":null,"_vagas":"48 vagas + CR","_salario_min":"R$ 1600.1","_instituicao":"Prefeitura de Aracruz","_edital":"https:\/\/www.agrobase.com.br\/concursos\/wp-content\/uploads\/sites\/4\/2026\/03\/edital-001-2026-da-prefeitura-de-aracruz-es.pdf","_anexos_edital":"https:\/\/www.agrobase.com.br\/concursos\/wp-content\/uploads\/sites\/4\/2026\/03\/anexos-edital-001-2026-da-prefeitura-de-aracruz-es.pdf","_fund_incompleto":"<div>\r\n<table class=\"quadro\">\r\n<thead>\r\n<tr>\r\n<th class=\"hcargo\">Cargo<\/th>\r\n<th class=\"hvagas\">Vagas<\/th>\r\n<th class=\"hremuneracao\">Remunera\u00e7\u00e3o<\/th>\r\n<\/tr>\r\n<\/thead>\r\n    <tbody>\r\n      <td class=\"ccargos\">\r\n<span data-balloon-length=\"medium\" aria-label=\"Ensino Fundamental completo, Curso de Auxiliar em Sa\u00fade Bucal, Registro no Conselho Regional da Classe.\" data-balloon-pos=\"up\">Auxiliar de Sa\u00fade Bucal<\/span><\/td>\r\n<td class=\"cvagas\">01 + CR<\/td>\r\n<td class=\"cremuneracao\">R$ 1.600,10 \/30h<\/td>\r\n<\/tr>\r\n    <\/tbody>\r\n  <\/table>\r\n<\/div>","_fund_completo":"","_medio":"<div>\r\n<table class=\"quadro\">\r\n<thead>\r\n<tr>\r\n<th class=\"hcargo\">Cargo<\/th>\r\n<th class=\"hvagas\">Vagas<\/th>\r\n<th class=\"hremuneracao\">Remunera\u00e7\u00e3o<\/th>\r\n<\/tr>\r\n<\/thead>\r\n    <tbody>\r\n      <td class=\"ccargos\">\r\n<span data-balloon-length=\"medium\" aria-label=\"Ensino M\u00e9dio completo. Habilita\u00e7\u00e3o para condu\u00e7\u00e3o de ve\u00edculos (categoria espec\u00edfica, quando necess\u00e1rio).\" data-balloon-pos=\"up\">Oficial de Controle Animal<\/span><\/td>\r\n<td class=\"cvagas\">01 + CR<\/td>\r\n<td class=\"cremuneracao\">R$ 2.292,85 \/40h<\/td>\r\n<\/tr><td class=\"ccargos\">\r\n<span data-balloon-length=\"medium\" aria-label=\"Ensino M\u00e9dio completo com curso profissionalizante em t\u00e9cnicas agr\u00edcolas, Registro Profissional no Conselho Regional da Classe.\" data-balloon-pos=\"up\">T\u00e9cnico Agr\u00edcola<\/span><\/td>\r\n<td class=\"cvagas\">01 + CR<\/td>\r\n<td class=\"cremuneracao\">R$ 2.361,79 \/40h<\/td>\r\n<\/tr><td class=\"ccargos\">\r\n<span data-balloon-length=\"medium\" aria-label=\"Ensino M\u00e9dio completo com curso profissionalizante em Agrimensura, registro no Conselho Regional de Classe.\" data-balloon-pos=\"up\">T\u00e9cnico de Agrimensura<\/span><\/td>\r\n<td class=\"cvagas\">01 + CR<\/td>\r\n<td class=\"cremuneracao\">R$ 2.361,79 \/40h<\/td>\r\n<\/tr><td class=\"ccargos\">\r\n<span data-balloon-length=\"medium\" aria-label=\"Ensino M\u00e9dio completo com curso profissionalizante em Edifica\u00e7\u00f5es, Registro profissional no Conselho Regional da Classe.\" data-balloon-pos=\"up\">T\u00e9cnico de Edifica\u00e7\u00f5es<\/span><\/td>\r\n<td class=\"cvagas\">01 + CR<\/td>\r\n<td class=\"cremuneracao\">R$ 2.361,79 \/40h<\/td>\r\n<\/tr><td class=\"ccargos\">\r\n<span data-balloon-length=\"medium\" aria-label=\"Ensino M\u00e9dio completo; Curso T\u00e9cnico de Enfermagem, Registro no Conselho Regional de Classe.\" data-balloon-pos=\"up\">T\u00e9cnico de Enfermagem<\/span><\/td>\r\n<td class=\"cvagas\">10 + CR<\/td>\r\n<td class=\"cremuneracao\">R$ 1.958,22 \/30h<\/td>\r\n<\/tr><td class=\"ccargos\">\r\n<span data-balloon-length=\"medium\" aria-label=\"Curso de N\u00edvel Superior completo em Pedagogia ou Licenciaturas, registro no Conselho Regional de Classe, quando houver.\" data-balloon-pos=\"up\">T\u00e9cnico Educacional<\/span><\/td>\r\n<td class=\"cvagas\">01 + CR<\/td>\r\n<td class=\"cremuneracao\">R$ 3.075,82 \/30h<\/td>\r\n<\/tr>\r\n    <\/tbody>\r\n  <\/table>\r\n<\/div>","_superior":"<div>\r\n<table class=\"quadro\">\r\n<thead>\r\n<tr>\r\n<th class=\"hcargo\">Cargo<\/th>\r\n<th class=\"hvagas\">Vagas<\/th>\r\n<th class=\"hremuneracao\">Remunera\u00e7\u00e3o<\/th>\r\n<\/tr>\r\n<\/thead>\r\n    <tbody>\r\n      <tr>\r\n<td class=\"ccargos\">\r\n<span data-balloon-length=\"medium\" aria-label=\"Curso Superior completo em Ci\u00eancia da Computa\u00e7\u00e3o, Sistemas de Informa\u00e7\u00e3o, Engenharia da Computa\u00e7\u00e3o ou \u00e1reas afins, ou t\u00edtulo de Especialista em Analista de Sistemas, registro no Conselho Regional da Classe.\" data-balloon-pos=\"up\">Analista de Sistemas<\/span><\/td>\r\n<td class=\"cvagas\">02 + CR<\/td>\r\n<td class=\"cremuneracao\">R$ 4.101,10 \/40h<\/td>\r\n<\/tr><tr>\r\n<td class=\"ccargos\">\r\n<span data-balloon-length=\"medium\" aria-label=\"Curso Superior completo em Administra\u00e7\u00e3o, Direito ou Economia\/Ci\u00eancias Econ\u00f4micas, registro no Conselho Regional de Classe ou OAB.\" data-balloon-pos=\"up\">Analista em Gest\u00e3o P\u00fablica - Direito<\/span><\/td>\r\n<td class=\"cvagas\">05 + CR<\/td>\r\n<td class=\"cremuneracao\">R$ 3.075,82 \/30h<\/td>\r\n<\/tr><tr>\r\n<td class=\"ccargos\">\r\n<span data-balloon-length=\"medium\" aria-label=\"Curso Superior completo em Administra\u00e7\u00e3o, Direito ou Economia\/Ci\u00eancias Econ\u00f4micas, registro no Conselho Regional de Classe ou OAB.\" data-balloon-pos=\"up\">Analista em Gest\u00e3o P\u00fablica - Administra\u00e7\u00e3o<\/span><\/td>\r\n<td class=\"cvagas\">05 + CR<\/td>\r\n<td class=\"cremuneracao\">R$ 3.075,82 \/30h<\/td>\r\n<\/tr><tr>\r\n<td class=\"ccargos\">\r\n<span data-balloon-length=\"medium\" aria-label=\"Curso Superior completo em Administra\u00e7\u00e3o, Direito ou Economia\/Ci\u00eancias Econ\u00f4micas, registro no Conselho Regional de Classe ou OAB.\" data-balloon-pos=\"up\">Analista em Gest\u00e3o P\u00fablica - Economista<\/span><\/td>\r\n<td class=\"cvagas\">01 + CR<\/td>\r\n<td class=\"cremuneracao\">R$ 3.075,82 \/30h<\/td>\r\n<\/tr><tr>\r\n<td class=\"ccargos\">\r\n<span data-balloon-length=\"medium\" aria-label=\"Curso Superior completo em Artes Pl\u00e1sticas ou Ci\u00eancias Humanas com especializa\u00e7\u00e3o em Arteterapia, registro no Conselho Regional de Classe, quando houver.\" data-balloon-pos=\"up\">Arteterapeuta<\/span><\/td>\r\n<td class=\"cvagas\">01 + CR<\/td>\r\n<td class=\"cremuneracao\">R$ 4.101,10 \/40h<\/td>\r\n<\/tr><tr>\r\n<td class=\"ccargos\">\r\n<span data-balloon-length=\"medium\" aria-label=\"Curso Superior completo em Servi\u00e7o Social, registro no Conselho Regional de Classe.\" data-balloon-pos=\"up\">Assistente Social<\/span><\/td>\r\n<td class=\"cvagas\">02 + CR<\/td>\r\n<td class=\"cremuneracao\">R$ 3.075,82 \/30h<\/td>\r\n<\/tr><tr>\r\n<td class=\"ccargos\">\r\n<span data-balloon-length=\"medium\" aria-label=\"Curso Superior completo em Administra\u00e7\u00e3o, Direito, Economia\/Ci\u00eancias Econ\u00f4micas; ou Engenharia Civil; ou Tecnologia da Informa\u00e7\u00e3o\/Computa\u00e7\u00e3o, conforme \u00e1rea de compet\u00eancia.\" data-balloon-pos=\"up\">Auditor de Controle Interno - Governamental<\/span><\/td>\r\n<td class=\"cvagas\">01 + CR<\/td>\r\n<td class=\"cremuneracao\">R$ 6.226,09 \/30h<\/td>\r\n<\/tr><tr>\r\n<td class=\"ccargos\">\r\n<span data-balloon-length=\"medium\" aria-label=\"Curso Superior completo em Administra\u00e7\u00e3o, Direito, Economia\/Ci\u00eancias Econ\u00f4micas; ou Contabilidade\/Ci\u00eancias Cont\u00e1beis; ou Engenharia Civil; ou Tecnologia da Informa\u00e7\u00e3o\/Computa\u00e7\u00e3o, conforme \u00e1rea de compet\u00eancia.\" data-balloon-pos=\"up\">Auditor de Controle Interno - Ci\u00eancia Cont\u00e1beis<\/span><\/td>\r\n<td class=\"cvagas\">01 + CR<\/td>\r\n<td class=\"cremuneracao\">R$ 6.226,09 \/30h<\/td>\r\n<\/tr><tr>\r\n<td class=\"ccargos\">\r\n<span data-balloon-length=\"medium\" aria-label=\"Curso Superior completo em Administra\u00e7\u00e3o, Direito, Economia\/Ci\u00eancias Econ\u00f4micas; ou Contabilidade\/Ci\u00eancias Cont\u00e1beis; ou Engenharia Civil; ou Tecnologia da Informa\u00e7\u00e3o\/Computa\u00e7\u00e3o, conforme \u00e1rea de compet\u00eancia.\" data-balloon-pos=\"up\">Auditor de Controle Interno - Tecnologia da Informa\u00e7\u00e3o<\/span><\/td>\r\n<td class=\"cvagas\">01 + CR<\/td>\r\n<td class=\"cremuneracao\">R$ 6.226,09 \/30h<\/td>\r\n<\/tr><tr>\r\n<td class=\"ccargos\">\r\n<span data-balloon-length=\"medium\" aria-label=\"Curso Superior completo em Biologia\/Ci\u00eancias Biol\u00f3gicas ou \u00e1reas afins, registro no Conselho Regional de Classe.\" data-balloon-pos=\"up\">Bi\u00f3logo<\/span><\/td>\r\n<td class=\"cvagas\">CR<\/td>\r\n<td class=\"cremuneracao\">R$ 3.075,82 \/30h<\/td>\r\n<\/tr><tr>\r\n<td class=\"ccargos\">\r\n<span data-balloon-length=\"medium\" aria-label=\"Curso Superior completo em Ci\u00eancias Cont\u00e1beis, registro no Conselho Regional de Classe.\" data-balloon-pos=\"up\">Contador<\/span><\/td>\r\n<td class=\"cvagas\">01 + CR<\/td>\r\n<td class=\"cremuneracao\">R$ 6.226,09 \/30h<\/td>\r\n<\/tr><tr>\r\n<td class=\"ccargos\">\r\n<span data-balloon-length=\"medium\" aria-label=\"Curso Superior completo em Educa\u00e7\u00e3o F\u00edsica, registro no Conselho Regional de Classe.\" data-balloon-pos=\"up\">Educador F\u00edsico<\/span><\/td>\r\n<td class=\"cvagas\">01 + CR<\/td>\r\n<td class=\"cremuneracao\">R$ 3.075,82 \/30h<\/td>\r\n<\/tr><tr>\r\n<td class=\"ccargos\">\r\n<span data-balloon-length=\"medium\" aria-label=\"Curso Superior completo em Enfermagem, registro no Conselho Regional da Classe.\" data-balloon-pos=\"up\">Enfermeiro<\/span><\/td>\r\n<td class=\"cvagas\">07 + CR<\/td>\r\n<td class=\"cremuneracao\">R$ 3.075,82 \/30h<\/td>\r\n<\/tr><tr>\r\n<td class=\"ccargos\">\r\n<span data-balloon-length=\"medium\" aria-label=\"Curso Superior completo em Enfermagem, registro no Conselho Regional da Classe.\" data-balloon-pos=\"up\">Enfermeiro Auditor<\/span><\/td>\r\n<td class=\"cvagas\">01 + CR<\/td>\r\n<td class=\"cremuneracao\">R$ 3.075,82 \/30h<\/td>\r\n<\/tr><tr>\r\n<td class=\"ccargos\">\r\n<span data-balloon-length=\"medium\" aria-label=\"Curso Superior completo em Farm\u00e1cia, registro no Conselho Regional da Classe.\" data-balloon-pos=\"up\">Farmac\u00eautico<\/span><\/td>\r\n<td class=\"cvagas\">05 + CR<\/td>\r\n<td class=\"cremuneracao\">R$ 3.075,82 \/30h<\/td>\r\n<\/tr><tr>\r\n<td class=\"ccargos\">\r\n<span data-balloon-length=\"medium\" aria-label=\"Curso Superior completo na \u00e1rea de atua\u00e7\u00e3o, Habilita\u00e7\u00e3o para condu\u00e7\u00e3o de ve\u00edculos (categoria B) e\/ou motocicletas (categoria A), conforme edital.\" data-balloon-pos=\"up\">Fiscal de Atividades Municipais - Prote\u00e7\u00e3o Ambiental<\/span><\/td>\r\n<td class=\"cvagas\">02 + CR<\/td>\r\n<td class=\"cremuneracao\">R$ 4.101,10 \/40h<\/td>\r\n<\/tr><tr>\r\n<td class=\"ccargos\">\r\n<span data-balloon-length=\"medium\" aria-label=\"Curso Superior completo na \u00e1rea de atua\u00e7\u00e3o, Habilita\u00e7\u00e3o para condu\u00e7\u00e3o de ve\u00edculos (categoria B) e\/ou motocicletas (categoria A), conforme edital.\" data-balloon-pos=\"up\">Fiscal de Atividades Municipais - Obras<\/span><\/td>\r\n<td class=\"cvagas\">02 + CR<\/td>\r\n<td class=\"cremuneracao\">R$ 4.101,10 \/40h<\/td>\r\n<\/tr><tr>\r\n<td class=\"ccargos\">\r\n<span data-balloon-length=\"medium\" aria-label=\"Curso Superior completo na \u00e1rea de atua\u00e7\u00e3o, Habilita\u00e7\u00e3o para condu\u00e7\u00e3o de ve\u00edculos (categoria B) e\/ou motocicletas (categoria A), conforme edital.\" data-balloon-pos=\"up\">Fiscal de Atividades Municipais - Postura<\/span><\/td>\r\n<td class=\"cvagas\">02 + CR<\/td>\r\n<td class=\"cremuneracao\">R$ 4.101,10 \/40h<\/td>\r\n<\/tr><tr>\r\n<td class=\"ccargos\">\r\n<span data-balloon-length=\"medium\" aria-label=\"Curso Superior completo na \u00e1rea de atua\u00e7\u00e3o, Habilita\u00e7\u00e3o para condu\u00e7\u00e3o de ve\u00edculos (categoria B) e\/ou motocicletas (categoria A), conforme edital.\" data-balloon-pos=\"up\">Fiscal de Atividades Municipais - Vigil\u00e2ncia Sanit\u00e1ria<\/span><\/td>\r\n<td class=\"cvagas\">05 + CR<\/td>\r\n<td class=\"cremuneracao\">R$ 4.101,10 \/40h<\/td>\r\n<\/tr><tr>\r\n<td class=\"ccargos\">\r\n<span data-balloon-length=\"medium\" aria-label=\"Curso Superior completo em Fisioterapia, registro no Conselho Regional da Classe.\" data-balloon-pos=\"up\">Fisioterapeuta<\/span><\/td>\r\n<td class=\"cvagas\">01 + CR<\/td>\r\n<td class=\"cremuneracao\">R$ 3.075,82 \/30h<\/td>\r\n<\/tr><tr>\r\n<td class=\"ccargos\">\r\n<span data-balloon-length=\"medium\" aria-label=\"Curso Superior completo em Fonoaudiologia, registro no Conselho Regional da Classe.\" data-balloon-pos=\"up\">Fonoaudi\u00f3logo<\/span><\/td>\r\n<td class=\"cvagas\">03 + CR<\/td>\r\n<td class=\"cremuneracao\">R$ 3.075,82 \/30h<\/td>\r\n<\/tr><tr>\r\n<td class=\"ccargos\">\r\n<span data-balloon-length=\"medium\" aria-label=\"Curso Superior completo em Medicina, registro no Conselho Regional da Classe; resid\u00eancia m\u00e9dica ou t\u00edtulo de especialista na \u00e1rea de atua\u00e7\u00e3o, devidamente registrado no Conselho Regional de Medicina.\" data-balloon-pos=\"up\">M\u00e9dico<\/span><\/td>\r\n<td class=\"cvagas\">10 + CR<\/td>\r\n<td class=\"cremuneracao\">R$ 4.519,73 \/20h<\/td>\r\n<\/tr><tr>\r\n<td class=\"ccargos\">\r\n<span data-balloon-length=\"medium\" aria-label=\"Curso Superior completo em Medicina Veterin\u00e1ria, registro no Conselho Regional da Classe.\" data-balloon-pos=\"up\">M\u00e9dico Veterin\u00e1rio<\/span><\/td>\r\n<td class=\"cvagas\">01 + CR<\/td>\r\n<td class=\"cremuneracao\">R$ 4.037,02 \/30h<\/td>\r\n<\/tr><tr>\r\n<td class=\"ccargos\">\r\n<span data-balloon-length=\"medium\" aria-label=\"Curso Superior completo em Nutri\u00e7\u00e3o, registro no Conselho Regional da Classe.\" data-balloon-pos=\"up\">Nutricionista<\/span><\/td>\r\n<td class=\"cvagas\">CR<\/td>\r\n<td class=\"cremuneracao\">R$ 3.075,82 \/30h<\/td>\r\n<\/tr><tr>\r\n<td class=\"ccargos\">\r\n<span data-balloon-length=\"medium\" aria-label=\"Curso Superior completo em Psicologia, registro no Conselho Regional da Classe.\" data-balloon-pos=\"up\">Psic\u00f3logo<\/span><\/td>\r\n<td class=\"cvagas\">08 + CR<\/td>\r\n<td class=\"cremuneracao\">R$ 3.075,82 \/30h<\/td>\r\n<\/tr><tr>\r\n<td class=\"ccargos\">\r\n<span data-balloon-length=\"medium\" aria-label=\"Curso Superior completo em Terapia Ocupacional, registro no Conselho Regional da Classe, quando houver.\" data-balloon-pos=\"up\">Terapeuta Ocupacional<\/span><\/td>\r\n<td class=\"cvagas\">02 + CR<\/td>\r\n<td class=\"cremuneracao\">R$ 3.075,82 \/30h<\/td>\r\n<\/tr>\r\n    <\/tbody>\r\n  <\/table>\r\n<\/div>"},"_links":{"self":[{"href":"https:\/\/www.agrobase.com.br\/concursos\/wp-json\/wp\/v2\/posts\/278608","targetHints":{"allow":["GET"]}}],"collection":[{"href":"https:\/\/www.agrobase.com.br\/concursos\/wp-json\/wp\/v2\/posts"}],"about":[{"href":"https:\/\/www.agrobase.com.br\/concursos\/wp-json\/wp\/v2\/types\/post"}],"author":[{"embeddable":true,"href":"https:\/\/www.agrobase.com.br\/concursos\/wp-json\/wp\/v2\/users\/7"}],"replies":[{"embeddable":true,"href":"https:\/\/www.agrobase.com.br\/concursos\/wp-json\/wp\/v2\/comments?post=278608"}],"version-history":[{"count":1,"href":"https:\/\/www.agrobase.com.br\/concursos\/wp-json\/wp\/v2\/posts\/278608\/revisions"}],"predecessor-version":[{"id":278610,"href":"https:\/\/www.agrobase.com.br\/concursos\/wp-json\/wp\/v2\/posts\/278608\/revisions\/278610"}],"wp:featuredmedia":[{"embeddable":true,"href":"https:\/\/www.agrobase.com.br\/concursos\/wp-json\/wp\/v2\/media\/278607"}],"wp:attachment":[{"href":"https:\/\/www.agrobase.com.br\/concursos\/wp-json\/wp\/v2\/media?parent=278608"}],"wp:term":[{"taxonomy":"category","embeddable":true,"href":"https:\/\/www.agrobase.com.br\/concursos\/wp-json\/wp\/v2\/categories?post=278608"},{"taxonomy":"post_tag","embeddable":true,"href":"https:\/\/www.agrobase.com.br\/concursos\/wp-json\/wp\/v2\/tags?post=278608"},{"taxonomy":"_amplo","embeddable":true,"href":"https:\/\/www.agrobase.com.br\/concursos\/wp-json\/wp\/v2\/_amplo?post=278608"},{"taxonomy":"destaque","embeddable":true,"href":"https:\/\/www.agrobase.com.br\/concursos\/wp-json\/wp\/v2\/destaque?post=278608"},{"taxonomy":"instituicoes","embeddable":true,"href":"https:\/\/www.agrobase.com.br\/concursos\/wp-json\/wp\/v2\/instituicoes?post=278608"}],"curies":[{"name":"wp","href":"https:\/\/api.w.org\/{rel}","templated":true}]}}