{"id":278583,"date":"2026-03-04T07:20:19","date_gmt":"2026-03-04T10:20:19","guid":{"rendered":"https:\/\/www.agrobase.com.br\/concursos\/?p=278583"},"modified":"2026-03-03T12:16:34","modified_gmt":"2026-03-03T15:16:34","slug":"furg-rs-selecao-simplificada-07-2026","status":"publish","type":"post","link":"https:\/\/www.agrobase.com.br\/concursos\/2026\/furg-rs-selecao-simplificada-07-2026\/","title":{"rendered":"FURG (RS) &#8211; Sele\u00e7\u00e3o Simplificada 07\/2026"},"content":{"rendered":"<h2>Informa\u00e7\u00f5es Gerais<\/h2>\n<p>A <strong>Universidade Federal do Rio Grande (FURG)<\/strong> publicou edital de <strong>Processo Seletivo Simplificado para Professor Substituto\/Tempor\u00e1rio<\/strong>, destinado \u00e0 contrata\u00e7\u00e3o por excepcional interesse p\u00fablico, com fundamento na Lei n\u00ba 8.745\/1993 e demais normativos vigentes. O certame oferece <strong>06 vagas imediatas, al\u00e9m de cadastro reserva<\/strong>, todas para profissionais de <strong>n\u00edvel superior<\/strong>.<\/p>\n<p>O regime de contrata\u00e7\u00e3o \u00e9 <strong>tempor\u00e1rio<\/strong>, com carga hor\u00e1ria de <strong>40 horas semanais<\/strong> e remunera\u00e7\u00f5es que variam de <strong>R$ 4.326,60 a R$ 8.058,29<\/strong>, conforme a titula\u00e7\u00e3o exigida para cada \u00e1rea.<\/p>\n<p>As oportunidades abrangem diversas \u00e1reas do conhecimento: <strong>Enfermagem<\/strong> (2 vagas + CR), <strong>Administra\u00e7\u00e3o, Com\u00e9rcio Exterior ou Economia<\/strong> (1 vaga + CR), <strong>Geografia ou Agroecologia<\/strong> (1 vaga + CR), <strong>F\u00edsica M\u00e9dica<\/strong> (1 vaga + CR) e <strong>F\u00edsica ou Ci\u00eancias Exatas<\/strong> (1 vaga + CR). Destaque para a vaga na \u00e1rea de <strong>Agroecologia<\/strong>, que exige doutorado em \u00e1reas como Desenvolvimento Rural, Extens\u00e3o Rural ou Sistemas de Produ\u00e7\u00e3o Agr\u00edcola Familiar \u2014 uma excelente oportunidade para profissionais ligados \u00e0s <strong>ci\u00eancias agr\u00e1rias e ao desenvolvimento rural sustent\u00e1vel<\/strong>.<\/p>\n<p>Confira a seguir todos os detalhes sobre inscri\u00e7\u00f5es, etapas de sele\u00e7\u00e3o e acompanhamento dos resultados deste processo seletivo da FURG.<\/p>\n<h2>Inscri\u00e7\u00f5es<\/h2>\n<p>As inscri\u00e7\u00f5es para o Processo Seletivo Simplificado da FURG estar\u00e3o abertas <strong>das 9h do dia 09 de mar\u00e7o de 2026 at\u00e9 as 23h59min do dia 13 de mar\u00e7o de 2026<\/strong>. O procedimento \u00e9 realizado <strong>exclusivamente pela internet<\/strong>, por meio do endere\u00e7o eletr\u00f4nico <strong>http:\/\/progep.furg.br\/bin\/edital\/index.php<\/strong>.<\/p>\n<p>Para se inscrever, o candidato dever\u00e1 acessar o sistema de inscri\u00e7\u00f5es no site da PROGEP\/FURG, preencher os dados solicitados e seguir as orienta\u00e7\u00f5es descritas no edital e no aplicativo de inscri\u00e7\u00e3o. Ap\u00f3s concluir o cadastro, ser\u00e1 gerado um boleto banc\u00e1rio referente \u00e0 taxa de inscri\u00e7\u00e3o.<\/p>\n<p>O <strong>pagamento da taxa de inscri\u00e7\u00e3o dever\u00e1 ser efetuado at\u00e9 o dia 16 de mar\u00e7o de 2026<\/strong>, sendo aceito em toda a rede banc\u00e1ria. A inscri\u00e7\u00e3o somente ser\u00e1 confirmada ap\u00f3s a compensa\u00e7\u00e3o do pagamento.<\/p>\n<p>Recomenda-se que o candidato acompanhe o status de sua inscri\u00e7\u00e3o diretamente pelo sistema da PROGEP, no mesmo endere\u00e7o eletr\u00f4nico utilizado para a inscri\u00e7\u00e3o. A homologa\u00e7\u00e3o das inscri\u00e7\u00f5es ser\u00e1 divulgada em at\u00e9 <strong>cinco dias \u00fateis<\/strong> ap\u00f3s o encerramento do per\u00edodo de inscri\u00e7\u00f5es.<\/p>\n<p>Para informa\u00e7\u00f5es sobre possibilidade de isen\u00e7\u00e3o da taxa de inscri\u00e7\u00e3o e demais procedimentos espec\u00edficos, consulte o edital completo dispon\u00edvel no site da PROGEP\/FURG.<\/p>\n<h2>Etapas e Provas<\/h2>\n<p>O processo seletivo da FURG ser\u00e1 composto por <strong>duas etapas<\/strong>, aplicadas a todos os candidatos inscritos, conforme detalhado a seguir:<\/p>\n<ul>\n<li><strong>1\u00aa Etapa \u2014 Prova Did\u00e1tica (Peso 5):<\/strong> etapa de <strong>car\u00e1ter eliminat\u00f3rio<\/strong>, realizada no <strong>formato presencial e gravada<\/strong>. O candidato receber\u00e1 uma nota \u00fanica entre <strong>0 (zero) e 10 (dez)<\/strong>. A prova obedecer\u00e1 ao disposto nos artigos 19 e 20 da Resolu\u00e7\u00e3o COEPEA\/FURG n\u00ba 310\/2025. Somente os candidatos aprovados nesta etapa seguir\u00e3o para a fase seguinte.<\/li>\n<li><strong>2\u00aa Etapa \u2014 Exame de T\u00edtulos (Peso 5):<\/strong> etapa de <strong>car\u00e1ter classificat\u00f3rio<\/strong>, realizada <strong>exclusivamente para os candidatos aprovados na prova did\u00e1tica<\/strong>. Consiste na an\u00e1lise e pontua\u00e7\u00e3o dos t\u00edtulos apresentados, resultando em uma nota entre <strong>0 (zero) e 10 (dez)<\/strong>, conforme os par\u00e2metros estabelecidos nos artigos 21 a 24 da Resolu\u00e7\u00e3o COEPEA\/FURG n\u00ba 310\/2025.<\/li>\n<\/ul>\n<p>A <strong>nota final<\/strong> do candidato ser\u00e1 calculada a partir da m\u00e9dia ponderada das duas etapas, ambas com peso 5, totalizando a classifica\u00e7\u00e3o geral por \u00e1rea de atua\u00e7\u00e3o.<\/p>\n<p>Para consultar os crit\u00e9rios detalhados de avalia\u00e7\u00e3o da prova did\u00e1tica, a tabela de pontua\u00e7\u00e3o do exame de t\u00edtulos e o cronograma completo de aplica\u00e7\u00e3o das etapas, recomenda-se a leitura integral do edital e da Resolu\u00e7\u00e3o COEPEA\/FURG n\u00ba 310\/2025, dispon\u00edveis no site da PROGEP.<\/p>\n<h2>Resultados e Gabarito<\/h2>\n<p>A <strong>Pr\u00f3-Reitoria de Gest\u00e3o e Desenvolvimento de Pessoas (PROGEP)<\/strong> da FURG ser\u00e1 respons\u00e1vel pela homologa\u00e7\u00e3o das inscri\u00e7\u00f5es e pela divulga\u00e7\u00e3o de todos os resultados do processo seletivo. A homologa\u00e7\u00e3o das inscri\u00e7\u00f5es ser\u00e1 publicada em at\u00e9 <strong>cinco dias \u00fateis<\/strong> ap\u00f3s o encerramento do per\u00edodo de inscri\u00e7\u00f5es.<\/p>\n<p>Ap\u00f3s a realiza\u00e7\u00e3o de cada etapa, ser\u00e3o divulgados os <strong>resultados preliminares<\/strong>. O candidato que discordar da decis\u00e3o da Banca Examinadora poder\u00e1 interpor <strong>recurso no dia subsequente<\/strong> \u00e0 publica\u00e7\u00e3o do resultado preliminar, exclusivamente por meio eletr\u00f4nico, no endere\u00e7o <strong>http:\/\/progep.furg.br\/bin\/edital\/index.php<\/strong>. Ap\u00f3s a an\u00e1lise dos recursos, ser\u00e3o publicados os resultados definitivos de cada etapa.<\/p>\n<p>A <strong>classifica\u00e7\u00e3o final<\/strong> ser\u00e1 definida pela m\u00e9dia ponderada das notas obtidas na prova did\u00e1tica e no exame de t\u00edtulos, ambas com peso 5. Os crit\u00e9rios de desempate seguir\u00e3o o disposto no edital e na Resolu\u00e7\u00e3o COEPEA\/FURG n\u00ba 310\/2025.<\/p>\n<p>O <strong>resultado final do processo seletivo<\/strong> ser\u00e1 homologado e publicado no <strong>Di\u00e1rio Oficial da Uni\u00e3o (DOU)<\/strong>. A partir dessa publica\u00e7\u00e3o, inicia-se a contagem do prazo de validade do certame.<\/p>\n<p>O <strong>prazo de validade<\/strong> deste Processo Seletivo Simplificado \u00e9 de <strong>1 (um) ano<\/strong>, contado da data de publica\u00e7\u00e3o do Edital de Homologa\u00e7\u00e3o do resultado final no Di\u00e1rio Oficial da Uni\u00e3o.<\/p>\n<p>Os candidatos devem acompanhar todas as publica\u00e7\u00f5es e convoca\u00e7\u00f5es diretamente pelo site da PROGEP\/FURG e pelo Di\u00e1rio Oficial da Uni\u00e3o. <strong>O acompanhamento das publica\u00e7\u00f5es oficiais \u00e9 de inteira responsabilidade do candidato<\/strong>, n\u00e3o cabendo \u00e0 FURG qualquer responsabilidade por informa\u00e7\u00f5es n\u00e3o consultadas em tempo h\u00e1bil.<\/p>\n","protected":false},"excerpt":{"rendered":"<p>Sel. Simplificada FURG (RS) com edital publicado! Vagas p\/ Professores (Superior). Inscri\u00e7\u00f5es a partir de 09\/03. Sal\u00e1rios at\u00e9 R$ 8.0k. Confira detalhes!<\/p>\n","protected":false},"author":7,"featured_media":278582,"comment_status":"open","ping_status":"open","sticky":false,"template":"","format":"standard","meta":{"_acf_changed":false,"_breakdance_hide_in_design_set":false,"_breakdance_tags":"","footnotes":""},"categories":[3,138,117,12,122,6436,111],"tags":[58],"_amplo":[],"destaque":[],"instituicoes":[],"class_list":["post-278583","post","type-post","status-publish","format-standard","has-post-thumbnail","hentry","category-administracao","category-comercio-exterior","category-economia","category-enfermagem","category-fisica","category-fisica-licenciatura","category-geografia","tag-rio-grande-sul"],"acf":{"_tipo_vagas":"vagas","_numero_vagas":"","_quadro_vagas":"","_cargos":"diversos","_cargos_especificos":"","_salario_max":"R$ 8058.29","_abertura":"20260309","_encerramento":"20260313","_inscricoes":"http:\/\/progep.furg.br\/bin\/edital\/index.php","_executora_concurso":"","_instituicao_concurso":[],"_link_adicional":null,"_anexos":null,"_produtos":null,"_vagas":"06 vagas + CR","_salario_min":"R$ 4326.6","_instituicao":"FURG","_edital":"https:\/\/www.agrobase.com.br\/concursos\/wp-content\/uploads\/sites\/4\/2026\/03\/edital-07-2026-furg-rs.pdf","_anexos_edital":"","_fund_incompleto":"","_fund_completo":"","_medio":"","_superior":"<div>\r\n<table class=\"quadro\">\r\n<thead>\r\n<tr>\r\n<th class=\"hcargo\">Cargo<\/th>\r\n<th class=\"hvagas\">Vagas<\/th>\r\n<th class=\"hremuneracao\">Remunera\u00e7\u00e3o<\/th>\r\n<\/tr>\r\n<\/thead>\r\n    <tbody>\r\n      <tr>\r\n<td class=\"ccargos\">\r\n<span data-balloon-length=\"medium\" aria-label=\"Gradua\u00e7\u00e3o em Enfermagem; com Mestrado em Enfermagem\" data-balloon-pos=\"up\">Professor - Enfermagem<\/span><\/td>\r\n<td class=\"cvagas\">02 + CR<\/td>\r\n<td class=\"cremuneracao\">R$ 5.949,07 \/40h<\/td>\r\n<\/tr><tr>\r\n<td class=\"ccargos\">\r\n<span data-balloon-length=\"medium\" aria-label=\"Gradua\u00e7\u00e3o em Administra\u00e7\u00e3o ou em Com\u00e9rcio Exterior ou em Economia; com Mestrado em Administra\u00e7\u00e3o ou em Economia\" data-balloon-pos=\"up\">Professor - Administra\u00e7\u00e3o, Com\u00e9rcio Exterior ou Economia<\/span><\/td>\r\n<td class=\"cvagas\">01 + CR<\/td>\r\n<td class=\"cremuneracao\">R$ 5.949,07 \/40h<\/td>\r\n<\/tr><tr>\r\n<td class=\"ccargos\">\r\n<span data-balloon-length=\"medium\" aria-label=\"Gradua\u00e7\u00e3o em Geografia ou em Agroecologia; com Doutorado em Geografia ou em Desenvolvimento Rural ou em Extens\u00e3o Rural ou em Sistemas de Produ\u00e7\u00e3o Agr\u00edcola Familiar\" data-balloon-pos=\"up\">Professor - Geografia ou Agroecologia<\/span><\/td>\r\n<td class=\"cvagas\">01 + CR<\/td>\r\n<td class=\"cremuneracao\">R$ 8.058,29 \/40h<\/td>\r\n<\/tr><tr>\r\n<td class=\"ccargos\">\r\n<span data-balloon-length=\"medium\" aria-label=\"Gradua\u00e7\u00e3o em F\u00edsica M\u00e9dica ou em F\u00edsica com \u00eanfase em F\u00edsica M\u00e9dica\" data-balloon-pos=\"up\">Professor - F\u00edsica M\u00e9dica<\/span><\/td>\r\n<td class=\"cvagas\">01 + CR<\/td>\r\n<td class=\"cremuneracao\">R$ 4.326,60 \/40h<\/td>\r\n<\/tr><tr>\r\n<td class=\"ccargos\">\r\n<span data-balloon-length=\"medium\" aria-label=\"Bacharelado em F\u00edsica ou Licenciatura em F\u00edsica ou em Ci\u00eancias Exatas; com Mestrado em Educa\u00e7\u00e3o ou em Ci\u00eancias ou em Ensino de F\u00edsica ou em Ensino de Ci\u00eancias Exatas ou em Educa\u00e7\u00e3o\" data-balloon-pos=\"up\">Professor - F\u00edsica ou Ci\u00eancias Exatas<\/span><\/td>\r\n<td class=\"cvagas\">01 + CR<\/td>\r\n<td class=\"cremuneracao\">R$ 5.949,07 \/40h<\/td>\r\n<\/tr>\r\n    <\/tbody>\r\n  <\/table>\r\n<\/div>"},"_links":{"self":[{"href":"https:\/\/www.agrobase.com.br\/concursos\/wp-json\/wp\/v2\/posts\/278583","targetHints":{"allow":["GET"]}}],"collection":[{"href":"https:\/\/www.agrobase.com.br\/concursos\/wp-json\/wp\/v2\/posts"}],"about":[{"href":"https:\/\/www.agrobase.com.br\/concursos\/wp-json\/wp\/v2\/types\/post"}],"author":[{"embeddable":true,"href":"https:\/\/www.agrobase.com.br\/concursos\/wp-json\/wp\/v2\/users\/7"}],"replies":[{"embeddable":true,"href":"https:\/\/www.agrobase.com.br\/concursos\/wp-json\/wp\/v2\/comments?post=278583"}],"version-history":[{"count":1,"href":"https:\/\/www.agrobase.com.br\/concursos\/wp-json\/wp\/v2\/posts\/278583\/revisions"}],"predecessor-version":[{"id":278585,"href":"https:\/\/www.agrobase.com.br\/concursos\/wp-json\/wp\/v2\/posts\/278583\/revisions\/278585"}],"wp:featuredmedia":[{"embeddable":true,"href":"https:\/\/www.agrobase.com.br\/concursos\/wp-json\/wp\/v2\/media\/278582"}],"wp:attachment":[{"href":"https:\/\/www.agrobase.com.br\/concursos\/wp-json\/wp\/v2\/media?parent=278583"}],"wp:term":[{"taxonomy":"category","embeddable":true,"href":"https:\/\/www.agrobase.com.br\/concursos\/wp-json\/wp\/v2\/categories?post=278583"},{"taxonomy":"post_tag","embeddable":true,"href":"https:\/\/www.agrobase.com.br\/concursos\/wp-json\/wp\/v2\/tags?post=278583"},{"taxonomy":"_amplo","embeddable":true,"href":"https:\/\/www.agrobase.com.br\/concursos\/wp-json\/wp\/v2\/_amplo?post=278583"},{"taxonomy":"destaque","embeddable":true,"href":"https:\/\/www.agrobase.com.br\/concursos\/wp-json\/wp\/v2\/destaque?post=278583"},{"taxonomy":"instituicoes","embeddable":true,"href":"https:\/\/www.agrobase.com.br\/concursos\/wp-json\/wp\/v2\/instituicoes?post=278583"}],"curies":[{"name":"wp","href":"https:\/\/api.w.org\/{rel}","templated":true}]}}