{"id":278560,"date":"2026-03-03T08:20:20","date_gmt":"2026-03-03T11:20:20","guid":{"rendered":"https:\/\/www.agrobase.com.br\/concursos\/?p=278560"},"modified":"2026-03-02T14:54:53","modified_gmt":"2026-03-02T17:54:53","slug":"ufpa-pa-selecao-simplificada-12-2026","status":"publish","type":"post","link":"https:\/\/www.agrobase.com.br\/concursos\/2026\/ufpa-pa-selecao-simplificada-12-2026\/","title":{"rendered":"UFPA (PA) &#8211; Sele\u00e7\u00e3o Simplificada 12\/2026"},"content":{"rendered":"<h2>Informa\u00e7\u00f5es Gerais<\/h2>\n<p>A <strong>Universidade Federal do Par\u00e1 (UFPA)<\/strong> publicou edital de <strong>Processo Seletivo Simplificado (PSS)<\/strong> para a contrata\u00e7\u00e3o de <strong>Professores Substitutos<\/strong> do Magist\u00e9rio Superior e do Magist\u00e9rio do Ensino B\u00e1sico, T\u00e9cnico e Tecnol\u00f3gico. O certame \u00e9 regido pela Lei n\u00ba 8.745\/1993 e pela Lei n\u00ba 12.772\/2012, com contrata\u00e7\u00e3o em regime tempor\u00e1rio.<\/p>\n<p>Ao todo, s\u00e3o ofertadas <strong>69 vagas<\/strong> distribu\u00eddas em diversas \u00e1reas do conhecimento, todas de <strong>n\u00edvel superior<\/strong>, com carga hor\u00e1ria de <strong>20h ou 40h semanais<\/strong>, conforme o cargo. As oportunidades abrangem unidades acad\u00eamicas da UFPA localizadas em diferentes munic\u00edpios do estado do Par\u00e1.<\/p>\n<p>O processo seletivo contempla \u00e1reas bastante variadas, incluindo Medicina (diversas especialidades como neurologia, pediatria, cirurgia, pneumologia, nefrologia, psiquiatria, entre outras), Odontologia, Enfermagem, Fisioterapia, Terapia Ocupacional, Engenharias (Mec\u00e2nica, Civil, Qu\u00edmica, Telecomunica\u00e7\u00f5es, Computa\u00e7\u00e3o), Arquitetura e Urbanismo, Letras, Matem\u00e1tica, F\u00edsica, Qu\u00edmica, M\u00fasica, Dan\u00e7a, Teatro, Cinema, Museologia, Biblioteconomia, Geografia, Hist\u00f3ria, Meteorologia, Educa\u00e7\u00e3o, Psicologia e Computa\u00e7\u00e3o.<\/p>\n<p>Merecem destaque especial as vagas voltadas para profissionais das \u00e1reas de <strong>Agronomia, Engenharia Florestal e Agroecologia<\/strong> \u2014 o cargo de Professor Substituto em <strong>Agroecologia e Educa\u00e7\u00e3o do Campo na Amaz\u00f4nia<\/strong> aceita graduados em Agroecologia, <strong>Engenharia Florestal<\/strong>, <strong>Agronomia<\/strong> ou Tecnologia em Agroecologia. H\u00e1 tamb\u00e9m oportunidade na \u00e1rea de <strong>Ci\u00eancias Biol\u00f3gicas<\/strong>, com vagas para <strong>Biologia Geral<\/strong>, <strong>Bot\u00e2nica<\/strong> e <strong>Ci\u00eancias Ambientais, Ecologia e Zoologia<\/strong>, voltadas a graduados e p\u00f3s-graduados em <strong>Biologia<\/strong>.<\/p>\n<p>Se voc\u00ea \u00e9 profissional da educa\u00e7\u00e3o superior e busca uma oportunidade em uma das maiores universidades federais do Brasil, localizada na regi\u00e3o amaz\u00f4nica, continue a leitura para conhecer todos os detalhes sobre inscri\u00e7\u00f5es, etapas do processo seletivo e divulga\u00e7\u00e3o de resultados.<\/p>\n<h2>Inscri\u00e7\u00f5es<\/h2>\n<p>As inscri\u00e7\u00f5es para o Processo Seletivo Simplificado da <strong>UFPA<\/strong> estar\u00e3o abertas no per\u00edodo de <strong>14h do dia 02 de mar\u00e7o de 2026 at\u00e9 as 17h do dia 16 de mar\u00e7o de 2026<\/strong>, observado o hor\u00e1rio de Bel\u00e9m\/PA.<\/p>\n<p>As inscri\u00e7\u00f5es ser\u00e3o realizadas <strong>exclusivamente pela internet<\/strong>, por meio do endere\u00e7o eletr\u00f4nico <strong><a href=\"http:\/\/www.ceps.ufpa.br\" target=\"_blank\" rel=\"noopener\">www.ceps.ufpa.br<\/a><\/strong>. No site, o candidato ter\u00e1 acesso ao edital completo, seus anexos, ao requerimento eletr\u00f4nico de inscri\u00e7\u00e3o e ao boleto banc\u00e1rio para pagamento da taxa.<\/p>\n<p>O valor da <strong>taxa de inscri\u00e7\u00e3o \u00e9 de R$ 120,00<\/strong> (cento e vinte reais), v\u00e1lido para todos os cargos. O pagamento dever\u00e1 ser efetuado por meio de boleto banc\u00e1rio emitido no ato da inscri\u00e7\u00e3o, recolhido pelo <strong>Banco do Brasil S.A.<\/strong> at\u00e9 a data de vencimento indicada no pr\u00f3prio documento.<\/p>\n<p>Para realizar a inscri\u00e7\u00e3o, o candidato dever\u00e1:<\/p>\n<ul>\n<li>Acessar o site <strong>www.ceps.ufpa.br<\/strong>;<\/li>\n<li>Preencher integralmente o requerimento eletr\u00f4nico de inscri\u00e7\u00e3o;<\/li>\n<li>Gerar e imprimir o boleto banc\u00e1rio;<\/li>\n<li>Efetuar o pagamento da taxa dentro do prazo de vencimento.<\/li>\n<\/ul>\n<p>Recomenda-se que o candidato acompanhe a confirma\u00e7\u00e3o de sua inscri\u00e7\u00e3o pelo pr\u00f3prio site do CEPS\/UFPA, verificando se o pagamento foi devidamente processado. \u00c9 fundamental tamb\u00e9m a leitura integral do edital para verificar os requisitos espec\u00edficos de cada vaga, eventuais possibilidades de isen\u00e7\u00e3o da taxa de inscri\u00e7\u00e3o e demais orienta\u00e7\u00f5es sobre o processo de inscri\u00e7\u00e3o.<\/p>\n<h2>Etapas e Provas<\/h2>\n<p>O Processo Seletivo Simplificado da UFPA ser\u00e1 realizado em <strong>etapa \u00fanica<\/strong>, composta por <strong>tr\u00eas fases<\/strong>. As provas ser\u00e3o aplicadas nos munic\u00edpios para os quais se destinam as respectivas vagas. Confira abaixo o detalhamento de cada fase:<\/p>\n<ul>\n<li><strong>Prova Escrita<\/strong> \u2014 de car\u00e1ter <strong>eliminat\u00f3rio e classificat\u00f3rio<\/strong>. Nesta fase, o candidato dever\u00e1 demonstrar dom\u00ednio te\u00f3rico e capacidade de argumenta\u00e7\u00e3o sobre os temas relacionados \u00e0 \u00e1rea de conhecimento do cargo pretendido.<\/li>\n<li><strong>Prova Did\u00e1tica<\/strong> \u2014 de car\u00e1ter <strong>eliminat\u00f3rio e classificat\u00f3rio<\/strong>. O candidato ser\u00e1 avaliado quanto \u00e0 sua capacidade de exposi\u00e7\u00e3o, clareza, dom\u00ednio do conte\u00fado e habilidades pedag\u00f3gicas, simulando uma situa\u00e7\u00e3o real de aula.<\/li>\n<li><strong>Julgamento de T\u00edtulos<\/strong> \u2014 de car\u00e1ter exclusivamente <strong>classificat\u00f3rio<\/strong>. Ser\u00e3o avaliados os t\u00edtulos acad\u00eamicos e a produ\u00e7\u00e3o intelectual do candidato, conforme crit\u00e9rios estabelecidos no edital.<\/li>\n<\/ul>\n<p>\u00c9 importante destacar que as fases de Prova Escrita e Prova Did\u00e1tica possuem car\u00e1ter eliminat\u00f3rio, ou seja, o candidato que n\u00e3o atingir a pontua\u00e7\u00e3o m\u00ednima exigida em qualquer uma delas ser\u00e1 eliminado do certame, independentemente do desempenho nas demais fases.<\/p>\n<p>Para informa\u00e7\u00f5es detalhadas sobre os crit\u00e9rios de avalia\u00e7\u00e3o, pontua\u00e7\u00e3o m\u00ednima para aprova\u00e7\u00e3o, conte\u00fado program\u00e1tico espec\u00edfico de cada \u00e1rea, cronograma de aplica\u00e7\u00e3o das provas e demais regras, consulte o edital completo e seus anexos dispon\u00edveis no site do <strong>CEPS\/UFPA<\/strong> (<a href=\"http:\/\/www.ceps.ufpa.br\" target=\"_blank\" rel=\"noopener\">www.ceps.ufpa.br<\/a>).<\/p>\n<h2>Resultados e Gabarito<\/h2>\n<p>A divulga\u00e7\u00e3o dos resultados do Processo Seletivo Simplificado da UFPA seguir\u00e1 o cronograma estabelecido no edital, com publica\u00e7\u00f5es realizadas por meio dos canais oficiais da universidade.<\/p>\n<p>O <strong>resultado preliminar<\/strong> do certame ser\u00e1 publicado no endere\u00e7o eletr\u00f4nico do <strong>CEPS<\/strong> (<a href=\"http:\/\/www.ceps.ufpa.br\" target=\"_blank\" rel=\"noopener\">www.ceps.ufpa.br<\/a>), contendo a rela\u00e7\u00e3o das pessoas candidatas aprovadas em <strong>ordem decrescente de pontua\u00e7\u00e3o final<\/strong>, dentro dos quantitativos previstos no Anexo II do Decreto n\u00ba 9.739\/2019. A lista respeitar\u00e1 a reserva de vagas para pessoas com defici\u00eancia, negras, ind\u00edgenas e quilombolas, conforme previsto no edital, incluindo os empates em \u00faltimo lugar.<\/p>\n<p>Ap\u00f3s a publica\u00e7\u00e3o do resultado preliminar, os candidatos ter\u00e3o a oportunidade de interpor recursos dentro dos prazos estabelecidos no cronograma. \u00c9 fundamental que o candidato acompanhe todas as publica\u00e7\u00f5es para n\u00e3o perder os prazos recursais.<\/p>\n<p>A <strong>homologa\u00e7\u00e3o do resultado final<\/strong> do certame, ap\u00f3s decididos todos os recursos interpostos, ser\u00e1 publicada no <strong>Di\u00e1rio Oficial da Uni\u00e3o (DOU)<\/strong>. O documento de homologa\u00e7\u00e3o apresentar\u00e1 as listas definitivas com as pessoas candidatas aprovadas e classificadas no processo seletivo.<\/p>\n<p>Os principais canais para acompanhamento dos resultados s\u00e3o:<\/p>\n<ul>\n<li><strong>Site do CEPS\/UFPA:<\/strong> <a href=\"http:\/\/www.ceps.ufpa.br\" target=\"_blank\" rel=\"noopener\">www.ceps.ufpa.br<\/a> \u2014 para resultados preliminares, gabaritos e comunicados;<\/li>\n<li><strong>Di\u00e1rio Oficial da Uni\u00e3o (DOU)<\/strong> \u2014 para a homologa\u00e7\u00e3o do resultado final.<\/li>\n<\/ul>\n<p>Os crit\u00e9rios de desempate e a classifica\u00e7\u00e3o final obedecer\u00e3o \u00e0s regras detalhadas no edital, considerando o desempenho nas fases de Prova Escrita, Prova Did\u00e1tica e Julgamento de T\u00edtulos.<\/p>\n<p><strong>Aten\u00e7\u00e3o:<\/strong> o acompanhamento de todas as publica\u00e7\u00f5es oficiais referentes ao processo seletivo \u2014 incluindo convoca\u00e7\u00f5es, resultados parciais, definitivos e eventuais retifica\u00e7\u00f5es \u2014 \u00e9 de <strong>responsabilidade exclusiva do candidato<\/strong>. Recomenda-se consultar regularmente os canais oficiais indicados para n\u00e3o perder nenhuma informa\u00e7\u00e3o relevante sobre o andamento do certame.<\/p>\n","protected":false},"excerpt":{"rendered":"<p>Sel. Simplificada UFPA (PA) com edital publicado! 69 vagas p\/ Professores Substitutos (Superior). Inscri\u00e7\u00f5es a partir de 02\/03. Confira detalhes!<\/p>\n","protected":false},"author":7,"featured_media":278559,"comment_status":"open","ping_status":"open","sticky":false,"template":"","format":"standard","meta":{"_acf_changed":false,"_breakdance_hide_in_design_set":false,"_breakdance_tags":"","footnotes":""},"categories":[4,5,94,6433,126,121,120,10,6434,12,13,14,151,103,15,102,6436,18,111,100,20,6871,116,21,119,24,25,26,6435,134],"tags":[51],"_amplo":[],"destaque":[],"instituicoes":[],"class_list":["post-278560","post","type-post","status-publish","format-standard","has-post-thumbnail","hentry","category-agronomia","category-arquitetura","category-biblioteconomia","category-biologia-licenciatura","category-ciencia-computacao","category-ciencias-sociais","category-comunicacao-social","category-direito","category-educacao-fisica-licenciatura","category-enfermagem","category-engenharia-ambiental","category-engenharia","category-engenharia-computacao","category-engenharia-eletrica","category-engenharia-florestal","category-engenharia-quimica","category-fisica-licenciatura","category-fisioterapia","category-geografia","category-historia","category-letras","category-letras-ingles","category-matematica","category-medicina","category-musica","category-odontologia","category-pedagogia","category-psicologia","category-quimica-licenciatura","category-terapia-ocupacional","tag-para"],"acf":{"_tipo_vagas":"vagas","_numero_vagas":"","_quadro_vagas":"","_cargos":"diversos","_cargos_especificos":"","_salario_max":"R$ 8.058,29","_abertura":"20260302","_encerramento":"20260316","_inscricoes":"http:\/\/www.ceps.ufpa.br","_executora_concurso":"","_instituicao_concurso":[],"_link_adicional":null,"_anexos":null,"_produtos":null,"_vagas":"69 vagas","_salario_min":"R$ 3.090,43","_instituicao":"UFPA","_edital":"https:\/\/www.agrobase.com.br\/concursos\/wp-content\/uploads\/sites\/4\/2026\/03\/edital-12-2026-ufpa-pa.pdf","_anexos_edital":"https:\/\/www.agrobase.com.br\/concursos\/wp-content\/uploads\/sites\/4\/2026\/03\/anexos-edital-12-2026-ufpa-pa.pdf","_fund_incompleto":"","_fund_completo":"","_medio":"","_superior":"<div>\r\n<table class=\"quadro\">\r\n<thead>\r\n<tr>\r\n<th class=\"hcargo\">Cargo<\/th>\r\n<th class=\"hvagas\">Vagas<\/th>\r\n<th class=\"hremuneracao\">Remunera\u00e7\u00e3o<\/th>\r\n<\/tr>\r\n<\/thead>\r\n    <tbody>\r\n      <tr>\r\n<td class=\"ccargos\">\r\n<span data-balloon-length=\"medium\" aria-label=\"Gradua\u00e7\u00e3o em Pedagogia ou Etnodesenvolvimento ou Educa\u00e7\u00e3o do Campo com P\u00f3s-Gradua\u00e7\u00e3o na \u00e1rea de Educa\u00e7\u00e3o ou Ensino\" data-balloon-pos=\"up\">Professor Substituto - Educa\u00e7\u00e3o Intercultural em Ambientes Escolares e N\u00e3o Escolares<\/span><\/td>\r\n<td class=\"cvagas\">01<\/td>\r\n<td class=\"cremuneracao\">R$ 0,00 \/40h<\/td>\r\n<\/tr><tr>\r\n<td class=\"ccargos\">\r\n<span data-balloon-length=\"medium\" aria-label=\"Gradua\u00e7\u00e3o em Etnodesenvolvimento, Direito ou Ci\u00eancias Sociais com P\u00f3s-Gradua\u00e7\u00e3o em Direitos Humanos, Sa\u00fade Coletiva ou Interdisciplinar\" data-balloon-pos=\"up\">Professor Substituto - Sa\u00fade e Direitos de Povos e Comunidades Tradicionais<\/span><\/td>\r\n<td class=\"cvagas\">01<\/td>\r\n<td class=\"cremuneracao\">R$ 0,00 \/40h<\/td>\r\n<\/tr><tr>\r\n<td class=\"ccargos\">\r\n<span data-balloon-length=\"medium\" aria-label=\"Gradua\u00e7\u00e3o em Psicologia ou Pedagogia com P\u00f3s-Gradua\u00e7\u00e3o Stricto Sensu\" data-balloon-pos=\"up\">Professor Substituto - Psicologia da Educa\u00e7\u00e3o<\/span><\/td>\r\n<td class=\"cvagas\">01<\/td>\r\n<td class=\"cremuneracao\">R$ 0,00 \/40h<\/td>\r\n<\/tr><tr>\r\n<td class=\"ccargos\">\r\n<span data-balloon-length=\"medium\" aria-label=\"Gradua\u00e7\u00e3o em Letras - Portugu\u00eas com P\u00f3s-gradua\u00e7\u00e3o\" data-balloon-pos=\"up\">Professor Substituto - Pr\u00e1ticas Pedag\u00f3gicas, L\u00edngua Portuguesa e Suas Literaturas<\/span><\/td>\r\n<td class=\"cvagas\">01<\/td>\r\n<td class=\"cremuneracao\">R$ 0,00 \/40h<\/td>\r\n<\/tr><tr>\r\n<td class=\"ccargos\">\r\n<span data-balloon-length=\"medium\" aria-label=\"P\u00f3s-gradua\u00e7\u00e3o Stricto Sensu em F\u00edsica ou Ensino de Ci\u00eancias ou afins\" data-balloon-pos=\"up\">Professor Substituto - F\u00edsica Geral e Pr\u00e1ticas de Metodologia de Ensino de Ci\u00eancias<\/span><\/td>\r\n<td class=\"cvagas\">01<\/td>\r\n<td class=\"cremuneracao\">R$ 0,00 \/40h<\/td>\r\n<\/tr><tr>\r\n<td class=\"ccargos\">\r\n<span data-balloon-length=\"medium\" aria-label=\"Licenciatura em Educa\u00e7\u00e3o do Campo ou Agr\u00e1rias ou Bacharelado em Agroecologia, Engenharia Florestal, Agronomia ou Tecnologia em Agroecologia com P\u00f3s-gradua\u00e7\u00e3o\" data-balloon-pos=\"up\">Professor Substituto - Agroecologia e Educa\u00e7\u00e3o do Campo na Amaz\u00f4nia<\/span><\/td>\r\n<td class=\"cvagas\">01<\/td>\r\n<td class=\"cremuneracao\">R$ 0,00 \/40h<\/td>\r\n<\/tr><tr>\r\n<td class=\"ccargos\">\r\n<span data-balloon-length=\"medium\" aria-label=\"Licenciatura em Letras L\u00edngua Inglesa com P\u00f3s-gradua\u00e7\u00e3o\" data-balloon-pos=\"up\">Professor Substituto - L\u00edngua Inglesa e suas interfaces com o ensino\/aprendizagem e literatura<\/span><\/td>\r\n<td class=\"cvagas\">01<\/td>\r\n<td class=\"cremuneracao\">R$ 0,00 \/40h<\/td>\r\n<\/tr><tr>\r\n<td class=\"ccargos\">\r\n<span data-balloon-length=\"medium\" aria-label=\"Gradua\u00e7\u00e3o em Sistemas de Informa\u00e7\u00e3o, Ci\u00eancia da Computa\u00e7\u00e3o ou Engenharias afins com P\u00f3s-gradua\u00e7\u00e3o\" data-balloon-pos=\"up\">Professor Substituto - Computa\u00e7\u00e3o Aplicada<\/span><\/td>\r\n<td class=\"cvagas\">01<\/td>\r\n<td class=\"cremuneracao\">R$ 0,00 \/40h<\/td>\r\n<\/tr><tr>\r\n<td class=\"ccargos\">\r\n<span data-balloon-length=\"medium\" aria-label=\"P\u00f3s-gradua\u00e7\u00e3o Stricto Sensu em qualquer \u00e1rea\" data-balloon-pos=\"up\">Professor Substituto - Teorias do Teatro e Produ\u00e7\u00e3o Cultural<\/span><\/td>\r\n<td class=\"cvagas\">01<\/td>\r\n<td class=\"cremuneracao\">R$ 0,00 \/40h<\/td>\r\n<\/tr><tr>\r\n<td class=\"ccargos\">\r\n<span data-balloon-length=\"medium\" aria-label=\"Gradua\u00e7\u00e3o em qualquer \u00e1rea com ou sem p\u00f3s-gradua\u00e7\u00e3o\" data-balloon-pos=\"up\">Professor Substituto - T\u00e9cnica de Dan\u00e7a Cl\u00e1ssica I, II e III<\/span><\/td>\r\n<td class=\"cvagas\">01<\/td>\r\n<td class=\"cremuneracao\">R$ 0,00 \/40h<\/td>\r\n<\/tr><tr>\r\n<td class=\"ccargos\">\r\n<span data-balloon-length=\"medium\" aria-label=\"Gradua\u00e7\u00e3o em qualquer \u00e1rea com ou sem p\u00f3s-gradua\u00e7\u00e3o\" data-balloon-pos=\"up\">Professor Substituto - Elementos Visuais da Cena com \u00eanfase em Cria\u00e7\u00e3o e Produ\u00e7\u00e3o de Visualidade Cenogr\u00e1fica<\/span><\/td>\r\n<td class=\"cvagas\">01<\/td>\r\n<td class=\"cremuneracao\">R$ 0,00 \/40h<\/td>\r\n<\/tr><tr>\r\n<td class=\"ccargos\">\r\n<span data-balloon-length=\"medium\" aria-label=\"Gradua\u00e7\u00e3o em qualquer \u00e1rea com P\u00f3s-gradua\u00e7\u00e3o\" data-balloon-pos=\"up\">Professor Substituto - Libras; Est\u00e1gio Docente; Dan\u00e7a e Inclus\u00e3o<\/span><\/td>\r\n<td class=\"cvagas\">01<\/td>\r\n<td class=\"cremuneracao\">R$ 0,00 \/40h<\/td>\r\n<\/tr><tr>\r\n<td class=\"ccargos\">\r\n<span data-balloon-length=\"medium\" aria-label=\"Gradua\u00e7\u00e3o em Cinema, Audiovisual, Artes ou Comunica\u00e7\u00e3o Social com ou sem p\u00f3s-gradua\u00e7\u00e3o\" data-balloon-pos=\"up\">Professor Substituto - Cinema e Audiovisual: do anal\u00f3gico \u00e0s novas tecnologias de cria\u00e7\u00e3o, produ\u00e7\u00e3o e distribui\u00e7\u00e3o<\/span><\/td>\r\n<td class=\"cvagas\">01<\/td>\r\n<td class=\"cremuneracao\">R$ 0,00 \/40h<\/td>\r\n<\/tr><tr>\r\n<td class=\"ccargos\">\r\n<span data-balloon-length=\"medium\" aria-label=\"P\u00f3s-gradua\u00e7\u00e3o Stricto Sensu em M\u00fasica\" data-balloon-pos=\"up\">Professor Substituto - No\u00e7\u00f5es de Teclado I e II, Teclado I, II, III e Percep\u00e7\u00e3o Musical I, II e III<\/span><\/td>\r\n<td class=\"cvagas\">02<\/td>\r\n<td class=\"cremuneracao\">R$ 0,00 \/40h<\/td>\r\n<\/tr><tr>\r\n<td class=\"ccargos\">\r\n<span data-balloon-length=\"medium\" aria-label=\"Gradua\u00e7\u00e3o em Museologia com P\u00f3s-gradua\u00e7\u00e3o\" data-balloon-pos=\"up\">Professor Substituto - Museologia: Teoria e Pr\u00e1tica<\/span><\/td>\r\n<td class=\"cvagas\">01<\/td>\r\n<td class=\"cremuneracao\">R$ 0,00 \/40h<\/td>\r\n<\/tr><tr>\r\n<td class=\"ccargos\">\r\n<span data-balloon-length=\"medium\" aria-label=\"P\u00f3s-gradua\u00e7\u00e3o Stricto Sensu em Bot\u00e2nica ou afins\" data-balloon-pos=\"up\">Professor Substituto - Bot\u00e2nica<\/span><\/td>\r\n<td class=\"cvagas\">01<\/td>\r\n<td class=\"cremuneracao\">R$ 0,00 \/40h<\/td>\r\n<\/tr><tr>\r\n<td class=\"ccargos\">\r\n<span data-balloon-length=\"medium\" aria-label=\"Gradua\u00e7\u00e3o ou Licenciatura em Educa\u00e7\u00e3o F\u00edsica com P\u00f3s-gradua\u00e7\u00e3o\" data-balloon-pos=\"up\">Professor Substituto - Educa\u00e7\u00e3o F\u00edsica, Sa\u00fade, Cultura e Lazer<\/span><\/td>\r\n<td class=\"cvagas\">01<\/td>\r\n<td class=\"cremuneracao\">R$ 0,00 \/40h<\/td>\r\n<\/tr><tr>\r\n<td class=\"ccargos\">\r\n<span data-balloon-length=\"medium\" aria-label=\"Gradua\u00e7\u00e3o em Matem\u00e1tica ou F\u00edsica com ou sem p\u00f3s-gradua\u00e7\u00e3o\" data-balloon-pos=\"up\">Professor Substituto - C\u00e1lculo Diferencial e Integral<\/span><\/td>\r\n<td class=\"cvagas\">01<\/td>\r\n<td class=\"cremuneracao\">R$ 0,00 \/40h<\/td>\r\n<\/tr><tr>\r\n<td class=\"ccargos\">\r\n<span data-balloon-length=\"medium\" aria-label=\"P\u00f3s-gradua\u00e7\u00e3o Stricto Sensu em Qu\u00edmica ou Engenharia Qu\u00edmica ou Gradua\u00e7\u00e3o em Qu\u00edmica\" data-balloon-pos=\"up\">Professor Substituto - Qu\u00edmica Geral<\/span><\/td>\r\n<td class=\"cvagas\">03<\/td>\r\n<td class=\"cremuneracao\">R$ 0,00 \/40h<\/td>\r\n<\/tr><tr>\r\n<td class=\"ccargos\">\r\n<span data-balloon-length=\"medium\" aria-label=\"Gradua\u00e7\u00e3o em Medicina com P\u00f3s-gradua\u00e7\u00e3o na \u00e1rea de neurologia\" data-balloon-pos=\"up\">Professor Substituto - Aten\u00e7\u00e3o ao Sistema Neurol\u00f3gico (neurologia)<\/span><\/td>\r\n<td class=\"cvagas\">01<\/td>\r\n<td class=\"cremuneracao\">R$ 0,00 \/40h<\/td>\r\n<\/tr><tr>\r\n<td class=\"ccargos\">\r\n<span data-balloon-length=\"medium\" aria-label=\"Gradua\u00e7\u00e3o em Medicina com P\u00f3s-gradua\u00e7\u00e3o na \u00e1rea de cl\u00ednica m\u00e9dica\" data-balloon-pos=\"up\">Professor Substituto - Internato de Cl\u00ednica M\u00e9dica<\/span><\/td>\r\n<td class=\"cvagas\">01<\/td>\r\n<td class=\"cremuneracao\">R$ 0,00 \/40h<\/td>\r\n<\/tr><tr>\r\n<td class=\"ccargos\">\r\n<span data-balloon-length=\"medium\" aria-label=\"Gradua\u00e7\u00e3o em Medicina com P\u00f3s-gradua\u00e7\u00e3o na \u00e1rea de nefrologia\" data-balloon-pos=\"up\">Professor Substituto - Aten\u00e7\u00e3o ao Sistema Urin\u00e1rio (Nefrologia)<\/span><\/td>\r\n<td class=\"cvagas\">01<\/td>\r\n<td class=\"cremuneracao\">R$ 0,00 \/40h<\/td>\r\n<\/tr><tr>\r\n<td class=\"ccargos\">\r\n<span data-balloon-length=\"medium\" aria-label=\"Gradua\u00e7\u00e3o em Medicina com P\u00f3s-gradua\u00e7\u00e3o na \u00e1rea de pediatria\" data-balloon-pos=\"up\">Professor Substituto - Internato de Pediatria<\/span><\/td>\r\n<td class=\"cvagas\">02<\/td>\r\n<td class=\"cremuneracao\">R$ 0,00 \/40h<\/td>\r\n<\/tr><tr>\r\n<td class=\"ccargos\">\r\n<span data-balloon-length=\"medium\" aria-label=\"Gradua\u00e7\u00e3o em Medicina com P\u00f3s-gradua\u00e7\u00e3o na \u00e1rea de Medicina de Fam\u00edlia e Comunidade\" data-balloon-pos=\"up\">Professor Substituto - Internato de Medicina Fam\u00edlia e Comunidade<\/span><\/td>\r\n<td class=\"cvagas\">01<\/td>\r\n<td class=\"cremuneracao\">R$ 0,00 \/20h<\/td>\r\n<\/tr><tr>\r\n<td class=\"ccargos\">\r\n<span data-balloon-length=\"medium\" aria-label=\"Gradua\u00e7\u00e3o em Medicina com P\u00f3s-gradua\u00e7\u00e3o na \u00e1rea de urg\u00eancia e emerg\u00eancia\" data-balloon-pos=\"up\">Professor Substituto - Internato de Urg\u00eancia e Emerg\u00eancia<\/span><\/td>\r\n<td class=\"cvagas\">01<\/td>\r\n<td class=\"cremuneracao\">R$ 0,00 \/40h<\/td>\r\n<\/tr><tr>\r\n<td class=\"ccargos\">\r\n<span data-balloon-length=\"medium\" aria-label=\"Gradua\u00e7\u00e3o em Medicina com P\u00f3s-gradua\u00e7\u00e3o na \u00e1rea de Ginecologia e Obstetr\u00edcia\" data-balloon-pos=\"up\">Professor Substituto - Aten\u00e7\u00e3o ao Sistema Reprodutor<\/span><\/td>\r\n<td class=\"cvagas\">01<\/td>\r\n<td class=\"cremuneracao\">R$ 0,00 \/40h<\/td>\r\n<\/tr><tr>\r\n<td class=\"ccargos\">\r\n<span data-balloon-length=\"medium\" aria-label=\"Gradua\u00e7\u00e3o em Medicina com P\u00f3s-gradua\u00e7\u00e3o na \u00e1rea de anestesiologia\" data-balloon-pos=\"up\">Professor Substituto - Internato de Cirurgia (anestesiologia)<\/span><\/td>\r\n<td class=\"cvagas\">01<\/td>\r\n<td class=\"cremuneracao\">R$ 0,00 \/40h<\/td>\r\n<\/tr><tr>\r\n<td class=\"ccargos\">\r\n<span data-balloon-length=\"medium\" aria-label=\"Gradua\u00e7\u00e3o em Medicina ou Enfermagem com P\u00f3s-gradua\u00e7\u00e3o em Sa\u00fade Coletiva ou \u00e1reas afins\" data-balloon-pos=\"up\">Professor Substituto - Aten\u00e7\u00e3o Integral \u00e0 Sa\u00fade<\/span><\/td>\r\n<td class=\"cvagas\">03<\/td>\r\n<td class=\"cremuneracao\">R$ 0,00 \/20h\/40h<\/td>\r\n<\/tr><tr>\r\n<td class=\"ccargos\">\r\n<span data-balloon-length=\"medium\" aria-label=\"Gradua\u00e7\u00e3o em Medicina com P\u00f3s-gradua\u00e7\u00e3o na \u00e1rea de pneumologia\" data-balloon-pos=\"up\">Professor Substituto - Aten\u00e7\u00e3o ao Sistema Respirat\u00f3rio<\/span><\/td>\r\n<td class=\"cvagas\">01<\/td>\r\n<td class=\"cremuneracao\">R$ 0,00 \/40h<\/td>\r\n<\/tr><tr>\r\n<td class=\"ccargos\">\r\n<span data-balloon-length=\"medium\" aria-label=\"Gradua\u00e7\u00e3o em Medicina com P\u00f3s-gradua\u00e7\u00e3o na \u00e1rea de medicina intensiva\" data-balloon-pos=\"up\">Professor Substituto - Internato de Cirurgia (Medicina intensiva)<\/span><\/td>\r\n<td class=\"cvagas\">01<\/td>\r\n<td class=\"cremuneracao\">R$ 0,00 \/40h<\/td>\r\n<\/tr><tr>\r\n<td class=\"ccargos\">\r\n<span data-balloon-length=\"medium\" aria-label=\"Gradua\u00e7\u00e3o em Medicina com P\u00f3s-gradua\u00e7\u00e3o na \u00e1rea de cirurgia geral\" data-balloon-pos=\"up\">Professor Substituto - Internato de Cirurgia<\/span><\/td>\r\n<td class=\"cvagas\">01<\/td>\r\n<td class=\"cremuneracao\">R$ 0,00 \/40h<\/td>\r\n<\/tr><tr>\r\n<td class=\"ccargos\">\r\n<span data-balloon-length=\"medium\" aria-label=\"Gradua\u00e7\u00e3o em Medicina com P\u00f3s-gradua\u00e7\u00e3o na \u00e1rea de psiquiatria\" data-balloon-pos=\"up\">Professor Substituto - Aten\u00e7\u00e3o ao Sistema Neurol\u00f3gico (Sa\u00fade Mental)<\/span><\/td>\r\n<td class=\"cvagas\">01<\/td>\r\n<td class=\"cremuneracao\">R$ 0,00 \/40h<\/td>\r\n<\/tr><tr>\r\n<td class=\"ccargos\">\r\n<span data-balloon-length=\"medium\" aria-label=\"Gradua\u00e7\u00e3o em Medicina com P\u00f3s-gradua\u00e7\u00e3o na \u00e1rea de Patologia\" data-balloon-pos=\"up\">Professor Substituto - Patologia B\u00e1sica<\/span><\/td>\r\n<td class=\"cvagas\">01<\/td>\r\n<td class=\"cremuneracao\">R$ 0,00 \/40h<\/td>\r\n<\/tr><tr>\r\n<td class=\"ccargos\">\r\n<span data-balloon-length=\"medium\" aria-label=\"Gradua\u00e7\u00e3o em Medicina com P\u00f3s-gradua\u00e7\u00e3o na \u00e1rea de reumatologia\" data-balloon-pos=\"up\">Professor Substituto - Aten\u00e7\u00e3o ao Sistema Locomotor (reumatologia)<\/span><\/td>\r\n<td class=\"cvagas\">01<\/td>\r\n<td class=\"cremuneracao\">R$ 0,00 \/40h<\/td>\r\n<\/tr><tr>\r\n<td class=\"ccargos\">\r\n<span data-balloon-length=\"medium\" aria-label=\"Gradua\u00e7\u00e3o em Medicina com P\u00f3s-gradua\u00e7\u00e3o na \u00e1rea de angiologia\/cirurgia vascular\" data-balloon-pos=\"up\">Professor Substituto - Aten\u00e7\u00e3o ao Sistema Cardiovascular (Angiologia)<\/span><\/td>\r\n<td class=\"cvagas\">01<\/td>\r\n<td class=\"cremuneracao\">R$ 0,00 \/40h<\/td>\r\n<\/tr><tr>\r\n<td class=\"ccargos\">\r\n<span data-balloon-length=\"medium\" aria-label=\"Gradua\u00e7\u00e3o em Odontologia com P\u00f3s-gradua\u00e7\u00e3o em Sa\u00fade Coletiva\" data-balloon-pos=\"up\">Professor Substituto - Odontologia em Sa\u00fade Coletiva<\/span><\/td>\r\n<td class=\"cvagas\">01<\/td>\r\n<td class=\"cremuneracao\">R$ 0,00 \/40h<\/td>\r\n<\/tr><tr>\r\n<td class=\"ccargos\">\r\n<span data-balloon-length=\"medium\" aria-label=\"Gradua\u00e7\u00e3o em Fisioterapia com P\u00f3s-gradua\u00e7\u00e3o\" data-balloon-pos=\"up\">Professor Substituto - Compet\u00eancias Profissionais em Fisioterapia<\/span><\/td>\r\n<td class=\"cvagas\">01<\/td>\r\n<td class=\"cremuneracao\">R$ 0,00 \/40h<\/td>\r\n<\/tr><tr>\r\n<td class=\"ccargos\">\r\n<span data-balloon-length=\"medium\" aria-label=\"Gradua\u00e7\u00e3o em qualquer \u00e1rea do conhecimento\" data-balloon-pos=\"up\">Professor Substituto - Neurofuncional e Hospitalar na Sa\u00fade da Mulher e da Crian\u00e7a<\/span><\/td>\r\n<td class=\"cvagas\">01<\/td>\r\n<td class=\"cremuneracao\">R$ 0,00 \/40h<\/td>\r\n<\/tr><tr>\r\n<td class=\"ccargos\">\r\n<span data-balloon-length=\"medium\" aria-label=\"Gradua\u00e7\u00e3o em Odontologia com P\u00f3s-gradua\u00e7\u00e3o na \u00e1rea de Cl\u00ednica Odontol\u00f3gica Integrada\" data-balloon-pos=\"up\">Professor Substituto - Cl\u00ednica Integrada do Adulto<\/span><\/td>\r\n<td class=\"cvagas\">01<\/td>\r\n<td class=\"cremuneracao\">R$ 0,00 \/40h<\/td>\r\n<\/tr><tr>\r\n<td class=\"ccargos\">\r\n<span data-balloon-length=\"medium\" aria-label=\"Gradua\u00e7\u00e3o em Odontologia com P\u00f3s-gradua\u00e7\u00e3o na \u00e1rea de Cl\u00ednica Odontol\u00f3gica Integrada\" data-balloon-pos=\"up\">Professor Substituto - Cl\u00ednica Odontol\u00f3gica Integrada do Adulto<\/span><\/td>\r\n<td class=\"cvagas\">02<\/td>\r\n<td class=\"cremuneracao\">R$ 0,00 \/40h<\/td>\r\n<\/tr><tr>\r\n<td class=\"ccargos\">\r\n<span data-balloon-length=\"medium\" aria-label=\"Gradua\u00e7\u00e3o em Terapia Ocupacional com P\u00f3s-gradua\u00e7\u00e3o\" data-balloon-pos=\"up\">Professor Substituto - Terapia Ocupacional no Campo Social e na Educa\u00e7\u00e3o<\/span><\/td>\r\n<td class=\"cvagas\">01<\/td>\r\n<td class=\"cremuneracao\">R$ 0,00 \/40h<\/td>\r\n<\/tr><tr>\r\n<td class=\"ccargos\">\r\n<span data-balloon-length=\"medium\" aria-label=\"Gradua\u00e7\u00e3o em Enfermagem com P\u00f3s-gradua\u00e7\u00e3o\" data-balloon-pos=\"up\">Professor Substituto - Processos Educativos em Sa\u00fade e Enfermagem<\/span><\/td>\r\n<td class=\"cvagas\">01<\/td>\r\n<td class=\"cremuneracao\">R$ 0,00 \/40h<\/td>\r\n<\/tr><tr>\r\n<td class=\"ccargos\">\r\n<span data-balloon-length=\"medium\" aria-label=\"Gradua\u00e7\u00e3o em Biblioteconomia ou \u00e1reas afins com P\u00f3s-gradua\u00e7\u00e3o Stricto Sensu\" data-balloon-pos=\"up\">Professor Substituto - Gest\u00e3o de Unidades e Servi\u00e7os de Informa\u00e7\u00e3o<\/span><\/td>\r\n<td class=\"cvagas\">01<\/td>\r\n<td class=\"cremuneracao\">R$ 0,00 \/40h<\/td>\r\n<\/tr><tr>\r\n<td class=\"ccargos\">\r\n<span data-balloon-length=\"medium\" aria-label=\"Licenciatura em Ci\u00eancias Biol\u00f3gicas ou Naturais com P\u00f3s-gradua\u00e7\u00e3o Stricto Sensu\" data-balloon-pos=\"up\">Professor Substituto - Biologia Geral<\/span><\/td>\r\n<td class=\"cvagas\">01<\/td>\r\n<td class=\"cremuneracao\">R$ 0,00 \/40h<\/td>\r\n<\/tr><tr>\r\n<td class=\"ccargos\">\r\n<span data-balloon-length=\"medium\" aria-label=\"Gradua\u00e7\u00e3o em Hist\u00f3ria com P\u00f3s-gradua\u00e7\u00e3o Stricto Sensu\" data-balloon-pos=\"up\">Professor Substituto - Hist\u00f3ria da Amaz\u00f4nia<\/span><\/td>\r\n<td class=\"cvagas\">01<\/td>\r\n<td class=\"cremuneracao\">R$ 0,00 \/40h<\/td>\r\n<\/tr><tr>\r\n<td class=\"ccargos\">\r\n<span data-balloon-length=\"medium\" aria-label=\"Gradua\u00e7\u00e3o em Geografia com P\u00f3s-gradua\u00e7\u00e3o Stricto Sensu\" data-balloon-pos=\"up\">Professor Substituto - Geografia F\u00edsica e Cartografia<\/span><\/td>\r\n<td class=\"cvagas\">01<\/td>\r\n<td class=\"cremuneracao\">R$ 0,00 \/40h<\/td>\r\n<\/tr><tr>\r\n<td class=\"ccargos\">\r\n<span data-balloon-length=\"medium\" aria-label=\"Gradua\u00e7\u00e3o em Meteorologia com P\u00f3s-gradua\u00e7\u00e3o\" data-balloon-pos=\"up\">Professor Substituto - Meteorologia Sin\u00f3tica I e II. An\u00e1lise e Previs\u00e3o de Tempo, Meteorologia Tropical e Instrumentos Meteorol\u00f3gicos I e II<\/span><\/td>\r\n<td class=\"cvagas\">01<\/td>\r\n<td class=\"cremuneracao\">R$ 0,00 \/40h<\/td>\r\n<\/tr><tr>\r\n<td class=\"ccargos\">\r\n<span data-balloon-length=\"medium\" aria-label=\"Gradua\u00e7\u00e3o em Letras Alem\u00e3o com P\u00f3s-gradua\u00e7\u00e3o\" data-balloon-pos=\"up\">Professor Substituto - L\u00edngua Alem\u00e3, Lingu\u00edstica e Literatura Alem\u00e3<\/span><\/td>\r\n<td class=\"cvagas\">02<\/td>\r\n<td class=\"cremuneracao\">R$ 0,00 \/40h<\/td>\r\n<\/tr><tr>\r\n<td class=\"ccargos\">\r\n<span data-balloon-length=\"medium\" aria-label=\"P\u00f3s-gradua\u00e7\u00e3o Stricto Sensu em Engenharia Mec\u00e2nica ou Engenharia da Produ\u00e7\u00e3o\" data-balloon-pos=\"up\">Professor Substituto - Projetos Industriais e Ger\u00eancia da Produ\u00e7\u00e3o<\/span><\/td>\r\n<td class=\"cvagas\">01<\/td>\r\n<td class=\"cremuneracao\">R$ 0,00 \/40h<\/td>\r\n<\/tr><tr>\r\n<td class=\"ccargos\">\r\n<span data-balloon-length=\"medium\" aria-label=\"Gradua\u00e7\u00e3o em Arquitetura e Urbanismo com P\u00f3s-gradua\u00e7\u00e3o Stricto Sensu\" data-balloon-pos=\"up\">Professor Substituto - Representa\u00e7\u00e3o e Express\u00e3o em Arquitetura, Urbanismo e Paisagismo<\/span><\/td>\r\n<td class=\"cvagas\">01<\/td>\r\n<td class=\"cremuneracao\">R$ 0,00 \/40h<\/td>\r\n<\/tr><tr>\r\n<td class=\"ccargos\">\r\n<span data-balloon-length=\"medium\" aria-label=\"Gradua\u00e7\u00e3o e P\u00f3s-gradua\u00e7\u00e3o Stricto Sensu em Arquitetura e Urbanismo\" data-balloon-pos=\"up\">Professor Substituto - Teoria e Hist\u00f3ria da Arquitetura e do Urbanismo<\/span><\/td>\r\n<td class=\"cvagas\">01<\/td>\r\n<td class=\"cremuneracao\">R$ 0,00 \/40h<\/td>\r\n<\/tr><tr>\r\n<td class=\"ccargos\">\r\n<span data-balloon-length=\"medium\" aria-label=\"Gradua\u00e7\u00e3o em Engenharia ou F\u00edsica ou Matem\u00e1tica com P\u00f3s-gradua\u00e7\u00e3o\" data-balloon-pos=\"up\">Professor Substituto - Engenharia de Telecomunica\u00e7\u00f5es<\/span><\/td>\r\n<td class=\"cvagas\">02<\/td>\r\n<td class=\"cremuneracao\">R$ 0,00 \/40h<\/td>\r\n<\/tr><tr>\r\n<td class=\"ccargos\">\r\n<span data-balloon-length=\"medium\" aria-label=\"Gradua\u00e7\u00e3o em Engenharia da Computa\u00e7\u00e3o ou Engenharia de Telecomunica\u00e7\u00f5es ou El\u00e9trica com P\u00f3s-gradua\u00e7\u00e3o\" data-balloon-pos=\"up\">Professor Substituto - Engenharia da Computa\u00e7\u00e3o<\/span><\/td>\r\n<td class=\"cvagas\">01<\/td>\r\n<td class=\"cremuneracao\">R$ 0,00 \/40h<\/td>\r\n<\/tr><tr>\r\n<td class=\"ccargos\">\r\n<span data-balloon-length=\"medium\" aria-label=\"Gradua\u00e7\u00e3o em Engenharia Qu\u00edmica com P\u00f3s-gradua\u00e7\u00e3o Stricto Sensu\" data-balloon-pos=\"up\">Professor Substituto - Engenharia das Rea\u00e7\u00f5es Qu\u00edmicas e Termodin\u00e2mica Qu\u00edmica<\/span><\/td>\r\n<td class=\"cvagas\">01<\/td>\r\n<td class=\"cremuneracao\">R$ 0,00 \/40h<\/td>\r\n<\/tr><tr>\r\n<td class=\"ccargos\">\r\n<span data-balloon-length=\"medium\" aria-label=\"Gradua\u00e7\u00e3o em Matem\u00e1tica com P\u00f3s-gradua\u00e7\u00e3o Stricto Sensu\" data-balloon-pos=\"up\">Professor Substituto - Educa\u00e7\u00e3o Matem\u00e1tica<\/span><\/td>\r\n<td class=\"cvagas\">01<\/td>\r\n<td class=\"cremuneracao\">R$ 0,00 \/40h<\/td>\r\n<\/tr><tr>\r\n<td class=\"ccargos\">\r\n<span data-balloon-length=\"medium\" aria-label=\"Gradua\u00e7\u00e3o em Engenharia Civil com P\u00f3s-gradua\u00e7\u00e3o Stricto Sensu em Engenharia Estrutural ou Mec\u00e2nica das Estruturas\" data-balloon-pos=\"up\">Professor Substituto - Mec\u00e2nica das Estruturas com \u00canfase na Constru\u00e7\u00e3o Civil<\/span><\/td>\r\n<td class=\"cvagas\">01<\/td>\r\n<td class=\"cremuneracao\">R$ 0,00 \/40h<\/td>\r\n<\/tr><tr>\r\n<td class=\"ccargos\">\r\n<span data-balloon-length=\"medium\" aria-label=\"Gradua\u00e7\u00e3o em Letras L\u00edngua Inglesa ou Portugu\u00eas com P\u00f3s-gradua\u00e7\u00e3o\" data-balloon-pos=\"up\">Professor Substituto - Ensino e Aprendizagem de L\u00edngua Inglesa<\/span><\/td>\r\n<td class=\"cvagas\">02<\/td>\r\n<td class=\"cremuneracao\">R$ 0,00 \/40h<\/td>\r\n<\/tr><tr>\r\n<td class=\"ccargos\">\r\n<span data-balloon-length=\"medium\" aria-label=\"Gradua\u00e7\u00e3o em Letras L\u00edngua Portuguesa com P\u00f3s-gradua\u00e7\u00e3o Stricto Sensu\" data-balloon-pos=\"up\">Professor Substituto - Literatura e ensino em L\u00edngua Portuguesa: fundamentos, abordagens e pr\u00e1ticas<\/span><\/td>\r\n<td class=\"cvagas\">01<\/td>\r\n<td class=\"cremuneracao\">R$ 0,00 \/40h<\/td>\r\n<\/tr><tr>\r\n<td class=\"ccargos\">\r\n<span data-balloon-length=\"medium\" aria-label=\"Gradua\u00e7\u00e3o em Letras L\u00edngua Portuguesa com P\u00f3s-gradua\u00e7\u00e3o\" data-balloon-pos=\"up\">Professor Substituto - Educa\u00e7\u00e3o e L\u00edngua Portuguesa<\/span><\/td>\r\n<td class=\"cvagas\">01<\/td>\r\n<td class=\"cremuneracao\">R$ 0,00 \/40h<\/td>\r\n<\/tr><tr>\r\n<td class=\"ccargos\">\r\n<span data-balloon-length=\"medium\" aria-label=\"Gradua\u00e7\u00e3o em Biologia com P\u00f3s-gradua\u00e7\u00e3o na \u00e1rea de Ci\u00eancias Biol\u00f3gicas\" data-balloon-pos=\"up\">Professor Substituto - Ci\u00eancias Ambientais, Ecologia e Zoologia<\/span><\/td>\r\n<td class=\"cvagas\">01<\/td>\r\n<td class=\"cremuneracao\">R$ 0,00 \/40h<\/td>\r\n<\/tr>\r\n    <\/tbody>\r\n  <\/table>\r\n<\/div>"},"_links":{"self":[{"href":"https:\/\/www.agrobase.com.br\/concursos\/wp-json\/wp\/v2\/posts\/278560","targetHints":{"allow":["GET"]}}],"collection":[{"href":"https:\/\/www.agrobase.com.br\/concursos\/wp-json\/wp\/v2\/posts"}],"about":[{"href":"https:\/\/www.agrobase.com.br\/concursos\/wp-json\/wp\/v2\/types\/post"}],"author":[{"embeddable":true,"href":"https:\/\/www.agrobase.com.br\/concursos\/wp-json\/wp\/v2\/users\/7"}],"replies":[{"embeddable":true,"href":"https:\/\/www.agrobase.com.br\/concursos\/wp-json\/wp\/v2\/comments?post=278560"}],"version-history":[{"count":2,"href":"https:\/\/www.agrobase.com.br\/concursos\/wp-json\/wp\/v2\/posts\/278560\/revisions"}],"predecessor-version":[{"id":278569,"href":"https:\/\/www.agrobase.com.br\/concursos\/wp-json\/wp\/v2\/posts\/278560\/revisions\/278569"}],"wp:featuredmedia":[{"embeddable":true,"href":"https:\/\/www.agrobase.com.br\/concursos\/wp-json\/wp\/v2\/media\/278559"}],"wp:attachment":[{"href":"https:\/\/www.agrobase.com.br\/concursos\/wp-json\/wp\/v2\/media?parent=278560"}],"wp:term":[{"taxonomy":"category","embeddable":true,"href":"https:\/\/www.agrobase.com.br\/concursos\/wp-json\/wp\/v2\/categories?post=278560"},{"taxonomy":"post_tag","embeddable":true,"href":"https:\/\/www.agrobase.com.br\/concursos\/wp-json\/wp\/v2\/tags?post=278560"},{"taxonomy":"_amplo","embeddable":true,"href":"https:\/\/www.agrobase.com.br\/concursos\/wp-json\/wp\/v2\/_amplo?post=278560"},{"taxonomy":"destaque","embeddable":true,"href":"https:\/\/www.agrobase.com.br\/concursos\/wp-json\/wp\/v2\/destaque?post=278560"},{"taxonomy":"instituicoes","embeddable":true,"href":"https:\/\/www.agrobase.com.br\/concursos\/wp-json\/wp\/v2\/instituicoes?post=278560"}],"curies":[{"name":"wp","href":"https:\/\/api.w.org\/{rel}","templated":true}]}}