{"id":278544,"date":"2026-03-03T07:50:18","date_gmt":"2026-03-03T10:50:18","guid":{"rendered":"https:\/\/www.agrobase.com.br\/concursos\/?p=278544"},"modified":"2026-03-02T14:24:16","modified_gmt":"2026-03-02T17:24:16","slug":"prefeitura-bocaiuva-mg-selecao-publica-01-2026","status":"publish","type":"post","link":"https:\/\/www.agrobase.com.br\/concursos\/2026\/prefeitura-bocaiuva-mg-selecao-publica-01-2026\/","title":{"rendered":"Prefeitura Bocai\u00fava (MG) &#8211; Sele\u00e7\u00e3o P\u00fablica 01\/2026"},"content":{"rendered":"<h2>Informa\u00e7\u00f5es Gerais<\/h2>\n<p>A <strong>Prefeitura Municipal de Bocai\u00fava &#8211; MG<\/strong> publicou edital de <strong>Processo Seletivo P\u00fablico<\/strong> para a contrata\u00e7\u00e3o de <strong>Agentes Comunit\u00e1rios de Sa\u00fade<\/strong>. O certame \u00e9 executado pela Funda\u00e7\u00e3o de Apoio ao Desenvolvimento do Ensino Superior do Norte de Minas (FADENOR), por meio do Setor de Concursos T\u00e9cnicos (COTEC).<\/p>\n<p>S\u00e3o oferecidas <strong>68 vagas<\/strong> para o cargo de <strong>Agente Comunit\u00e1rio de Sa\u00fade<\/strong>, com exig\u00eancia de <strong>n\u00edvel m\u00e9dio completo<\/strong>, al\u00e9m de resid\u00eancia na \u00e1rea de atua\u00e7\u00e3o e conclus\u00e3o de curso de forma\u00e7\u00e3o inicial. A remunera\u00e7\u00e3o \u00e9 de <strong>R$ 3.036,00<\/strong>, com carga hor\u00e1ria de <strong>40 horas semanais<\/strong>.<\/p>\n<p>O processo seletivo est\u00e1 fundamentado na Lei Federal n\u00ba 11.350\/2006, na Lei Federal n\u00ba 13.595\/2018, na Emenda Constitucional n\u00ba 120\/2022 e em legisla\u00e7\u00f5es municipais espec\u00edficas, garantindo a regularidade e a transpar\u00eancia do certame.<\/p>\n<p>Trata-se de uma excelente oportunidade para profissionais da \u00e1rea da sa\u00fade comunit\u00e1ria que desejam atuar no munic\u00edpio de Bocai\u00fava, no norte de Minas Gerais. Continue a leitura para conferir todos os detalhes sobre inscri\u00e7\u00f5es, etapas de sele\u00e7\u00e3o e como acompanhar os resultados.<\/p>\n<h2>Inscri\u00e7\u00f5es<\/h2>\n<p>As inscri\u00e7\u00f5es para o Processo Seletivo da Prefeitura de Bocai\u00fava &#8211; MG ser\u00e3o realizadas <strong>exclusivamente pela internet<\/strong>, no endere\u00e7o eletr\u00f4nico <strong>https:\/\/cotec-fadenor.selecao.net.br\/<\/strong>, no per\u00edodo de <strong>09 de abril de 2026 a 08 de maio de 2026<\/strong>.<\/p>\n<p>Para se inscrever, o candidato dever\u00e1 acessar o site, preencher o <strong>Formul\u00e1rio de Inscri\u00e7\u00e3o<\/strong> conforme as instru\u00e7\u00f5es dispon\u00edveis e gerar o boleto banc\u00e1rio. O pagamento da taxa de inscri\u00e7\u00e3o dever\u00e1 ser efetuado <strong>at\u00e9 o \u00faltimo dia do per\u00edodo de inscri\u00e7\u00f5es<\/strong>. O valor da taxa est\u00e1 especificado no Anexo I do edital.<\/p>\n<p>O edital tamb\u00e9m prev\u00ea a possibilidade de <strong>pedido de isen\u00e7\u00e3o da taxa de inscri\u00e7\u00e3o<\/strong>, que dever\u00e1 ser realizado por meio de pr\u00e9-inscri\u00e7\u00e3o em per\u00edodo espec\u00edfico indicado no cronograma do certame. Os candidatos interessados devem consultar o edital para verificar os crit\u00e9rios e os documentos exigidos para a concess\u00e3o da isen\u00e7\u00e3o.<\/p>\n<p>\u00c9 importante destacar que o preenchimento do requerimento de inscri\u00e7\u00e3o, a entrega de documentos e o conhecimento das normas do edital s\u00e3o de <strong>responsabilidade \u00fanica e exclusiva do candidato<\/strong>. Recomenda-se acompanhar o status da inscri\u00e7\u00e3o diretamente no site da COTEC\/FADENOR.<\/p>\n<p>Leia o edital na \u00edntegra para conferir todos os procedimentos, prazos e condi\u00e7\u00f5es de participa\u00e7\u00e3o.<\/p>\n<h2>Etapas e Provas<\/h2>\n<p>O Processo Seletivo P\u00fablico da Prefeitura de Bocai\u00fava &#8211; MG ser\u00e1 composto por <strong>duas etapas<\/strong>:<\/p>\n<ul>\n<li><strong>Provas de M\u00faltipla Escolha<\/strong> \u2014 de car\u00e1ter <strong>eliminat\u00f3rio e classificat\u00f3rio<\/strong>. As provas ter\u00e3o dura\u00e7\u00e3o de <strong>3 (tr\u00eas) horas<\/strong>, incluindo o tempo para preenchimento da Folha de Respostas. A data de aplica\u00e7\u00e3o ser\u00e1 definida conforme o cronograma oficial do certame. As especifica\u00e7\u00f5es sobre disciplinas, n\u00famero de quest\u00f5es e pontua\u00e7\u00e3o est\u00e3o detalhadas no Anexo II do edital.<\/li>\n<li><strong>Curso Introdut\u00f3rio de Forma\u00e7\u00e3o Inicial<\/strong> \u2014 etapa obrigat\u00f3ria para os candidatos aprovados nas provas. Conforme o artigo 6\u00ba, inciso II, da Lei Federal n\u00ba 11.350\/2006, o exerc\u00edcio da atividade de Agente Comunit\u00e1rio de Sa\u00fade exige a <strong>conclus\u00e3o, com aproveitamento, de curso de forma\u00e7\u00e3o inicial com carga hor\u00e1ria m\u00ednima de 40 horas<\/strong>.<\/li>\n<\/ul>\n<p>A prova de m\u00faltipla escolha \u00e9 a principal etapa de sele\u00e7\u00e3o, sendo indispens\u00e1vel que o candidato atinja a pontua\u00e7\u00e3o m\u00ednima exigida para avan\u00e7ar no processo. Os conte\u00fados program\u00e1ticos e os crit\u00e9rios de aprova\u00e7\u00e3o est\u00e3o descritos nos anexos do edital.<\/p>\n<p>Consulte o edital completo para verificar o conte\u00fado program\u00e1tico detalhado, o cronograma de aplica\u00e7\u00e3o das provas e todas as regras de cada etapa.<\/p>\n<h2>Resultados e Gabarito<\/h2>\n<p>Os resultados do Processo Seletivo da Prefeitura de Bocai\u00fava &#8211; MG ser\u00e3o divulgados no site <strong>https:\/\/cotec-fadenor.selecao.net.br\/<\/strong> e na sede da Prefeitura Municipal.<\/p>\n<p>O cronograma de divulga\u00e7\u00e3o prev\u00ea as seguintes publica\u00e7\u00f5es:<\/p>\n<ul>\n<li><strong>Gabarito Oficial das Provas de M\u00faltipla Escolha:<\/strong> ser\u00e1 divulgado na internet e na sede da Prefeitura Municipal <strong>at\u00e9 o dia seguinte \u00e0 aplica\u00e7\u00e3o das provas<\/strong>.<\/li>\n<li><strong>Resultado Preliminar do Processo Seletivo:<\/strong> ser\u00e1 publicado conforme data prevista no cronograma oficial do edital.<\/li>\n<li><strong>Resultado Definitivo do Processo Seletivo:<\/strong> com a classifica\u00e7\u00e3o definitiva dos candidatos, ap\u00f3s an\u00e1lise dos recursos interpostos, conforme data prevista no cronograma oficial.<\/li>\n<\/ul>\n<p>Os candidatos ter\u00e3o direito a interpor <strong>recursos<\/strong> contra o gabarito e contra os resultados preliminares, nos prazos estabelecidos pelo edital. A classifica\u00e7\u00e3o definitiva ser\u00e1 divulgada ap\u00f3s a an\u00e1lise de todos os recursos.<\/p>\n<p>\u00c9 <strong>responsabilidade exclusiva do candidato<\/strong> acompanhar todas as publica\u00e7\u00f5es oficiais referentes ao processo seletivo, incluindo convoca\u00e7\u00f5es, retifica\u00e7\u00f5es e comunicados. Recomenda-se consultar regularmente o site da COTEC\/FADENOR e os canais oficiais da Prefeitura de Bocai\u00fava &#8211; MG para n\u00e3o perder nenhum prazo importante.<\/p>\n","protected":false},"excerpt":{"rendered":"<p>Proc. Seletivo Pref. Bocai\u00fava (MG) com edital publicado! 68 vagas p\/ Agente Comunit\u00e1rio de Sa\u00fade (M\u00e9dio\/T\u00e9c.). Inscri\u00e7\u00f5es a partir de 09\/04. Confira detalhes!<\/p>\n","protected":false},"author":7,"featured_media":278543,"comment_status":"open","ping_status":"open","sticky":false,"template":"","format":"standard","meta":{"_acf_changed":false,"_breakdance_hide_in_design_set":false,"_breakdance_tags":"","footnotes":""},"categories":[1],"tags":[50],"_amplo":[],"destaque":[],"instituicoes":[],"class_list":["post-278544","post","type-post","status-publish","format-standard","has-post-thumbnail","hentry","category-sem-categoria","tag-minas-gerais"],"acf":{"_tipo_vagas":"vagas","_numero_vagas":"","_quadro_vagas":"","_cargos":"diversos","_cargos_especificos":"","_salario_max":"R$ 3036","_abertura":"20260409","_encerramento":"20260508","_inscricoes":"https:\/\/cotec-fadenor.selecao.net.br\/","_executora_concurso":"","_instituicao_concurso":[],"_link_adicional":null,"_anexos":null,"_produtos":null,"_vagas":"68 vagas","_salario_min":"R$ 3036","_instituicao":"Prefeitura Municipal de Bocai\u00fava","_edital":"https:\/\/www.agrobase.com.br\/concursos\/wp-content\/uploads\/sites\/4\/2026\/03\/edital-01-2026-prefeitura-de-bocaiuva-mg.pdf","_anexos_edital":"https:\/\/www.agrobase.com.br\/concursos\/wp-content\/uploads\/sites\/4\/2026\/03\/anexos-edital-01-2026-prefeitura-de-bocaiuva-mg.pdf","_fund_incompleto":"","_fund_completo":"","_medio":"<div>\r\n<table class=\"quadro\">\r\n<thead>\r\n<tr>\r\n<th class=\"hcargo\">Cargo<\/th>\r\n<th class=\"hvagas\">Vagas<\/th>\r\n<th class=\"hremuneracao\">Remunera\u00e7\u00e3o<\/th>\r\n<\/tr>\r\n<\/thead>\r\n    <tbody>\r\n      <td class=\"ccargos\">\r\n<span data-balloon-length=\"medium\" aria-label=\"Ensino m\u00e9dio completo, resid\u00eancia na \u00e1rea de atua\u00e7\u00e3o e conclus\u00e3o de curso de forma\u00e7\u00e3o inicial\" data-balloon-pos=\"up\">Agente Comunit\u00e1rio de Sa\u00fade<\/span><\/td>\r\n<td class=\"cvagas\">68<\/td>\r\n<td class=\"cremuneracao\">R$ 3.036,00 \/40h<\/td>\r\n<\/tr>\r\n    <\/tbody>\r\n  <\/table>\r\n<\/div>","_superior":""},"_links":{"self":[{"href":"https:\/\/www.agrobase.com.br\/concursos\/wp-json\/wp\/v2\/posts\/278544","targetHints":{"allow":["GET"]}}],"collection":[{"href":"https:\/\/www.agrobase.com.br\/concursos\/wp-json\/wp\/v2\/posts"}],"about":[{"href":"https:\/\/www.agrobase.com.br\/concursos\/wp-json\/wp\/v2\/types\/post"}],"author":[{"embeddable":true,"href":"https:\/\/www.agrobase.com.br\/concursos\/wp-json\/wp\/v2\/users\/7"}],"replies":[{"embeddable":true,"href":"https:\/\/www.agrobase.com.br\/concursos\/wp-json\/wp\/v2\/comments?post=278544"}],"version-history":[{"count":1,"href":"https:\/\/www.agrobase.com.br\/concursos\/wp-json\/wp\/v2\/posts\/278544\/revisions"}],"predecessor-version":[{"id":278546,"href":"https:\/\/www.agrobase.com.br\/concursos\/wp-json\/wp\/v2\/posts\/278544\/revisions\/278546"}],"wp:featuredmedia":[{"embeddable":true,"href":"https:\/\/www.agrobase.com.br\/concursos\/wp-json\/wp\/v2\/media\/278543"}],"wp:attachment":[{"href":"https:\/\/www.agrobase.com.br\/concursos\/wp-json\/wp\/v2\/media?parent=278544"}],"wp:term":[{"taxonomy":"category","embeddable":true,"href":"https:\/\/www.agrobase.com.br\/concursos\/wp-json\/wp\/v2\/categories?post=278544"},{"taxonomy":"post_tag","embeddable":true,"href":"https:\/\/www.agrobase.com.br\/concursos\/wp-json\/wp\/v2\/tags?post=278544"},{"taxonomy":"_amplo","embeddable":true,"href":"https:\/\/www.agrobase.com.br\/concursos\/wp-json\/wp\/v2\/_amplo?post=278544"},{"taxonomy":"destaque","embeddable":true,"href":"https:\/\/www.agrobase.com.br\/concursos\/wp-json\/wp\/v2\/destaque?post=278544"},{"taxonomy":"instituicoes","embeddable":true,"href":"https:\/\/www.agrobase.com.br\/concursos\/wp-json\/wp\/v2\/instituicoes?post=278544"}],"curies":[{"name":"wp","href":"https:\/\/api.w.org\/{rel}","templated":true}]}}