{"id":278532,"date":"2026-03-03T07:20:40","date_gmt":"2026-03-03T10:20:40","guid":{"rendered":"https:\/\/www.agrobase.com.br\/concursos\/?p=278532"},"modified":"2026-03-02T12:54:21","modified_gmt":"2026-03-02T15:54:21","slug":"prefeitura-sao-joaquim-sc-selecao-simplificada-03-2026","status":"publish","type":"post","link":"https:\/\/www.agrobase.com.br\/concursos\/2026\/prefeitura-sao-joaquim-sc-selecao-simplificada-03-2026\/","title":{"rendered":"Prefeitura S\u00e3o Joaquim (SC) &#8211; Sele\u00e7\u00e3o Simplificada 03\/2026"},"content":{"rendered":"<h2>Informa\u00e7\u00f5es Gerais<\/h2>\n<p>A Prefeitura Municipal de <strong>S\u00e3o Joaquim<\/strong>, no estado de <strong>Santa Catarina<\/strong>, publicou o edital de abertura do <strong>Processo Seletivo Simplificado<\/strong> destinado ao preenchimento de vagas tempor\u00e1rias e forma\u00e7\u00e3o de <strong>cadastro reserva (CR)<\/strong> para atua\u00e7\u00e3o na administra\u00e7\u00e3o municipal. O certame atende necessidade de excepcional interesse p\u00fablico, conforme previsto no inciso IX do art. 37 da Constitui\u00e7\u00e3o Federal e nas Leis Municipais n\u00ba 4.183\/2013, 4.323\/2015 e 4.429\/2016.<\/p>\n<p>O processo seletivo oferece vagas exclusivamente para cargos de <strong>n\u00edvel superior<\/strong>, na \u00e1rea da <strong>Educa\u00e7\u00e3o<\/strong>, abrangendo diversas disciplinas e etapas de ensino. S\u00e3o ao todo <strong>12 cargos de Professor<\/strong>, incluindo Professor de Anos Iniciais, Educa\u00e7\u00e3o Infantil, Pr\u00e9-Escolar, Apoio (Segundo Professor), Arte, Ci\u00eancias, Educa\u00e7\u00e3o F\u00edsica, Geografia, Hist\u00f3ria, L\u00edngua Inglesa, L\u00edngua Portuguesa e Matem\u00e1tica.<\/p>\n<p>A remunera\u00e7\u00e3o varia de <strong>R$ 1.282,67<\/strong> a <strong>R$ 5.130,63<\/strong>, conforme o cargo e a carga hor\u00e1ria, que pode ser de <strong>10h, 20h ou 30h semanais<\/strong>. A contrata\u00e7\u00e3o ser\u00e1 em regime <strong>tempor\u00e1rio<\/strong>.<\/p>\n<p>A organiza\u00e7\u00e3o e execu\u00e7\u00e3o do certame ficam a cargo do <strong>Instituto Fucap<\/strong>. Confira a seguir todos os detalhes sobre inscri\u00e7\u00f5es, etapas de sele\u00e7\u00e3o e resultados.<\/p>\n<h2>Inscri\u00e7\u00f5es<\/h2>\n<p>As inscri\u00e7\u00f5es para o Processo Seletivo Simplificado da Prefeitura de S\u00e3o Joaquim \u2013 SC dever\u00e3o ser realizadas <strong>exclusivamente pela internet<\/strong>, por meio do site do Instituto Fucap, no endere\u00e7o <strong>https:\/\/www.institutofucap.org.br\/concursos<\/strong>.<\/p>\n<p>O per\u00edodo de inscri\u00e7\u00f5es vai do dia <strong>26 de fevereiro de 2026<\/strong> at\u00e9 as <strong>23h59 do dia 08 de mar\u00e7o de 2026<\/strong>. N\u00e3o ser\u00e3o aceitas inscri\u00e7\u00f5es via postal, por telex, fax, e-mail, extempor\u00e2neas, condicionais ou fora do prazo estabelecido.<\/p>\n<p>O valor da taxa de inscri\u00e7\u00e3o \u00e9 de:<\/p>\n<ul>\n<li><strong>R$ 50,00<\/strong> \u2014 para todos os cargos (n\u00edvel superior).<\/li>\n<\/ul>\n<p><strong>N\u00e3o ser\u00e3o aceitos pedidos de isen\u00e7\u00e3o da taxa de inscri\u00e7\u00e3o.<\/strong><\/p>\n<p>Cada candidato poder\u00e1 se inscrever para <strong>apenas 01 (um) cargo<\/strong>. O procedimento de inscri\u00e7\u00e3o consiste em:<\/p>\n<ul>\n<li>Acessar o site do Instituto Fucap e preencher o formul\u00e1rio de inscri\u00e7\u00e3o;<\/li>\n<li>Imprimir o boleto banc\u00e1rio gerado ao final do preenchimento;<\/li>\n<li>Efetuar o pagamento do boleto dentro do prazo estabelecido no edital.<\/li>\n<\/ul>\n<p>Recomenda-se que o candidato acompanhe o status da sua inscri\u00e7\u00e3o diretamente no site da banca organizadora e realize a leitura integral do edital para verificar todos os requisitos e procedimentos aplic\u00e1veis.<\/p>\n<h2>Etapas e Provas<\/h2>\n<p>O Processo Seletivo Simplificado da Prefeitura de S\u00e3o Joaquim \u2013 SC ser\u00e1 composto por <strong>uma \u00fanica etapa<\/strong>, aplic\u00e1vel a todos os candidatos inscritos:<\/p>\n<ul>\n<li><strong>Prova de Avalia\u00e7\u00e3o de T\u00edtulos e Experi\u00eancia Profissional (Tempo de Servi\u00e7o)<\/strong> \u2014 de car\u00e1ter <strong>classificat\u00f3rio<\/strong>. Nesta etapa, os candidatos ser\u00e3o pontuados com base na titula\u00e7\u00e3o acad\u00eamica apresentada e no tempo de servi\u00e7o comprovado na \u00e1rea do cargo pretendido. N\u00e3o h\u00e1 etapa de prova objetiva, prova pr\u00e1tica ou qualquer outra fase eliminat\u00f3ria.<\/li>\n<\/ul>\n<p>A classifica\u00e7\u00e3o ser\u00e1 elaborada com base no total de pontos obtidos por cada candidato, sendo apresentada em <strong>ordem decrescente de pontua\u00e7\u00e3o<\/strong>.<\/p>\n<p>Para conhecer os crit\u00e9rios detalhados de pontua\u00e7\u00e3o de t\u00edtulos e experi\u00eancia profissional, bem como os documentos exigidos para comprova\u00e7\u00e3o, consulte o edital completo dispon\u00edvel no site do Instituto Fucap.<\/p>\n<h2>Resultados e Gabarito<\/h2>\n<p>A divulga\u00e7\u00e3o dos resultados do Processo Seletivo Simplificado da Prefeitura de S\u00e3o Joaquim \u2013 SC seguir\u00e1 o cronograma previsto no edital. As principais datas de publica\u00e7\u00e3o s\u00e3o:<\/p>\n<ul>\n<li><strong>16 de mar\u00e7o de 2026<\/strong> \u2014 Publica\u00e7\u00e3o do extrato do resultado dos recursos administrativos interpostos;<\/li>\n<li><strong>16 de mar\u00e7o de 2026<\/strong> \u2014 Publica\u00e7\u00e3o do <strong>resultado definitivo<\/strong> do Processo Seletivo.<\/li>\n<\/ul>\n<p>A listagem de classifica\u00e7\u00e3o dos candidatos na Avalia\u00e7\u00e3o de T\u00edtulos e Experi\u00eancia Profissional (Tempo de Servi\u00e7o) ser\u00e1 elaborada com base no n\u00famero de pontos obtidos, apresentada em <strong>ordem decrescente de pontua\u00e7\u00e3o<\/strong>, e divulgada nos locais de publica\u00e7\u00f5es oficiais indicados no edital.<\/p>\n<p>Os resultados e demais atos referentes ao certame poder\u00e3o ser acompanhados pelo site do <strong>Instituto Fucap<\/strong> (<strong>https:\/\/www.institutofucap.org.br\/concursos<\/strong>) e pelos canais oficiais da Prefeitura Municipal de S\u00e3o Joaquim.<\/p>\n<p><strong>O acompanhamento de todas as publica\u00e7\u00f5es oficiais, incluindo convoca\u00e7\u00f5es, retifica\u00e7\u00f5es e homologa\u00e7\u00e3o, \u00e9 de responsabilidade exclusiva do candidato.<\/strong> Recomenda-se consultar periodicamente os canais indicados no edital para n\u00e3o perder nenhum prazo ou comunicado importante.<\/p>\n","protected":false},"excerpt":{"rendered":"<p>Inscri\u00e7\u00f5es abrem 26\/02! Sel. Simplificada Pref. S\u00e3o Joaquim (SC) p\/ Professores (Superior). Sal\u00e1rios at\u00e9 R$ 5.1k. Prepare-se e veja o edital!<\/p>\n","protected":false},"author":7,"featured_media":278531,"comment_status":"open","ping_status":"open","sticky":false,"template":"","format":"standard","meta":{"_acf_changed":false,"_breakdance_hide_in_design_set":false,"_breakdance_tags":"","footnotes":""},"categories":[6433,141,6434,111,100,20,6871,116,25],"tags":[61],"_amplo":[],"destaque":[],"instituicoes":[],"class_list":["post-278532","post","type-post","status-publish","format-standard","has-post-thumbnail","hentry","category-biologia-licenciatura","category-educacao-artistica","category-educacao-fisica-licenciatura","category-geografia","category-historia","category-letras","category-letras-ingles","category-matematica","category-pedagogia","tag-santa-catarina"],"acf":{"_tipo_vagas":"vagas","_numero_vagas":"","_quadro_vagas":"","_cargos":"diversos","_cargos_especificos":"","_salario_max":"R$ 5130.63","_abertura":"20260226","_encerramento":"20260308","_inscricoes":"https:\/\/www.institutofucap.org.br\/concursos","_executora_concurso":"","_instituicao_concurso":[],"_link_adicional":null,"_anexos":null,"_produtos":null,"_vagas":"Cadastro Reserva","_salario_min":"R$ 1282.67","_instituicao":"Prefeitura de S\u00e3o Joaquim","_edital":"https:\/\/www.agrobase.com.br\/concursos\/wp-content\/uploads\/sites\/4\/2026\/03\/edital-03-2026-prefeitura-de-sao-joaquim-sc.pdf","_anexos_edital":"","_fund_incompleto":"","_fund_completo":"","_medio":"","_superior":"<div>\r\n<table class=\"quadro\">\r\n<thead>\r\n<tr>\r\n<th class=\"hcargo\">Cargo<\/th>\r\n<th class=\"hvagas\">Vagas<\/th>\r\n<th class=\"hremuneracao\">Remunera\u00e7\u00e3o<\/th>\r\n<\/tr>\r\n<\/thead>\r\n    <tbody>\r\n      <tr>\r\n<td class=\"ccargos\">\r\n<span data-balloon-length=\"medium\" aria-label=\"Habilitado: Licenciatura Plena em Pedagogia. N\u00e3o Habilitado: Estudante (m\u00edn. 3\u00aa fase) ou Magist\u00e9rio completo.\" data-balloon-pos=\"up\">Professor - Anos Iniciais<\/span><\/td>\r\n<td class=\"cvagas\">CR<\/td>\r\n<td class=\"cremuneracao\">R$ 2.565,31 \/20h<\/td>\r\n<\/tr><tr>\r\n<td class=\"ccargos\">\r\n<span data-balloon-length=\"medium\" aria-label=\"Habilitado: Licenciatura Plena em Educa\u00e7\u00e3o Especial. N\u00e3o Habilitado: Estudante (m\u00edn. 3\u00aa fase).\" data-balloon-pos=\"up\">Professor - Apoio (Segundo Professor)<\/span><\/td>\r\n<td class=\"cvagas\">CR<\/td>\r\n<td class=\"cremuneracao\">R$ 2.565,31 \/20h<\/td>\r\n<\/tr><tr>\r\n<td class=\"ccargos\">\r\n<span data-balloon-length=\"medium\" aria-label=\"Habilitado: Licenciatura Plena na \u00e1rea. N\u00e3o Habilitado: Estudante (m\u00edn. 3\u00aa fase).\" data-balloon-pos=\"up\">Professor - Arte<\/span><\/td>\r\n<td class=\"cvagas\">CR<\/td>\r\n<td class=\"cremuneracao\">R$ 1.282,67 \/10h e 20h<\/td>\r\n<\/tr><tr>\r\n<td class=\"ccargos\">\r\n<span data-balloon-length=\"medium\" aria-label=\"Habilitado: Licenciatura Plena na \u00e1rea. N\u00e3o Habilitado: Estudante (m\u00edn. 3\u00aa fase).\" data-balloon-pos=\"up\">Professor - Ci\u00eancias<\/span><\/td>\r\n<td class=\"cvagas\">CR<\/td>\r\n<td class=\"cremuneracao\">R$ 1.282,67 \/10h e 20h<\/td>\r\n<\/tr><tr>\r\n<td class=\"ccargos\">\r\n<span data-balloon-length=\"medium\" aria-label=\"Habilitado: Licenciatura Plena na \u00e1rea e registro no CREF-SC.\" data-balloon-pos=\"up\">Professor - Educa\u00e7\u00e3o F\u00edsica<\/span><\/td>\r\n<td class=\"cvagas\">CR<\/td>\r\n<td class=\"cremuneracao\">R$ 1.282,67 \/10h e 20h<\/td>\r\n<\/tr><tr>\r\n<td class=\"ccargos\">\r\n<span data-balloon-length=\"medium\" aria-label=\"Habilitado: Licenciatura Plena em Pedagogia com hab. Educa\u00e7\u00e3o Infantil. N\u00e3o Habilitado: Estudante (m\u00edn. 3\u00aa fase) ou Magist\u00e9rio.\" data-balloon-pos=\"up\">Professor - Educa\u00e7\u00e3o Infantil<\/span><\/td>\r\n<td class=\"cvagas\">CR<\/td>\r\n<td class=\"cremuneracao\">R$ 2.565,31 \/20h e 30h<\/td>\r\n<\/tr><tr>\r\n<td class=\"ccargos\">\r\n<span data-balloon-length=\"medium\" aria-label=\"Habilitado: Licenciatura Plena na \u00e1rea. N\u00e3o Habilitado: Estudante (m\u00edn. 3\u00aa fase).\" data-balloon-pos=\"up\">Professor - Geografia<\/span><\/td>\r\n<td class=\"cvagas\">CR<\/td>\r\n<td class=\"cremuneracao\">R$ 1.282,67 \/10h e 20h<\/td>\r\n<\/tr><tr>\r\n<td class=\"ccargos\">\r\n<span data-balloon-length=\"medium\" aria-label=\"Habilitado: Licenciatura Plena na \u00e1rea. N\u00e3o Habilitado: Estudante (m\u00edn. 3\u00aa fase).\" data-balloon-pos=\"up\">Professor - Hist\u00f3ria<\/span><\/td>\r\n<td class=\"cvagas\">CR<\/td>\r\n<td class=\"cremuneracao\">R$ 1.282,67 \/10h e 20h<\/td>\r\n<\/tr><tr>\r\n<td class=\"ccargos\">\r\n<span data-balloon-length=\"medium\" aria-label=\"Habilitado: Licenciatura Plena na \u00e1rea. N\u00e3o Habilitado: Estudante (m\u00edn. 3\u00aa fase).\" data-balloon-pos=\"up\">Professor - L\u00edngua Inglesa<\/span><\/td>\r\n<td class=\"cvagas\">CR<\/td>\r\n<td class=\"cremuneracao\">R$ 1.282,67 \/10h e 20h<\/td>\r\n<\/tr><tr>\r\n<td class=\"ccargos\">\r\n<span data-balloon-length=\"medium\" aria-label=\"Habilitado: Licenciatura Plena na \u00e1rea. N\u00e3o Habilitado: Estudante (m\u00edn. 3\u00aa fase).\" data-balloon-pos=\"up\">Professor - L\u00edngua Portuguesa<\/span><\/td>\r\n<td class=\"cvagas\">CR<\/td>\r\n<td class=\"cremuneracao\">R$ 1.282,67 \/10h e 20h<\/td>\r\n<\/tr><tr>\r\n<td class=\"ccargos\">\r\n<span data-balloon-length=\"medium\" aria-label=\"Habilitado: Licenciatura Plena na \u00e1rea. N\u00e3o Habilitado: Estudante (m\u00edn. 3\u00aa fase).\" data-balloon-pos=\"up\">Professor - Matem\u00e1tica<\/span><\/td>\r\n<td class=\"cvagas\">CR<\/td>\r\n<td class=\"cremuneracao\">R$ 1.282,67 \/10h e 20h<\/td>\r\n<\/tr><tr>\r\n<td class=\"ccargos\">\r\n<span data-balloon-length=\"medium\" aria-label=\"Habilitado: Licenciatura Plena em Pedagogia com hab. Educa\u00e7\u00e3o Infantil. N\u00e3o Habilitado: Estudante (m\u00edn. 3\u00aa fase) ou Magist\u00e9rio.\" data-balloon-pos=\"up\">Professor - Pr\u00e9-Escolar<\/span><\/td>\r\n<td class=\"cvagas\">CR<\/td>\r\n<td class=\"cremuneracao\">R$ 2.565,31 \/20h<\/td>\r\n<\/tr>\r\n    <\/tbody>\r\n  <\/table>\r\n<\/div>"},"_links":{"self":[{"href":"https:\/\/www.agrobase.com.br\/concursos\/wp-json\/wp\/v2\/posts\/278532","targetHints":{"allow":["GET"]}}],"collection":[{"href":"https:\/\/www.agrobase.com.br\/concursos\/wp-json\/wp\/v2\/posts"}],"about":[{"href":"https:\/\/www.agrobase.com.br\/concursos\/wp-json\/wp\/v2\/types\/post"}],"author":[{"embeddable":true,"href":"https:\/\/www.agrobase.com.br\/concursos\/wp-json\/wp\/v2\/users\/7"}],"replies":[{"embeddable":true,"href":"https:\/\/www.agrobase.com.br\/concursos\/wp-json\/wp\/v2\/comments?post=278532"}],"version-history":[{"count":1,"href":"https:\/\/www.agrobase.com.br\/concursos\/wp-json\/wp\/v2\/posts\/278532\/revisions"}],"predecessor-version":[{"id":278534,"href":"https:\/\/www.agrobase.com.br\/concursos\/wp-json\/wp\/v2\/posts\/278532\/revisions\/278534"}],"wp:featuredmedia":[{"embeddable":true,"href":"https:\/\/www.agrobase.com.br\/concursos\/wp-json\/wp\/v2\/media\/278531"}],"wp:attachment":[{"href":"https:\/\/www.agrobase.com.br\/concursos\/wp-json\/wp\/v2\/media?parent=278532"}],"wp:term":[{"taxonomy":"category","embeddable":true,"href":"https:\/\/www.agrobase.com.br\/concursos\/wp-json\/wp\/v2\/categories?post=278532"},{"taxonomy":"post_tag","embeddable":true,"href":"https:\/\/www.agrobase.com.br\/concursos\/wp-json\/wp\/v2\/tags?post=278532"},{"taxonomy":"_amplo","embeddable":true,"href":"https:\/\/www.agrobase.com.br\/concursos\/wp-json\/wp\/v2\/_amplo?post=278532"},{"taxonomy":"destaque","embeddable":true,"href":"https:\/\/www.agrobase.com.br\/concursos\/wp-json\/wp\/v2\/destaque?post=278532"},{"taxonomy":"instituicoes","embeddable":true,"href":"https:\/\/www.agrobase.com.br\/concursos\/wp-json\/wp\/v2\/instituicoes?post=278532"}],"curies":[{"name":"wp","href":"https:\/\/api.w.org\/{rel}","templated":true}]}}