{"id":278502,"date":"2026-02-28T08:19:09","date_gmt":"2026-02-28T11:19:09","guid":{"rendered":"https:\/\/www.agrobase.com.br\/concursos\/?p=278502"},"modified":"2026-02-27T14:19:49","modified_gmt":"2026-02-27T17:19:49","slug":"prefeitura-vera-cruz-rn-selecao-simplificada-01-2026","status":"publish","type":"post","link":"https:\/\/www.agrobase.com.br\/concursos\/2026\/prefeitura-vera-cruz-rn-selecao-simplificada-01-2026\/","title":{"rendered":"Prefeitura Vera Cruz (RN) &#8211; Sele\u00e7\u00e3o Simplificada 01\/2026"},"content":{"rendered":"<h2>Informa\u00e7\u00f5es Gerais<\/h2>\n<p>O <strong>Munic\u00edpio de Vera Cruz\/RN<\/strong>, por meio da Secretaria Municipal de Educa\u00e7\u00e3o, publicou o edital do <strong>Processo Seletivo Simplificado (PSS)<\/strong> destinado \u00e0 contrata\u00e7\u00e3o tempor\u00e1ria de profissionais da \u00e1rea de educa\u00e7\u00e3o para atender \u00e0 necessidade de excepcional interesse p\u00fablico, com fundamento no art. 37, inciso IX, da Constitui\u00e7\u00e3o Federal e na Lei Municipal n\u00ba 760\/2026.<\/p>\n<p>O certame oferece <strong>81 vagas<\/strong> de n\u00edvel superior, todas com <strong>remunera\u00e7\u00e3o de R$ 2.500,00<\/strong> e carga hor\u00e1ria de 30 horas semanais. O regime de contrata\u00e7\u00e3o \u00e9 <strong>tempor\u00e1rio<\/strong>, por tempo determinado.<\/p>\n<p>As oportunidades contemplam os seguintes cargos: <strong>Professor \u2013 Pedagogo<\/strong> (66 vagas), <strong>Psicopedagogo<\/strong> (7 vagas), Professor de L\u00edngua Portuguesa (2 vagas), Professor de Matem\u00e1tica (2 vagas), <strong>Professor de Ci\u00eancias Biol\u00f3gicas<\/strong> (1 vaga), Professor de Hist\u00f3ria (1 vaga), Professor de L\u00edngua Inglesa (1 vaga) e Professor de Geografia (1 vaga). Destaque para a vaga de <strong>Professor de Ci\u00eancias Biol\u00f3gicas<\/strong>, aberta a licenciados em Ci\u00eancias Biol\u00f3gicas ou Ci\u00eancias com habilita\u00e7\u00e3o espec\u00edfica.<\/p>\n<p>Continue a leitura para conferir todos os detalhes sobre inscri\u00e7\u00f5es, etapas de sele\u00e7\u00e3o e como acompanhar os resultados do Processo Seletivo de Vera Cruz\/RN.<\/p>\n<h2>Inscri\u00e7\u00f5es<\/h2>\n<p>As inscri\u00e7\u00f5es para o Processo Seletivo Simplificado de Vera Cruz\/RN ser\u00e3o realizadas nos dias <strong>27 de fevereiro de 2026<\/strong> e <strong>02 de mar\u00e7o de 2026<\/strong>, das <strong>8h \u00e0s 15h<\/strong>.<\/p>\n<p>A inscri\u00e7\u00e3o poder\u00e1 ser feita de duas formas:<\/p>\n<ul>\n<li><strong>Presencialmente<\/strong>, na sede da Secretaria de Educa\u00e7\u00e3o do Munic\u00edpio de Vera Cruz\/RN, localizada na Rua Jer\u00f4nimo de Albuquerque, n\u00ba 1, Centro, Vera Cruz\/RN \u2013 CEP: 59184-000.<\/li>\n<li><strong>Por meio eletr\u00f4nico<\/strong>, atrav\u00e9s do e-mail <strong>veracruzseletivo@gmail.com<\/strong>, conforme disponibiliza\u00e7\u00e3o da Secretaria Municipal de Educa\u00e7\u00e3o.<\/li>\n<\/ul>\n<p>No ato da inscri\u00e7\u00e3o, o candidato dever\u00e1 apresentar os seguintes documentos:<\/p>\n<ul>\n<li>Ficha de inscri\u00e7\u00e3o devidamente preenchida;<\/li>\n<li>Documentos pessoais;<\/li>\n<li>Comprova\u00e7\u00e3o da escolaridade exigida para o cargo pretendido;<\/li>\n<li>T\u00edtulos e certificados para fins de pontua\u00e7\u00e3o na an\u00e1lise curricular.<\/li>\n<\/ul>\n<p>O edital n\u00e3o menciona cobran\u00e7a de taxa de inscri\u00e7\u00e3o, o que indica que a participa\u00e7\u00e3o \u00e9 <strong>gratuita<\/strong>. Ainda assim, recomenda-se a leitura integral do edital para confirmar todas as condi\u00e7\u00f5es e garantir que a documenta\u00e7\u00e3o esteja completa antes do ato de inscri\u00e7\u00e3o.<\/p>\n<h2>Etapas e Provas<\/h2>\n<p>O Processo Seletivo Simplificado de Vera Cruz\/RN ser\u00e1 composto por <strong>duas etapas<\/strong>, ambas de <strong>car\u00e1ter classificat\u00f3rio<\/strong>, com pontua\u00e7\u00e3o m\u00e1xima total de <strong>30 pontos<\/strong>. Confira os detalhes de cada fase:<\/p>\n<ul>\n<li><strong>1\u00aa Etapa \u2013 An\u00e1lise Curricular e de T\u00edtulos<\/strong>\n<ul>\n<li><strong>Car\u00e1ter:<\/strong> classificat\u00f3rio.<\/li>\n<li><strong>Formato:<\/strong> avalia\u00e7\u00e3o dos t\u00edtulos e certificados apresentados pelo candidato no ato da inscri\u00e7\u00e3o.<\/li>\n<li><strong>Pontua\u00e7\u00e3o m\u00e1xima:<\/strong> at\u00e9 <strong>20 pontos<\/strong>.<\/li>\n<li><strong>Observa\u00e7\u00e3o:<\/strong> somente ser\u00e3o convocados para a segunda etapa os candidatos classificados at\u00e9 o limite de <strong>2 (duas) vezes o n\u00famero de vagas<\/strong> oferecidas, respeitada a ordem de classifica\u00e7\u00e3o.<\/li>\n<\/ul>\n<\/li>\n<li><strong>2\u00aa Etapa \u2013 Entrevista T\u00e9cnica Estruturada<\/strong>\n<ul>\n<li><strong>Car\u00e1ter:<\/strong> classificat\u00f3rio.<\/li>\n<li><strong>Formato:<\/strong> entrevista com crit\u00e9rios objetivos de avalia\u00e7\u00e3o.<\/li>\n<li><strong>Pontua\u00e7\u00e3o m\u00e1xima:<\/strong> at\u00e9 <strong>10 pontos<\/strong>.<\/li>\n<li><strong>Data prevista:<\/strong> <strong>03 de mar\u00e7o de 2026<\/strong>.<\/li>\n<li><strong>Local:<\/strong> sede da Secretaria de Educa\u00e7\u00e3o do Munic\u00edpio de Vera Cruz\/RN \u2013 Rua Jer\u00f4nimo de Albuquerque, n\u00ba 1, Centro, Vera Cruz\/RN \u2013 CEP: 59184-000.<\/li>\n<\/ul>\n<\/li>\n<\/ul>\n<p>Consulte o edital completo para obter informa\u00e7\u00f5es detalhadas sobre os crit\u00e9rios de pontua\u00e7\u00e3o da an\u00e1lise de t\u00edtulos, os par\u00e2metros da entrevista t\u00e9cnica e o cronograma atualizado do certame.<\/p>\n<h2>Resultados e Gabarito<\/h2>\n<p>A classifica\u00e7\u00e3o final dos candidatos no Processo Seletivo Simplificado de Vera Cruz\/RN obedecer\u00e1 \u00e0 <strong>ordem decrescente da pontua\u00e7\u00e3o total obtida<\/strong>, considerando a soma das notas da an\u00e1lise curricular e de t\u00edtulos com a entrevista t\u00e9cnica estruturada.<\/p>\n<p>O <strong>resultado preliminar<\/strong> ser\u00e1 divulgado no <strong>Di\u00e1rio Oficial do Munic\u00edpio<\/strong> e\/ou no <strong>site oficial da Prefeitura de Vera Cruz\/RN<\/strong>. Ap\u00f3s a publica\u00e7\u00e3o, os candidatos ter\u00e3o o prazo de <strong>3 (tr\u00eas) dias corridos<\/strong> para interpor recurso contra a classifica\u00e7\u00e3o divulgada.<\/p>\n<p>O <strong>resultado final<\/strong> ser\u00e1 publicado ap\u00f3s o encerramento do prazo para interposi\u00e7\u00e3o e an\u00e1lise dos recursos apresentados, nos mesmos canais oficiais de divulga\u00e7\u00e3o.<\/p>\n<p>Para acompanhar todas as publica\u00e7\u00f5es referentes ao certame, os candidatos devem consultar regularmente:<\/p>\n<ul>\n<li>Di\u00e1rio Oficial do Munic\u00edpio de Vera Cruz\/RN;<\/li>\n<li>Site oficial da Prefeitura de Vera Cruz\/RN.<\/li>\n<\/ul>\n<p><strong>O acompanhamento de todas as publica\u00e7\u00f5es, convoca\u00e7\u00f5es e atualiza\u00e7\u00f5es referentes ao Processo Seletivo Simplificado \u00e9 de responsabilidade exclusiva do candidato.<\/strong> Fique atento aos prazos e canais oficiais para n\u00e3o perder nenhuma etapa importante.<\/p>\n","protected":false},"excerpt":{"rendered":"<p>Inscri\u00e7\u00f5es abrem 27\/02! Sel. Simplificada Pref. Vera Cruz (RN) p\/ Professores e Psicopedagogo (Superior). 81 vagas. Sal\u00e1rio R$2.5k. Veja o edital!<\/p>\n","protected":false},"author":7,"featured_media":278501,"comment_status":"open","ping_status":"open","sticky":false,"template":"","format":"standard","meta":{"_acf_changed":false,"_breakdance_hide_in_design_set":false,"_breakdance_tags":"","footnotes":""},"categories":[6433,111,100,20,6871,116,25,26],"tags":[57],"_amplo":[],"destaque":[],"instituicoes":[],"class_list":["post-278502","post","type-post","status-publish","format-standard","has-post-thumbnail","hentry","category-biologia-licenciatura","category-geografia","category-historia","category-letras","category-letras-ingles","category-matematica","category-pedagogia","category-psicologia","tag-rio-grande-do-norte"],"acf":{"_tipo_vagas":"vagas","_numero_vagas":"","_quadro_vagas":"","_cargos":"diversos","_cargos_especificos":"","_salario_max":"R$ 2500","_abertura":"20260227","_encerramento":"20260302","_inscricoes":"","_executora_concurso":"","_instituicao_concurso":[],"_link_adicional":null,"_anexos":null,"_produtos":null,"_vagas":"81 vagas","_salario_min":"R$ 2500","_instituicao":"Prefeitura de Vera Cruz","_edital":"https:\/\/www.agrobase.com.br\/concursos\/wp-content\/uploads\/sites\/4\/2026\/02\/edital-01-2026-prefeitura-de-vera-cruz-rn.pdf","_anexos_edital":"","_fund_incompleto":"","_fund_completo":"","_medio":"","_superior":"<div>\r\n<table class=\"quadro\">\r\n<thead>\r\n<tr>\r\n<th class=\"hcargo\">Cargo<\/th>\r\n<th class=\"hvagas\">Vagas<\/th>\r\n<th class=\"hremuneracao\">Remunera\u00e7\u00e3o<\/th>\r\n<\/tr>\r\n<\/thead>\r\n    <tbody>\r\n      <tr>\r\n<td class=\"ccargos\">\r\n<span data-balloon-length=\"medium\" aria-label=\"Licenciatura plena em Pedagogia\" data-balloon-pos=\"up\">Professor - Pedagogo<\/span><\/td>\r\n<td class=\"cvagas\">66<\/td>\r\n<td class=\"cremuneracao\">R$ 2.500,00 \/30h<\/td>\r\n<\/tr><tr>\r\n<td class=\"ccargos\">\r\n<span data-balloon-length=\"medium\" aria-label=\"Licenciatura plena em Letras \u2013 Portugu\u00eas\" data-balloon-pos=\"up\">Professor - L\u00edngua Portuguesa<\/span><\/td>\r\n<td class=\"cvagas\">02<\/td>\r\n<td class=\"cremuneracao\">R$ 2.500,00 \/30h<\/td>\r\n<\/tr><tr>\r\n<td class=\"ccargos\">\r\n<span data-balloon-length=\"medium\" aria-label=\"Licenciatura plena em Matem\u00e1tica\" data-balloon-pos=\"up\">Professor - Matem\u00e1tica<\/span><\/td>\r\n<td class=\"cvagas\">02<\/td>\r\n<td class=\"cremuneracao\">R$ 2.500,00 \/30h<\/td>\r\n<\/tr><tr>\r\n<td class=\"ccargos\">\r\n<span data-balloon-length=\"medium\" aria-label=\"Licenciatura plena em Ci\u00eancias Biol\u00f3gicas ou Ci\u00eancias com habilita\u00e7\u00e3o espec\u00edfica\" data-balloon-pos=\"up\">Professor - Ci\u00eancias Biol\u00f3gicas<\/span><\/td>\r\n<td class=\"cvagas\">01<\/td>\r\n<td class=\"cremuneracao\">R$ 2.500,00 \/30h<\/td>\r\n<\/tr><tr>\r\n<td class=\"ccargos\">\r\n<span data-balloon-length=\"medium\" aria-label=\"Licenciatura plena em Hist\u00f3ria\" data-balloon-pos=\"up\">Professor - Hist\u00f3ria<\/span><\/td>\r\n<td class=\"cvagas\">01<\/td>\r\n<td class=\"cremuneracao\">R$ 2.500,00 \/30h<\/td>\r\n<\/tr><tr>\r\n<td class=\"ccargos\">\r\n<span data-balloon-length=\"medium\" aria-label=\"Licenciatura plena em Letras \u2013 Ingl\u00eas\" data-balloon-pos=\"up\">Professor - L\u00edngua Inglesa<\/span><\/td>\r\n<td class=\"cvagas\">01<\/td>\r\n<td class=\"cremuneracao\">R$ 2.500,00 \/30h<\/td>\r\n<\/tr><tr>\r\n<td class=\"ccargos\">\r\n<span data-balloon-length=\"medium\" aria-label=\"Licenciatura plena em Geografia\" data-balloon-pos=\"up\">Professor - Geografia<\/span><\/td>\r\n<td class=\"cvagas\">01<\/td>\r\n<td class=\"cremuneracao\">R$ 2.500,00 \/30h<\/td>\r\n<\/tr><tr>\r\n<td class=\"ccargos\">\r\n<span data-balloon-length=\"medium\" aria-label=\"Curso superior em Pedagogia ou Psicologia, com especializa\u00e7\u00e3o em Psicopedagogia\" data-balloon-pos=\"up\">Psicopedagogo<\/span><\/td>\r\n<td class=\"cvagas\">07<\/td>\r\n<td class=\"cremuneracao\">R$ 2.500,00 \/30h<\/td>\r\n<\/tr>\r\n    <\/tbody>\r\n  <\/table>\r\n<\/div>"},"_links":{"self":[{"href":"https:\/\/www.agrobase.com.br\/concursos\/wp-json\/wp\/v2\/posts\/278502","targetHints":{"allow":["GET"]}}],"collection":[{"href":"https:\/\/www.agrobase.com.br\/concursos\/wp-json\/wp\/v2\/posts"}],"about":[{"href":"https:\/\/www.agrobase.com.br\/concursos\/wp-json\/wp\/v2\/types\/post"}],"author":[{"embeddable":true,"href":"https:\/\/www.agrobase.com.br\/concursos\/wp-json\/wp\/v2\/users\/7"}],"replies":[{"embeddable":true,"href":"https:\/\/www.agrobase.com.br\/concursos\/wp-json\/wp\/v2\/comments?post=278502"}],"version-history":[{"count":1,"href":"https:\/\/www.agrobase.com.br\/concursos\/wp-json\/wp\/v2\/posts\/278502\/revisions"}],"predecessor-version":[{"id":278504,"href":"https:\/\/www.agrobase.com.br\/concursos\/wp-json\/wp\/v2\/posts\/278502\/revisions\/278504"}],"wp:featuredmedia":[{"embeddable":true,"href":"https:\/\/www.agrobase.com.br\/concursos\/wp-json\/wp\/v2\/media\/278501"}],"wp:attachment":[{"href":"https:\/\/www.agrobase.com.br\/concursos\/wp-json\/wp\/v2\/media?parent=278502"}],"wp:term":[{"taxonomy":"category","embeddable":true,"href":"https:\/\/www.agrobase.com.br\/concursos\/wp-json\/wp\/v2\/categories?post=278502"},{"taxonomy":"post_tag","embeddable":true,"href":"https:\/\/www.agrobase.com.br\/concursos\/wp-json\/wp\/v2\/tags?post=278502"},{"taxonomy":"_amplo","embeddable":true,"href":"https:\/\/www.agrobase.com.br\/concursos\/wp-json\/wp\/v2\/_amplo?post=278502"},{"taxonomy":"destaque","embeddable":true,"href":"https:\/\/www.agrobase.com.br\/concursos\/wp-json\/wp\/v2\/destaque?post=278502"},{"taxonomy":"instituicoes","embeddable":true,"href":"https:\/\/www.agrobase.com.br\/concursos\/wp-json\/wp\/v2\/instituicoes?post=278502"}],"curies":[{"name":"wp","href":"https:\/\/api.w.org\/{rel}","templated":true}]}}