{"id":278493,"date":"2026-03-02T08:30:01","date_gmt":"2026-03-02T11:30:01","guid":{"rendered":"https:\/\/www.agrobase.com.br\/concursos\/?p=278493"},"modified":"2026-02-27T14:11:15","modified_gmt":"2026-02-27T17:11:15","slug":"prefeitura-mogi-mirim-sp-concurso-01-2026","status":"publish","type":"post","link":"https:\/\/www.agrobase.com.br\/concursos\/2026\/prefeitura-mogi-mirim-sp-concurso-01-2026\/","title":{"rendered":"Prefeitura Mogi Mirim (SP) &#8211; Concurso 01\/2026"},"content":{"rendered":"<h2>Informa\u00e7\u00f5es Gerais<\/h2>\n<p>A <strong>Prefeitura Municipal de Mogi Mirim<\/strong>, no interior do Estado de S\u00e3o Paulo, publicou edital de <strong>Concurso P\u00fablico<\/strong> para provimento de vagas e forma\u00e7\u00e3o de cadastro reserva em diversos empregos p\u00fablicos de <strong>n\u00edvel superior<\/strong>. O certame \u00e9 organizado pelo <strong>IBAM \u2013 Instituto Brasileiro de Administra\u00e7\u00e3o Municipal<\/strong>, e as contrata\u00e7\u00f5es ser\u00e3o realizadas sob o regime da <strong>Consolida\u00e7\u00e3o das Leis do Trabalho (CLT)<\/strong>, conforme previsto na Lei Complementar n\u00ba 205\/2006.<\/p>\n<p>Ao todo, s\u00e3o oferecidas <strong>07 vagas imediatas<\/strong>, al\u00e9m de forma\u00e7\u00e3o de <strong>cadastro reserva (CR)<\/strong> para todos os cargos, abrangendo oportunidades que poder\u00e3o surgir durante a validade do concurso. As remunera\u00e7\u00f5es variam de <strong>R$ 3.089,98 a R$ 6.099,06<\/strong>, com jornadas de trabalho de 30 a 40 horas semanais.<\/p>\n<p>O concurso contempla uma ampla gama de \u00e1reas profissionais. Entre os cargos dispon\u00edveis est\u00e3o Analista de Tecnologia da Informa\u00e7\u00e3o, Assistente Social, Auditor de Controle Interno, Auditor Fiscal de Rendas, Contador, Economista, Estat\u00edstico, Fisioterapeuta, Int\u00e9rprete de Libras, Psic\u00f3logo e Soci\u00f3logo. Merecem destaque especial as vagas para <strong>Nutricionista<\/strong> (01 vaga imediata, remunera\u00e7\u00e3o de R$ 4.862,12) e para <strong>Analista de Geoprocessamento<\/strong> (cadastro reserva, remunera\u00e7\u00e3o de R$ 6.099,06), cargo que aceita forma\u00e7\u00e3o em <strong>Agronomia<\/strong>, entre outras gradua\u00e7\u00f5es \u2014 oportunidades de grande interesse para profissionais das ci\u00eancias agr\u00e1rias e da nutri\u00e7\u00e3o.<\/p>\n<p>Confira a seguir todas as informa\u00e7\u00f5es sobre inscri\u00e7\u00f5es, etapas de sele\u00e7\u00e3o e acompanhamento de resultados para se preparar da melhor forma para este certame.<\/p>\n<h2>Inscri\u00e7\u00f5es<\/h2>\n<p>As inscri\u00e7\u00f5es para o Concurso P\u00fablico da Prefeitura de Mogi Mirim est\u00e3o previstas para o per\u00edodo de <strong>26 de fevereiro de 2026 at\u00e9 as 23h59min do dia 26 de mar\u00e7o de 2026<\/strong> (hor\u00e1rio de Bras\u00edlia), sendo realizadas <strong>exclusivamente pela internet<\/strong>.<\/p>\n<p>Para se inscrever, o candidato dever\u00e1 seguir os seguintes passos:<\/p>\n<ul>\n<li>Acessar o site <strong>www.ibamsp-concursos.org.br<\/strong>;<\/li>\n<li>Localizar o link <strong>&#8220;\u00c1rea do Candidato&#8221;<\/strong> referente a este Concurso P\u00fablico;<\/li>\n<li>Clicar em <strong>&#8220;Inscri\u00e7\u00e3o Online&#8221;<\/strong> e preencher o formul\u00e1rio com os dados solicitados;<\/li>\n<li>Gerar o boleto banc\u00e1rio para pagamento da taxa de inscri\u00e7\u00e3o.<\/li>\n<\/ul>\n<p>A efetiva\u00e7\u00e3o da inscri\u00e7\u00e3o est\u00e1 condicionada ao pagamento do boleto banc\u00e1rio, que dever\u00e1 ser quitado <strong>at\u00e9 o dia 27 de mar\u00e7o de 2026<\/strong>, respeitando-se a data de vencimento impressa no boleto e o hor\u00e1rio de funcionamento banc\u00e1rio. Inscri\u00e7\u00f5es cujo boleto n\u00e3o for pago dentro desse prazo n\u00e3o ser\u00e3o confirmadas.<\/p>\n<p>Ap\u00f3s a realiza\u00e7\u00e3o da inscri\u00e7\u00e3o e do pagamento, \u00e9 fundamental que o candidato acompanhe o status de sua inscri\u00e7\u00e3o por meio da <strong>\u00c1rea do Candidato<\/strong> no site do IBAM, verificando se o pagamento foi processado corretamente e se a inscri\u00e7\u00e3o foi deferida.<\/p>\n<p>Recomendamos a leitura integral do edital para verificar os valores das taxas de inscri\u00e7\u00e3o por cargo, os crit\u00e9rios e procedimentos para solicita\u00e7\u00e3o de <strong>isen\u00e7\u00e3o da taxa<\/strong>, bem como demais orienta\u00e7\u00f5es espec\u00edficas sobre o processo de inscri\u00e7\u00e3o.<\/p>\n<h2>Etapas e Provas<\/h2>\n<p>O processo de sele\u00e7\u00e3o do Concurso P\u00fablico da Prefeitura de Mogi Mirim ser\u00e1 composto por duas etapas:<\/p>\n<ul>\n<li><strong>Prova Objetiva<\/strong> \u2014 de car\u00e1ter <strong>eliminat\u00f3rio e classificat\u00f3rio<\/strong>, aplicada a todos os candidatos inscritos. A data prevista para realiza\u00e7\u00e3o \u00e9 <strong>26 de abril de 2026<\/strong>. Os cargos ser\u00e3o divididos em dois blocos (Bloco A e Bloco B), com hor\u00e1rios de aplica\u00e7\u00e3o distintos, definidos a crit\u00e9rio do IBAM. Os candidatos devem ficar atentos \u00e0 convoca\u00e7\u00e3o oficial para conferir o bloco, hor\u00e1rio e local de prova correspondentes ao seu cargo.<\/li>\n<li><strong>Prova de T\u00edtulos<\/strong> \u2014 de car\u00e1ter exclusivamente <strong>classificat\u00f3rio<\/strong>, destinada aos candidatos habilitados na Prova Objetiva. Nesta etapa, ser\u00e3o avaliados t\u00edtulos acad\u00eamicos e de forma\u00e7\u00e3o complementar, conforme crit\u00e9rios e pontua\u00e7\u00f5es estabelecidos no edital. Por ser classificat\u00f3ria, a Prova de T\u00edtulos n\u00e3o elimina candidatos, mas pode alterar significativamente a posi\u00e7\u00e3o na classifica\u00e7\u00e3o final.<\/li>\n<\/ul>\n<p>Quanto \u00e0 <strong>Prova Objetiva<\/strong>, ela ser\u00e1 composta por quest\u00f5es de m\u00faltipla escolha abrangendo disciplinas de conhecimentos gerais e espec\u00edficos, de acordo com o cargo pretendido. Os conte\u00fados program\u00e1ticos, a quantidade de quest\u00f5es por disciplina, a pontua\u00e7\u00e3o total e os crit\u00e9rios de aprova\u00e7\u00e3o (nota m\u00ednima) est\u00e3o detalhados no edital.<\/p>\n<p>Recomendamos fortemente a consulta ao edital completo para verificar o <strong>conte\u00fado program\u00e1tico<\/strong> de cada cargo, os crit\u00e9rios de habilita\u00e7\u00e3o em cada etapa e o cronograma detalhado de aplica\u00e7\u00e3o das provas.<\/p>\n<h2>Resultados e Gabarito<\/h2>\n<p>Todos os atos oficiais relativos ao Concurso P\u00fablico da Prefeitura de Mogi Mirim \u2014 incluindo convoca\u00e7\u00f5es para provas, avisos e divulga\u00e7\u00e3o de resultados \u2014 ser\u00e3o publicados nos seguintes canais:<\/p>\n<ul>\n<li><strong>Di\u00e1rio Oficial do Munic\u00edpio<\/strong>, dispon\u00edvel em <strong>www.mogimirim.sp.gov.br<\/strong>;<\/li>\n<li><strong>Site do IBAM<\/strong>, em <strong>www.ibamsp-concursos.org.br<\/strong>.<\/li>\n<\/ul>\n<p>Ap\u00f3s a aplica\u00e7\u00e3o da Prova Objetiva, ser\u00e1 divulgado o <strong>gabarito preliminar<\/strong>, abrindo-se prazo para interposi\u00e7\u00e3o de recursos. Em seguida, ser\u00e1 publicado o <strong>gabarito definitivo<\/strong>, j\u00e1 com as eventuais altera\u00e7\u00f5es decorrentes da an\u00e1lise dos recursos. Os resultados preliminares e definitivos de cada etapa (Prova Objetiva e Prova de T\u00edtulos) tamb\u00e9m seguir\u00e3o essa din\u00e2mica de publica\u00e7\u00e3o e prazo recursal.<\/p>\n<p>A <strong>classifica\u00e7\u00e3o final<\/strong> dos candidatos ser\u00e1 elaborada com base na pontua\u00e7\u00e3o obtida na Prova Objetiva somada \u00e0 pontua\u00e7\u00e3o da Prova de T\u00edtulos, observados os crit\u00e9rios de desempate previstos no edital. Em caso de empate, ser\u00e3o aplicados os crit\u00e9rios de desempate definidos no edital, que o candidato deve consultar integralmente.<\/p>\n<p>O <strong>resultado final do concurso ser\u00e1 homologado pelo Prefeito de Mogi Mirim<\/strong> e publicado no Di\u00e1rio Oficial do Munic\u00edpio. A homologa\u00e7\u00e3o \u00e9 o ato administrativo que encerra oficialmente o certame e valida a lista definitiva de aprovados e classificados.<\/p>\n<p>O <strong>prazo de validade<\/strong> deste Concurso P\u00fablico \u00e9 de <strong>02 (dois) anos<\/strong>, contados a partir da data de homologa\u00e7\u00e3o, podendo ser <strong>prorrogado por igual per\u00edodo<\/strong>, a crit\u00e9rio da Administra\u00e7\u00e3o Municipal.<\/p>\n<p><strong>Aten\u00e7\u00e3o:<\/strong> o acompanhamento de todas as publica\u00e7\u00f5es, convoca\u00e7\u00f5es e prazos oficiais \u00e9 de <strong>responsabilidade exclusiva do candidato<\/strong>. Recomenda-se consultar regularmente os canais oficiais indicados para n\u00e3o perder nenhuma etapa ou prazo importante do certame.<\/p>\n","protected":false},"excerpt":{"rendered":"<p>Concurso Pref. Mogi Mirim (SP) com edital publicado! Vagas p\/ Analista TI e Auditor (Superior). Inscri\u00e7\u00f5es a partir de 26\/02. Sal\u00e1rios at\u00e9 R$6.1k. Confira!<\/p>\n","protected":false},"author":7,"featured_media":278492,"comment_status":"open","ping_status":"open","sticky":false,"template":"","format":"standard","meta":{"_acf_changed":false,"_breakdance_hide_in_design_set":false,"_breakdance_tags":"","footnotes":""},"categories":[3,4,126,9,121,10,117,151,6048,136,18,111,23,26,101,159],"tags":[62],"_amplo":[],"destaque":[],"instituicoes":[],"class_list":["post-278493","post","type-post","status-publish","format-standard","has-post-thumbnail","hentry","category-administracao","category-agronomia","category-ciencia-computacao","category-ciencias-contabeis","category-ciencias-sociais","category-direito","category-economia","category-engenharia-computacao","category-engenharia-de-agrimensura","category-estatistica","category-fisioterapia","category-geografia","category-nutricao","category-psicologia","category-servico-social","category-tecnologia-da-informacao","tag-sao-paulo"],"acf":{"_tipo_vagas":"vagas","_numero_vagas":"","_quadro_vagas":"","_cargos":"diversos","_cargos_especificos":"","_salario_max":"R$ 6099.06","_abertura":"20260226","_encerramento":"20260326","_inscricoes":"https:\/\/www.ibamsp-concursos.org.br","_executora_concurso":"","_instituicao_concurso":[],"_link_adicional":null,"_anexos":null,"_produtos":null,"_vagas":"07 vagas + CR","_salario_min":"R$ 3089.98","_instituicao":"Prefeitura de Mogi Mirim","_edital":"https:\/\/www.agrobase.com.br\/concursos\/wp-content\/uploads\/sites\/4\/2026\/02\/edital-01-2026-prefeitura-de-mogi-mirim-sp.pdf","_anexos_edital":"https:\/\/www.agrobase.com.br\/concursos\/wp-content\/uploads\/sites\/4\/2026\/02\/anexos-edital-01-2026-prefeitura-de-mogi-mirim-sp.pdf","_fund_incompleto":"","_fund_completo":"","_medio":"","_superior":"<div>\r\n<table class=\"quadro\">\r\n<thead>\r\n<tr>\r\n<th class=\"hcargo\">Cargo<\/th>\r\n<th class=\"hvagas\">Vagas<\/th>\r\n<th class=\"hremuneracao\">Remunera\u00e7\u00e3o<\/th>\r\n<\/tr>\r\n<\/thead>\r\n    <tbody>\r\n      <tr>\r\n<td class=\"ccargos\">\r\n<span data-balloon-length=\"medium\" aria-label=\"Ensino Superior completo em Engenharia Cartogr\u00e1fica, Agronomia, Geografia ou forma\u00e7\u00e3o superior com especializa\u00e7\u00e3o em Geoprocessamento (m\u00ednimo 360 horas) e registro profissional\" data-balloon-pos=\"up\">Analista de Geoprocessamento<\/span><\/td>\r\n<td class=\"cvagas\">CR<\/td>\r\n<td class=\"cremuneracao\">R$ 6.099,06 \/40h<\/td>\r\n<\/tr><tr>\r\n<td class=\"ccargos\">\r\n<span data-balloon-length=\"medium\" aria-label=\"Ensino Superior em Ci\u00eancia da Computa\u00e7\u00e3o ou An\u00e1lise de Desenvolvimento de Sistemas ou Sistema de Informa\u00e7\u00e3o ou Engenharia da Computa\u00e7\u00e3o ou Tecnologia da Informa\u00e7\u00e3o\" data-balloon-pos=\"up\">Analista de Tecnologia de Informa\u00e7\u00e3o<\/span><\/td>\r\n<td class=\"cvagas\">01<\/td>\r\n<td class=\"cremuneracao\">R$ 6.099,06 \/40h<\/td>\r\n<\/tr><tr>\r\n<td class=\"ccargos\">\r\n<span data-balloon-length=\"medium\" aria-label=\"Ensino Superior em Servi\u00e7o Social com registro profissional ativo\" data-balloon-pos=\"up\">Assistente Social<\/span><\/td>\r\n<td class=\"cvagas\">01<\/td>\r\n<td class=\"cremuneracao\">R$ 4.862,12 \/30h<\/td>\r\n<\/tr><tr>\r\n<td class=\"ccargos\">\r\n<span data-balloon-length=\"medium\" aria-label=\"Ensino Superior em Administra\u00e7\u00e3o, Ci\u00eancias Cont\u00e1beis, Direito ou Economia\" data-balloon-pos=\"up\">Auditor de Controle Interno<\/span><\/td>\r\n<td class=\"cvagas\">CR<\/td>\r\n<td class=\"cremuneracao\">R$ 6.099,06 \/40h<\/td>\r\n<\/tr><tr>\r\n<td class=\"ccargos\">\r\n<span data-balloon-length=\"medium\" aria-label=\"Ensino Superior Completo, preferencialmente em Ci\u00eancias Cont\u00e1beis, Economia, Administra\u00e7\u00e3o, An\u00e1lise de Sistemas e ou Direito\" data-balloon-pos=\"up\">Auditor Fiscal de Rendas<\/span><\/td>\r\n<td class=\"cvagas\">01<\/td>\r\n<td class=\"cremuneracao\">R$ 6.099,06 \/40h<\/td>\r\n<\/tr><tr>\r\n<td class=\"ccargos\">\r\n<span data-balloon-length=\"medium\" aria-label=\"Ensino Superior em Contabilidade com registro profissional ativo\" data-balloon-pos=\"up\">Contador<\/span><\/td>\r\n<td class=\"cvagas\">01<\/td>\r\n<td class=\"cremuneracao\">R$ 5.445,59 \/40h<\/td>\r\n<\/tr><tr>\r\n<td class=\"ccargos\">\r\n<span data-balloon-length=\"medium\" aria-label=\"Ensino Superior Completa em Economia e com registro ativo no respectivo conselho de categoria\" data-balloon-pos=\"up\">Economista<\/span><\/td>\r\n<td class=\"cvagas\">CR<\/td>\r\n<td class=\"cremuneracao\">R$ 6.099,06 \/40h<\/td>\r\n<\/tr><tr>\r\n<td class=\"ccargos\">\r\n<span data-balloon-length=\"medium\" aria-label=\"Ensino Superior completo em Estat\u00edstica e registro profissional no \u00d3rg\u00e3o Regulamentador da profiss\u00e3o\" data-balloon-pos=\"up\">Estat\u00edstico<\/span><\/td>\r\n<td class=\"cvagas\">CR<\/td>\r\n<td class=\"cremuneracao\">R$ 4.862,12 \/40h<\/td>\r\n<\/tr><tr>\r\n<td class=\"ccargos\">\r\n<span data-balloon-length=\"medium\" aria-label=\"Ensino Superior em Fisioterapia com registro profissional ativo\" data-balloon-pos=\"up\">Fisioterapeuta<\/span><\/td>\r\n<td class=\"cvagas\">01<\/td>\r\n<td class=\"cremuneracao\">R$ 4.862,12 \/30h<\/td>\r\n<\/tr><tr>\r\n<td class=\"ccargos\">\r\n<span data-balloon-length=\"medium\" aria-label=\"Ensino superior completo, com cursos de educa\u00e7\u00e3o profissional reconhecidos ou cursos de extens\u00e3o universit\u00e1ria\/forma\u00e7\u00e3o continuada\" data-balloon-pos=\"up\">Int\u00e9rprete de L\u00edngua Brasileira de Sinais - Libras<\/span><\/td>\r\n<td class=\"cvagas\">CR<\/td>\r\n<td class=\"cremuneracao\">R$ 3.089,98 \/40h<\/td>\r\n<\/tr><tr>\r\n<td class=\"ccargos\">\r\n<span data-balloon-length=\"medium\" aria-label=\"Ensino Superior em Nutri\u00e7\u00e3o com registro profissional ativo\" data-balloon-pos=\"up\">Nutricionista<\/span><\/td>\r\n<td class=\"cvagas\">01<\/td>\r\n<td class=\"cremuneracao\">R$ 4.862,12 \/30h<\/td>\r\n<\/tr><tr>\r\n<td class=\"ccargos\">\r\n<span data-balloon-length=\"medium\" aria-label=\"Ensino Superior em Psicologia com registro profissional ativo\" data-balloon-pos=\"up\">Psic\u00f3logo<\/span><\/td>\r\n<td class=\"cvagas\">01<\/td>\r\n<td class=\"cremuneracao\">R$ 4.862,12 \/30h<\/td>\r\n<\/tr><tr>\r\n<td class=\"ccargos\">\r\n<span data-balloon-length=\"medium\" aria-label=\"Ensino Superior completo em Ci\u00eancias Sociais, com especializa\u00e7\u00e3o em Sociologia e registro profissional no \u00d3rg\u00e3o Regulamentador da profiss\u00e3o\" data-balloon-pos=\"up\">Soci\u00f3logo<\/span><\/td>\r\n<td class=\"cvagas\">CR<\/td>\r\n<td class=\"cremuneracao\">R$ 4.862,12 \/40h<\/td>\r\n<\/tr>\r\n    <\/tbody>\r\n  <\/table>\r\n<\/div>"},"_links":{"self":[{"href":"https:\/\/www.agrobase.com.br\/concursos\/wp-json\/wp\/v2\/posts\/278493","targetHints":{"allow":["GET"]}}],"collection":[{"href":"https:\/\/www.agrobase.com.br\/concursos\/wp-json\/wp\/v2\/posts"}],"about":[{"href":"https:\/\/www.agrobase.com.br\/concursos\/wp-json\/wp\/v2\/types\/post"}],"author":[{"embeddable":true,"href":"https:\/\/www.agrobase.com.br\/concursos\/wp-json\/wp\/v2\/users\/7"}],"replies":[{"embeddable":true,"href":"https:\/\/www.agrobase.com.br\/concursos\/wp-json\/wp\/v2\/comments?post=278493"}],"version-history":[{"count":1,"href":"https:\/\/www.agrobase.com.br\/concursos\/wp-json\/wp\/v2\/posts\/278493\/revisions"}],"predecessor-version":[{"id":278495,"href":"https:\/\/www.agrobase.com.br\/concursos\/wp-json\/wp\/v2\/posts\/278493\/revisions\/278495"}],"wp:featuredmedia":[{"embeddable":true,"href":"https:\/\/www.agrobase.com.br\/concursos\/wp-json\/wp\/v2\/media\/278492"}],"wp:attachment":[{"href":"https:\/\/www.agrobase.com.br\/concursos\/wp-json\/wp\/v2\/media?parent=278493"}],"wp:term":[{"taxonomy":"category","embeddable":true,"href":"https:\/\/www.agrobase.com.br\/concursos\/wp-json\/wp\/v2\/categories?post=278493"},{"taxonomy":"post_tag","embeddable":true,"href":"https:\/\/www.agrobase.com.br\/concursos\/wp-json\/wp\/v2\/tags?post=278493"},{"taxonomy":"_amplo","embeddable":true,"href":"https:\/\/www.agrobase.com.br\/concursos\/wp-json\/wp\/v2\/_amplo?post=278493"},{"taxonomy":"destaque","embeddable":true,"href":"https:\/\/www.agrobase.com.br\/concursos\/wp-json\/wp\/v2\/destaque?post=278493"},{"taxonomy":"instituicoes","embeddable":true,"href":"https:\/\/www.agrobase.com.br\/concursos\/wp-json\/wp\/v2\/instituicoes?post=278493"}],"curies":[{"name":"wp","href":"https:\/\/api.w.org\/{rel}","templated":true}]}}