{"id":278483,"date":"2026-03-02T08:10:52","date_gmt":"2026-03-02T11:10:52","guid":{"rendered":"https:\/\/www.agrobase.com.br\/concursos\/?p=278483"},"modified":"2026-02-27T14:02:37","modified_gmt":"2026-02-27T17:02:37","slug":"prefeitura-augusto-de-lima-mg-concurso-01-2026","status":"publish","type":"post","link":"https:\/\/www.agrobase.com.br\/concursos\/2026\/prefeitura-augusto-de-lima-mg-concurso-01-2026\/","title":{"rendered":"Prefeitura Augusto de Lima (MG) &#8211; Concurso 01\/2026"},"content":{"rendered":"<h2>Informa\u00e7\u00f5es Gerais<\/h2>\n<p>O <strong>Concurso P\u00fablico do Munic\u00edpio de Augusto de Lima, em Minas Gerais<\/strong>, est\u00e1 com edital publicado e inscri\u00e7\u00f5es abertas para o preenchimento de <strong>76 vagas imediatas, al\u00e9m de forma\u00e7\u00e3o de cadastro reserva (CR)<\/strong>. O certame \u00e9 organizado pelo <strong>Instituto IMESO \u2013 Instituto Mineiro Educar &amp; Sorrir<\/strong> e destina-se ao provimento de cargos efetivos sob <strong>regime estatut\u00e1rio<\/strong>, conforme a legisla\u00e7\u00e3o municipal vigente.<\/p>\n<p>As oportunidades contemplam todos os n\u00edveis de escolaridade: <strong>Fundamental Incompleto, Fundamental Completo, M\u00e9dio\/T\u00e9cnico e Superior<\/strong>, com remunera\u00e7\u00f5es que variam de <strong>R$ 33,48 (hora\/aula) a R$ 4.404,65<\/strong>, a depender do cargo e da carga hor\u00e1ria.<\/p>\n<p>No <strong>n\u00edvel superior<\/strong>, h\u00e1 vagas para \u00e1reas como Direito, Servi\u00e7o Social, Odontologia, Enfermagem, Farm\u00e1cia, Fisioterapia, Psicologia, Terapia Ocupacional e diversas licenciaturas na \u00e1rea da Educa\u00e7\u00e3o. Destaque especial para as <strong>duas vagas de Nutricionista<\/strong> \u2014 uma vinculada \u00e0 Secretaria de Educa\u00e7\u00e3o (Nutricionista Escolar Educacional) e outra \u00e0 Secretaria de Sa\u00fade \u2014, cargos de grande interesse para profissionais da \u00e1rea de <strong>Nutri\u00e7\u00e3o<\/strong>.<\/p>\n<p>Para o <strong>n\u00edvel m\u00e9dio e t\u00e9cnico<\/strong>, s\u00e3o oferecidas vagas em cargos como Agente de Contrata\u00e7\u00e3o, Monitor de Transporte Escolar, Monitor de Creche, T\u00e9cnico em Enfermagem, T\u00e9cnico em Sa\u00fade Bucal, T\u00e9cnico em Seguran\u00e7a do Trabalho e T\u00e9cnico de Inform\u00e1tica, entre outros. J\u00e1 para o <strong>n\u00edvel fundamental<\/strong>, h\u00e1 oportunidades para Agente Administrativo, Auxiliar de Servi\u00e7os Gerais, Motorista, Coletor de Lixo, Pedreiro, Eletricista e Operador de Caminh\u00e3o de Lixo.<\/p>\n<p>Continue a leitura para conferir todos os detalhes sobre inscri\u00e7\u00f5es, etapas de sele\u00e7\u00e3o e como acompanhar os resultados do concurso de Augusto de Lima\/MG.<\/p>\n<h2>Inscri\u00e7\u00f5es<\/h2>\n<p>As inscri\u00e7\u00f5es para o Concurso P\u00fablico de Augusto de Lima\/MG est\u00e3o <strong>abertas<\/strong> e podem ser realizadas no per\u00edodo de <strong>26 de maio de 2026, a partir das 10h00<\/strong>, at\u00e9 <strong>26 de junho de 2026, \u00e0s 17h00 (hor\u00e1rio de Bras\u00edlia)<\/strong>.<\/p>\n<p>O candidato pode se inscrever por duas modalidades:<\/p>\n<ul>\n<li><strong>Inscri\u00e7\u00e3o online:<\/strong> realizada exclusivamente pelo site oficial do Instituto IMESO, no endere\u00e7o <strong><a href=\"https:\/\/portal.imeso.com.br\/\" target=\"_blank\" rel=\"noopener\">https:\/\/portal.imeso.com.br\/<\/a><\/strong>. O candidato dever\u00e1 acessar a p\u00e1gina do concurso, preencher o formul\u00e1rio de inscri\u00e7\u00e3o com seus dados pessoais, selecionar o cargo desejado e gerar o boleto banc\u00e1rio para pagamento da taxa de inscri\u00e7\u00e3o.<\/li>\n<li><strong>Inscri\u00e7\u00e3o presencial:<\/strong> dispon\u00edvel no mesmo per\u00edodo, na <strong>sede da Prefeitura Municipal de Augusto de Lima<\/strong>, localizada na Avenida Coronel Pedro Pedras, n\u00ba 220, Centro \u2013 Augusto de Lima\/MG, CEP 39219-000. O atendimento presencial funciona de <strong>segunda a sexta-feira, das 08h00 \u00e0s 12h00 e das 13h00 \u00e0s 17h00<\/strong> (hor\u00e1rio local), exceto aos s\u00e1bados, domingos, feriados e pontos facultativos.<\/li>\n<\/ul>\n<p>Antes de efetuar a inscri\u00e7\u00e3o, \u00e9 fundamental que o candidato leia atentamente o edital completo para verificar os requisitos do cargo pretendido, o valor da taxa de inscri\u00e7\u00e3o correspondente ao seu n\u00edvel de escolaridade e as condi\u00e7\u00f5es para eventual solicita\u00e7\u00e3o de isen\u00e7\u00e3o da taxa, caso prevista.<\/p>\n<p>Ap\u00f3s a inscri\u00e7\u00e3o, recomenda-se acompanhar regularmente o status da inscri\u00e7\u00e3o e eventuais comunicados por meio do portal do Instituto IMESO. A inscri\u00e7\u00e3o s\u00f3 ser\u00e1 confirmada ap\u00f3s a compensa\u00e7\u00e3o do pagamento do boleto banc\u00e1rio dentro do prazo estabelecido.<\/p>\n<p>Para garantir que nenhuma informa\u00e7\u00e3o importante seja perdida, leia o edital na \u00edntegra antes de se inscrever.<\/p>\n<h2>Etapas e Provas<\/h2>\n<p>O Concurso P\u00fablico de Augusto de Lima\/MG ser\u00e1 composto por at\u00e9 duas etapas de avalia\u00e7\u00e3o, conforme o cargo pretendido:<\/p>\n<ul>\n<li><strong>Prova Objetiva de M\u00faltipla Escolha \u2014 para todos os cargos<\/strong>\n<ul>\n<li><strong>Car\u00e1ter:<\/strong> eliminat\u00f3rio e classificat\u00f3rio.<\/li>\n<li><strong>Formato:<\/strong> quest\u00f5es de m\u00faltipla escolha.<\/li>\n<li><strong>Dura\u00e7\u00e3o:<\/strong> 02 horas (2h00).<\/li>\n<li><strong>Data prevista de aplica\u00e7\u00e3o:<\/strong> <strong>15 e\/ou 16 de agosto de 2026<\/strong> (a data espec\u00edfica para cada cargo ser\u00e1 confirmada em convoca\u00e7\u00e3o posterior).<\/li>\n<li>A prova abranger\u00e1 disciplinas e conte\u00fados compat\u00edveis com o n\u00edvel de escolaridade exigido para cada cargo. Os candidatos devem consultar o conte\u00fado program\u00e1tico detalhado no edital.<\/li>\n<\/ul>\n<\/li>\n<li><strong>Prova de T\u00edtulos \u2014 exclusiva para cargos de N\u00edvel Superior da Educa\u00e7\u00e3o<\/strong>\n<ul>\n<li><strong>Car\u00e1ter:<\/strong> exclusivamente classificat\u00f3rio (n\u00e3o elimina o candidato).<\/li>\n<li><strong>Pontua\u00e7\u00e3o m\u00e1xima:<\/strong> 4 (quatro) pontos.<\/li>\n<li>Ser\u00e3o avaliados t\u00edtulos acad\u00eamicos conforme os crit\u00e9rios e a tabela de pontua\u00e7\u00e3o definidos no edital.<\/li>\n<li>Esta etapa aplica-se somente aos candidatos aprovados na Prova Objetiva que concorrem a cargos de n\u00edvel superior na \u00e1rea da Educa\u00e7\u00e3o, como Professor da Educa\u00e7\u00e3o B\u00e1sica e Especialista em Educa\u00e7\u00e3o B\u00e1sica.<\/li>\n<\/ul>\n<\/li>\n<\/ul>\n<p>A classifica\u00e7\u00e3o final dos candidatos ser\u00e1 determinada pela soma da pontua\u00e7\u00e3o obtida na Prova Objetiva e, quando aplic\u00e1vel, na Prova de T\u00edtulos.<\/p>\n<p>Para informa\u00e7\u00f5es completas sobre o conte\u00fado program\u00e1tico de cada cargo, crit\u00e9rios de aprova\u00e7\u00e3o, nota m\u00ednima exigida e cronograma detalhado, consulte o edital oficial dispon\u00edvel no site do Instituto IMESO.<\/p>\n<h2>Resultados e Gabarito<\/h2>\n<p>Os resultados de cada etapa do Concurso P\u00fablico de Augusto de Lima\/MG ser\u00e3o divulgados de forma oficial pelo <strong>Instituto IMESO<\/strong>, por meio do site <strong><a href=\"https:\/\/portal.imeso.com.br\/\" target=\"_blank\" rel=\"noopener\">https:\/\/portal.imeso.com.br\/<\/a><\/strong>, e tamb\u00e9m pelos canais oficiais da Prefeitura Municipal.<\/p>\n<p>Conforme o cronograma previsto no edital, a sequ\u00eancia de divulga\u00e7\u00f5es inclui:<\/p>\n<ul>\n<li><strong>Gabarito preliminar:<\/strong> publicado ap\u00f3s a realiza\u00e7\u00e3o das Provas Objetivas, com abertura de prazo para interposi\u00e7\u00e3o de recursos.<\/li>\n<li><strong>Gabarito definitivo:<\/strong> divulgado ap\u00f3s a an\u00e1lise dos recursos interpostos contra o gabarito preliminar.<\/li>\n<li><strong>Resultado preliminar das Provas Objetivas:<\/strong> listagem com as notas dos candidatos, seguida de novo per\u00edodo para recursos.<\/li>\n<li><strong>Resultado da Prova de T\u00edtulos:<\/strong> aplic\u00e1vel aos cargos de N\u00edvel Superior da Educa\u00e7\u00e3o, com respectivo prazo recursal.<\/li>\n<li><strong>Resultado Final e Homologa\u00e7\u00e3o:<\/strong> a divulga\u00e7\u00e3o do julgamento dos recursos e do <strong>Resultado Final para fins de homologa\u00e7\u00e3o<\/strong>, referente a todos os cargos, est\u00e1 prevista para <strong>29 de setembro de 2026, ap\u00f3s as 17h<\/strong>.<\/li>\n<\/ul>\n<p>A <strong>classifica\u00e7\u00e3o final<\/strong> ser\u00e1 publicada em duas listas: uma contendo a classifica\u00e7\u00e3o geral de todos os candidatos e outra espec\u00edfica para candidatos com defici\u00eancia, na ordem de classifica\u00e7\u00e3o da listagem geral. A pontua\u00e7\u00e3o final considerar\u00e1 o somat\u00f3rio das notas da Prova Objetiva e, quando aplic\u00e1vel, da Prova de T\u00edtulos.<\/p>\n<p>A <strong>homologa\u00e7\u00e3o<\/strong> do concurso \u00e9 o ato oficial pelo qual a autoridade competente valida todo o certame, tornando seus resultados definitivos e autorizando a convoca\u00e7\u00e3o dos aprovados para posse. Ap\u00f3s a homologa\u00e7\u00e3o, o resultado ser\u00e1 publicado no Di\u00e1rio Oficial do Munic\u00edpio.<\/p>\n<p>\u00c9 <strong>responsabilidade exclusiva do candidato<\/strong> acompanhar todas as publica\u00e7\u00f5es, convoca\u00e7\u00f5es e comunicados referentes ao concurso nos canais oficiais. N\u00e3o deixe de verificar regularmente o site do Instituto IMESO e os meios de comunica\u00e7\u00e3o da Prefeitura de Augusto de Lima\/MG para n\u00e3o perder nenhum prazo importante.<\/p>\n","protected":false},"excerpt":{"rendered":"<p>Concurso Pref. Augusto de Lima (MG) com edital publicado! Vagas p\/ Professor e Enfermeiro (Fund. a Sup.). Inscri\u00e7\u00f5es a partir de 26\/05. Confira detalhes!<\/p>\n","protected":false},"author":7,"featured_media":278482,"comment_status":"open","ping_status":"open","sticky":false,"template":"","format":"standard","meta":{"_acf_changed":false,"_breakdance_hide_in_design_set":false,"_breakdance_tags":"","footnotes":""},"categories":[6433,10,6434,12,17,18,111,100,23,24,25,26,101,108,143,134],"tags":[50],"_amplo":[],"destaque":[],"instituicoes":[],"class_list":["post-278483","post","type-post","status-publish","format-standard","has-post-thumbnail","hentry","category-biologia-licenciatura","category-direito","category-educacao-fisica-licenciatura","category-enfermagem","category-farmacia","category-fisioterapia","category-geografia","category-historia","category-nutricao","category-odontologia","category-pedagogia","category-psicologia","category-servico-social","category-tecnico-enfermagem","category-tecnico-odontologia","category-terapia-ocupacional","tag-minas-gerais"],"acf":{"_tipo_vagas":"vagas","_numero_vagas":"","_quadro_vagas":"","_cargos":"diversos","_cargos_especificos":"","_salario_max":"R$ 4404.65","_abertura":"20260526","_encerramento":"20260626","_inscricoes":"https:\/\/portal.imeso.com.br\/","_executora_concurso":"","_instituicao_concurso":[],"_link_adicional":null,"_anexos":null,"_produtos":null,"_vagas":"76 vagas + CR","_salario_min":"R$ 33.48","_instituicao":"Prefeitura de Augusto de Lima","_edital":"https:\/\/www.agrobase.com.br\/concursos\/wp-content\/uploads\/sites\/4\/2026\/02\/edital-01-2026-prefeitura-de-augusto-de-lima-mg.pdf","_anexos_edital":"https:\/\/www.agrobase.com.br\/concursos\/wp-content\/uploads\/sites\/4\/2026\/02\/anexos-edital-01-2026-prefeitura-de-augusto-de-lima-mg.pdf","_fund_incompleto":"<div>\r\n<table class=\"quadro\">\r\n<thead>\r\n<tr>\r\n<th class=\"hcargo\">Cargo<\/th>\r\n<th class=\"hvagas\">Vagas<\/th>\r\n<th class=\"hremuneracao\">Remunera\u00e7\u00e3o<\/th>\r\n<\/tr>\r\n<\/thead>\r\n    <tbody>\r\n      <td class=\"ccargos\">\r\n<span data-balloon-length=\"medium\" aria-label=\"Alfabetizado.\" data-balloon-pos=\"up\">Auxiliar de Servi\u00e7os Gerais<\/span><\/td>\r\n<td class=\"cvagas\">06<\/td>\r\n<td class=\"cremuneracao\">R$ 1.621,00 \/40h<\/td>\r\n<\/tr><td class=\"ccargos\">\r\n<span data-balloon-length=\"medium\" aria-label=\"Alfabetizado.\" data-balloon-pos=\"up\">Coletor de Lixo<\/span><\/td>\r\n<td class=\"cvagas\">02<\/td>\r\n<td class=\"cremuneracao\">R$ 1.621,00 \/40h<\/td>\r\n<\/tr><td class=\"ccargos\">\r\n<span data-balloon-length=\"medium\" aria-label=\"Alfabetizado e 2 anos de experi\u00eancia.\" data-balloon-pos=\"up\">Oficial de Servi\u00e7o P\u00fablico - Eletricista Automotivo<\/span><\/td>\r\n<td class=\"cvagas\">01<\/td>\r\n<td class=\"cremuneracao\">R$ 1.673,87 \/44h<\/td>\r\n<\/tr><td class=\"ccargos\">\r\n<span data-balloon-length=\"medium\" aria-label=\"Alfabetizado e 2 anos de experi\u00eancia.\" data-balloon-pos=\"up\">Oficial de Servi\u00e7o P\u00fablico - Eletricista Predial<\/span><\/td>\r\n<td class=\"cvagas\">01<\/td>\r\n<td class=\"cremuneracao\">R$ 1.673,87 \/44h<\/td>\r\n<\/tr><td class=\"ccargos\">\r\n<span data-balloon-length=\"medium\" aria-label=\"Alfabetizado e com carteira de habilita\u00e7\u00e3o categoria C ou superior.\" data-balloon-pos=\"up\">Operador de Caminh\u00e3o de Lixo<\/span><\/td>\r\n<td class=\"cvagas\">01<\/td>\r\n<td class=\"cremuneracao\">R$ 1.724,46 \/40h<\/td>\r\n<\/tr><td class=\"ccargos\">\r\n<span data-balloon-length=\"medium\" aria-label=\"Alfabetizado e carteira de habilita\u00e7\u00e3o D.\" data-balloon-pos=\"up\">Motorista<\/span><\/td>\r\n<td class=\"cvagas\">04<\/td>\r\n<td class=\"cremuneracao\">R$ 1.724,46 \/44h<\/td>\r\n<\/tr><td class=\"ccargos\">\r\n<span data-balloon-length=\"medium\" aria-label=\"Alfabetizado e 2 anos de experi\u00eancia.\" data-balloon-pos=\"up\">Oficial de Servi\u00e7o P\u00fablico - Pedreiro<\/span><\/td>\r\n<td class=\"cvagas\">01<\/td>\r\n<td class=\"cremuneracao\">R$ 1.673,87 \/44h<\/td>\r\n<\/tr>\r\n    <\/tbody>\r\n  <\/table>\r\n<\/div>","_fund_completo":"<div>\r\n<table class=\"quadro\">\r\n<thead>\r\n<tr>\r\n<th class=\"hcargo\">Cargo<\/th>\r\n<th class=\"hvagas\">Vagas<\/th>\r\n<th class=\"hremuneracao\">Remunera\u00e7\u00e3o<\/th>\r\n<\/tr>\r\n<\/thead>\r\n    <tbody>\r\n      <td class=\"ccargos\">\r\n<span data-balloon-length=\"medium\" aria-label=\"Ensino fundamental completo e conhecimento de inform\u00e1tica.\" data-balloon-pos=\"up\">Agente Administrativo<\/span><\/td>\r\n<td class=\"cvagas\">05<\/td>\r\n<td class=\"cremuneracao\">R$ 1.673,87 \/40h<\/td>\r\n<\/tr>\r\n    <\/tbody>\r\n  <\/table>\r\n<\/div>","_medio":"<div>\r\n<table class=\"quadro\">\r\n<thead>\r\n<tr>\r\n<th class=\"hcargo\">Cargo<\/th>\r\n<th class=\"hvagas\">Vagas<\/th>\r\n<th class=\"hremuneracao\">Remunera\u00e7\u00e3o<\/th>\r\n<\/tr>\r\n<\/thead>\r\n    <tbody>\r\n      <td class=\"ccargos\">\r\n<span data-balloon-length=\"medium\" aria-label=\"Ensino m\u00e9dio completo e conhecimento da lei 14.133\/2021.\" data-balloon-pos=\"up\">Agente de Contrata\u00e7\u00e3o<\/span><\/td>\r\n<td class=\"cvagas\">02<\/td>\r\n<td class=\"cremuneracao\">R$ 2.447,09 \/40h<\/td>\r\n<\/tr><td class=\"ccargos\">\r\n<span data-balloon-length=\"medium\" aria-label=\"Ensino m\u00e9dio completo.\" data-balloon-pos=\"up\">Assistente T\u00e9cnico Educacional<\/span><\/td>\r\n<td class=\"cvagas\">03<\/td>\r\n<td class=\"cremuneracao\">R$ 1.621,00 \/30h<\/td>\r\n<\/tr><td class=\"ccargos\">\r\n<span data-balloon-length=\"medium\" aria-label=\"Ensino m\u00e9dio completo.\" data-balloon-pos=\"up\">Auxiliar de Servi\u00e7os da Educa\u00e7\u00e3o B\u00e1sica<\/span><\/td>\r\n<td class=\"cvagas\">05<\/td>\r\n<td class=\"cremuneracao\">R$ 1.621,00 \/40h<\/td>\r\n<\/tr><td class=\"ccargos\">\r\n<span data-balloon-length=\"medium\" aria-label=\"Ensino m\u00e9dio completo.\" data-balloon-pos=\"up\">Monitor de Transporte Escolar<\/span><\/td>\r\n<td class=\"cvagas\">08<\/td>\r\n<td class=\"cremuneracao\">R$ 1.621,00 \/40h<\/td>\r\n<\/tr><td class=\"ccargos\">\r\n<span data-balloon-length=\"medium\" aria-label=\"Ensino m\u00e9dio completo.\" data-balloon-pos=\"up\">Monitor Creche<\/span><\/td>\r\n<td class=\"cvagas\">02<\/td>\r\n<td class=\"cremuneracao\">R$ 1.621,00 \/40h<\/td>\r\n<\/tr><td class=\"ccargos\">\r\n<span data-balloon-length=\"medium\" aria-label=\"S\u00f3lido conhecimento de sistemas de computadores e componentes de TI.\" data-balloon-pos=\"up\">T\u00e9cnico de Inform\u00e1tica - Sec. de Administra\u00e7\u00e3o<\/span><\/td>\r\n<td class=\"cvagas\">01<\/td>\r\n<td class=\"cremuneracao\">R$ 1.803,23 \/40h<\/td>\r\n<\/tr><td class=\"ccargos\">\r\n<span data-balloon-length=\"medium\" aria-label=\"Forma\u00e7\u00e3o em T\u00e9cnico de Higiene Dental e registro no CRO\/MG.\" data-balloon-pos=\"up\">T\u00e9cnico em Sa\u00fade Bucal\/TDH\/THB - ESF<\/span><\/td>\r\n<td class=\"cvagas\">02<\/td>\r\n<td class=\"cremuneracao\">R$ 1.698,97 \/40h<\/td>\r\n<\/tr><td class=\"ccargos\">\r\n<span data-balloon-length=\"medium\" aria-label=\"Forma\u00e7\u00e3o em T\u00e9cnico de Higiene Dental e registro no CRO\/MG.\" data-balloon-pos=\"up\">T\u00e9cnico em Higiene Bucal<\/span><\/td>\r\n<td class=\"cvagas\">01<\/td>\r\n<td class=\"cremuneracao\">R$ 1.698,97 \/40h<\/td>\r\n<\/tr><td class=\"ccargos\">\r\n<span data-balloon-length=\"medium\" aria-label=\"N\u00edvel T\u00e9cnico.\" data-balloon-pos=\"up\">T\u00e9cnico em Seguran\u00e7a do Trabalho<\/span><\/td>\r\n<td class=\"cvagas\">01<\/td>\r\n<td class=\"cremuneracao\">R$ 1.621,00 \/20h<\/td>\r\n<\/tr><td class=\"ccargos\">\r\n<span data-balloon-length=\"medium\" aria-label=\"Ensino M\u00e9dio completo e forma\u00e7\u00e3o espec\u00edfica em curso T\u00e9cnico em Enfermagem com registro no COREN\/MG.\" data-balloon-pos=\"up\">T\u00e9cnico em Enfermagem<\/span><\/td>\r\n<td class=\"cvagas\">02<\/td>\r\n<td class=\"cremuneracao\">R$ 1.830,28 \/40h<\/td>\r\n<\/tr><td class=\"ccargos\">\r\n<span data-balloon-length=\"medium\" aria-label=\"Ensino M\u00e9dio completo e forma\u00e7\u00e3o espec\u00edfica em curso T\u00e9cnico em Enfermagem com registro no COREN\/MG.\" data-balloon-pos=\"up\">T\u00e9cnico em Enfermagem ESF<\/span><\/td>\r\n<td class=\"cvagas\">02<\/td>\r\n<td class=\"cremuneracao\">R$ 1.830,28 \/40h<\/td>\r\n<\/tr><td class=\"ccargos\">\r\n<span data-balloon-length=\"medium\" aria-label=\"S\u00f3lido conhecimento de sistemas de computadores de TI.\" data-balloon-pos=\"up\">T\u00e9cnico de Inform\u00e1tica - Sec. de Educa\u00e7\u00e3o<\/span><\/td>\r\n<td class=\"cvagas\">01<\/td>\r\n<td class=\"cremuneracao\">R$ 1.724,46 \/40h<\/td>\r\n<\/tr>\r\n    <\/tbody>\r\n  <\/table>\r\n<\/div>","_superior":"<div>\r\n<table class=\"quadro\">\r\n<thead>\r\n<tr>\r\n<th class=\"hcargo\">Cargo<\/th>\r\n<th class=\"hvagas\">Vagas<\/th>\r\n<th class=\"hremuneracao\">Remunera\u00e7\u00e3o<\/th>\r\n<\/tr>\r\n<\/thead>\r\n    <tbody>\r\n      <tr>\r\n<td class=\"ccargos\">\r\n<span data-balloon-length=\"medium\" aria-label=\"Gradua\u00e7\u00e3o em Direito e inscri\u00e7\u00e3o no respectivo conselho.\" data-balloon-pos=\"up\">Assessoria Jur\u00eddica do Departamento de Licita\u00e7\u00f5es<\/span><\/td>\r\n<td class=\"cvagas\">01<\/td>\r\n<td class=\"cremuneracao\">R$ 4.404,65 \/20h<\/td>\r\n<\/tr><tr>\r\n<td class=\"ccargos\">\r\n<span data-balloon-length=\"medium\" aria-label=\"Gradua\u00e7\u00e3o em Servi\u00e7o Social e inscri\u00e7\u00e3o no respectivo conselho.\" data-balloon-pos=\"up\">Assistente Social<\/span><\/td>\r\n<td class=\"cvagas\">02<\/td>\r\n<td class=\"cremuneracao\">R$ 2.447,09 \/40h<\/td>\r\n<\/tr><tr>\r\n<td class=\"ccargos\">\r\n<span data-balloon-length=\"medium\" aria-label=\"Gradua\u00e7\u00e3o em Odontologia e registro no conselho respectivo.\" data-balloon-pos=\"up\">Cirurgi\u00e3o Dentista ESF<\/span><\/td>\r\n<td class=\"cvagas\">02<\/td>\r\n<td class=\"cremuneracao\">R$ 2.447,00 \/40h<\/td>\r\n<\/tr><tr>\r\n<td class=\"ccargos\">\r\n<span data-balloon-length=\"medium\" aria-label=\"Gradua\u00e7\u00e3o em Enfermagem e registro no conselho respectivo.\" data-balloon-pos=\"up\">Enfermeiro - Coordenador<\/span><\/td>\r\n<td class=\"cvagas\">01<\/td>\r\n<td class=\"cremuneracao\">R$ 2.795,10 \/40h<\/td>\r\n<\/tr><tr>\r\n<td class=\"ccargos\">\r\n<span data-balloon-length=\"medium\" aria-label=\"Gradua\u00e7\u00e3o em Enfermagem e registro no conselho respectivo.\" data-balloon-pos=\"up\">Enfermeiro ESF<\/span><\/td>\r\n<td class=\"cvagas\">02<\/td>\r\n<td class=\"cremuneracao\">R$ 2.795,10 \/40h<\/td>\r\n<\/tr><tr>\r\n<td class=\"ccargos\">\r\n<span data-balloon-length=\"medium\" aria-label=\"Curso superior de licenciatura plena em Pedagogia.\" data-balloon-pos=\"up\">Especialista em Educa\u00e7\u00e3o B\u00e1sica<\/span><\/td>\r\n<td class=\"cvagas\">CR<\/td>\r\n<td class=\"cremuneracao\">R$ 3.200,00 \/24h<\/td>\r\n<\/tr><tr>\r\n<td class=\"ccargos\">\r\n<span data-balloon-length=\"medium\" aria-label=\"Gradua\u00e7\u00e3o em Farm\u00e1cia Bioqu\u00edmica e registro no conselho respectivo.\" data-balloon-pos=\"up\">Farmac\u00eautico\/Bioqu\u00edmico<\/span><\/td>\r\n<td class=\"cvagas\">01<\/td>\r\n<td class=\"cremuneracao\">R$ 2.447,09 \/40h<\/td>\r\n<\/tr><tr>\r\n<td class=\"ccargos\">\r\n<span data-balloon-length=\"medium\" aria-label=\"Ensino superior em Administra\u00e7\u00e3o, Ci\u00eancias Cont\u00e1beis, Direito ou Economia com registro no conselho.\" data-balloon-pos=\"up\">Fiscal de Tributos<\/span><\/td>\r\n<td class=\"cvagas\">01<\/td>\r\n<td class=\"cremuneracao\">R$ 1.649,13 \/40h<\/td>\r\n<\/tr><tr>\r\n<td class=\"ccargos\">\r\n<span data-balloon-length=\"medium\" aria-label=\"Gradua\u00e7\u00e3o em Fisioterapia e registro no conselho respectivo.\" data-balloon-pos=\"up\">Fisioterapeuta<\/span><\/td>\r\n<td class=\"cvagas\">01<\/td>\r\n<td class=\"cremuneracao\">R$ 2.447,09 \/40h<\/td>\r\n<\/tr><tr>\r\n<td class=\"ccargos\">\r\n<span data-balloon-length=\"medium\" aria-label=\"Curso superior completo na modalidade de Nutri\u00e7\u00e3o e registro no conselho.\" data-balloon-pos=\"up\">Nutricionista - Escolar Educacional<\/span><\/td>\r\n<td class=\"cvagas\">01<\/td>\r\n<td class=\"cremuneracao\">R$ 2.550,00 \/30h<\/td>\r\n<\/tr><tr>\r\n<td class=\"ccargos\">\r\n<span data-balloon-length=\"medium\" aria-label=\"Superior completo em Nutri\u00e7\u00e3o e registro no conselho respectivo.\" data-balloon-pos=\"up\">Nutricionista - Sec. de Sa\u00fade<\/span><\/td>\r\n<td class=\"cvagas\">01<\/td>\r\n<td class=\"cremuneracao\">R$ 2.447,09 \/40h<\/td>\r\n<\/tr><tr>\r\n<td class=\"ccargos\">\r\n<span data-balloon-length=\"medium\" aria-label=\"Gradua\u00e7\u00e3o em Psicologia e inscri\u00e7\u00e3o no conselho respectivo.\" data-balloon-pos=\"up\">Psic\u00f3logo<\/span><\/td>\r\n<td class=\"cvagas\">01<\/td>\r\n<td class=\"cremuneracao\">R$ 2.447,09 \/40h<\/td>\r\n<\/tr><tr>\r\n<td class=\"ccargos\">\r\n<span data-balloon-length=\"medium\" aria-label=\"Gradua\u00e7\u00e3o em Psicologia e registro no conselho de classe, e especializa\u00e7\u00e3o na \u00e1rea escolar.\" data-balloon-pos=\"up\">Psic\u00f3logo - Escolar Educacional<\/span><\/td>\r\n<td class=\"cvagas\">01<\/td>\r\n<td class=\"cremuneracao\">R$ 2.550,00 \/30h<\/td>\r\n<\/tr><tr>\r\n<td class=\"ccargos\">\r\n<span data-balloon-length=\"medium\" aria-label=\"Curso superior de Licenciatura, Pedagogia ou Normal Superior.\" data-balloon-pos=\"up\">Professor da Educa\u00e7\u00e3o B\u00e1sica - PEB 1 (Educa\u00e7\u00e3o Infantil e Anos Iniciais)<\/span><\/td>\r\n<td class=\"cvagas\">05 + CR<\/td>\r\n<td class=\"cremuneracao\">R$ 2.300,00 \/24h<\/td>\r\n<\/tr><tr>\r\n<td class=\"ccargos\">\r\n<span data-balloon-length=\"medium\" aria-label=\"Curso superior de Licenciatura plena espec\u00edfica.\" data-balloon-pos=\"up\">Professor da Educa\u00e7\u00e3o B\u00e1sica - Geografia<\/span><\/td>\r\n<td class=\"cvagas\">01<\/td>\r\n<td class=\"cremuneracao\">R$ 2.300,00 \/24h<\/td>\r\n<\/tr><tr>\r\n<td class=\"ccargos\">\r\n<span data-balloon-length=\"medium\" aria-label=\"Licenciatura espec\u00edfica para ministrar o ensino dos Anos Finais.\" data-balloon-pos=\"up\">Professor da Educa\u00e7\u00e3o B\u00e1sica - Hist\u00f3ria<\/span><\/td>\r\n<td class=\"cvagas\">CR<\/td>\r\n<td class=\"cremuneracao\">R$ 33,48 \/18h + 2 m\u00f3dulos<\/td>\r\n<\/tr><tr>\r\n<td class=\"ccargos\">\r\n<span data-balloon-length=\"medium\" aria-label=\"Licenciatura espec\u00edfica para ministrar o ensino dos Anos Finais.\" data-balloon-pos=\"up\">Professor da Educa\u00e7\u00e3o B\u00e1sica - Ci\u00eancias<\/span><\/td>\r\n<td class=\"cvagas\">CR<\/td>\r\n<td class=\"cremuneracao\">R$ 33,48 \/18h + 2 m\u00f3dulos<\/td>\r\n<\/tr><tr>\r\n<td class=\"ccargos\">\r\n<span data-balloon-length=\"medium\" aria-label=\"Licenciatura espec\u00edfica para ministrar o ensino dos Anos Finais.\" data-balloon-pos=\"up\">Professor da Educa\u00e7\u00e3o B\u00e1sica - Educa\u00e7\u00e3o F\u00edsica<\/span><\/td>\r\n<td class=\"cvagas\">CR<\/td>\r\n<td class=\"cremuneracao\">R$ 33,48 \/18h + 2 m\u00f3dulos<\/td>\r\n<\/tr><tr>\r\n<td class=\"ccargos\">\r\n<span data-balloon-length=\"medium\" aria-label=\"N\u00edvel superior na \u00e1rea.\" data-balloon-pos=\"up\">Terapeuta Ocupacional<\/span><\/td>\r\n<td class=\"cvagas\">01<\/td>\r\n<td class=\"cremuneracao\">R$ 1.621,00 \/40h<\/td>\r\n<\/tr>\r\n    <\/tbody>\r\n  <\/table>\r\n<\/div>"},"_links":{"self":[{"href":"https:\/\/www.agrobase.com.br\/concursos\/wp-json\/wp\/v2\/posts\/278483","targetHints":{"allow":["GET"]}}],"collection":[{"href":"https:\/\/www.agrobase.com.br\/concursos\/wp-json\/wp\/v2\/posts"}],"about":[{"href":"https:\/\/www.agrobase.com.br\/concursos\/wp-json\/wp\/v2\/types\/post"}],"author":[{"embeddable":true,"href":"https:\/\/www.agrobase.com.br\/concursos\/wp-json\/wp\/v2\/users\/7"}],"replies":[{"embeddable":true,"href":"https:\/\/www.agrobase.com.br\/concursos\/wp-json\/wp\/v2\/comments?post=278483"}],"version-history":[{"count":2,"href":"https:\/\/www.agrobase.com.br\/concursos\/wp-json\/wp\/v2\/posts\/278483\/revisions"}],"predecessor-version":[{"id":278487,"href":"https:\/\/www.agrobase.com.br\/concursos\/wp-json\/wp\/v2\/posts\/278483\/revisions\/278487"}],"wp:featuredmedia":[{"embeddable":true,"href":"https:\/\/www.agrobase.com.br\/concursos\/wp-json\/wp\/v2\/media\/278482"}],"wp:attachment":[{"href":"https:\/\/www.agrobase.com.br\/concursos\/wp-json\/wp\/v2\/media?parent=278483"}],"wp:term":[{"taxonomy":"category","embeddable":true,"href":"https:\/\/www.agrobase.com.br\/concursos\/wp-json\/wp\/v2\/categories?post=278483"},{"taxonomy":"post_tag","embeddable":true,"href":"https:\/\/www.agrobase.com.br\/concursos\/wp-json\/wp\/v2\/tags?post=278483"},{"taxonomy":"_amplo","embeddable":true,"href":"https:\/\/www.agrobase.com.br\/concursos\/wp-json\/wp\/v2\/_amplo?post=278483"},{"taxonomy":"destaque","embeddable":true,"href":"https:\/\/www.agrobase.com.br\/concursos\/wp-json\/wp\/v2\/destaque?post=278483"},{"taxonomy":"instituicoes","embeddable":true,"href":"https:\/\/www.agrobase.com.br\/concursos\/wp-json\/wp\/v2\/instituicoes?post=278483"}],"curies":[{"name":"wp","href":"https:\/\/api.w.org\/{rel}","templated":true}]}}