{"id":278478,"date":"2026-03-02T08:00:50","date_gmt":"2026-03-02T11:00:50","guid":{"rendered":"https:\/\/www.agrobase.com.br\/concursos\/?p=278478"},"modified":"2026-02-27T13:54:29","modified_gmt":"2026-02-27T16:54:29","slug":"prefeitura-luiz-alves-sc-selecao-publica-02-2026","status":"publish","type":"post","link":"https:\/\/www.agrobase.com.br\/concursos\/2026\/prefeitura-luiz-alves-sc-selecao-publica-02-2026\/","title":{"rendered":"Prefeitura Luiz Alves (SC) &#8211; Sele\u00e7\u00e3o P\u00fablica 02\/2026"},"content":{"rendered":"<h2>Informa\u00e7\u00f5es Gerais<\/h2>\n<p>O <strong>Munic\u00edpio de Luiz Alves, em Santa Catarina<\/strong>, publicou edital de <strong>Processo Seletivo<\/strong> para sele\u00e7\u00e3o de candidatos visando o provimento de <strong>vagas tempor\u00e1rias<\/strong> para suprir cargos efetivos, conforme previsto na Lei Municipal 1025\/2002. A organiza\u00e7\u00e3o e execu\u00e7\u00e3o do certame ficam a cargo da <strong>Funda\u00e7\u00e3o Universidade do Vale do Itaja\u00ed (Univali)<\/strong>.<\/p>\n<p>O processo seletivo oferece <strong>29 vagas imediatas e forma\u00e7\u00e3o de cadastro reserva (CR)<\/strong> em diversas \u00e1reas, com oportunidades distribu\u00eddas entre os n\u00edveis <strong>Fundamental Incompleto, M\u00e9dio\/T\u00e9cnico e Superior<\/strong>. As remunera\u00e7\u00f5es variam de <strong>R$ 1.282,66 a R$ 13.794,56<\/strong>, com cargas hor\u00e1rias que v\u00e3o de 10h a 44h semanais.<\/p>\n<p>No <strong>n\u00edvel Superior<\/strong>, h\u00e1 vagas em cadastro reserva para \u00e1reas da sa\u00fade, educa\u00e7\u00e3o e assist\u00eancia social, incluindo cargos como M\u00e9dico Cl\u00ednico Geral, Enfermeiro, Psic\u00f3logo, Odont\u00f3logo e diversas licenciaturas para a rede municipal de ensino. Merecem destaque as oportunidades para profissionais de <strong>Nutri\u00e7\u00e3o<\/strong> (Nutricionista \u2014 20h, R$ 2.239,74) e para graduados em <strong>Biologia, Ci\u00eancias Biol\u00f3gicas ou Engenharia Ambiental<\/strong>, que podem concorrer ao cargo de <strong>Fiscal Sanit\u00e1rio<\/strong> (40h, R$ 3.223,89). H\u00e1 tamb\u00e9m vagas para <strong>Professor de Ci\u00eancias<\/strong>, exigindo <strong>Licenciatura em Biologia ou Ci\u00eancias Biol\u00f3gicas<\/strong>.<\/p>\n<p>No <strong>n\u00edvel M\u00e9dio\/T\u00e9cnico<\/strong>, s\u00e3o oferecidas vagas imediatas para Agente Comunit\u00e1rio de Sa\u00fade em diversas UBS, T\u00e9cnico em Enfermagem, T\u00e9cnico em Farm\u00e1cia, Assistente Administrativo, entre outros. J\u00e1 no <strong>n\u00edvel Fundamental Incompleto<\/strong>, h\u00e1 oportunidades para Motorista, Operador de M\u00e1quinas, Cozinheiro, Oper\u00e1rio Bra\u00e7al, Vigia e Zelador.<\/p>\n<p>Continue a leitura para conferir todos os detalhes sobre inscri\u00e7\u00f5es, etapas de sele\u00e7\u00e3o e como acompanhar os resultados do Processo Seletivo de Luiz Alves\/SC.<\/p>\n<h2>Inscri\u00e7\u00f5es<\/h2>\n<p>As inscri\u00e7\u00f5es para o Processo Seletivo do Munic\u00edpio de Luiz Alves\/SC estar\u00e3o abertas no per\u00edodo <strong>das 16h do dia 27 de fevereiro de 2026 at\u00e9 as 16h do dia 27 de mar\u00e7o de 2026<\/strong>. As inscri\u00e7\u00f5es devem ser realizadas <strong>exclusivamente pela internet<\/strong>, por meio do site <strong><a href=\"https:\/\/www.univali.br\/concursos\" target=\"_blank\" rel=\"noopener\">www.univali.br\/concursos<\/a><\/strong>.<\/p>\n<p>Para efetuar a inscri\u00e7\u00e3o, o candidato (ou seu representante legal) dever\u00e1 acessar o site indicado, clicar no link <strong>INSCRI\u00c7\u00c3O ON-LINE<\/strong> e preencher o Requerimento de Inscri\u00e7\u00e3o conforme as instru\u00e7\u00f5es dispon\u00edveis na p\u00e1gina.<\/p>\n<p>As <strong>taxas de inscri\u00e7\u00e3o<\/strong>, que dever\u00e3o ser pagas por meio de boleto banc\u00e1rio em favor da Prefeitura Municipal de Luiz Alves, s\u00e3o as seguintes:<\/p>\n<ul>\n<li><strong>N\u00edvel Superior:<\/strong> R$ 130,00<\/li>\n<li><strong>N\u00edvel M\u00e9dio e T\u00e9cnico:<\/strong> R$ 90,00<\/li>\n<li><strong>N\u00edvel Fundamental:<\/strong> R$ 70,00<\/li>\n<\/ul>\n<p>O candidato deve ficar atento ao prazo de vencimento do boleto banc\u00e1rio e realizar o pagamento dentro do per\u00edodo estipulado para garantir a efetiva\u00e7\u00e3o da inscri\u00e7\u00e3o. Recomenda-se acompanhar o status da inscri\u00e7\u00e3o diretamente pelo site da Univali.<\/p>\n<p>Para informa\u00e7\u00f5es sobre possibilidade de <strong>isen\u00e7\u00e3o da taxa de inscri\u00e7\u00e3o<\/strong>, crit\u00e9rios e procedimentos espec\u00edficos, consulte o edital completo do certame. A leitura integral do edital \u00e9 indispens\u00e1vel para esclarecer todas as condi\u00e7\u00f5es e requisitos do processo de inscri\u00e7\u00e3o.<\/p>\n<h2>Etapas e Provas<\/h2>\n<p>O Processo Seletivo do Munic\u00edpio de Luiz Alves\/SC ser\u00e1 composto por <strong>uma \u00fanica etapa<\/strong>: a <strong>Prova Objetiva<\/strong>, aplic\u00e1vel a todos os cargos previstos no edital.<\/p>\n<ul>\n<li><strong>Etapa:<\/strong> Prova Objetiva<\/li>\n<li><strong>Car\u00e1ter:<\/strong> classificat\u00f3rio e eliminat\u00f3rio<\/li>\n<li><strong>Formato:<\/strong> quest\u00f5es objetivas (m\u00faltipla escolha)<\/li>\n<li><strong>Cargos abrangidos:<\/strong> todos os cargos do edital (n\u00edveis Fundamental, M\u00e9dio\/T\u00e9cnico e Superior)<\/li>\n<li><strong>Data prevista de aplica\u00e7\u00e3o:<\/strong> <strong>19 de abril de 2026<\/strong><\/li>\n<li><strong>Dura\u00e7\u00e3o:<\/strong> <strong>3 horas e 30 minutos<\/strong><\/li>\n<li><strong>Hor\u00e1rio:<\/strong> ser\u00e1 definido e divulgado no ato da Homologa\u00e7\u00e3o das Inscri\u00e7\u00f5es<\/li>\n<\/ul>\n<p>A prova abranger\u00e1 os conte\u00fados do Programa de Disciplinas especificado no Anexo I do edital. As disciplinas e os temas cobrados variam conforme o cargo e o n\u00edvel de escolaridade exigido.<\/p>\n<p>Para conhecer o <strong>conte\u00fado program\u00e1tico completo<\/strong>, os crit\u00e9rios de pontua\u00e7\u00e3o, a nota m\u00ednima para aprova\u00e7\u00e3o e demais detalhes sobre a aplica\u00e7\u00e3o da prova, consulte o edital na \u00edntegra pelo site <strong>www.univali.br\/concursos<\/strong>. O acompanhamento do cronograma atualizado \u00e9 fundamental para n\u00e3o perder nenhum prazo.<\/p>\n<h2>Resultados e Gabarito<\/h2>\n<p>A divulga\u00e7\u00e3o dos resultados do Processo Seletivo do Munic\u00edpio de Luiz Alves\/SC seguir\u00e1 o seguinte cronograma previsto no edital:<\/p>\n<ul>\n<li><strong>Resultado Preliminar da Prova Objetiva:<\/strong> a partir das <strong>16h do dia 06 de maio de 2026<\/strong>, pelo site <strong><a href=\"https:\/\/www.univali.br\/concursos\" target=\"_blank\" rel=\"noopener\">www.univali.br\/concursos<\/a><\/strong>.<\/li>\n<li><strong>Classifica\u00e7\u00e3o final dos candidatos:<\/strong> divulga\u00e7\u00e3o prevista at\u00e9 o dia <strong>15 de maio de 2026<\/strong>, no mesmo site, com a rela\u00e7\u00e3o dos candidatos classificados em ordem decrescente de pontua\u00e7\u00e3o, conforme o n\u00famero de vagas previsto no edital.<\/li>\n<li><strong>Homologa\u00e7\u00e3o do resultado final:<\/strong> ser\u00e1 realizada por <strong>Decreto do Chefe do Poder Executivo<\/strong> e publicada no <strong>Di\u00e1rio Oficial do Munic\u00edpio<\/strong>.<\/li>\n<\/ul>\n<p>A homologa\u00e7\u00e3o \u00e9 o ato administrativo que oficializa o encerramento do processo seletivo e valida a lista definitiva de aprovados, autorizando a convoca\u00e7\u00e3o dos candidatos para a contrata\u00e7\u00e3o tempor\u00e1ria.<\/p>\n<p>Os candidatos devem acompanhar todas as publica\u00e7\u00f5es oficiais pelos seguintes canais:<\/p>\n<ul>\n<li><strong>Site da banca organizadora:<\/strong> <a href=\"https:\/\/www.univali.br\/concursos\" target=\"_blank\" rel=\"noopener\">www.univali.br\/concursos<\/a><\/li>\n<li><strong>Di\u00e1rio Oficial do Munic\u00edpio de Luiz Alves\/SC<\/strong><\/li>\n<\/ul>\n<p>Eventuais recursos contra o resultado preliminar dever\u00e3o ser interpostos nos prazos e na forma estabelecidos no edital. Recomenda-se a leitura atenta das regras sobre crit\u00e9rios de desempate e classifica\u00e7\u00e3o final diretamente no documento oficial.<\/p>\n<p><strong>Importante:<\/strong> o acompanhamento de todas as etapas, publica\u00e7\u00f5es, convoca\u00e7\u00f5es e prazos do processo seletivo \u00e9 de <strong>responsabilidade exclusiva do candidato<\/strong>. N\u00e3o ser\u00e3o enviadas comunica\u00e7\u00f5es individuais, cabendo ao interessado consultar regularmente os canais oficiais de divulga\u00e7\u00e3o.<\/p>\n","protected":false},"excerpt":{"rendered":"<p>Proc. Seletivo Pref. Luiz Alves (SC) com vagas p\/ M\u00e9dico e Professor (Fund. a Sup.). Inscri\u00e7\u00f5es a partir de 27\/02. Sal\u00e1rios at\u00e9 R$13.7k. Confira detalhes!<\/p>\n","protected":false},"author":7,"featured_media":278477,"comment_status":"open","ping_status":"open","sticky":false,"template":"","format":"standard","meta":{"_acf_changed":false,"_breakdance_hide_in_design_set":false,"_breakdance_tags":"","footnotes":""},"categories":[6,6433,7,106,121,11,6434,12,13,17,112,18,19,100,6871,21,119,23,24,25,26,101,118,108,130,143],"tags":[61],"_amplo":[],"destaque":[],"instituicoes":[],"class_list":["post-278478","post","type-post","status-publish","format-standard","has-post-thumbnail","hentry","category-biologia","category-biologia-licenciatura","category-biomedicina","category-bioquimica","category-ciencias-sociais","category-educacao-fisica","category-educacao-fisica-licenciatura","category-enfermagem","category-engenharia-ambiental","category-farmacia","category-filosofia","category-fisioterapia","category-fonoaudiologia","category-historia","category-letras-ingles","category-medicina","category-musica","category-nutricao","category-odontologia","category-pedagogia","category-psicologia","category-servico-social","category-sociologia","category-tecnico-enfermagem","category-tecnico-informatica","category-tecnico-odontologia","tag-santa-catarina"],"acf":{"_tipo_vagas":"vagas","_numero_vagas":"","_quadro_vagas":"","_cargos":"diversos","_cargos_especificos":"","_salario_max":"R$ 13794.56","_abertura":"20260227","_encerramento":"20260327","_inscricoes":"https:\/\/www.univali.br\/concursos","_executora_concurso":"","_instituicao_concurso":[],"_link_adicional":null,"_anexos":null,"_produtos":null,"_vagas":"29 vagas + CR","_salario_min":"R$ 1282.66","_instituicao":"Prefeitura de Luiz Alves","_edital":"https:\/\/www.agrobase.com.br\/concursos\/wp-content\/uploads\/sites\/4\/2026\/02\/edital-02-2026-prefeitura-de-luiz-alves-sc.pdf","_anexos_edital":"https:\/\/www.agrobase.com.br\/concursos\/wp-content\/uploads\/sites\/4\/2026\/02\/anexos-edital-02-2026-prefeitura-de-luiz-alves-sc.pdf","_fund_incompleto":"<div>\r\n<table class=\"quadro\">\r\n<thead>\r\n<tr>\r\n<th class=\"hcargo\">Cargo<\/th>\r\n<th class=\"hvagas\">Vagas<\/th>\r\n<th class=\"hremuneracao\">Remunera\u00e7\u00e3o<\/th>\r\n<\/tr>\r\n<\/thead>\r\n    <tbody>\r\n      <td class=\"ccargos\">\r\n<span data-balloon-length=\"medium\" aria-label=\"Anos iniciais do Ensino fundamental completo.\" data-balloon-pos=\"up\">Cozinheiro<\/span><\/td>\r\n<td class=\"cvagas\">01<\/td>\r\n<td class=\"cremuneracao\">R$ 1.738,42 \/30h<\/td>\r\n<\/tr><td class=\"ccargos\">\r\n<span data-balloon-length=\"medium\" data-balloon-pos=\"up\">Motorista - Categoria D<\/span><\/td>\r\n<td class=\"cvagas\">01<\/td>\r\n<td class=\"cremuneracao\">R$ 3.155,10 \/44h<\/td>\r\n<\/tr><td class=\"ccargos\">\r\n<span data-balloon-length=\"medium\" data-balloon-pos=\"up\">Motorista - Categoria D 12h x 26h<\/span><\/td>\r\n<td class=\"cvagas\">01<\/td>\r\n<td class=\"cremuneracao\">R$ 3.155,10 \/12hx36h<\/td>\r\n<\/tr><td class=\"ccargos\">\r\n<span data-balloon-length=\"medium\" data-balloon-pos=\"up\">Operador de M\u00e1quinas<\/span><\/td>\r\n<td class=\"cvagas\">01<\/td>\r\n<td class=\"cremuneracao\">R$ 2.716,28 \/44h<\/td>\r\n<\/tr><td class=\"ccargos\">\r\n<span data-balloon-length=\"medium\" aria-label=\"Anos iniciais do Ensino fundamental.\" data-balloon-pos=\"up\">Oper\u00e1rio Bra\u00e7al<\/span><\/td>\r\n<td class=\"cvagas\">01<\/td>\r\n<td class=\"cremuneracao\">R$ 2.317,88 \/44h<\/td>\r\n<\/tr><td class=\"ccargos\">\r\n<span data-balloon-length=\"medium\" aria-label=\"Anos iniciais do Ensino Fundamental\" data-balloon-pos=\"up\">Vigia<\/span><\/td>\r\n<td class=\"cvagas\">01<\/td>\r\n<td class=\"cremuneracao\">R$ 2.317,88 \/40h<\/td>\r\n<\/tr><td class=\"ccargos\">\r\n<span data-balloon-length=\"medium\" aria-label=\"Anos iniciais do Ensino Fundamental\" data-balloon-pos=\"up\">Zelador<\/span><\/td>\r\n<td class=\"cvagas\">01<\/td>\r\n<td class=\"cremuneracao\">R$ 2.317,88 \/40h<\/td>\r\n<\/tr><td class=\"ccargos\">\r\n<span data-balloon-length=\"medium\" aria-label=\"Anos iniciais do Ensino Fundamental\" data-balloon-pos=\"up\">Zelador (SME)<\/span><\/td>\r\n<td class=\"cvagas\">01<\/td>\r\n<td class=\"cremuneracao\">R$ 1.738,42 \/30h<\/td>\r\n<\/tr>\r\n    <\/tbody>\r\n  <\/table>\r\n<\/div>","_fund_completo":"","_medio":"<div>\r\n<table class=\"quadro\">\r\n<thead>\r\n<tr>\r\n<th class=\"hcargo\">Cargo<\/th>\r\n<th class=\"hvagas\">Vagas<\/th>\r\n<th class=\"hremuneracao\">Remunera\u00e7\u00e3o<\/th>\r\n<\/tr>\r\n<\/thead>\r\n    <tbody>\r\n      <td class=\"ccargos\">\r\n<span data-balloon-length=\"medium\" aria-label=\"Ensino M\u00e9dio Completo, curso de forma\u00e7\u00e3o de Agente Comunit\u00e1rio de Sa\u00fade e residir na \u00e1rea de atua\u00e7\u00e3o desde a inscri\u00e7\u00e3o.\" data-balloon-pos=\"up\">Agente Comunit\u00e1rio de Sa\u00fade - UBS Canoas<\/span><\/td>\r\n<td class=\"cvagas\">01<\/td>\r\n<td class=\"cremuneracao\">R$ 3.242,00 \/40h<\/td>\r\n<\/tr><td class=\"ccargos\">\r\n<span data-balloon-length=\"medium\" aria-label=\"Ensino M\u00e9dio Completo, curso de forma\u00e7\u00e3o de Agente Comunit\u00e1rio de Sa\u00fade e residir na \u00e1rea de atua\u00e7\u00e3o desde a inscri\u00e7\u00e3o.\" data-balloon-pos=\"up\">Agente Comunit\u00e1rio de Sa\u00fade - UBS Edite de Toffel Marangoni<\/span><\/td>\r\n<td class=\"cvagas\">01<\/td>\r\n<td class=\"cremuneracao\">R$ 3.242,00 \/40h<\/td>\r\n<\/tr><td class=\"ccargos\">\r\n<span data-balloon-length=\"medium\" aria-label=\"Ensino M\u00e9dio Completo, curso de forma\u00e7\u00e3o de Agente Comunit\u00e1rio de Sa\u00fade e residir na \u00e1rea de atua\u00e7\u00e3o desde a inscri\u00e7\u00e3o.\" data-balloon-pos=\"up\">Agente Comunit\u00e1rio de Sa\u00fade - UBS Margio Melchioretto<\/span><\/td>\r\n<td class=\"cvagas\">01<\/td>\r\n<td class=\"cremuneracao\">R$ 3.242,00 \/40h<\/td>\r\n<\/tr><td class=\"ccargos\">\r\n<span data-balloon-length=\"medium\" aria-label=\"Ensino M\u00e9dio Completo, curso de forma\u00e7\u00e3o de Agente Comunit\u00e1rio de Sa\u00fade e residir na \u00e1rea de atua\u00e7\u00e3o desde a inscri\u00e7\u00e3o.\" data-balloon-pos=\"up\">Agente Comunit\u00e1rio de Sa\u00fade - UBS Ribeir\u00e3o M\u00e1ximo<\/span><\/td>\r\n<td class=\"cvagas\">01<\/td>\r\n<td class=\"cremuneracao\">R$ 3.242,00 \/40h<\/td>\r\n<\/tr><td class=\"ccargos\">\r\n<span data-balloon-length=\"medium\" aria-label=\"Ensino M\u00e9dio Completo, curso de forma\u00e7\u00e3o de Agente Comunit\u00e1rio de Sa\u00fade e residir na \u00e1rea de atua\u00e7\u00e3o desde a inscri\u00e7\u00e3o.\" data-balloon-pos=\"up\">Agente Comunit\u00e1rio de Sa\u00fade - UBS Samuel Jos\u00e9 Kohler<\/span><\/td>\r\n<td class=\"cvagas\">01<\/td>\r\n<td class=\"cremuneracao\">R$ 3.242,00 \/40h<\/td>\r\n<\/tr><td class=\"ccargos\">\r\n<span data-balloon-length=\"medium\" aria-label=\"Ensino M\u00e9dio Completo, curso de forma\u00e7\u00e3o de Agente Comunit\u00e1rio de Sa\u00fade e residir na \u00e1rea de atua\u00e7\u00e3o desde a inscri\u00e7\u00e3o.\" data-balloon-pos=\"up\">Agente Comunit\u00e1rio de Sa\u00fade - UBS Serafim<\/span><\/td>\r\n<td class=\"cvagas\">01<\/td>\r\n<td class=\"cremuneracao\">R$ 3.242,00 \/40h<\/td>\r\n<\/tr><td class=\"ccargos\">\r\n<span data-balloon-length=\"medium\" aria-label=\"Certificado de conclus\u00e3o do Ensino M\u00e9dio.\" data-balloon-pos=\"up\">Agente Educacional<\/span><\/td>\r\n<td class=\"cvagas\">01<\/td>\r\n<td class=\"cremuneracao\">R$ 1.738,42 \/30h<\/td>\r\n<\/tr><td class=\"ccargos\">\r\n<span data-balloon-length=\"medium\" aria-label=\"Certificado de conclus\u00e3o do Ensino M\u00e9dio.\" data-balloon-pos=\"up\">Assistente Administrativo<\/span><\/td>\r\n<td class=\"cvagas\">01<\/td>\r\n<td class=\"cremuneracao\">R$ 2.369,72 \/40h<\/td>\r\n<\/tr><td class=\"ccargos\">\r\n<span data-balloon-length=\"medium\" aria-label=\"Certificado de conclus\u00e3o do Ensino M\u00e9dio.\" data-balloon-pos=\"up\">Atendente de Educa\u00e7\u00e3o Infantil<\/span><\/td>\r\n<td class=\"cvagas\">01<\/td>\r\n<td class=\"cremuneracao\">R$ 1.738,42 \/30h<\/td>\r\n<\/tr><td class=\"ccargos\">\r\n<span data-balloon-length=\"medium\" aria-label=\"Ensino m\u00e9dio completo e curso t\u00e9cnico em Auxiliar de Sa\u00fade Bucal e registro no Conselho competente.\" data-balloon-pos=\"up\">Auxiliar de Sa\u00fade Bucal<\/span><\/td>\r\n<td class=\"cvagas\">01<\/td>\r\n<td class=\"cremuneracao\">R$ 2.317,88 \/40h<\/td>\r\n<\/tr><td class=\"ccargos\">\r\n<span data-balloon-length=\"medium\" aria-label=\"Certificado de curso de T\u00e9cnico em Enfermagem e comprovante deregistro no COREN.\" data-balloon-pos=\"up\">T\u00e9cnico em Enfermagem<\/span><\/td>\r\n<td class=\"cvagas\">01<\/td>\r\n<td class=\"cremuneracao\">R$ 3.612,64 \/40h<\/td>\r\n<\/tr><td class=\"ccargos\">\r\n<span data-balloon-length=\"medium\" aria-label=\"Ensino m\u00e9dio completo, curso t\u00e9cnico em Farm\u00e1cia.\" data-balloon-pos=\"up\">T\u00e9cnico em Farm\u00e1cia<\/span><\/td>\r\n<td class=\"cvagas\">01<\/td>\r\n<td class=\"cremuneracao\">R$ 2.579,10 \/40h<\/td>\r\n<\/tr><td class=\"ccargos\">\r\n<span data-balloon-length=\"medium\" aria-label=\"Certificado de curso de T\u00e9cnico na \u00e1rea de Inform\u00e1tica.\" data-balloon-pos=\"up\">T\u00e9cnico em Manuten\u00e7\u00e3o e Suporte de Inform\u00e1tica<\/span><\/td>\r\n<td class=\"cvagas\">01<\/td>\r\n<td class=\"cremuneracao\">R$ 2.995,46 \/40h<\/td>\r\n<\/tr><td class=\"ccargos\">\r\n<span data-balloon-length=\"medium\" aria-label=\"Certificado de conclus\u00e3o de curso de T\u00e9cnico em Sa\u00fade Bucal eregistro no CRO.\" data-balloon-pos=\"up\">T\u00e9cnico em Sa\u00fade Bucal<\/span><\/td>\r\n<td class=\"cvagas\">01<\/td>\r\n<td class=\"cremuneracao\">R$ 2.579,10 \/40h<\/td>\r\n<\/tr>\r\n    <\/tbody>\r\n  <\/table>\r\n<\/div>","_superior":"<div>\r\n<table class=\"quadro\">\r\n<thead>\r\n<tr>\r\n<th class=\"hcargo\">Cargo<\/th>\r\n<th class=\"hvagas\">Vagas<\/th>\r\n<th class=\"hremuneracao\">Remunera\u00e7\u00e3o<\/th>\r\n<\/tr>\r\n<\/thead>\r\n    <tbody>\r\n      <tr>\r\n<td class=\"ccargos\">\r\n<span data-balloon-length=\"medium\" aria-label=\"Ensino superior completo na \u00e1rea da sa\u00fade, com p\u00f3s-gradua\u00e7\u00e3o em Arteterapia.\" data-balloon-pos=\"up\">Arteterapeuta - CAPS<\/span><\/td>\r\n<td class=\"cvagas\">CR<\/td>\r\n<td class=\"cremuneracao\">R$ 4.479,48 \/40h<\/td>\r\n<\/tr><tr>\r\n<td class=\"ccargos\">\r\n<span data-balloon-length=\"medium\" aria-label=\"Ensino superior completo em Servi\u00e7o Social e registro no Conselho competente.\" data-balloon-pos=\"up\">Assistente Social<\/span><\/td>\r\n<td class=\"cvagas\">CR<\/td>\r\n<td class=\"cremuneracao\">R$ 4.043,92 \/30h<\/td>\r\n<\/tr><tr>\r\n<td class=\"ccargos\">\r\n<span data-balloon-length=\"medium\" aria-label=\"Ensino superior completo em Enfermagem e registro no Conselho competente.\" data-balloon-pos=\"up\">Enfermeiro<\/span><\/td>\r\n<td class=\"cvagas\">CR<\/td>\r\n<td class=\"cremuneracao\">R$ 5.160,92 \/40h<\/td>\r\n<\/tr><tr>\r\n<td class=\"ccargos\">\r\n<span data-balloon-length=\"medium\" aria-label=\"Ensino superior completo em Farm\u00e1cia e registro no Conselho competente.\" data-balloon-pos=\"up\">Farmac\u00eautico<\/span><\/td>\r\n<td class=\"cvagas\">CR<\/td>\r\n<td class=\"cremuneracao\">R$ 4.890,92 \/40h<\/td>\r\n<\/tr><tr>\r\n<td class=\"ccargos\">\r\n<span data-balloon-length=\"medium\" aria-label=\"Diploma de gradua\u00e7\u00e3o em Biologia, ou Biomedicina, ou Bioqu\u00edmica, ou Engenharia Ambiental, ou Farm\u00e1cia e Carteira Nacional de Habilita\u00e7\u00e3o, categoria B.\" data-balloon-pos=\"up\">Fiscal Sanit\u00e1rio<\/span><\/td>\r\n<td class=\"cvagas\">CR<\/td>\r\n<td class=\"cremuneracao\">R$ 3.223,89 \/40h<\/td>\r\n<\/tr><tr>\r\n<td class=\"ccargos\">\r\n<span data-balloon-length=\"medium\" aria-label=\"Ensino superior completo em Fisioterapia e registro no Conselho competente.\" data-balloon-pos=\"up\">Fisioterapeuta<\/span><\/td>\r\n<td class=\"cvagas\">CR<\/td>\r\n<td class=\"cremuneracao\">R$ 4.479,48 \/30h<\/td>\r\n<\/tr><tr>\r\n<td class=\"ccargos\">\r\n<span data-balloon-length=\"medium\" aria-label=\"Ensino superior completo em Fonoaudiologia e registro no Conselho competente.\" data-balloon-pos=\"up\">Fonoaudi\u00f3logo<\/span><\/td>\r\n<td class=\"cvagas\">CR<\/td>\r\n<td class=\"cremuneracao\">R$ 4.479,48 \/40h<\/td>\r\n<\/tr><tr>\r\n<td class=\"ccargos\">\r\n<span data-balloon-length=\"medium\" aria-label=\"Ensino superior completo em Fonoaudiologia e registro no Conselho competente.\" data-balloon-pos=\"up\">Fonoaudi\u00f3logo (SME)<\/span><\/td>\r\n<td class=\"cvagas\">CR<\/td>\r\n<td class=\"cremuneracao\">R$ 4.479,48 \/40h<\/td>\r\n<\/tr><tr>\r\n<td class=\"ccargos\">\r\n<span data-balloon-length=\"medium\" aria-label=\"Curso de n\u00edvel superior completo em Medicina, T\u00edtulo de Especialista em Auditoria em Sa\u00fade e registro no conselho competente.\" data-balloon-pos=\"up\">M\u00e9dico Auditor<\/span><\/td>\r\n<td class=\"cvagas\">CR<\/td>\r\n<td class=\"cremuneracao\">R$ 5.006,39 \/10h<\/td>\r\n<\/tr><tr>\r\n<td class=\"ccargos\">\r\n<span data-balloon-length=\"medium\" aria-label=\"Diploma de gradua\u00e7\u00e3o em Medicina e comprovante de registro no CRM.\" data-balloon-pos=\"up\">M\u00e9dico Cl\u00ednico Geral<\/span><\/td>\r\n<td class=\"cvagas\">CR<\/td>\r\n<td class=\"cremuneracao\">R$ 13.794,56 \/40h<\/td>\r\n<\/tr><tr>\r\n<td class=\"ccargos\">\r\n<span data-balloon-length=\"medium\" aria-label=\"Ensino superior completo em Medicina, forma\u00e7\u00e3o em sa\u00fade mental.\" data-balloon-pos=\"up\">M\u00e9dico Especialista em Sa\u00fade Mental<\/span><\/td>\r\n<td class=\"cvagas\">CR<\/td>\r\n<td class=\"cremuneracao\">R$ 8.500,00 \/20h<\/td>\r\n<\/tr><tr>\r\n<td class=\"ccargos\">\r\n<span data-balloon-length=\"medium\" aria-label=\"Ensino superior completo em Medicina, Resid\u00eancia M\u00e9dica em Ginecologia e Obstetr\u00edcia e\/ou T\u00edtulo de Especialista em Ginecologia e Obstetr\u00edcia e registro no Conselho competente e registro de qualifica\u00e7\u00e3o de especialista.\" data-balloon-pos=\"up\">M\u00e9dico Ginecologista\/Obstetra<\/span><\/td>\r\n<td class=\"cvagas\">CR<\/td>\r\n<td class=\"cremuneracao\">R$ 4.656,75 \/10h<\/td>\r\n<\/tr><tr>\r\n<td class=\"ccargos\">\r\n<span data-balloon-length=\"medium\" aria-label=\"Ensino superior completo em Medicina, Resid\u00eancia M\u00e9dica em Pediatria ou T\u00edtulo de Especialista em Pediatria, registro no Conselho competente e registro de qualifica\u00e7\u00e3o de especialista.\" data-balloon-pos=\"up\">M\u00e9dico Pediatra<\/span><\/td>\r\n<td class=\"cvagas\">CR<\/td>\r\n<td class=\"cremuneracao\">R$ 4.656,75 \/10h<\/td>\r\n<\/tr><tr>\r\n<td class=\"ccargos\">\r\n<span data-balloon-length=\"medium\" aria-label=\"Diploma de gradua\u00e7\u00e3o em Nutri\u00e7\u00e3o e comprovante de registro no CRN.\" data-balloon-pos=\"up\">Nutricionista<\/span><\/td>\r\n<td class=\"cvagas\">CR<\/td>\r\n<td class=\"cremuneracao\">R$ 2.239,74 \/20h<\/td>\r\n<\/tr><tr>\r\n<td class=\"ccargos\">\r\n<span data-balloon-length=\"medium\" aria-label=\"Diploma de gradua\u00e7\u00e3o em Odontologia e comprovante de registro no CRO.\" data-balloon-pos=\"up\">Odont\u00f3logo<\/span><\/td>\r\n<td class=\"cvagas\">CR<\/td>\r\n<td class=\"cremuneracao\">R$ 4.790,81 \/40h<\/td>\r\n<\/tr><tr>\r\n<td class=\"ccargos\">\r\n<span data-balloon-length=\"medium\" aria-label=\"Ensino superior completo em uma destas \u00e1reas: Psicologia, Servi\u00e7o Social, Pedagogia, Licenciatura em Hist\u00f3ria, Ci\u00eancias Sociais, Filosofia ou Sociologia.\" data-balloon-pos=\"up\">Orientador Social<\/span><\/td>\r\n<td class=\"cvagas\">CR<\/td>\r\n<td class=\"cremuneracao\">R$ 3.223,89 \/40h<\/td>\r\n<\/tr><tr>\r\n<td class=\"ccargos\">\r\n<span data-balloon-length=\"medium\" aria-label=\"Licenciatura em Artes\" data-balloon-pos=\"up\">Professor de Arte<\/span><\/td>\r\n<td class=\"cvagas\">CR<\/td>\r\n<td class=\"cremuneracao\">R$ 2.565,32 \/20h<\/td>\r\n<\/tr><tr>\r\n<td class=\"ccargos\">\r\n<span data-balloon-length=\"medium\" aria-label=\"Cursando a partir do 4\u00ba per\u00edodo Licenciatura em Arte com \u00eanfase preferencialmente m\u00fasica, dan\u00e7a ou teatro.\" data-balloon-pos=\"up\">Professor de Arte - N\u00e3o Habilitado<\/span><\/td>\r\n<td class=\"cvagas\">CR<\/td>\r\n<td class=\"cremuneracao\">R$ 2.565,32 \/20h<\/td>\r\n<\/tr><tr>\r\n<td class=\"ccargos\">\r\n<span data-balloon-length=\"medium\" aria-label=\"Licenciatura em Biologia ou Ci\u00eancias Biol\u00f3gicas\" data-balloon-pos=\"up\">Professor de Ci\u00eancias<\/span><\/td>\r\n<td class=\"cvagas\">CR<\/td>\r\n<td class=\"cremuneracao\">R$ 2.565,32 \/20h<\/td>\r\n<\/tr><tr>\r\n<td class=\"ccargos\">\r\n<span data-balloon-length=\"medium\" aria-label=\"Cursando a partir do 4\u00ba per\u00edodo Licenciatura em Biologia ou Ci\u00eancias Biol\u00f3gicas\" data-balloon-pos=\"up\">Professor de Ci\u00eancias - N\u00e3o Habilitado<\/span><\/td>\r\n<td class=\"cvagas\">CR<\/td>\r\n<td class=\"cremuneracao\">R$ 2.565,32 \/20h<\/td>\r\n<\/tr><tr>\r\n<td class=\"ccargos\">\r\n<span data-balloon-length=\"medium\" aria-label=\"Licenciatura em Educa\u00e7\u00e3o F\u00edsica ou Licenciatura em Dan\u00e7a e experi\u00eancia de, no m\u00ednimo dois anos, em atividades de dan\u00e7a.\" data-balloon-pos=\"up\">Professor de Dan\u00e7a<\/span><\/td>\r\n<td class=\"cvagas\">CR<\/td>\r\n<td class=\"cremuneracao\">R$ 2.525,90 \/20h<\/td>\r\n<\/tr><tr>\r\n<td class=\"ccargos\">\r\n<span data-balloon-length=\"medium\" aria-label=\"Licenciatura em Educa\u00e7\u00e3o F\u00edsica ou Licenciatura em Dan\u00e7a e experi\u00eancia de, no m\u00ednimo dois anos, em atividades de dan\u00e7a.\" data-balloon-pos=\"up\">Professor de Dan\u00e7a<\/span><\/td>\r\n<td class=\"cvagas\">CR<\/td>\r\n<td class=\"cremuneracao\">R$ 3.788,85 \/30h<\/td>\r\n<\/tr><tr>\r\n<td class=\"ccargos\">\r\n<span data-balloon-length=\"medium\" aria-label=\"Licenciatura em Educa\u00e7\u00e3o F\u00edsica ou Licenciatura em Dan\u00e7a e experi\u00eancia de, no m\u00ednimo dois anos, em atividades de dan\u00e7a.\" data-balloon-pos=\"up\">Professor de Dan\u00e7a<\/span><\/td>\r\n<td class=\"cvagas\">CR<\/td>\r\n<td class=\"cremuneracao\">R$ 5.051,80 \/40h<\/td>\r\n<\/tr><tr>\r\n<td class=\"ccargos\">\r\n<span data-balloon-length=\"medium\" aria-label=\"Cursando a partir do 4\u00ba per\u00edodo Licenciatura em Educa\u00e7\u00e3o F\u00edsica ou Licenciatura em Dan\u00e7a e experi\u00eancia de, no m\u00ednimo dois anos, em atividades de dan\u00e7a.\" data-balloon-pos=\"up\">Professor de Dan\u00e7a \u2013 N\u00e3o Habilitado<\/span><\/td>\r\n<td class=\"cvagas\">CR<\/td>\r\n<td class=\"cremuneracao\">R$ 2.525,90 \/20h<\/td>\r\n<\/tr><tr>\r\n<td class=\"ccargos\">\r\n<span data-balloon-length=\"medium\" aria-label=\"Cursando a partir do 4\u00ba per\u00edodo Licenciatura em Educa\u00e7\u00e3o F\u00edsica ou Licenciatura em Dan\u00e7a e experi\u00eancia de, no m\u00ednimo dois anos, em atividades de dan\u00e7a.\" data-balloon-pos=\"up\">Professor de Dan\u00e7a \u2013 N\u00e3o Habilitado<\/span><\/td>\r\n<td class=\"cvagas\">CR<\/td>\r\n<td class=\"cremuneracao\">R$ 3.788,85 \/30h<\/td>\r\n<\/tr><tr>\r\n<td class=\"ccargos\">\r\n<span data-balloon-length=\"medium\" aria-label=\"Cursando a partir do 4\u00ba per\u00edodo Licenciatura em Educa\u00e7\u00e3o F\u00edsica ou Licenciatura em Dan\u00e7a e experi\u00eancia de, no m\u00ednimo dois anos, em atividades de dan\u00e7a.\" data-balloon-pos=\"up\">Professor de Dan\u00e7a \u2013 N\u00e3o Habilitado<\/span><\/td>\r\n<td class=\"cvagas\">CR<\/td>\r\n<td class=\"cremuneracao\">R$ 5.051,80 \/40h<\/td>\r\n<\/tr><tr>\r\n<td class=\"ccargos\">\r\n<span data-balloon-length=\"medium\" aria-label=\"Licenciatura em Educa\u00e7\u00e3o F\u00edsica e registro no CREF.\" data-balloon-pos=\"up\">Professor de Educa\u00e7\u00e3o F\u00edsica<\/span><\/td>\r\n<td class=\"cvagas\">CR<\/td>\r\n<td class=\"cremuneracao\">R$ 2.565,32 \/20h<\/td>\r\n<\/tr><tr>\r\n<td class=\"ccargos\">\r\n<span data-balloon-length=\"medium\" aria-label=\"Cursando a partir do 4\u00ba per\u00edodo em Licenciatura em Educa\u00e7\u00e3o F\u00edsica\" data-balloon-pos=\"up\">Professor de Educa\u00e7\u00e3o F\u00edsica \u2013 N\u00e3o Habilitado<\/span><\/td>\r\n<td class=\"cvagas\">CR<\/td>\r\n<td class=\"cremuneracao\">R$ 2.565,32 \/20h<\/td>\r\n<\/tr><tr>\r\n<td class=\"ccargos\">\r\n<span data-balloon-length=\"medium\" aria-label=\"Licenciatura em Pedagogia.\" data-balloon-pos=\"up\">Professor de Educa\u00e7\u00e3o Infantil e Anos Iniciais<\/span><\/td>\r\n<td class=\"cvagas\">CR<\/td>\r\n<td class=\"cremuneracao\">R$ 2.565,32 \/20h<\/td>\r\n<\/tr><tr>\r\n<td class=\"ccargos\">\r\n<span data-balloon-length=\"medium\" aria-label=\"Magist\u00e9rio.\" data-balloon-pos=\"up\">Professor de Educa\u00e7\u00e3o Infantil e Anos Iniciais - Magist\u00e9rio<\/span><\/td>\r\n<td class=\"cvagas\">CR<\/td>\r\n<td class=\"cremuneracao\">R$ 2.565,32 \/20h<\/td>\r\n<\/tr><tr>\r\n<td class=\"ccargos\">\r\n<span data-balloon-length=\"medium\" aria-label=\"Cursando a partir do 4\u00ba per\u00edodo Licenciatura em Pedagogia.\" data-balloon-pos=\"up\">Professor de Educa\u00e7\u00e3o Infantil e Anos Iniciais - N\u00e3o Habilitado<\/span><\/td>\r\n<td class=\"cvagas\">CR<\/td>\r\n<td class=\"cremuneracao\">R$ 2.565,32 \/20h<\/td>\r\n<\/tr><tr>\r\n<td class=\"ccargos\">\r\n<span data-balloon-length=\"medium\" aria-label=\"Licenciatura em Ci\u00eancias da Religi\u00e3o ou Ensino Religioso\" data-balloon-pos=\"up\">Professor de Ensino Religioso<\/span><\/td>\r\n<td class=\"cvagas\">CR<\/td>\r\n<td class=\"cremuneracao\">R$ 1.282,66 \/10h<\/td>\r\n<\/tr><tr>\r\n<td class=\"ccargos\">\r\n<span data-balloon-length=\"medium\" aria-label=\"Cursando a partir do 4\u00ba per\u00edodo Licenciatura em Ci\u00eancias da Religi\u00e3o ou Ensino Religioso\" data-balloon-pos=\"up\">Professor de Ensino Religioso \u2013 N\u00e3o Habilitado<\/span><\/td>\r\n<td class=\"cvagas\">CR<\/td>\r\n<td class=\"cremuneracao\">R$ 1.282,66 \/10h<\/td>\r\n<\/tr><tr>\r\n<td class=\"ccargos\">\r\n<span data-balloon-length=\"medium\" aria-label=\"Licenciatura em Letras com habilita\u00e7\u00e3o em L\u00edngua Inglesa\" data-balloon-pos=\"up\">Professor de L\u00edngua Inglesa<\/span><\/td>\r\n<td class=\"cvagas\">CR<\/td>\r\n<td class=\"cremuneracao\">R$ 2.565,32 \/20h<\/td>\r\n<\/tr><tr>\r\n<td class=\"ccargos\">\r\n<span data-balloon-length=\"medium\" aria-label=\"Cursando Licenciatura em L\u00edngua Estrangeira - Ingl\u00eas ou Certificado de Curso de Idioma (m\u00ednimo 200 horas de curso)\" data-balloon-pos=\"up\">Professor de L\u00edngua Inglesa \u2013 N\u00e3o Habilitado<\/span><\/td>\r\n<td class=\"cvagas\">CR<\/td>\r\n<td class=\"cremuneracao\">R$ 2.565,32 \/20h<\/td>\r\n<\/tr><tr>\r\n<td class=\"ccargos\">\r\n<span data-balloon-length=\"medium\" aria-label=\"Licenciatura em M\u00fasica\" data-balloon-pos=\"up\">Professor de M\u00fasica<\/span><\/td>\r\n<td class=\"cvagas\">CR<\/td>\r\n<td class=\"cremuneracao\">R$ 2.565,32 \/20h<\/td>\r\n<\/tr><tr>\r\n<td class=\"ccargos\">\r\n<span data-balloon-length=\"medium\" aria-label=\"Cursando a partir do 4\u00ba per\u00edodo Licenciatura em Arte com \u00eanfase preferencialmente m\u00fasica, dan\u00e7a ou teatro ou cursando a partir do 4\u00ba per\u00edodo Licenciatura em m\u00fasica.\" data-balloon-pos=\"up\">Professor de M\u00fasica - N\u00e3o Habilitado<\/span><\/td>\r\n<td class=\"cvagas\">CR<\/td>\r\n<td class=\"cremuneracao\">R$ 2.565,32 \/20h<\/td>\r\n<\/tr><tr>\r\n<td class=\"ccargos\">\r\n<span data-balloon-length=\"medium\" aria-label=\"Diploma de Bacharel em Educa\u00e7\u00e3o F\u00edsica e comprovante de registro no CREF.\" data-balloon-pos=\"up\">Profissional de Educa\u00e7\u00e3o F\u00edsica<\/span><\/td>\r\n<td class=\"cvagas\">CR<\/td>\r\n<td class=\"cremuneracao\">R$ 2.525,90 \/20h<\/td>\r\n<\/tr><tr>\r\n<td class=\"ccargos\">\r\n<span data-balloon-length=\"medium\" aria-label=\"Diploma de gradua\u00e7\u00e3o em Psicologia e comprovante de registro no CRP.\" data-balloon-pos=\"up\">Psic\u00f3logo (SMDAS)<\/span><\/td>\r\n<td class=\"cvagas\">CR<\/td>\r\n<td class=\"cremuneracao\">R$ 4.479,48 \/40h<\/td>\r\n<\/tr><tr>\r\n<td class=\"ccargos\">\r\n<span data-balloon-length=\"medium\" aria-label=\"Diploma de gradua\u00e7\u00e3o em Psicologia e comprovante de registro no CRP.\" data-balloon-pos=\"up\">Psic\u00f3logo<\/span><\/td>\r\n<td class=\"cvagas\">CR<\/td>\r\n<td class=\"cremuneracao\">R$ 4.479,48 \/40h<\/td>\r\n<\/tr><tr>\r\n<td class=\"ccargos\">\r\n<span data-balloon-length=\"medium\" aria-label=\"Gradua\u00e7\u00e3o em Psicopedagogia. Gradua\u00e7\u00e3o em Pedagogia, ou Psicologia com Especializa\u00e7\u00e3o em Psicopedagogia.\" data-balloon-pos=\"up\">Psicopedagogo<\/span><\/td>\r\n<td class=\"cvagas\">CR<\/td>\r\n<td class=\"cremuneracao\">R$ 2.525,90 \/20h<\/td>\r\n<\/tr>\r\n    <\/tbody>\r\n  <\/table>\r\n<\/div>"},"_links":{"self":[{"href":"https:\/\/www.agrobase.com.br\/concursos\/wp-json\/wp\/v2\/posts\/278478","targetHints":{"allow":["GET"]}}],"collection":[{"href":"https:\/\/www.agrobase.com.br\/concursos\/wp-json\/wp\/v2\/posts"}],"about":[{"href":"https:\/\/www.agrobase.com.br\/concursos\/wp-json\/wp\/v2\/types\/post"}],"author":[{"embeddable":true,"href":"https:\/\/www.agrobase.com.br\/concursos\/wp-json\/wp\/v2\/users\/7"}],"replies":[{"embeddable":true,"href":"https:\/\/www.agrobase.com.br\/concursos\/wp-json\/wp\/v2\/comments?post=278478"}],"version-history":[{"count":1,"href":"https:\/\/www.agrobase.com.br\/concursos\/wp-json\/wp\/v2\/posts\/278478\/revisions"}],"predecessor-version":[{"id":278480,"href":"https:\/\/www.agrobase.com.br\/concursos\/wp-json\/wp\/v2\/posts\/278478\/revisions\/278480"}],"wp:featuredmedia":[{"embeddable":true,"href":"https:\/\/www.agrobase.com.br\/concursos\/wp-json\/wp\/v2\/media\/278477"}],"wp:attachment":[{"href":"https:\/\/www.agrobase.com.br\/concursos\/wp-json\/wp\/v2\/media?parent=278478"}],"wp:term":[{"taxonomy":"category","embeddable":true,"href":"https:\/\/www.agrobase.com.br\/concursos\/wp-json\/wp\/v2\/categories?post=278478"},{"taxonomy":"post_tag","embeddable":true,"href":"https:\/\/www.agrobase.com.br\/concursos\/wp-json\/wp\/v2\/tags?post=278478"},{"taxonomy":"_amplo","embeddable":true,"href":"https:\/\/www.agrobase.com.br\/concursos\/wp-json\/wp\/v2\/_amplo?post=278478"},{"taxonomy":"destaque","embeddable":true,"href":"https:\/\/www.agrobase.com.br\/concursos\/wp-json\/wp\/v2\/destaque?post=278478"},{"taxonomy":"instituicoes","embeddable":true,"href":"https:\/\/www.agrobase.com.br\/concursos\/wp-json\/wp\/v2\/instituicoes?post=278478"}],"curies":[{"name":"wp","href":"https:\/\/api.w.org\/{rel}","templated":true}]}}