{"id":278474,"date":"2026-03-02T07:50:34","date_gmt":"2026-03-02T10:50:34","guid":{"rendered":"https:\/\/www.agrobase.com.br\/concursos\/?p=278474"},"modified":"2026-02-27T13:19:12","modified_gmt":"2026-02-27T16:19:12","slug":"prefeitura-vitoria-es-selecao-simplificada-06-2026","status":"publish","type":"post","link":"https:\/\/www.agrobase.com.br\/concursos\/2026\/prefeitura-vitoria-es-selecao-simplificada-06-2026\/","title":{"rendered":"Prefeitura Vit\u00f3ria (ES) &#8211; Sele\u00e7\u00e3o Simplificada 06\/2026"},"content":{"rendered":"<h2>Informa\u00e7\u00f5es Gerais<\/h2>\n<p>O <strong>Munic\u00edpio de Vit\u00f3ria<\/strong>, capital do Esp\u00edrito Santo, por interm\u00e9dio da Secretaria de Gest\u00e3o e Planejamento (SEGES), tornou p\u00fablico a realiza\u00e7\u00e3o de <strong>Processo Seletivo Simplificado<\/strong>, em car\u00e1ter de urg\u00eancia, para a contrata\u00e7\u00e3o tempor\u00e1ria de profissionais de <strong>n\u00edvel superior<\/strong>, visando atender \u00e0s necessidades de excepcional interesse p\u00fablico da administra\u00e7\u00e3o municipal.<\/p>\n<p>O certame oferece <strong>04 vagas imediatas + cadastro reserva (CR)<\/strong>, com remunera\u00e7\u00f5es que variam de <strong>R$ 3.082,14 a R$ 4.109,52<\/strong>, para carga hor\u00e1ria de 30h ou 40h semanais, conforme a fun\u00e7\u00e3o. O regime de contrata\u00e7\u00e3o \u00e9 <strong>tempor\u00e1rio<\/strong>, nos termos da Lei Municipal n\u00ba 7.534\/2008.<\/p>\n<p>As oportunidades contemplam profissionais da \u00e1rea da sa\u00fade nas seguintes fun\u00e7\u00f5es: <strong>Farmac\u00eautico \u2013 Bioqu\u00edmico<\/strong> (01 vaga + CR), <strong>Farmac\u00eautico \u2013 Farm\u00e1cia<\/strong> (01 vaga + CR), <strong>Fisioterapeuta<\/strong> (01 vaga + CR) e <strong><em>Nutricionista<\/em><\/strong> (01 vaga + CR). Todas as fun\u00e7\u00f5es exigem diploma de curso superior na respectiva \u00e1rea, registro ativo no conselho de classe e experi\u00eancia profissional m\u00ednima de 06 meses.<\/p>\n<p>Destaque especial para os profissionais de <strong>Nutri\u00e7\u00e3o<\/strong>: h\u00e1 vaga imediata e cadastro reserva para <strong>Nutricionista<\/strong>, com remunera\u00e7\u00e3o de <strong>R$ 4.109,52<\/strong> e jornada de 40 horas semanais \u2014 uma excelente oportunidade para quem atua nessa \u00e1rea.<\/p>\n<p>Continue a leitura para conferir todos os detalhes sobre inscri\u00e7\u00f5es, etapas do processo seletivo e como acompanhar os resultados.<\/p>\n<h2>Inscri\u00e7\u00f5es<\/h2>\n<p>As inscri\u00e7\u00f5es para o Processo Seletivo Simplificado do Munic\u00edpio de Vit\u00f3ria\/ES estar\u00e3o abertas no per\u00edodo de <strong>04 de mar\u00e7o de 2026, a partir das 08h, at\u00e9 as 23h59 do dia 13 de mar\u00e7o de 2026<\/strong>.<\/p>\n<p>A inscri\u00e7\u00e3o ser\u00e1 realizada <strong>exclusivamente pela internet<\/strong>, por meio do endere\u00e7o eletr\u00f4nico <strong>selecao.vitoria.es.gov.br<\/strong>. Para se inscrever, o candidato dever\u00e1:<\/p>\n<ul>\n<li>Acessar o site <strong>selecao.vitoria.es.gov.br<\/strong>;<\/li>\n<li>Realizar o login na plataforma;<\/li>\n<li>Preencher a <strong>Ficha de Inscri\u00e7\u00e3o Online<\/strong> com todas as informa\u00e7\u00f5es solicitadas.<\/li>\n<\/ul>\n<p>\u00c9 fundamental que o candidato preencha os dados com aten\u00e7\u00e3o, pois as informa\u00e7\u00f5es declaradas na ficha de inscri\u00e7\u00e3o ser\u00e3o utilizadas para a classifica\u00e7\u00e3o na 1\u00aa etapa do processo seletivo, incluindo tempo de exerc\u00edcio profissional e qualifica\u00e7\u00e3o profissional.<\/p>\n<p>Ap\u00f3s a inscri\u00e7\u00e3o, recomenda-se que o candidato acompanhe regularmente o site <strong>selecao.vitoria.es.gov.br<\/strong> para verificar o status de sua inscri\u00e7\u00e3o, eventuais convoca\u00e7\u00f5es e a publica\u00e7\u00e3o dos resultados.<\/p>\n<p>Para informa\u00e7\u00f5es completas sobre procedimentos de inscri\u00e7\u00e3o, documenta\u00e7\u00e3o necess\u00e1ria e demais orienta\u00e7\u00f5es, recomendamos a <strong>leitura integral do edital<\/strong> antes de efetuar sua inscri\u00e7\u00e3o.<\/p>\n<h2>Etapas e Provas<\/h2>\n<p>O Processo Seletivo Simplificado do Munic\u00edpio de Vit\u00f3ria\/ES ser\u00e1 composto por <strong>duas etapas<\/strong>, aplic\u00e1veis a todas as fun\u00e7\u00f5es ofertadas (Farmac\u00eautico \u2013 Bioqu\u00edmico, Farmac\u00eautico \u2013 Farm\u00e1cia, Fisioterapeuta e Nutricionista). Confira os detalhes de cada uma:<\/p>\n<ul>\n<li><strong>1\u00aa Etapa \u2013 Inscri\u00e7\u00e3o (car\u00e1ter classificat\u00f3rio):<\/strong> consiste no preenchimento da Ficha de Inscri\u00e7\u00e3o Online no site selecao.vitoria.es.gov.br. Nesta etapa, o candidato dever\u00e1 informar seus dados pessoais, tempo de exerc\u00edcio profissional e qualifica\u00e7\u00e3o profissional. A pontua\u00e7\u00e3o ser\u00e1 atribu\u00edda de acordo com os requisitos e crit\u00e9rios estabelecidos no edital, gerando a classifica\u00e7\u00e3o inicial dos candidatos.<\/li>\n<li><strong>2\u00aa Etapa \u2013 Comprova\u00e7\u00e3o das Informa\u00e7\u00f5es Declaradas e Documentos para Admiss\u00e3o (car\u00e1ter eliminat\u00f3rio e reclassificat\u00f3rio):<\/strong> os candidatos classificados ser\u00e3o convocados para apresentar a documenta\u00e7\u00e3o comprobat\u00f3ria dos requisitos para contrata\u00e7\u00e3o, do tempo de exerc\u00edcio profissional e da qualifica\u00e7\u00e3o profissional declarados na inscri\u00e7\u00e3o, al\u00e9m dos documentos necess\u00e1rios para admiss\u00e3o. <strong>Aten\u00e7\u00e3o:<\/strong> esta etapa poder\u00e1 acarretar a <strong>elimina\u00e7\u00e3o ou reclassifica\u00e7\u00e3o<\/strong> dos candidatos, caso as informa\u00e7\u00f5es declaradas n\u00e3o sejam devidamente comprovadas.<\/li>\n<\/ul>\n<p>\u00c9 importante destacar que n\u00e3o h\u00e1 prova objetiva, prova pr\u00e1tica ou prova de t\u00edtulos em formato tradicional neste processo seletivo. A sele\u00e7\u00e3o \u00e9 baseada na an\u00e1lise das informa\u00e7\u00f5es e documentos apresentados pelo candidato.<\/p>\n<p>Para conhecer os crit\u00e9rios de pontua\u00e7\u00e3o detalhados, os documentos exigidos para comprova\u00e7\u00e3o e o cronograma completo de cada etapa, consulte o <strong>edital na \u00edntegra<\/strong> no site selecao.vitoria.es.gov.br.<\/p>\n<h2>Resultados e Gabarito<\/h2>\n<p>A divulga\u00e7\u00e3o dos resultados do Processo Seletivo Simplificado do Munic\u00edpio de Vit\u00f3ria\/ES ser\u00e1 realizada por meio do site <strong>selecao.vitoria.es.gov.br<\/strong>.<\/p>\n<p>A <strong>listagem de classifica\u00e7\u00e3o<\/strong> dos candidatos aprovados ser\u00e1 publicada em <strong>ordem decrescente do total de pontos obtidos<\/strong>, considerando os crit\u00e9rios de pontua\u00e7\u00e3o definidos no edital para tempo de exerc\u00edcio profissional e qualifica\u00e7\u00e3o profissional.<\/p>\n<p>Confira os principais pontos sobre a divulga\u00e7\u00e3o:<\/p>\n<ul>\n<li><strong>Resultado da 1\u00aa Etapa (Classifica\u00e7\u00e3o Inicial):<\/strong> ser\u00e1 divulgado no site selecao.vitoria.es.gov.br ap\u00f3s o encerramento do per\u00edodo de inscri\u00e7\u00f5es;<\/li>\n<li><strong>Resultado da 2\u00aa Etapa (Comprova\u00e7\u00e3o Documental):<\/strong> ap\u00f3s a an\u00e1lise da documenta\u00e7\u00e3o apresentada pelos candidatos convocados, poder\u00e1 haver elimina\u00e7\u00e3o ou reclassifica\u00e7\u00e3o, com publica\u00e7\u00e3o de nova listagem atualizada;<\/li>\n<li><strong>Classifica\u00e7\u00e3o Final:<\/strong> a lista definitiva dos aprovados ser\u00e1 publicada no site oficial, contemplando eventuais ajustes decorrentes da 2\u00aa etapa.<\/li>\n<\/ul>\n<p>Os candidatos convocados para a 2\u00aa etapa dever\u00e3o comprovar todos os requisitos exigidos para a fun\u00e7\u00e3o, incluindo diploma de curso superior na \u00e1rea, registro ativo no conselho de classe e experi\u00eancia profissional m\u00ednima de 06 meses.<\/p>\n<p>\u00c9 de <strong>inteira responsabilidade do candidato<\/strong> acompanhar todas as publica\u00e7\u00f5es, convoca\u00e7\u00f5es e atualiza\u00e7\u00f5es referentes ao processo seletivo no site <strong>selecao.vitoria.es.gov.br<\/strong>. A Prefeitura de Vit\u00f3ria n\u00e3o se responsabiliza por informa\u00e7\u00f5es n\u00e3o consultadas pelo candidato. Mantenha seus dados atualizados e acesse o site regularmente para n\u00e3o perder nenhum prazo.<\/p>\n","protected":false},"excerpt":{"rendered":"<p>Inscri\u00e7\u00f5es abrem 04\/03! Sel. Simplificada Pref. Vit\u00f3ria (ES) p\/ Farmac\u00eautico e Fisioterapeuta (Superior). Sal\u00e1rios at\u00e9 R$4.1k. Prepare-se e veja o edital!<\/p>\n","protected":false},"author":7,"featured_media":278473,"comment_status":"open","ping_status":"open","sticky":false,"template":"","format":"standard","meta":{"_acf_changed":false,"_breakdance_hide_in_design_set":false,"_breakdance_tags":"","footnotes":""},"categories":[106,17,18,23],"tags":[45],"_amplo":[],"destaque":[],"instituicoes":[],"class_list":["post-278474","post","type-post","status-publish","format-standard","has-post-thumbnail","hentry","category-bioquimica","category-farmacia","category-fisioterapia","category-nutricao","tag-espirito-santo"],"acf":{"_tipo_vagas":"vagas","_numero_vagas":"","_quadro_vagas":"","_cargos":"diversos","_cargos_especificos":"","_salario_max":"R$ 4109.52","_abertura":"20260304","_encerramento":"20260313","_inscricoes":"https:\/\/selecao.vitoria.es.gov.br","_executora_concurso":"","_instituicao_concurso":[],"_link_adicional":null,"_anexos":null,"_produtos":null,"_vagas":"04 vagas + CR","_salario_min":"R$ 3082.14","_instituicao":"Prefeitura de Vit\u00f3ria","_edital":"https:\/\/www.agrobase.com.br\/concursos\/wp-content\/uploads\/sites\/4\/2026\/02\/edital-06-2026-prefeitura-de-vitoria-es.pdf","_anexos_edital":"","_fund_incompleto":"","_fund_completo":"","_medio":"","_superior":"<div>\r\n<table class=\"quadro\">\r\n<thead>\r\n<tr>\r\n<th class=\"hcargo\">Cargo<\/th>\r\n<th class=\"hvagas\">Vagas<\/th>\r\n<th class=\"hremuneracao\">Remunera\u00e7\u00e3o<\/th>\r\n<\/tr>\r\n<\/thead>\r\n    <tbody>\r\n      <tr>\r\n<td class=\"ccargos\">\r\n<span data-balloon-length=\"medium\" aria-label=\"Curso superior completo em Farm\u00e1cia com forma\u00e7\u00e3o generalista ou Habilita\u00e7\u00e3o\/Especializa\u00e7\u00e3o em An\u00e1lises Cl\u00ednicas\/Bioqu\u00edmica; Registro no Conselho; Experi\u00eancia profissional de no m\u00ednimo 06 meses\" data-balloon-pos=\"up\">Farmac\u00eautico - Bioqu\u00edmico<\/span><\/td>\r\n<td class=\"cvagas\">01 + CR<\/td>\r\n<td class=\"cremuneracao\">R$ 3.082,14 \/30h<\/td>\r\n<\/tr><tr>\r\n<td class=\"ccargos\">\r\n<span data-balloon-length=\"medium\" aria-label=\"Curso superior completo em Farm\u00e1cia; Registro no Conselho; Experi\u00eancia m\u00ednima de 06 meses\" data-balloon-pos=\"up\">Farmac\u00eautico - Farm\u00e1cia<\/span><\/td>\r\n<td class=\"cvagas\">01 + CR<\/td>\r\n<td class=\"cremuneracao\">R$ 4.109,52 \/40h<\/td>\r\n<\/tr><tr>\r\n<td class=\"ccargos\">\r\n<span data-balloon-length=\"medium\" aria-label=\"Curso superior completo em Fisioterapia; Registro no Conselho; Experi\u00eancia profissional de no m\u00ednimo 06 meses\" data-balloon-pos=\"up\">Fisioterapeuta<\/span><\/td>\r\n<td class=\"cvagas\">01 + CR<\/td>\r\n<td class=\"cremuneracao\">R$ 3.082,14 \/30h<\/td>\r\n<\/tr><tr>\r\n<td class=\"ccargos\">\r\n<span data-balloon-length=\"medium\" aria-label=\"Ensino Superior Completo em Nutri\u00e7\u00e3o; Registro no Conselho; Experi\u00eancia profissional de no m\u00ednimo 06 meses\" data-balloon-pos=\"up\">Nutricionista<\/span><\/td>\r\n<td class=\"cvagas\">01 + CR<\/td>\r\n<td class=\"cremuneracao\">R$ 4.109,52 \/40h<\/td>\r\n<\/tr>\r\n    <\/tbody>\r\n  <\/table>\r\n<\/div>"},"_links":{"self":[{"href":"https:\/\/www.agrobase.com.br\/concursos\/wp-json\/wp\/v2\/posts\/278474","targetHints":{"allow":["GET"]}}],"collection":[{"href":"https:\/\/www.agrobase.com.br\/concursos\/wp-json\/wp\/v2\/posts"}],"about":[{"href":"https:\/\/www.agrobase.com.br\/concursos\/wp-json\/wp\/v2\/types\/post"}],"author":[{"embeddable":true,"href":"https:\/\/www.agrobase.com.br\/concursos\/wp-json\/wp\/v2\/users\/7"}],"replies":[{"embeddable":true,"href":"https:\/\/www.agrobase.com.br\/concursos\/wp-json\/wp\/v2\/comments?post=278474"}],"version-history":[{"count":1,"href":"https:\/\/www.agrobase.com.br\/concursos\/wp-json\/wp\/v2\/posts\/278474\/revisions"}],"predecessor-version":[{"id":278476,"href":"https:\/\/www.agrobase.com.br\/concursos\/wp-json\/wp\/v2\/posts\/278474\/revisions\/278476"}],"wp:featuredmedia":[{"embeddable":true,"href":"https:\/\/www.agrobase.com.br\/concursos\/wp-json\/wp\/v2\/media\/278473"}],"wp:attachment":[{"href":"https:\/\/www.agrobase.com.br\/concursos\/wp-json\/wp\/v2\/media?parent=278474"}],"wp:term":[{"taxonomy":"category","embeddable":true,"href":"https:\/\/www.agrobase.com.br\/concursos\/wp-json\/wp\/v2\/categories?post=278474"},{"taxonomy":"post_tag","embeddable":true,"href":"https:\/\/www.agrobase.com.br\/concursos\/wp-json\/wp\/v2\/tags?post=278474"},{"taxonomy":"_amplo","embeddable":true,"href":"https:\/\/www.agrobase.com.br\/concursos\/wp-json\/wp\/v2\/_amplo?post=278474"},{"taxonomy":"destaque","embeddable":true,"href":"https:\/\/www.agrobase.com.br\/concursos\/wp-json\/wp\/v2\/destaque?post=278474"},{"taxonomy":"instituicoes","embeddable":true,"href":"https:\/\/www.agrobase.com.br\/concursos\/wp-json\/wp\/v2\/instituicoes?post=278474"}],"curies":[{"name":"wp","href":"https:\/\/api.w.org\/{rel}","templated":true}]}}