{"id":278459,"date":"2026-03-02T07:20:43","date_gmt":"2026-03-02T10:20:43","guid":{"rendered":"https:\/\/www.agrobase.com.br\/concursos\/?p=278459"},"modified":"2026-02-27T12:27:46","modified_gmt":"2026-02-27T15:27:46","slug":"prefeitura-aracruz-es-selecao-publica-02-2026","status":"publish","type":"post","link":"https:\/\/www.agrobase.com.br\/concursos\/2026\/prefeitura-aracruz-es-selecao-publica-02-2026\/","title":{"rendered":"Prefeitura Aracruz (ES) &#8211; Sele\u00e7\u00e3o P\u00fablica 02\/2026"},"content":{"rendered":"<h2>Informa\u00e7\u00f5es Gerais<\/h2>\n<p>O <strong>Munic\u00edpio de Aracruz, no Esp\u00edrito Santo<\/strong>, por meio da <strong>Secretaria Municipal de Sa\u00fade (SEMSA)<\/strong>, publicou o <strong>Edital do Processo Seletivo n\u00ba 002\/2026<\/strong>, destinado ao provimento de vagas no quadro geral e \u00e0 forma\u00e7\u00e3o de cadastro de reserva para profissionais da \u00e1rea da sa\u00fade e \u00e1reas correlatas.<\/p>\n<p>O certame oferece <strong>74 vagas imediatas, al\u00e9m de cadastro de reserva<\/strong>, distribu\u00eddas entre os n\u00edveis de escolaridade <strong>Fundamental Completo, M\u00e9dio\/T\u00e9cnico e Superior<\/strong>. As remunera\u00e7\u00f5es variam de <strong>R$ 1.459,59 a R$ 10.104,55<\/strong>, a depender do cargo e da carga hor\u00e1ria.<\/p>\n<p>As oportunidades abrangem diversas \u00e1reas da sa\u00fade p\u00fablica municipal. No <strong>n\u00edvel fundamental<\/strong>, h\u00e1 vagas para Assistente Administrativo de Sa\u00fade. No <strong>n\u00edvel m\u00e9dio e t\u00e9cnico<\/strong>, destacam-se cargos como T\u00e9cnico de Enfermagem, T\u00e9cnico de Enfermagem Plantonista, Auxiliar de Sa\u00fade Bucal, Agente Administrativo de Sa\u00fade e Instrutor de Oficina em diferentes especialidades. J\u00e1 no <strong>n\u00edvel superior<\/strong>, o processo seletivo contempla vagas para Enfermeiro, Enfermeiro Plantonista, Cirurgi\u00e3o Dentista, Farmac\u00eautico, M\u00e9dico (Sa\u00fade da Fam\u00edlia, Cl\u00ednico Geral Plantonista e Pediatra Plantonista), Fisioterapeuta, Psic\u00f3logo, Assistente Social, Fonoaudi\u00f3logo, Educador F\u00edsico e Terapeuta Ocupacional.<\/p>\n<p>A sele\u00e7\u00e3o ser\u00e1 realizada pelo <strong>Instituto de Desenvolvimento e Capacita\u00e7\u00e3o (IDCAP)<\/strong>, banca organizadora respons\u00e1vel pela condu\u00e7\u00e3o do processo. Trata-se de uma excelente oportunidade para profissionais que desejam atuar na rede p\u00fablica de sa\u00fade de Aracruz\/ES. Continue a leitura para conferir todos os detalhes sobre inscri\u00e7\u00f5es, etapas e resultados.<\/p>\n<h2>Inscri\u00e7\u00f5es<\/h2>\n<p>As inscri\u00e7\u00f5es para o <strong>Processo Seletivo n\u00ba 002\/2026 da Prefeitura de Aracruz\/ES<\/strong> estar\u00e3o abertas no per\u00edodo de <strong>03 de mar\u00e7o de 2026 a 26 de mar\u00e7o de 2026<\/strong>, conforme cronograma previsto no edital.<\/p>\n<p>As inscri\u00e7\u00f5es dever\u00e3o ser realizadas <strong>exclusivamente pela internet<\/strong>, por meio do site <strong><a href=\"https:\/\/www.idcap.org.br\" target=\"_blank\" rel=\"noopener\">www.idcap.org.br<\/a><\/strong>. Para se inscrever, o candidato dever\u00e1 seguir os seguintes passos:<\/p>\n<ul>\n<li>Acessar o site <strong>www.idcap.org.br<\/strong> e localizar a \u00e1rea destinada ao processo seletivo;<\/li>\n<li>Ler e concordar com todas as normas estabelecidas no edital;<\/li>\n<li>Preencher total e corretamente a ficha de inscri\u00e7\u00e3o e envi\u00e1-la conforme as instru\u00e7\u00f5es do sistema;<\/li>\n<li>Ap\u00f3s o envio da ficha, ser\u00e1 gerado automaticamente um <strong>boleto banc\u00e1rio ou m\u00e9todo de pagamento eletr\u00f4nico<\/strong> referente \u00e0 taxa de inscri\u00e7\u00e3o;<\/li>\n<li>Efetuar o pagamento at\u00e9 a data de vencimento indicada no boleto, respeitando o hor\u00e1rio de expediente banc\u00e1rio, caso o pagamento seja feito em ag\u00eancia.<\/li>\n<\/ul>\n<p>\u00c9 de <strong>inteira responsabilidade do candidato<\/strong> a impress\u00e3o e a guarda do comprovante de pagamento e do cart\u00e3o de confirma\u00e7\u00e3o de inscri\u00e7\u00e3o. Recomenda-se acompanhar o status da inscri\u00e7\u00e3o diretamente no site da banca organizadora para confirmar o deferimento.<\/p>\n<p>Para informa\u00e7\u00f5es sobre <strong>valores das taxas de inscri\u00e7\u00e3o, possibilidade de isen\u00e7\u00e3o e data-limite para pagamento do boleto<\/strong>, consulte o edital completo e o Anexo I (cronograma), dispon\u00edveis no site do IDCAP. A leitura integral do edital \u00e9 indispens\u00e1vel para evitar qualquer problema durante o processo de inscri\u00e7\u00e3o.<\/p>\n<h2>Etapas e Provas<\/h2>\n<p>O <strong>Processo Seletivo n\u00ba 002\/2026 de Aracruz\/ES<\/strong> ser\u00e1 composto pelas seguintes etapas:<\/p>\n<ul>\n<li><strong>Prova de T\u00edtulos e Experi\u00eancia Profissional<\/strong> \u2014 Car\u00e1ter <strong>classificat\u00f3rio<\/strong>. Esta etapa ser\u00e1 aplicada a <strong>todos os candidatos com inscri\u00e7\u00f5es deferidas<\/strong>. A avalia\u00e7\u00e3o considerar\u00e1 a forma\u00e7\u00e3o acad\u00eamica (t\u00edtulos) e o tempo de experi\u00eancia profissional comprovada do candidato, conforme crit\u00e9rios e pontua\u00e7\u00f5es definidos no edital. Trata-se da principal etapa de classifica\u00e7\u00e3o do certame.<\/li>\n<li><strong>Avalia\u00e7\u00e3o Biopsicossocial e Heteroidentifica\u00e7\u00e3o<\/strong> \u2014 Car\u00e1ter <strong>verificat\u00f3rio<\/strong>. Etapa destinada \u00e0 verifica\u00e7\u00e3o das condi\u00e7\u00f5es declaradas pelos candidatos que concorrem \u00e0s vagas reservadas para <strong>pessoas com defici\u00eancia (PcD)<\/strong> e para candidatos que se autodeclararam <strong>pretos<\/strong>. A avalia\u00e7\u00e3o biopsicossocial verificar\u00e1 a compatibilidade da defici\u00eancia declarada, enquanto a heteroidentifica\u00e7\u00e3o confirmar\u00e1 a autodeclara\u00e7\u00e3o racial, conforme procedimentos estabelecidos no edital.<\/li>\n<li><strong>Comprova\u00e7\u00e3o de Oportunidades<\/strong> \u2014 Car\u00e1ter <strong>verificat\u00f3rio<\/strong>. Etapa voltada \u00e0 verifica\u00e7\u00e3o dos requisitos dos candidatos inscritos no <strong>Programa Municipal de &#8220;Oportunidades&#8221; (primeiro emprego)<\/strong>, conforme legisla\u00e7\u00e3o municipal aplic\u00e1vel.<\/li>\n<\/ul>\n<p>\u00c9 importante destacar que <strong>n\u00e3o haver\u00e1 prova objetiva (escrita)<\/strong> neste processo seletivo. A classifica\u00e7\u00e3o dos candidatos ser\u00e1 definida exclusivamente pela pontua\u00e7\u00e3o obtida na prova de t\u00edtulos e experi\u00eancia profissional. As etapas verificat\u00f3rias n\u00e3o atribuem pontua\u00e7\u00e3o, mas s\u00e3o indispens\u00e1veis para a confirma\u00e7\u00e3o do direito \u00e0s vagas reservadas.<\/p>\n<p>Para conhecer os crit\u00e9rios detalhados de pontua\u00e7\u00e3o da prova de t\u00edtulos, os documentos aceitos para comprova\u00e7\u00e3o de experi\u00eancia profissional e o cronograma completo de cada etapa, consulte o edital na \u00edntegra no site <strong>www.idcap.org.br<\/strong>.<\/p>\n<h2>Resultados e Gabarito<\/h2>\n<p>Os resultados do <strong>Processo Seletivo n\u00ba 002\/2026 de Aracruz\/ES<\/strong> ser\u00e3o divulgados de forma organizada, contemplando diferentes listagens conforme a modalidade de concorr\u00eancia dos candidatos:<\/p>\n<ul>\n<li><strong>Resultado final da ampla concorr\u00eancia:<\/strong> listar\u00e1 todos os candidatos aprovados, inclusive aqueles que tenham optado por concorrer \u00e0s reservas de vagas, desde que classificados pelos crit\u00e9rios da ampla concorr\u00eancia;<\/li>\n<li><strong>Resultado final das reservas de vagas (cotistas):<\/strong> listar\u00e1 os candidatos aprovados em cada tipo de reserva \u2014 <strong>candidatos pretos<\/strong>, <strong>pessoas com defici\u00eancia (PcD)<\/strong> e candidatos do <strong>Programa Municipal de &#8220;Oportunidades&#8221; (primeiro emprego)<\/strong>.<\/li>\n<\/ul>\n<p>A classifica\u00e7\u00e3o final dos candidatos ser\u00e1 determinada pela pontua\u00e7\u00e3o obtida na <strong>prova de t\u00edtulos e experi\u00eancia profissional<\/strong>, observados os crit\u00e9rios de desempate previstos no edital. Em caso de empate na pontua\u00e7\u00e3o final, ser\u00e3o aplicados os crit\u00e9rios de desempate definidos no documento, que devem ser consultados na \u00edntegra pelo candidato.<\/p>\n<p>Ap\u00f3s a conclus\u00e3o de todas as etapas e a an\u00e1lise de eventuais recursos, ser\u00e1 publicado o <strong>resultado final homologado<\/strong>. A homologa\u00e7\u00e3o \u00e9 o ato oficial que valida o resultado do processo seletivo e autoriza a convoca\u00e7\u00e3o dos aprovados para contrata\u00e7\u00e3o. Esse ato ser\u00e1 publicado pelos canais oficiais do Munic\u00edpio de Aracruz\/ES.<\/p>\n<p>Os candidatos devem acompanhar todas as publica\u00e7\u00f5es referentes ao processo seletivo por meio do site da banca organizadora <strong><a href=\"https:\/\/www.idcap.org.br\" target=\"_blank\" rel=\"noopener\">www.idcap.org.br<\/a><\/strong> e dos canais oficiais da <strong>Prefeitura Municipal de Aracruz<\/strong>. Informa\u00e7\u00f5es sobre a <strong>validade do processo seletivo<\/strong> e a possibilidade de <strong>prorroga\u00e7\u00e3o<\/strong> constam no edital completo.<\/p>\n<p><strong>O acompanhamento das publica\u00e7\u00f5es oficiais, dos prazos para recursos e de todas as convoca\u00e7\u00f5es \u00e9 de responsabilidade exclusiva do candidato.<\/strong> Recomenda-se consultar regularmente os canais indicados para n\u00e3o perder nenhuma etapa ou prazo importante.<\/p>\n","protected":false},"excerpt":{"rendered":"<p>Processo Seletivo Pref. Aracruz (ES) com edital publicado! Vagas p\/ M\u00e9dico e Enfermeiro (Fund. a Sup.). Inscri\u00e7\u00f5es a partir de 03\/03. Confira detalhes!<\/p>\n","protected":false},"author":7,"featured_media":278458,"comment_status":"open","ping_status":"open","sticky":false,"template":"","format":"standard","meta":{"_acf_changed":false,"_breakdance_hide_in_design_set":false,"_breakdance_tags":"","footnotes":""},"categories":[11,12,17,18,19,21,24,26,101,108,143,134],"tags":[45],"_amplo":[],"destaque":[],"instituicoes":[],"class_list":["post-278459","post","type-post","status-publish","format-standard","has-post-thumbnail","hentry","category-educacao-fisica","category-enfermagem","category-farmacia","category-fisioterapia","category-fonoaudiologia","category-medicina","category-odontologia","category-psicologia","category-servico-social","category-tecnico-enfermagem","category-tecnico-odontologia","category-terapia-ocupacional","tag-espirito-santo"],"acf":{"_tipo_vagas":"vagas","_numero_vagas":"","_quadro_vagas":"","_cargos":"diversos","_cargos_especificos":"","_salario_max":"R$ 10104.55","_abertura":"20260303","_encerramento":"20260326","_inscricoes":"https:\/\/www.idcap.org.br","_executora_concurso":"","_instituicao_concurso":[],"_link_adicional":null,"_anexos":null,"_produtos":null,"_vagas":"74 vagas + CR","_salario_min":"R$ 1459.59","_instituicao":"Prefeitura de Aracruz","_edital":"https:\/\/www.agrobase.com.br\/concursos\/wp-content\/uploads\/sites\/4\/2026\/02\/edital-02-2026-prefeitura-de-aracruz-es.pdf","_anexos_edital":"https:\/\/www.agrobase.com.br\/concursos\/wp-content\/uploads\/sites\/4\/2026\/02\/anexos-edital-02-2026-prefeitura-de-aracruz-es.pdf","_fund_incompleto":"","_fund_completo":"<div>\r\n<table class=\"quadro\">\r\n<thead>\r\n<tr>\r\n<th class=\"hcargo\">Cargo<\/th>\r\n<th class=\"hvagas\">Vagas<\/th>\r\n<th class=\"hremuneracao\">Remunera\u00e7\u00e3o<\/th>\r\n<\/tr>\r\n<\/thead>\r\n    <tbody>\r\n      <td class=\"ccargos\">\r\n<span data-balloon-length=\"medium\" aria-label=\"Ensino Fundamental completo, curso de Atendimento ao P\u00fablico (m\u00edn. 40h) e curso de Inform\u00e1tica (m\u00edn. 100h)\" data-balloon-pos=\"up\">Assistente Administrativo de Sa\u00fade<\/span><\/td>\r\n<td class=\"cvagas\">06 + CR<\/td>\r\n<td class=\"cremuneracao\">R$ 1.538,56 \/12x36h<\/td>\r\n<\/tr>\r\n    <\/tbody>\r\n  <\/table>\r\n<\/div>","_medio":"<div>\r\n<table class=\"quadro\">\r\n<thead>\r\n<tr>\r\n<th class=\"hcargo\">Cargo<\/th>\r\n<th class=\"hvagas\">Vagas<\/th>\r\n<th class=\"hremuneracao\">Remunera\u00e7\u00e3o<\/th>\r\n<\/tr>\r\n<\/thead>\r\n    <tbody>\r\n      <td class=\"ccargos\">\r\n<span data-balloon-length=\"medium\" aria-label=\"Ensino M\u00e9dio completo, curso de Auxiliar de Odontologia e registro no CRO\/ES\" data-balloon-pos=\"up\">Auxiliar de Sa\u00fade Bucal<\/span><\/td>\r\n<td class=\"cvagas\">03 + CR<\/td>\r\n<td class=\"cremuneracao\">R$ 1.538,56 \/40h<\/td>\r\n<\/tr><td class=\"ccargos\">\r\n<span data-balloon-length=\"medium\" aria-label=\"Curso T\u00e9cnico em Enfermagem, registro no COREN\/ES e 01 ano de experi\u00eancia em urg\u00eancia e emerg\u00eancia\" data-balloon-pos=\"up\">T\u00e9cnico de Enfermagem Plantonista<\/span><\/td>\r\n<td class=\"cvagas\">03 + CR<\/td>\r\n<td class=\"cremuneracao\">R$ 1.728,93 \/12x36h<\/td>\r\n<\/tr><td class=\"ccargos\">\r\n<span data-balloon-length=\"medium\" aria-label=\"Ensino M\u00e9dio completo, forma\u00e7\u00e3o complementar em m\u00fasica e 06 meses de experi\u00eancia\" data-balloon-pos=\"up\">Instrutor de Oficina - Inicia\u00e7\u00e3o Musical<\/span><\/td>\r\n<td class=\"cvagas\">01 + CR<\/td>\r\n<td class=\"cremuneracao\">R$ 2.204,64 \/40h<\/td>\r\n<\/tr><td class=\"ccargos\">\r\n<span data-balloon-length=\"medium\" aria-label=\"Ensino M\u00e9dio completo, forma\u00e7\u00e3o complementar em artes\/pintura e 06 meses de experi\u00eancia\" data-balloon-pos=\"up\">Instrutor de Oficina - Pintura e tecido e molde vazado<\/span><\/td>\r\n<td class=\"cvagas\">01 + CR<\/td>\r\n<td class=\"cremuneracao\">R$ 2.204,64 \/40h<\/td>\r\n<\/tr><td class=\"ccargos\">\r\n<span data-balloon-length=\"medium\" aria-label=\"Ensino M\u00e9dio completo, forma\u00e7\u00e3o complementar em artes\/artesanato e 06 meses de experi\u00eancia\" data-balloon-pos=\"up\">Instrutor de Oficina - Fibra de Bananeira<\/span><\/td>\r\n<td class=\"cvagas\">01 + CR<\/td>\r\n<td class=\"cremuneracao\">R$ 2.204,64 \/40h<\/td>\r\n<\/tr><td class=\"ccargos\">\r\n<span data-balloon-length=\"medium\" aria-label=\"Ensino M\u00e9dio completo, curso de Rotinas Administrativas (m\u00edn. 60h) e curso de Inform\u00e1tica (m\u00edn. 100h)\" data-balloon-pos=\"up\">Agente Administrativo de Sa\u00fade<\/span><\/td>\r\n<td class=\"cvagas\">06 + CR<\/td>\r\n<td class=\"cremuneracao\">R$ 2.213,66 \/40h<\/td>\r\n<\/tr><td class=\"ccargos\">\r\n<span data-balloon-length=\"medium\" aria-label=\"Curso T\u00e9cnico em Enfermagem, registro no COREN\/ES, curso de Imuniza\u00e7\u00e3o e 12 meses de experi\u00eancia em Sala de Imuniza\u00e7\u00e3o\" data-balloon-pos=\"up\">T\u00e9cnico de Enfermagem - Capacita\u00e7\u00e3o em sala de vacina<\/span><\/td>\r\n<td class=\"cvagas\">03 + CR<\/td>\r\n<td class=\"cremuneracao\">R$ 2.204,64 \/40h<\/td>\r\n<\/tr><td class=\"ccargos\">\r\n<span data-balloon-length=\"medium\" aria-label=\"Curso T\u00e9cnico em Enfermagem e registro no COREN\/ES\" data-balloon-pos=\"up\">T\u00e9cnico de Enfermagem<\/span><\/td>\r\n<td class=\"cvagas\">07 + CR<\/td>\r\n<td class=\"cremuneracao\">R$ 2.204,64 \/40h<\/td>\r\n<\/tr>\r\n    <\/tbody>\r\n  <\/table>\r\n<\/div>","_superior":"<div>\r\n<table class=\"quadro\">\r\n<thead>\r\n<tr>\r\n<th class=\"hcargo\">Cargo<\/th>\r\n<th class=\"hvagas\">Vagas<\/th>\r\n<th class=\"hremuneracao\">Remunera\u00e7\u00e3o<\/th>\r\n<\/tr>\r\n<\/thead>\r\n    <tbody>\r\n      <tr>\r\n<td class=\"ccargos\">\r\n<span data-balloon-length=\"medium\" aria-label=\"Ensino Superior em Enfermagem e registro no COREN\/ES\" data-balloon-pos=\"up\">Enfermeiro<\/span><\/td>\r\n<td class=\"cvagas\">04 + CR<\/td>\r\n<td class=\"cremuneracao\">R$ 4.925,72 \/40h<\/td>\r\n<\/tr><tr>\r\n<td class=\"ccargos\">\r\n<span data-balloon-length=\"medium\" aria-label=\"Ensino Superior em Enfermagem, registro no COREN\/ES e 01 ano de experi\u00eancia em urg\u00eancia\/emerg\u00eancia\" data-balloon-pos=\"up\">Enfermeiro Plantonista<\/span><\/td>\r\n<td class=\"cvagas\">05 + CR<\/td>\r\n<td class=\"cremuneracao\">R$ 3.625,72 \/12x60h<\/td>\r\n<\/tr><tr>\r\n<td class=\"ccargos\">\r\n<span data-balloon-length=\"medium\" aria-label=\"Ensino Superior em Odontologia e registro no CRO\" data-balloon-pos=\"up\">Cirurgi\u00e3o Dentista<\/span><\/td>\r\n<td class=\"cvagas\">01 + CR<\/td>\r\n<td class=\"cremuneracao\">R$ 4.925,72 \/40h<\/td>\r\n<\/tr><tr>\r\n<td class=\"ccargos\">\r\n<span data-balloon-length=\"medium\" aria-label=\"Ensino Superior em Farm\u00e1cia e registro no CRF\" data-balloon-pos=\"up\">Farmac\u00eautico<\/span><\/td>\r\n<td class=\"cvagas\">01 + CR<\/td>\r\n<td class=\"cremuneracao\">R$ 3.625,72 \/40h<\/td>\r\n<\/tr><tr>\r\n<td class=\"ccargos\">\r\n<span data-balloon-length=\"medium\" aria-label=\"Ensino Superior em Medicina e registro no CRM\" data-balloon-pos=\"up\">M\u00e9dico - Sa\u00fade da Fam\u00edlia e Comunidade (PSF)<\/span><\/td>\r\n<td class=\"cvagas\">01 + CR<\/td>\r\n<td class=\"cremuneracao\">R$ 10.104,55 \/40h<\/td>\r\n<\/tr><tr>\r\n<td class=\"ccargos\">\r\n<span data-balloon-length=\"medium\" aria-label=\"Ensino Superior em Fisioterapia, registro no CREFITO e 06 meses de experi\u00eancia\" data-balloon-pos=\"up\">Fisioterapeuta<\/span><\/td>\r\n<td class=\"cvagas\">02 + CR<\/td>\r\n<td class=\"cremuneracao\">R$ 2.428,13 \/30h<\/td>\r\n<\/tr><tr>\r\n<td class=\"ccargos\">\r\n<span data-balloon-length=\"medium\" aria-label=\"Ensino Superior em Psicologia, registro no CRP e 06 meses de experi\u00eancia\" data-balloon-pos=\"up\">Psic\u00f3logo<\/span><\/td>\r\n<td class=\"cvagas\">03 + CR<\/td>\r\n<td class=\"cremuneracao\">R$ 2.428,13 \/30h<\/td>\r\n<\/tr><tr>\r\n<td class=\"ccargos\">\r\n<span data-balloon-length=\"medium\" aria-label=\"Ensino Superior em Servi\u00e7o Social e registro no CRESS\" data-balloon-pos=\"up\">Assistente Social<\/span><\/td>\r\n<td class=\"cvagas\">03 + CR<\/td>\r\n<td class=\"cremuneracao\">R$ 2.428,13 \/30h<\/td>\r\n<\/tr><tr>\r\n<td class=\"ccargos\">\r\n<span data-balloon-length=\"medium\" aria-label=\"Ensino Superior em Fonoaudiologia e registro no CRFa\" data-balloon-pos=\"up\">Fonoaudi\u00f3logo<\/span><\/td>\r\n<td class=\"cvagas\">01 + CR<\/td>\r\n<td class=\"cremuneracao\">R$ 2.428,13 \/30h<\/td>\r\n<\/tr><tr>\r\n<td class=\"ccargos\">\r\n<span data-balloon-length=\"medium\" aria-label=\"Ensino Superior em Educa\u00e7\u00e3o F\u00edsica, registro no CREF e 06 meses de experi\u00eancia\" data-balloon-pos=\"up\">Educador F\u00edsico<\/span><\/td>\r\n<td class=\"cvagas\">02 + CR<\/td>\r\n<td class=\"cremuneracao\">R$ 2.428,13 \/25h<\/td>\r\n<\/tr><tr>\r\n<td class=\"ccargos\">\r\n<span data-balloon-length=\"medium\" aria-label=\"Ensino Superior em Terapia Ocupacional, registro no CREFITO e 06 meses de experi\u00eancia\" data-balloon-pos=\"up\">Terapeuta Ocupacional<\/span><\/td>\r\n<td class=\"cvagas\">02 + CR<\/td>\r\n<td class=\"cremuneracao\">R$ 2.428,13 \/30h<\/td>\r\n<\/tr><tr>\r\n<td class=\"ccargos\">\r\n<span data-balloon-length=\"medium\" aria-label=\"Ensino Superior em Medicina, registro no CRM e 06 meses de experi\u00eancia em Pronto Atendimento\/Urg\u00eancia\" data-balloon-pos=\"up\">M\u00e9dico - Cl\u00ednico Geral Plantonista (2\u00aa a 6\u00aa)<\/span><\/td>\r\n<td class=\"cvagas\">07 + CR<\/td>\r\n<td class=\"cremuneracao\">R$ 1.459,59 \/12h<\/td>\r\n<\/tr><tr>\r\n<td class=\"ccargos\">\r\n<span data-balloon-length=\"medium\" aria-label=\"Ensino Superior em Medicina, registro no CRM e 06 meses de experi\u00eancia em Pronto Atendimento\/Urg\u00eancia\" data-balloon-pos=\"up\">M\u00e9dico - Cl\u00ednico Geral Plantonista (Sab\/Dom)<\/span><\/td>\r\n<td class=\"cvagas\">02 + CR<\/td>\r\n<td class=\"cremuneracao\">R$ 1.584,86 \/12h<\/td>\r\n<\/tr><tr>\r\n<td class=\"ccargos\">\r\n<span data-balloon-length=\"medium\" aria-label=\"Ensino Superior em Medicina, registro no CRM, Resid\u00eancia ou T\u00edtulo em Pediatria e 12 meses de experi\u00eancia\" data-balloon-pos=\"up\">M\u00e9dico - Pediatra Plantonista (2\u00aa a 6\u00aa)<\/span><\/td>\r\n<td class=\"cvagas\">07 + CR<\/td>\r\n<td class=\"cremuneracao\">R$ 1.613,67 \/12h<\/td>\r\n<\/tr><tr>\r\n<td class=\"ccargos\">\r\n<span data-balloon-length=\"medium\" aria-label=\"Ensino Superior em Medicina, registro no CRM, Resid\u00eancia ou T\u00edtulo em Pediatria e 12 meses de experi\u00eancia\" data-balloon-pos=\"up\">M\u00e9dico - Pediatra Plantonista (Sab\/Dom)<\/span><\/td>\r\n<td class=\"cvagas\">02 + CR<\/td>\r\n<td class=\"cremuneracao\">R$ 1.728,93 \/12h<\/td>\r\n<\/tr>\r\n    <\/tbody>\r\n  <\/table>\r\n<\/div>"},"_links":{"self":[{"href":"https:\/\/www.agrobase.com.br\/concursos\/wp-json\/wp\/v2\/posts\/278459","targetHints":{"allow":["GET"]}}],"collection":[{"href":"https:\/\/www.agrobase.com.br\/concursos\/wp-json\/wp\/v2\/posts"}],"about":[{"href":"https:\/\/www.agrobase.com.br\/concursos\/wp-json\/wp\/v2\/types\/post"}],"author":[{"embeddable":true,"href":"https:\/\/www.agrobase.com.br\/concursos\/wp-json\/wp\/v2\/users\/7"}],"replies":[{"embeddable":true,"href":"https:\/\/www.agrobase.com.br\/concursos\/wp-json\/wp\/v2\/comments?post=278459"}],"version-history":[{"count":1,"href":"https:\/\/www.agrobase.com.br\/concursos\/wp-json\/wp\/v2\/posts\/278459\/revisions"}],"predecessor-version":[{"id":278461,"href":"https:\/\/www.agrobase.com.br\/concursos\/wp-json\/wp\/v2\/posts\/278459\/revisions\/278461"}],"wp:featuredmedia":[{"embeddable":true,"href":"https:\/\/www.agrobase.com.br\/concursos\/wp-json\/wp\/v2\/media\/278458"}],"wp:attachment":[{"href":"https:\/\/www.agrobase.com.br\/concursos\/wp-json\/wp\/v2\/media?parent=278459"}],"wp:term":[{"taxonomy":"category","embeddable":true,"href":"https:\/\/www.agrobase.com.br\/concursos\/wp-json\/wp\/v2\/categories?post=278459"},{"taxonomy":"post_tag","embeddable":true,"href":"https:\/\/www.agrobase.com.br\/concursos\/wp-json\/wp\/v2\/tags?post=278459"},{"taxonomy":"_amplo","embeddable":true,"href":"https:\/\/www.agrobase.com.br\/concursos\/wp-json\/wp\/v2\/_amplo?post=278459"},{"taxonomy":"destaque","embeddable":true,"href":"https:\/\/www.agrobase.com.br\/concursos\/wp-json\/wp\/v2\/destaque?post=278459"},{"taxonomy":"instituicoes","embeddable":true,"href":"https:\/\/www.agrobase.com.br\/concursos\/wp-json\/wp\/v2\/instituicoes?post=278459"}],"curies":[{"name":"wp","href":"https:\/\/api.w.org\/{rel}","templated":true}]}}