{"id":278416,"date":"2026-02-27T07:40:44","date_gmt":"2026-02-27T10:40:44","guid":{"rendered":"https:\/\/www.agrobase.com.br\/concursos\/?p=278416"},"modified":"2026-02-26T12:12:21","modified_gmt":"2026-02-26T15:12:21","slug":"prefeitura-bela-vista-do-toldo-sc-selecao-simplificada-04-2026","status":"publish","type":"post","link":"https:\/\/www.agrobase.com.br\/concursos\/2026\/prefeitura-bela-vista-do-toldo-sc-selecao-simplificada-04-2026\/","title":{"rendered":"Prefeitura Bela Vista do Toldo (SC) &#8211; Sele\u00e7\u00e3o Simplificada 04\/2026"},"content":{"rendered":"<h2>Informa\u00e7\u00f5es Gerais<\/h2>\n<p>O Munic\u00edpio de <strong>Bela Vista do Toldo<\/strong>, no estado de <strong>Santa Catarina<\/strong>, tornou p\u00fablico o <strong>Processo Seletivo Simplificado<\/strong> para admiss\u00e3o em car\u00e1ter tempor\u00e1rio de excepcional interesse p\u00fablico. O certame \u00e9 promovido pela Prefeitura Municipal, sob a gest\u00e3o do Prefeito Francisco Carlos Schiessl, com fundamento no artigo 37, IX, da Constitui\u00e7\u00e3o Federal e na legisla\u00e7\u00e3o municipal pertinente.<\/p>\n<p>O processo seletivo oferece <strong>19 vagas imediatas, al\u00e9m de cadastro reserva (CR)<\/strong>, distribu\u00eddas entre cargos de <strong>n\u00edvel m\u00e9dio\/t\u00e9cnico e n\u00edvel superior<\/strong>. O regime de contrata\u00e7\u00e3o \u00e9 <strong>tempor\u00e1rio<\/strong>, voltado ao atendimento de necessidades excepcionais do munic\u00edpio.<\/p>\n<p>As remunera\u00e7\u00f5es variam de <strong>R$ 1.607,05 a R$ 5.297,58<\/strong>, conforme o cargo e a carga hor\u00e1ria, que pode ser de 15h a 40h semanais.<\/p>\n<p>Entre os cargos de <strong>n\u00edvel superior<\/strong>, h\u00e1 oportunidades para Pedagogo, Pedagogo \u2013 Educa\u00e7\u00e3o Especial, Fonoaudi\u00f3logo, Psic\u00f3logo, Professor de Educa\u00e7\u00e3o F\u00edsica, Professor de Arte, Professor de Geografia, Professor de Ensino Religioso, Professor de M\u00fasica e Professor de Atividades Complementares em Tempo Integral. J\u00e1 para o <strong>n\u00edvel m\u00e9dio\/t\u00e9cnico<\/strong>, as vagas contemplam Assistente Administrativo, Instrutor de Inform\u00e1tica e <strong>T\u00e9cnico Agr\u00edcola<\/strong> \u2014 cargo de especial interesse para profissionais da \u00e1rea agropecu\u00e1ria, com exig\u00eancia de Ensino T\u00e9cnico em Agropecu\u00e1ria.<\/p>\n<p>Continue a leitura para conferir todos os detalhes sobre inscri\u00e7\u00f5es, etapas do processo seletivo e divulga\u00e7\u00e3o dos resultados.<\/p>\n<h2>Inscri\u00e7\u00f5es<\/h2>\n<p>As inscri\u00e7\u00f5es para o Processo Seletivo Simplificado de Bela Vista do Toldo \u2013 SC ser\u00e3o realizadas <strong>exclusivamente de forma presencial<\/strong>, no per\u00edodo de <strong>02 de mar\u00e7o de 2026 a 06 de mar\u00e7o de 2026<\/strong>, nos hor\u00e1rios das <strong>8h30 \u00e0s 11h30<\/strong> e das <strong>13h30 \u00e0s 16h<\/strong>.<\/p>\n<p>O local de inscri\u00e7\u00e3o \u00e9 a <strong>Secretaria Municipal de Educa\u00e7\u00e3o<\/strong>, situada \u00e0 Rua Leopoldo Koch, n\u00ba 78, Centro, Bela Vista do Toldo \u2013 SC.<\/p>\n<p><strong>Aten\u00e7\u00e3o:<\/strong> n\u00e3o ser\u00e3o aceitas inscri\u00e7\u00f5es via fax, Sedex, postal, internet ou correio eletr\u00f4nico. A inscri\u00e7\u00e3o \u00e9 exclusivamente presencial.<\/p>\n<p>Para se inscrever, o candidato dever\u00e1:<\/p>\n<ul>\n<li>Preencher e assinar a <strong>ficha de inscri\u00e7\u00e3o<\/strong> (Anexo II do edital);<\/li>\n<li>Apresentar a ficha de inscri\u00e7\u00e3o acompanhada de <strong>todos os documentos exigidos no edital<\/strong> no momento da inscri\u00e7\u00e3o.<\/li>\n<\/ul>\n<p>O candidato poder\u00e1 concorrer a <strong>at\u00e9 dois cargos<\/strong>, desde que sejam na sua \u00e1rea de atua\u00e7\u00e3o e que os hor\u00e1rios de prova sejam distintos.<\/p>\n<p>O edital n\u00e3o menciona cobran\u00e7a de taxa de inscri\u00e7\u00e3o. Recomenda-se a leitura integral do edital para verificar eventuais exig\u00eancias documentais espec\u00edficas para cada cargo e demais orienta\u00e7\u00f5es sobre o processo de inscri\u00e7\u00e3o.<\/p>\n<h2>Etapas e Provas<\/h2>\n<p>O Processo Seletivo Simplificado de Bela Vista do Toldo \u2013 SC ser\u00e1 composto por uma \u00fanica etapa: <strong>Prova Objetiva<\/strong>, de car\u00e1ter <strong>eliminat\u00f3rio e classificat\u00f3rio<\/strong>.<\/p>\n<ul>\n<li><strong>Prova Objetiva<\/strong>\n<ul>\n<li><strong>Data prevista:<\/strong> 21 de mar\u00e7o de 2026;<\/li>\n<li><strong>Local:<\/strong> E.E.B. Estanislau Schumann, Rua Professor Alfredo Ludka, 329, Centro, Bela Vista do Toldo \u2013 SC;<\/li>\n<li><strong>Formato:<\/strong> quest\u00f5es objetivas;<\/li>\n<li><strong>Composi\u00e7\u00e3o:<\/strong> 10 quest\u00f5es de <strong>Conhecimentos Gerais<\/strong> e 10 quest\u00f5es de <strong>Conhecimentos Espec\u00edficos<\/strong>, totalizando 20 quest\u00f5es;<\/li>\n<li><strong>Turno da manh\u00e3 (a partir das 8h30):<\/strong> candidatos aos cargos de Professor de Educa\u00e7\u00e3o F\u00edsica, Professor de Geografia, Fonoaudi\u00f3logo, Pedagogo, Psic\u00f3logo e Assistente Administrativo;<\/li>\n<li><strong>Turno da tarde (a partir das 13h30):<\/strong> candidatos aos cargos de Pedagogo \u2013 Educa\u00e7\u00e3o Especial, Professor de Arte, Professor de Ensino Religioso, Instrutor de Inform\u00e1tica, T\u00e9cnico em Inform\u00e1tica e Professor de M\u00fasica.<\/li>\n<\/ul>\n<\/li>\n<\/ul>\n<p>Consulte o edital completo para verificar o conte\u00fado program\u00e1tico detalhado de cada cargo, os crit\u00e9rios de pontua\u00e7\u00e3o, a nota m\u00ednima para aprova\u00e7\u00e3o e demais regras aplic\u00e1veis \u00e0 prova objetiva.<\/p>\n<h2>Resultados e Gabarito<\/h2>\n<p>A divulga\u00e7\u00e3o dos resultados do Processo Seletivo Simplificado de Bela Vista do Toldo \u2013 SC seguir\u00e1 o cronograma previsto no edital:<\/p>\n<ul>\n<li><strong>21 de mar\u00e7o de 2026, a partir das 18h:<\/strong> publica\u00e7\u00e3o do <strong>gabarito<\/strong> da prova objetiva;<\/li>\n<li><strong>25 de mar\u00e7o de 2026:<\/strong> divulga\u00e7\u00e3o da <strong>classifica\u00e7\u00e3o provis\u00f3ria<\/strong>;<\/li>\n<li><strong>31 de mar\u00e7o de 2026, a partir das 16h:<\/strong> <strong>homologa\u00e7\u00e3o final dos resultados<\/strong>.<\/li>\n<\/ul>\n<p>A homologa\u00e7\u00e3o final representa o ato oficial que valida todo o processo seletivo e consolida a lista definitiva de aprovados e classificados, autorizando a convoca\u00e7\u00e3o dos candidatos conforme a necessidade do munic\u00edpio.<\/p>\n<p>Todas as listas classificat\u00f3rias e demais publica\u00e7\u00f5es oficiais ser\u00e3o divulgadas no site da Prefeitura Municipal: <strong>www.pmbvt.sc.gov.br<\/strong>.<\/p>\n<p>\u00c9 de <strong>responsabilidade exclusiva do candidato<\/strong> acompanhar todas as publica\u00e7\u00f5es, prazos para recursos e convoca\u00e7\u00f5es referentes ao processo seletivo. Recomenda-se consultar regularmente o site oficial do munic\u00edpio para n\u00e3o perder nenhuma etapa ou prazo importante.<\/p>\n","protected":false},"excerpt":{"rendered":"<p>Aguardando in\u00edcio! PSS Pref. Bela Vista do Toldo (SC) p\/ Pedagogo e Prof. Ed. F\u00edsica (M\u00e9dio a Sup.). Inscri\u00e7\u00f5es a partir de 02\/03. Sal\u00e1rios at\u00e9 R$5.3k. Confira!<\/p>\n","protected":false},"author":7,"featured_media":278415,"comment_status":"open","ping_status":"open","sticky":false,"template":"","format":"standard","meta":{"_acf_changed":false,"_breakdance_hide_in_design_set":false,"_breakdance_tags":"","footnotes":""},"categories":[141,6434,112,19,111,100,119,25,26,118,30],"tags":[61],"_amplo":[],"destaque":[],"instituicoes":[],"class_list":["post-278416","post","type-post","status-publish","format-standard","has-post-thumbnail","hentry","category-educacao-artistica","category-educacao-fisica-licenciatura","category-filosofia","category-fonoaudiologia","category-geografia","category-historia","category-musica","category-pedagogia","category-psicologia","category-sociologia","category-tecnico-agropecuaria","tag-santa-catarina"],"acf":{"_tipo_vagas":"vagas","_numero_vagas":"","_quadro_vagas":"","_cargos":"diversos","_cargos_especificos":"","_salario_max":"R$ 5297.58","_abertura":"20260302","_encerramento":"20260306","_inscricoes":"","_executora_concurso":"","_instituicao_concurso":[],"_link_adicional":null,"_anexos":null,"_produtos":null,"_vagas":"19 vagas + CR","_salario_min":"R$ 1607.05","_instituicao":"Prefeitura de Bela Vista do Toldo","_edital":"https:\/\/www.agrobase.com.br\/concursos\/wp-content\/uploads\/sites\/4\/2026\/02\/edital-04-2026-da-prefeitura-de-bela-vista-do-toldo-sc.pdf","_anexos_edital":"https:\/\/www.agrobase.com.br\/concursos\/wp-content\/uploads\/sites\/4\/2026\/02\/anexos-edital-04-2026-da-prefei.-de-bela-vista-do-toldo-sc.pdf","_fund_incompleto":"","_fund_completo":"","_medio":"<div>\r\n<table class=\"quadro\">\r\n<thead>\r\n<tr>\r\n<th class=\"hcargo\">Cargo<\/th>\r\n<th class=\"hvagas\">Vagas<\/th>\r\n<th class=\"hremuneracao\">Remunera\u00e7\u00e3o<\/th>\r\n<\/tr>\r\n<\/thead>\r\n    <tbody>\r\n      <td class=\"ccargos\">\r\n<span data-balloon-length=\"medium\" aria-label=\"Ensino M\u00e9dio\" data-balloon-pos=\"up\">Assistente administrativo<\/span><\/td>\r\n<td class=\"cvagas\">01 + CR<\/td>\r\n<td class=\"cremuneracao\">R$ 1.735,10 \/40h<\/td>\r\n<\/tr><td class=\"ccargos\">\r\n<span data-balloon-length=\"medium\" aria-label=\"Ensino M\u00e9dio, Curso em Inform\u00e1tica B\u00e1sica\" data-balloon-pos=\"up\">Instrutor de Inform\u00e1tica<\/span><\/td>\r\n<td class=\"cvagas\">01 + CR<\/td>\r\n<td class=\"cremuneracao\">R$ 2.999,83 \/40h<\/td>\r\n<\/tr><td class=\"ccargos\">\r\n<span data-balloon-length=\"medium\" aria-label=\"Ensino T\u00e9cnico Agropecu\u00e1ria\" data-balloon-pos=\"up\">T\u00e9cnico Agr\u00edcola<\/span><\/td>\r\n<td class=\"cvagas\">01 + CR<\/td>\r\n<td class=\"cremuneracao\">R$ 1.735,10 \/20h<\/td>\r\n<\/tr>\r\n    <\/tbody>\r\n  <\/table>\r\n<\/div>","_superior":"<div>\r\n<table class=\"quadro\">\r\n<thead>\r\n<tr>\r\n<th class=\"hcargo\">Cargo<\/th>\r\n<th class=\"hvagas\">Vagas<\/th>\r\n<th class=\"hremuneracao\">Remunera\u00e7\u00e3o<\/th>\r\n<\/tr>\r\n<\/thead>\r\n    <tbody>\r\n      <tr>\r\n<td class=\"ccargos\">\r\n<span data-balloon-length=\"medium\" aria-label=\"Gradua\u00e7\u00e3o em Pedagogia\" data-balloon-pos=\"up\">Pedagogo<\/span><\/td>\r\n<td class=\"cvagas\">03 + CR<\/td>\r\n<td class=\"cremuneracao\">R$ 4.285,52 \/40h<\/td>\r\n<\/tr><tr>\r\n<td class=\"ccargos\">\r\n<span data-balloon-length=\"medium\" aria-label=\"Gradua\u00e7\u00e3o em Fonoaudiologia e registro no \u00f3rg\u00e3o de fiscaliza\u00e7\u00e3o\" data-balloon-pos=\"up\">Fonoaudi\u00f3logo<\/span><\/td>\r\n<td class=\"cvagas\">01<\/td>\r\n<td class=\"cremuneracao\">R$ 5.297,58 \/30h<\/td>\r\n<\/tr><tr>\r\n<td class=\"ccargos\">\r\n<span data-balloon-length=\"medium\" aria-label=\"Gradua\u00e7\u00e3o em Pedagogia\" data-balloon-pos=\"up\">Pedagogo - Educa\u00e7\u00e3o Especial<\/span><\/td>\r\n<td class=\"cvagas\">01<\/td>\r\n<td class=\"cremuneracao\">R$ 4.285,52 \/40h<\/td>\r\n<\/tr><tr>\r\n<td class=\"ccargos\">\r\n<span data-balloon-length=\"medium\" aria-label=\"Gradua\u00e7\u00e3o em N\u00edvel Superior com Habilita\u00e7\u00e3o em qualquer \u00e1rea da Educa\u00e7\u00e3o\" data-balloon-pos=\"up\">Professor de Atividades Complementares em Tempo Integral<\/span><\/td>\r\n<td class=\"cvagas\">08 + CR<\/td>\r\n<td class=\"cremuneracao\">R$ 2.142,76 \/20h<\/td>\r\n<\/tr><tr>\r\n<td class=\"ccargos\">\r\n<span data-balloon-length=\"medium\" aria-label=\"Gradua\u00e7\u00e3o em N\u00edvel Superior com Habilita\u00e7\u00e3o em qualquer \u00e1rea da Educa\u00e7\u00e3o\" data-balloon-pos=\"up\">Professor de Atividades Complementares em Tempo Integral<\/span><\/td>\r\n<td class=\"cvagas\">08 + CR<\/td>\r\n<td class=\"cremuneracao\">R$ 3.214,13 \/30h<\/td>\r\n<\/tr><tr>\r\n<td class=\"ccargos\">\r\n<span data-balloon-length=\"medium\" aria-label=\"Gradua\u00e7\u00e3o em N\u00edvel Superior com Habilita\u00e7\u00e3o em qualquer \u00e1rea da Educa\u00e7\u00e3o\" data-balloon-pos=\"up\">Professor de Atividades Complementares em Tempo Integral<\/span><\/td>\r\n<td class=\"cvagas\">08 + CR<\/td>\r\n<td class=\"cremuneracao\">R$ 4.285,52 \/40h<\/td>\r\n<\/tr><tr>\r\n<td class=\"ccargos\">\r\n<span data-balloon-length=\"medium\" aria-label=\"Gradua\u00e7\u00e3o em Educa\u00e7\u00e3o F\u00edsica ou cursando Gradua\u00e7\u00e3o em Educa\u00e7\u00e3o F\u00edsica e registro no CREF\" data-balloon-pos=\"up\">Professor de Educa\u00e7\u00e3o F\u00edsica<\/span><\/td>\r\n<td class=\"cvagas\">04 + CR<\/td>\r\n<td class=\"cremuneracao\">R$ 2.142,76 \/20h<\/td>\r\n<\/tr><tr>\r\n<td class=\"ccargos\">\r\n<span data-balloon-length=\"medium\" aria-label=\"Gradua\u00e7\u00e3o em Educa\u00e7\u00e3o F\u00edsica ou cursando Gradua\u00e7\u00e3o em Educa\u00e7\u00e3o F\u00edsica e registro no CREF\" data-balloon-pos=\"up\">Professor de Educa\u00e7\u00e3o F\u00edsica<\/span><\/td>\r\n<td class=\"cvagas\">04 + CR<\/td>\r\n<td class=\"cremuneracao\">R$ 2.678,45 \/25h<\/td>\r\n<\/tr><tr>\r\n<td class=\"ccargos\">\r\n<span data-balloon-length=\"medium\" aria-label=\"Gradua\u00e7\u00e3o em Educa\u00e7\u00e3o F\u00edsica ou cursando Gradua\u00e7\u00e3o em Educa\u00e7\u00e3o F\u00edsica e registro no CREF\" data-balloon-pos=\"up\">Professor de Educa\u00e7\u00e3o F\u00edsica<\/span><\/td>\r\n<td class=\"cvagas\">04 + CR<\/td>\r\n<td class=\"cremuneracao\">R$ 3.214,13 \/30h<\/td>\r\n<\/tr><tr>\r\n<td class=\"ccargos\">\r\n<span data-balloon-length=\"medium\" aria-label=\"Gradua\u00e7\u00e3o em Educa\u00e7\u00e3o F\u00edsica ou cursando Gradua\u00e7\u00e3o em Educa\u00e7\u00e3o F\u00edsica e registro no CREF\" data-balloon-pos=\"up\">Professor de Educa\u00e7\u00e3o F\u00edsica<\/span><\/td>\r\n<td class=\"cvagas\">04 + CR<\/td>\r\n<td class=\"cremuneracao\">R$ 3.749,79 \/35h<\/td>\r\n<\/tr><tr>\r\n<td class=\"ccargos\">\r\n<span data-balloon-length=\"medium\" aria-label=\"Gradua\u00e7\u00e3o em Educa\u00e7\u00e3o F\u00edsica ou cursando Gradua\u00e7\u00e3o em Educa\u00e7\u00e3o F\u00edsica e registro no CREF\" data-balloon-pos=\"up\">Professor de Educa\u00e7\u00e3o F\u00edsica<\/span><\/td>\r\n<td class=\"cvagas\">04 + CR<\/td>\r\n<td class=\"cremuneracao\">R$ 4.285,52 \/40h<\/td>\r\n<\/tr><tr>\r\n<td class=\"ccargos\">\r\n<span data-balloon-length=\"medium\" aria-label=\"Gradua\u00e7\u00e3o em Arte ou cursando Gradua\u00e7\u00e3o em Arte\" data-balloon-pos=\"up\">Professor de Arte<\/span><\/td>\r\n<td class=\"cvagas\">04 + CR<\/td>\r\n<td class=\"cremuneracao\">R$ 2.142,76 \/20h<\/td>\r\n<\/tr><tr>\r\n<td class=\"ccargos\">\r\n<span data-balloon-length=\"medium\" aria-label=\"Gradua\u00e7\u00e3o em Arte ou cursando Gradua\u00e7\u00e3o em Arte\" data-balloon-pos=\"up\">Professor de Arte<\/span><\/td>\r\n<td class=\"cvagas\">04 + CR<\/td>\r\n<td class=\"cremuneracao\">R$ 2.678,45 \/25h<\/td>\r\n<\/tr><tr>\r\n<td class=\"ccargos\">\r\n<span data-balloon-length=\"medium\" aria-label=\"Gradua\u00e7\u00e3o em Arte ou cursando Gradua\u00e7\u00e3o em Arte\" data-balloon-pos=\"up\">Professor de Arte<\/span><\/td>\r\n<td class=\"cvagas\">04 + CR<\/td>\r\n<td class=\"cremuneracao\">R$ 3.214,13 \/30h<\/td>\r\n<\/tr><tr>\r\n<td class=\"ccargos\">\r\n<span data-balloon-length=\"medium\" aria-label=\"Gradua\u00e7\u00e3o em Arte ou cursando Gradua\u00e7\u00e3o em Arte\" data-balloon-pos=\"up\">Professor de Arte<\/span><\/td>\r\n<td class=\"cvagas\">04 + CR<\/td>\r\n<td class=\"cremuneracao\">R$ 3.749,79 \/35h<\/td>\r\n<\/tr><tr>\r\n<td class=\"ccargos\">\r\n<span data-balloon-length=\"medium\" aria-label=\"Gradua\u00e7\u00e3o em Arte ou cursando Gradua\u00e7\u00e3o em Arte\" data-balloon-pos=\"up\">Professor de Arte<\/span><\/td>\r\n<td class=\"cvagas\">04 + CR<\/td>\r\n<td class=\"cremuneracao\">R$ 4.285,52 \/40h<\/td>\r\n<\/tr><tr>\r\n<td class=\"ccargos\">\r\n<span data-balloon-length=\"medium\" aria-label=\"Gradua\u00e7\u00e3o em Psicologia com registro no CRP\" data-balloon-pos=\"up\">Psic\u00f3logo<\/span><\/td>\r\n<td class=\"cvagas\">01<\/td>\r\n<td class=\"cremuneracao\">R$ 2.501,17 \/20h<\/td>\r\n<\/tr><tr>\r\n<td class=\"ccargos\">\r\n<span data-balloon-length=\"medium\" aria-label=\"Gradua\u00e7\u00e3o em Psicologia com registro no CRP\" data-balloon-pos=\"up\">Psic\u00f3logo<\/span><\/td>\r\n<td class=\"cvagas\">01 + CR<\/td>\r\n<td class=\"cremuneracao\">R$ 4.244,34 \/40h<\/td>\r\n<\/tr><tr>\r\n<td class=\"ccargos\">\r\n<span data-balloon-length=\"medium\" aria-label=\"Gradua\u00e7\u00e3o em Geografia ou cursando Geografia\" data-balloon-pos=\"up\">Professor de Geografia<\/span><\/td>\r\n<td class=\"cvagas\">03 + CR<\/td>\r\n<td class=\"cremuneracao\">R$ 1.607,05 \/15h<\/td>\r\n<\/tr><tr>\r\n<td class=\"ccargos\">\r\n<span data-balloon-length=\"medium\" aria-label=\"Gradua\u00e7\u00e3o em Geografia ou cursando Geografia\" data-balloon-pos=\"up\">Professor de Geografia<\/span><\/td>\r\n<td class=\"cvagas\">01 + CR<\/td>\r\n<td class=\"cremuneracao\">R$ 2.678,45 \/25h<\/td>\r\n<\/tr><tr>\r\n<td class=\"ccargos\">\r\n<span data-balloon-length=\"medium\" aria-label=\"Gradua\u00e7\u00e3o em Geografia ou cursando Geografia\" data-balloon-pos=\"up\">Professor de Geografia<\/span><\/td>\r\n<td class=\"cvagas\">01 + CR<\/td>\r\n<td class=\"cremuneracao\">R$ 3.214,13 \/30h<\/td>\r\n<\/tr><tr>\r\n<td class=\"ccargos\">\r\n<span data-balloon-length=\"medium\" aria-label=\"Gradua\u00e7\u00e3o em Ci\u00eancias da Religi\u00e3o, Teologia, Hist\u00f3ria, Filosofia, Sociologia - Licenciatura em Ensino Religioso ou cursando Gradua\u00e7\u00e3o em Ci\u00eancias da Religi\u00e3o Teologia, Hist\u00f3ria, Filosofia, Sociologia - e\/ou Licenciatura em Ensino Religioso\" data-balloon-pos=\"up\">Professor de Ensino Religioso<\/span><\/td>\r\n<td class=\"cvagas\">02 + CR<\/td>\r\n<td class=\"cremuneracao\">R$ 1.607,05 \/15h<\/td>\r\n<\/tr><tr>\r\n<td class=\"ccargos\">\r\n<span data-balloon-length=\"medium\" aria-label=\"Gradua\u00e7\u00e3o em Ci\u00eancias da Religi\u00e3o, Teologia, Hist\u00f3ria, Filosofia, Sociologia - Licenciatura em Ensino Religioso ou cursando Gradua\u00e7\u00e3o em Ci\u00eancias da Religi\u00e3o Teologia, Hist\u00f3ria,\" data-balloon-pos=\"up\">Professor de Ensino Religioso<\/span><\/td>\r\n<td class=\"cvagas\">01 + CR<\/td>\r\n<td class=\"cremuneracao\">R$ 2.142,76 \/20h<\/td>\r\n<\/tr><tr>\r\n<td class=\"ccargos\">\r\n<span data-balloon-length=\"medium\" aria-label=\"Filosofia, Sociologia - e\/ou Licenciatura em Ensino Religioso\" data-balloon-pos=\"up\">Professor de Ensino Religioso<\/span><\/td>\r\n<td class=\"cvagas\">01 + CR<\/td>\r\n<td class=\"cremuneracao\">R$ 2.999,83 \/40h<\/td>\r\n<\/tr><tr>\r\n<td class=\"ccargos\">\r\n<span data-balloon-length=\"medium\" aria-label=\"Gradua\u00e7\u00e3o em Arte e\/ou M\u00fasica ou cursando Gradua\u00e7\u00e3o em Arte e\/ou M\u00fasica\" data-balloon-pos=\"up\">Professor de M\u00fasica<\/span><\/td>\r\n<td class=\"cvagas\">01 + CR<\/td>\r\n<td class=\"cremuneracao\">R$ 2.332,47 \/20h<\/td>\r\n<\/tr>\r\n    <\/tbody>\r\n  <\/table>\r\n<\/div>"},"_links":{"self":[{"href":"https:\/\/www.agrobase.com.br\/concursos\/wp-json\/wp\/v2\/posts\/278416","targetHints":{"allow":["GET"]}}],"collection":[{"href":"https:\/\/www.agrobase.com.br\/concursos\/wp-json\/wp\/v2\/posts"}],"about":[{"href":"https:\/\/www.agrobase.com.br\/concursos\/wp-json\/wp\/v2\/types\/post"}],"author":[{"embeddable":true,"href":"https:\/\/www.agrobase.com.br\/concursos\/wp-json\/wp\/v2\/users\/7"}],"replies":[{"embeddable":true,"href":"https:\/\/www.agrobase.com.br\/concursos\/wp-json\/wp\/v2\/comments?post=278416"}],"version-history":[{"count":2,"href":"https:\/\/www.agrobase.com.br\/concursos\/wp-json\/wp\/v2\/posts\/278416\/revisions"}],"predecessor-version":[{"id":278420,"href":"https:\/\/www.agrobase.com.br\/concursos\/wp-json\/wp\/v2\/posts\/278416\/revisions\/278420"}],"wp:featuredmedia":[{"embeddable":true,"href":"https:\/\/www.agrobase.com.br\/concursos\/wp-json\/wp\/v2\/media\/278415"}],"wp:attachment":[{"href":"https:\/\/www.agrobase.com.br\/concursos\/wp-json\/wp\/v2\/media?parent=278416"}],"wp:term":[{"taxonomy":"category","embeddable":true,"href":"https:\/\/www.agrobase.com.br\/concursos\/wp-json\/wp\/v2\/categories?post=278416"},{"taxonomy":"post_tag","embeddable":true,"href":"https:\/\/www.agrobase.com.br\/concursos\/wp-json\/wp\/v2\/tags?post=278416"},{"taxonomy":"_amplo","embeddable":true,"href":"https:\/\/www.agrobase.com.br\/concursos\/wp-json\/wp\/v2\/_amplo?post=278416"},{"taxonomy":"destaque","embeddable":true,"href":"https:\/\/www.agrobase.com.br\/concursos\/wp-json\/wp\/v2\/destaque?post=278416"},{"taxonomy":"instituicoes","embeddable":true,"href":"https:\/\/www.agrobase.com.br\/concursos\/wp-json\/wp\/v2\/instituicoes?post=278416"}],"curies":[{"name":"wp","href":"https:\/\/api.w.org\/{rel}","templated":true}]}}