{"id":278411,"date":"2026-02-27T07:30:48","date_gmt":"2026-02-27T10:30:48","guid":{"rendered":"https:\/\/www.agrobase.com.br\/concursos\/?p=278411"},"modified":"2026-02-26T11:43:26","modified_gmt":"2026-02-26T14:43:26","slug":"prefeitura-mirim-doce-sc-selecao-publica-03-2026","status":"publish","type":"post","link":"https:\/\/www.agrobase.com.br\/concursos\/2026\/prefeitura-mirim-doce-sc-selecao-publica-03-2026\/","title":{"rendered":"Prefeitura Mirim Doce (SC) &#8211; Sele\u00e7\u00e3o P\u00fablica 03\/2026"},"content":{"rendered":"<h2>Informa\u00e7\u00f5es Gerais<\/h2>\n<p>O Munic\u00edpio de <strong>Mirim Doce<\/strong>, no Estado de <strong>Santa Catarina<\/strong>, tornou p\u00fablico o <strong>Processo Seletivo P\u00fablico<\/strong> destinado ao provimento de vagas em car\u00e1ter tempor\u00e1rio, sob regime <strong>CLT<\/strong>, para atender \u00e0s necessidades do quadro de pessoal do Poder Executivo Municipal. O certame \u00e9 organizado pela banca <strong>Legalle Concursos<\/strong> e tem como base as Leis Complementares n\u00ba 25\/2000, n\u00ba 02\/1993 e n\u00ba 72\/2011.<\/p>\n<p>Ao todo, s\u00e3o ofertadas <strong>03 vagas imediatas, al\u00e9m de cadastro reserva (CR)<\/strong>, distribu\u00eddas entre os n\u00edveis <strong>Fundamental Incompleto (Alfabetizado)<\/strong> e <strong>Superior<\/strong>. As remunera\u00e7\u00f5es variam de <strong>R$ 1.771,45<\/strong> a <strong>R$ 5.998,72<\/strong>, com carga hor\u00e1ria de <strong>40 horas semanais<\/strong> para todas as fun\u00e7\u00f5es.<\/p>\n<p>As vagas de n\u00edvel superior contemplam as fun\u00e7\u00f5es de <strong>Enfermeiro<\/strong> (1 vaga \u2014 R$ 4.935,22) e <strong><em>M\u00e9dico Veterin\u00e1rio<\/em><\/strong> (1 vaga \u2014 R$ 5.998,72), sendo esta \u00faltima uma excelente oportunidade para profissionais da \u00e1rea de <strong>Medicina Veterin\u00e1ria<\/strong>. J\u00e1 para o n\u00edvel fundamental, h\u00e1 vagas para <strong>Merendeira<\/strong> (1 vaga) e <strong>Faxineira<\/strong> (cadastro reserva), ambas com remunera\u00e7\u00e3o de R$ 1.771,45.<\/p>\n<p>Continue a leitura para conferir todos os detalhes sobre inscri\u00e7\u00f5es, etapas de sele\u00e7\u00e3o e como acompanhar os resultados deste Processo Seletivo de Mirim Doce \u2013 SC.<\/p>\n<h2>Inscri\u00e7\u00f5es<\/h2>\n<p>As inscri\u00e7\u00f5es para o Processo Seletivo P\u00fablico de <strong>Mirim Doce \u2013 SC<\/strong> devem ser realizadas <strong>exclusivamente pela internet<\/strong>, por meio do site da banca organizadora <strong>Legalle Concursos<\/strong>, no endere\u00e7o <strong>www.legalleconcursos.com.br<\/strong>.<\/p>\n<p>O per\u00edodo de inscri\u00e7\u00f5es segue o cronograma previsto no Anexo 1 do edital, com in\u00edcio em <strong>25 de fevereiro de 2026<\/strong> e encerramento \u00e0s <strong>18h (hor\u00e1rio de Bras\u00edlia) do dia 05 de mar\u00e7o de 2026<\/strong>.<\/p>\n<p>Os valores das taxas de inscri\u00e7\u00e3o s\u00e3o os seguintes:<\/p>\n<ul>\n<li><strong>N\u00edvel Fundamental\/Alfabetizado<\/strong> (Faxineira e Merendeira): <strong>R$ 40,00<\/strong><\/li>\n<li><strong>N\u00edvel Superior<\/strong> (Enfermeiro e M\u00e9dico Veterin\u00e1rio): <strong>R$ 100,00<\/strong><\/li>\n<\/ul>\n<p>Para efetuar a inscri\u00e7\u00e3o, o candidato deve seguir os passos abaixo:<\/p>\n<ul>\n<li>Acessar o site <strong>www.legalleconcursos.com.br<\/strong> e localizar a p\u00e1gina do Processo Seletivo;<\/li>\n<li>Preencher integralmente o <strong>Formul\u00e1rio de Inscri\u00e7\u00e3o<\/strong> e imprimir uma c\u00f3pia do comprovante, que deve ser guardada pelo candidato;<\/li>\n<li>Imprimir o <strong>boleto banc\u00e1rio<\/strong> at\u00e9 as <strong>18h do \u00faltimo dia de inscri\u00e7\u00f5es<\/strong> e efetuar o pagamento em qualquer ag\u00eancia banc\u00e1ria, posto de autoatendimento ou <em>home banking<\/em>, respeitando o hor\u00e1rio limite fixado pelo estabelecimento banc\u00e1rio para transa\u00e7\u00f5es.<\/li>\n<\/ul>\n<p>Recomenda-se que o candidato acompanhe o status de sua inscri\u00e7\u00e3o diretamente no site da banca organizadora, verificando a confirma\u00e7\u00e3o do pagamento e a valida\u00e7\u00e3o da inscri\u00e7\u00e3o.<\/p>\n<p>Para informa\u00e7\u00f5es completas sobre procedimentos de inscri\u00e7\u00e3o, possibilidade de isen\u00e7\u00e3o da taxa e demais orienta\u00e7\u00f5es, consulte o <strong>edital na \u00edntegra<\/strong> no site da Legalle Concursos ou no portal oficial do Munic\u00edpio de Mirim Doce.<\/p>\n<h2>Etapas e Provas<\/h2>\n<p>O Processo Seletivo P\u00fablico de <strong>Mirim Doce \u2013 SC<\/strong> ser\u00e1 composto por uma \u00fanica etapa de avalia\u00e7\u00e3o, aplic\u00e1vel a todas as fun\u00e7\u00f5es ofertadas:<\/p>\n<ul>\n<li><strong>Prova Te\u00f3rico-Objetiva<\/strong> \u2014 de car\u00e1ter <strong>eliminat\u00f3rio e classificat\u00f3rio<\/strong>, composta por quest\u00f5es objetivas (m\u00faltipla escolha). Esta etapa ser\u00e1 aplicada para as fun\u00e7\u00f5es de <strong>Enfermeiro, Faxineira, M\u00e9dico Veterin\u00e1rio e Merendeira<\/strong>.<\/li>\n<\/ul>\n<p>Informa\u00e7\u00f5es gerais sobre a prova:<\/p>\n<ul>\n<li><strong>Dura\u00e7\u00e3o:<\/strong> at\u00e9 <strong>3 horas<\/strong>;<\/li>\n<li><strong>Data de aplica\u00e7\u00e3o:<\/strong> conforme cronograma previsto no Anexo 1 do edital;<\/li>\n<li><strong>Local de aplica\u00e7\u00e3o:<\/strong> ser\u00e1 divulgado oportunamente no site do Processo Seletivo (<strong>www.legalleconcursos.com.br<\/strong>);<\/li>\n<li><strong>Formato:<\/strong> quest\u00f5es objetivas de m\u00faltipla escolha.<\/li>\n<\/ul>\n<p>Os conte\u00fados cobrados na Prova Te\u00f3rico-Objetiva abrangem disciplinas compat\u00edveis com o n\u00edvel de escolaridade exigido para cada fun\u00e7\u00e3o. Para conhecer em detalhes as disciplinas, os temas e a distribui\u00e7\u00e3o de quest\u00f5es e pontua\u00e7\u00e3o, o candidato deve consultar o <strong>conte\u00fado program\u00e1tico completo<\/strong> dispon\u00edvel nos anexos do edital.<\/p>\n<p>Recomendamos a leitura integral do edital para verificar os crit\u00e9rios de aprova\u00e7\u00e3o, a nota m\u00ednima exigida e o cronograma detalhado de aplica\u00e7\u00e3o das provas.<\/p>\n<h2>Resultados e Gabarito<\/h2>\n<p>O resultado final do Processo Seletivo P\u00fablico de <strong>Mirim Doce \u2013 SC<\/strong> ser\u00e1 divulgado por meio de duas listagens:<\/p>\n<ul>\n<li><strong>Lista Geral:<\/strong> contendo a classifica\u00e7\u00e3o de todos os candidatos habilitados, inclusive os inscritos como pessoa com defici\u00eancia, em ordem de classifica\u00e7\u00e3o;<\/li>\n<li><strong>Lista de Pessoas com Defici\u00eancia:<\/strong> contendo a classifica\u00e7\u00e3o exclusiva dos candidatos habilitados inscritos como pessoa com defici\u00eancia, em ordem de classifica\u00e7\u00e3o.<\/li>\n<\/ul>\n<p>Os resultados preliminares e definitivos, bem como eventuais gabaritos, ser\u00e3o publicados no site da banca organizadora <strong>Legalle Concursos<\/strong> (<strong>www.legalleconcursos.com.br<\/strong>) e nos canais oficiais do Munic\u00edpio de Mirim Doce, conforme cronograma estabelecido no edital.<\/p>\n<p>Ap\u00f3s a divulga\u00e7\u00e3o dos resultados preliminares, os candidatos poder\u00e3o interpor recursos dentro dos prazos previstos no edital. O resultado definitivo ser\u00e1 publicado ap\u00f3s a an\u00e1lise de todos os recursos.<\/p>\n<p>A <strong>homologa\u00e7\u00e3o<\/strong> do resultado final representa o ato oficial pelo qual a autoridade competente valida e torna p\u00fablico o resultado definitivo do certame, autorizando a convoca\u00e7\u00e3o dos aprovados. A homologa\u00e7\u00e3o ser\u00e1 publicada nos meios oficiais do munic\u00edpio.<\/p>\n<p>O prazo de <strong>validade<\/strong> deste Processo Seletivo \u00e9 de <strong>1 (um) ano<\/strong>, contado a partir da publica\u00e7\u00e3o da homologa\u00e7\u00e3o do resultado final. Esse prazo poder\u00e1 ser <strong>prorrogado uma \u00fanica vez<\/strong>, a crit\u00e9rio e conveni\u00eancia da Administra\u00e7\u00e3o Municipal.<\/p>\n<p><strong>Importante:<\/strong> o acompanhamento de todas as publica\u00e7\u00f5es oficiais referentes ao Processo Seletivo \u2014 incluindo convoca\u00e7\u00f5es, retifica\u00e7\u00f5es e resultados \u2014 \u00e9 de <strong>responsabilidade exclusiva do candidato<\/strong>. Mantenha-se atento ao site da banca organizadora e aos canais oficiais do Munic\u00edpio de Mirim Doce.<\/p>\n","protected":false},"excerpt":{"rendered":"<p>Inscri\u00e7\u00f5es abrem 25\/02! Sel. P\u00fablica Pref. Mirim Doce (SC) p\/ Enfermeiro e Vet. (Fund. a Sup.). Sal\u00e1rios at\u00e9 R$ 6k. 3+CR vagas. Veja o edital!<\/p>\n","protected":false},"author":7,"featured_media":278410,"comment_status":"open","ping_status":"open","sticky":false,"template":"","format":"standard","meta":{"_acf_changed":false,"_breakdance_hide_in_design_set":false,"_breakdance_tags":"","footnotes":""},"categories":[12,22],"tags":[61],"_amplo":[],"destaque":[],"instituicoes":[],"class_list":["post-278411","post","type-post","status-publish","format-standard","has-post-thumbnail","hentry","category-enfermagem","category-veterinaria","tag-santa-catarina"],"acf":{"_tipo_vagas":"vagas","_numero_vagas":"","_quadro_vagas":"","_cargos":"diversos","_cargos_especificos":"","_salario_max":"R$ 5998.72","_abertura":"20260225","_encerramento":"20260305","_inscricoes":"https:\/\/www.legalleconcursos.com.br","_executora_concurso":"","_instituicao_concurso":[],"_link_adicional":null,"_anexos":null,"_produtos":null,"_vagas":"03 vagas + CR","_salario_min":"R$ 1771.45","_instituicao":"Prefeitura de Mirim Doce","_edital":"https:\/\/www.agrobase.com.br\/concursos\/wp-content\/uploads\/sites\/4\/2026\/02\/edital-03-2026-da-prefeitura-de-mirim-doce-sc.pdf","_anexos_edital":"https:\/\/www.agrobase.com.br\/concursos\/wp-content\/uploads\/sites\/4\/2026\/02\/anexos-edital-03-2026-da-prefeitura-de-mirim-doce-sc.pdf","_fund_incompleto":"<div>\r\n<table class=\"quadro\">\r\n<thead>\r\n<tr>\r\n<th class=\"hcargo\">Cargo<\/th>\r\n<th class=\"hvagas\">Vagas<\/th>\r\n<th class=\"hremuneracao\">Remunera\u00e7\u00e3o<\/th>\r\n<\/tr>\r\n<\/thead>\r\n    <tbody>\r\n      <td class=\"ccargos\">\r\n<span data-balloon-length=\"medium\" aria-label=\"Alfabetizado e\/ou com experi\u00eancia na \u00e1rea de atua\u00e7\u00e3o\" data-balloon-pos=\"up\">Faxineira<\/span><\/td>\r\n<td class=\"cvagas\">CR<\/td>\r\n<td class=\"cremuneracao\">R$ 1.771,45 \/40h<\/td>\r\n<\/tr><td class=\"ccargos\">\r\n<span data-balloon-length=\"medium\" aria-label=\"Alfabetizado e\/ou com experi\u00eancia na \u00e1rea de atua\u00e7\u00e3o\" data-balloon-pos=\"up\">Merendeira<\/span><\/td>\r\n<td class=\"cvagas\">01<\/td>\r\n<td class=\"cremuneracao\">R$ 1.771,45 \/40h<\/td>\r\n<\/tr>\r\n    <\/tbody>\r\n  <\/table>\r\n<\/div>","_fund_completo":"","_medio":"","_superior":"<div>\r\n<table class=\"quadro\">\r\n<thead>\r\n<tr>\r\n<th class=\"hcargo\">Cargo<\/th>\r\n<th class=\"hvagas\">Vagas<\/th>\r\n<th class=\"hremuneracao\">Remunera\u00e7\u00e3o<\/th>\r\n<\/tr>\r\n<\/thead>\r\n    <tbody>\r\n      <tr>\r\n<td class=\"ccargos\">\r\n<span data-balloon-length=\"medium\" aria-label=\"Gradua\u00e7\u00e3o em Enfermagem e Registro no Conselho de Classe da Profiss\u00e3o\" data-balloon-pos=\"up\">Enfermeiro<\/span><\/td>\r\n<td class=\"cvagas\">01<\/td>\r\n<td class=\"cremuneracao\">R$ 4.935,22 \/40h<\/td>\r\n<\/tr><tr>\r\n<td class=\"ccargos\">\r\n<span data-balloon-length=\"medium\" aria-label=\"Gradua\u00e7\u00e3o em Medicina Veterin\u00e1ria e Registro no Conselho de Classe da Profiss\u00e3o\" data-balloon-pos=\"up\">M\u00e9dico Veterin\u00e1rio<\/span><\/td>\r\n<td class=\"cvagas\">01<\/td>\r\n<td class=\"cremuneracao\">R$ 5.998,72 \/40h<\/td>\r\n<\/tr>\r\n    <\/tbody>\r\n  <\/table>\r\n<\/div>"},"_links":{"self":[{"href":"https:\/\/www.agrobase.com.br\/concursos\/wp-json\/wp\/v2\/posts\/278411","targetHints":{"allow":["GET"]}}],"collection":[{"href":"https:\/\/www.agrobase.com.br\/concursos\/wp-json\/wp\/v2\/posts"}],"about":[{"href":"https:\/\/www.agrobase.com.br\/concursos\/wp-json\/wp\/v2\/types\/post"}],"author":[{"embeddable":true,"href":"https:\/\/www.agrobase.com.br\/concursos\/wp-json\/wp\/v2\/users\/7"}],"replies":[{"embeddable":true,"href":"https:\/\/www.agrobase.com.br\/concursos\/wp-json\/wp\/v2\/comments?post=278411"}],"version-history":[{"count":1,"href":"https:\/\/www.agrobase.com.br\/concursos\/wp-json\/wp\/v2\/posts\/278411\/revisions"}],"predecessor-version":[{"id":278413,"href":"https:\/\/www.agrobase.com.br\/concursos\/wp-json\/wp\/v2\/posts\/278411\/revisions\/278413"}],"wp:featuredmedia":[{"embeddable":true,"href":"https:\/\/www.agrobase.com.br\/concursos\/wp-json\/wp\/v2\/media\/278410"}],"wp:attachment":[{"href":"https:\/\/www.agrobase.com.br\/concursos\/wp-json\/wp\/v2\/media?parent=278411"}],"wp:term":[{"taxonomy":"category","embeddable":true,"href":"https:\/\/www.agrobase.com.br\/concursos\/wp-json\/wp\/v2\/categories?post=278411"},{"taxonomy":"post_tag","embeddable":true,"href":"https:\/\/www.agrobase.com.br\/concursos\/wp-json\/wp\/v2\/tags?post=278411"},{"taxonomy":"_amplo","embeddable":true,"href":"https:\/\/www.agrobase.com.br\/concursos\/wp-json\/wp\/v2\/_amplo?post=278411"},{"taxonomy":"destaque","embeddable":true,"href":"https:\/\/www.agrobase.com.br\/concursos\/wp-json\/wp\/v2\/destaque?post=278411"},{"taxonomy":"instituicoes","embeddable":true,"href":"https:\/\/www.agrobase.com.br\/concursos\/wp-json\/wp\/v2\/instituicoes?post=278411"}],"curies":[{"name":"wp","href":"https:\/\/api.w.org\/{rel}","templated":true}]}}