{"id":278370,"date":"2026-02-26T07:50:16","date_gmt":"2026-02-26T10:50:16","guid":{"rendered":"https:\/\/www.agrobase.com.br\/concursos\/?p=278370"},"modified":"2026-02-25T13:03:19","modified_gmt":"2026-02-25T16:03:19","slug":"prefeitura-sao-leopoldo-rs-concurso-01-2026","status":"publish","type":"post","link":"https:\/\/www.agrobase.com.br\/concursos\/2026\/prefeitura-sao-leopoldo-rs-concurso-01-2026\/","title":{"rendered":"Prefeitura S\u00e3o Leopoldo (RS) &#8211; Concurso 01\/2026"},"content":{"rendered":"<h2>Informa\u00e7\u00f5es Gerais<\/h2>\n<p>A Prefeitura Municipal de <strong>S\u00e3o Leopoldo\/RS<\/strong> publicou edital de <strong>Concurso P\u00fablico<\/strong> para o provimento de cargos efetivos e forma\u00e7\u00e3o de cadastro de reserva no quadro de servidores do Poder Executivo municipal. O certame \u00e9 organizado pela <strong>Funda\u00e7\u00e3o La Salle<\/strong> e o ingresso dos aprovados se dar\u00e1 sob o <strong>regime Estatut\u00e1rio<\/strong>.<\/p>\n<p>Ao todo, s\u00e3o ofertadas <strong>471 vagas imediatas, al\u00e9m de cadastro de reserva<\/strong>, distribu\u00eddas entre cargos de <strong>n\u00edvel m\u00e9dio\/t\u00e9cnico<\/strong> e <strong>n\u00edvel superior<\/strong>. As remunera\u00e7\u00f5es variam de <strong>R$ 1.796,05<\/strong> a <strong>R$ 4.623,61<\/strong>, com cargas hor\u00e1rias que v\u00e3o de 20h a 40h semanais.<\/p>\n<p>No n\u00edvel m\u00e9dio, os destaques s\u00e3o os cargos de <strong>Auxiliar de Apoio Escolar<\/strong> (300 vagas + CR) e <strong>Secret\u00e1rio Escolar<\/strong> (5 vagas + CR). J\u00e1 no n\u00edvel superior, o concurso contempla diversas \u00e1reas da educa\u00e7\u00e3o, com vagas para <strong>Professor de Educa\u00e7\u00e3o Infantil<\/strong> (25h e 30h), <strong>Professor de Curr\u00edculo\/S\u00e9ries Iniciais<\/strong> (100 vagas + CR), <strong>Professor de L\u00edngua Inglesa<\/strong>, <strong>Professor de Matem\u00e1tica<\/strong>, <strong>Professor de Ci\u00eancias<\/strong>, <strong>Professor de L\u00edngua Portuguesa<\/strong>, <strong>Professor de Hist\u00f3ria<\/strong>, <strong>Professor de Artes<\/strong>, <strong>Professor de Educa\u00e7\u00e3o F\u00edsica<\/strong>, <strong>Professor de Filosofia<\/strong>, <strong>Professor de Geografia<\/strong>, <strong>Professor de Sociologia<\/strong> e <strong>Orientador Educacional<\/strong> (50 vagas + CR). V\u00e1rios desses cargos de n\u00edvel superior oferecem vagas em cadastro de reserva.<\/p>\n<p>O edital prev\u00ea reserva de vagas para pessoas com defici\u00eancia, pretos e pardos, ind\u00edgenas, quilombolas e pessoas trans, conforme legisla\u00e7\u00e3o municipal vigente.<\/p>\n<p>Continue a leitura para conferir todos os detalhes sobre inscri\u00e7\u00f5es, etapas de sele\u00e7\u00e3o e como acompanhar os resultados do Concurso P\u00fablico da Prefeitura de S\u00e3o Leopoldo\/RS.<\/p>\n<h2>Inscri\u00e7\u00f5es<\/h2>\n<p>As inscri\u00e7\u00f5es para o Concurso P\u00fablico da Prefeitura de S\u00e3o Leopoldo\/RS estar\u00e3o abertas a partir do dia <strong>20 de fevereiro de 2026<\/strong>, com encerramento previsto para as <strong>17h do dia 16 de mar\u00e7o de 2026<\/strong>. Todo o processo de inscri\u00e7\u00e3o ser\u00e1 realizado <strong>exclusivamente pela internet<\/strong>, por meio do site da Funda\u00e7\u00e3o La Salle.<\/p>\n<p>Para se inscrever, o candidato dever\u00e1 acessar o endere\u00e7o eletr\u00f4nico <strong>fundacaolasalle.org.br\/concursos<\/strong>, localizar o link espec\u00edfico deste edital e preencher o formul\u00e1rio eletr\u00f4nico com as informa\u00e7\u00f5es solicitadas. Durante o preenchimento, ser\u00e1 necess\u00e1rio escolher o cargo pretendido e, se for o caso, optar pela participa\u00e7\u00e3o nos modos de acesso destinados a Pessoa Com Defici\u00eancia, Pretos e Pardos, Ind\u00edgenas, Quilombolas e Trans.<\/p>\n<p>Ap\u00f3s o preenchimento do formul\u00e1rio, o candidato dever\u00e1 gerar e imprimir o <strong>boleto banc\u00e1rio<\/strong> correspondente \u00e0 taxa de inscri\u00e7\u00e3o e efetuar o pagamento para que sua inscri\u00e7\u00e3o seja homologada. Os valores das taxas s\u00e3o os seguintes:<\/p>\n<ul>\n<li><strong>Cargos de n\u00edvel m\u00e9dio:<\/strong> R$ 190,20<\/li>\n<li><strong>Cargos de n\u00edvel superior:<\/strong> R$ 253,60<\/li>\n<\/ul>\n<p>O Munic\u00edpio de S\u00e3o Leopoldo disponibiliza computador com acesso \u00e0 internet na <strong>Prefeitura Municipal<\/strong>, localizada na Rua Dom Jo\u00e3o Becker, n\u00ba 754, 2\u00ba andar, Centro, S\u00e3o Leopoldo\/RS, na <strong>Escola de Gest\u00e3o P\u00fablica<\/strong>, no hor\u00e1rio das <strong>09h \u00e0s 14h<\/strong>, durante todo o per\u00edodo de execu\u00e7\u00e3o do concurso.<\/p>\n<p>Recomenda-se a leitura integral do edital para verificar os crit\u00e9rios e procedimentos para <strong>isen\u00e7\u00e3o da taxa de inscri\u00e7\u00e3o<\/strong>, prazos de pagamento do boleto e demais orienta\u00e7\u00f5es sobre o processo de inscri\u00e7\u00e3o.<\/p>\n<h2>Etapas e Provas<\/h2>\n<p>O Concurso P\u00fablico da Prefeitura de S\u00e3o Leopoldo\/RS ser\u00e1 composto por at\u00e9 duas etapas, conforme o n\u00edvel de escolaridade do cargo. Veja a seguir o detalhamento de cada uma:<\/p>\n<ul>\n<li><strong>Prova Objetiva<\/strong> \u2014 <em>car\u00e1ter eliminat\u00f3rio e classificat\u00f3rio<\/em>, destinada a <strong>todos os cargos<\/strong> (n\u00edvel m\u00e9dio e superior). A prova ser\u00e1 composta por <strong>40 quest\u00f5es de m\u00faltipla escolha<\/strong>, cada uma com 5 alternativas (A, B, C, D e E), sendo apenas uma correta. As quest\u00f5es ser\u00e3o divididas por disciplinas, conforme o conte\u00fado program\u00e1tico definido no edital. A <strong>data prov\u00e1vel de aplica\u00e7\u00e3o \u00e9 19 de abril de 2026<\/strong>. As provas poder\u00e3o ser realizadas no Munic\u00edpio de S\u00e3o Leopoldo\/RS ou em outras cidades da regi\u00e3o, conforme disponibilidade de locais adequados.<\/li>\n<li><strong>Prova de T\u00edtulos<\/strong> \u2014 <em>car\u00e1ter exclusivamente classificat\u00f3rio<\/em>, destinada apenas aos <strong>cargos de n\u00edvel superior<\/strong>. Essa etapa avaliar\u00e1 a forma\u00e7\u00e3o acad\u00eamica de p\u00f3s-gradua\u00e7\u00e3o dos candidatos, atribuindo pontua\u00e7\u00e3o adicional \u00e0 classifica\u00e7\u00e3o final.<\/li>\n<\/ul>\n<p>Para informa\u00e7\u00f5es completas sobre o conte\u00fado program\u00e1tico de cada cargo, crit\u00e9rios de aprova\u00e7\u00e3o, nota m\u00ednima exigida e cronograma detalhado de aplica\u00e7\u00e3o, consulte o edital na \u00edntegra no site da Funda\u00e7\u00e3o La Salle.<\/p>\n<h2>Resultados e Gabarito<\/h2>\n<p>A divulga\u00e7\u00e3o dos resultados do Concurso P\u00fablico da Prefeitura de S\u00e3o Leopoldo\/RS seguir\u00e1 o cronograma previsto no edital. Confira as principais datas:<\/p>\n<ul>\n<li><strong>20 de abril de 2026:<\/strong> publica\u00e7\u00e3o dos gabaritos preliminares das provas objetivas.<\/li>\n<li><strong>12 de maio de 2026:<\/strong> publica\u00e7\u00e3o das notas homologadas das provas objetivas.<\/li>\n<li><strong>29 de maio de 2026:<\/strong> publica\u00e7\u00e3o da homologa\u00e7\u00e3o do resultado final, por cargo, modo de acesso e classifica\u00e7\u00e3o final.<\/li>\n<\/ul>\n<p>A <strong>classifica\u00e7\u00e3o final<\/strong> ser\u00e1 realizada por ordem decrescente da nota final obtida no concurso, considerando a natureza das provas aplicadas a cada cargo. Para os cargos de n\u00edvel superior, a pontua\u00e7\u00e3o da prova de t\u00edtulos ser\u00e1 somada \u00e0 nota da prova objetiva para composi\u00e7\u00e3o do resultado final.<\/p>\n<p>Os crit\u00e9rios de desempate est\u00e3o detalhados no edital e dever\u00e3o ser consultados pelo candidato para pleno conhecimento das regras aplic\u00e1veis.<\/p>\n<p>A <strong>homologa\u00e7\u00e3o do resultado<\/strong> representa o ato oficial que encerra o certame e autoriza a convoca\u00e7\u00e3o dos aprovados para posse, conforme a necessidade do munic\u00edpio. Todos os editais e resultados ser\u00e3o publicados no site da <strong>Funda\u00e7\u00e3o La Salle<\/strong> (<em>fundacaolasalle.org.br\/concursos<\/em>) e nos canais oficiais da Prefeitura de S\u00e3o Leopoldo\/RS.<\/p>\n<p>O Concurso P\u00fablico ter\u00e1 <strong>validade de 2 (dois) anos<\/strong>, a contar da data de publica\u00e7\u00e3o da homologa\u00e7\u00e3o do resultado, podendo ser <strong>prorrogado por igual per\u00edodo<\/strong>, a crit\u00e9rio do Munic\u00edpio de S\u00e3o Leopoldo\/RS.<\/p>\n<p><strong>Aten\u00e7\u00e3o:<\/strong> o acompanhamento de todas as publica\u00e7\u00f5es oficiais, editais complementares, convoca\u00e7\u00f5es e demais comunicados relativos ao concurso \u00e9 de <strong>responsabilidade exclusiva do candidato<\/strong>. Mantenha seus dados atualizados e consulte regularmente os canais oficiais de divulga\u00e7\u00e3o.<\/p>\n","protected":false},"excerpt":{"rendered":"<p>Concurso Pref. S\u00e3o Leopoldo (RS) com edital publicado! Vagas p\/ Aux. Escolar e Professor (M\u00e9dio a Sup.). Inscri\u00e7\u00f5es a partir de 20\/02. Confira detalhes!<\/p>\n","protected":false},"author":7,"featured_media":278369,"comment_status":"open","ping_status":"open","sticky":false,"template":"","format":"standard","meta":{"_acf_changed":false,"_breakdance_hide_in_design_set":false,"_breakdance_tags":"","footnotes":""},"categories":[6433,6434,112,111,100,20,6871,116,25,118],"tags":[58],"_amplo":[],"destaque":[],"instituicoes":[],"class_list":["post-278370","post","type-post","status-publish","format-standard","has-post-thumbnail","hentry","category-biologia-licenciatura","category-educacao-fisica-licenciatura","category-filosofia","category-geografia","category-historia","category-letras","category-letras-ingles","category-matematica","category-pedagogia","category-sociologia","tag-rio-grande-sul"],"acf":{"_tipo_vagas":"vagas","_numero_vagas":"","_quadro_vagas":"","_cargos":"diversos","_cargos_especificos":"","_salario_max":"R$ 4623.61","_abertura":"20260220","_encerramento":"20260316","_inscricoes":"https:\/\/fundacaolasalle.org.br\/concursos","_executora_concurso":"","_instituicao_concurso":[],"_link_adicional":null,"_anexos":null,"_produtos":null,"_vagas":"471 vagas + CR","_salario_min":"R$ 1796.05","_instituicao":"Prefeitura de S\u00e3o Leopoldo","_edital":"https:\/\/www.agrobase.com.br\/concursos\/wp-content\/uploads\/sites\/4\/2026\/02\/edital-01-2026-da-prefeitura-de-sao-leopoldo-rs.pdf","_anexos_edital":"https:\/\/www.agrobase.com.br\/concursos\/wp-content\/uploads\/sites\/4\/2026\/02\/anexos-edital-01-2026-da-prefeitura-de-sao-leopoldo-rs.pdf","_fund_incompleto":"","_fund_completo":"","_medio":"<div>\r\n<table class=\"quadro\">\r\n<thead>\r\n<tr>\r\n<th class=\"hcargo\">Cargo<\/th>\r\n<th class=\"hvagas\">Vagas<\/th>\r\n<th class=\"hremuneracao\">Remunera\u00e7\u00e3o<\/th>\r\n<\/tr>\r\n<\/thead>\r\n    <tbody>\r\n      <td class=\"ccargos\">\r\n<span data-balloon-length=\"medium\" aria-label=\"Ensino M\u00e9dio completo e curso profissionalizante ou de aperfei\u00e7oamento na \u00e1rea da educa\u00e7\u00e3o (m\u00ednimo 180h)\" data-balloon-pos=\"up\">Auxiliar de Apoio Escolar<\/span><\/td>\r\n<td class=\"cvagas\">300 + CR<\/td>\r\n<td class=\"cremuneracao\">R$ 1.796,05 \/30h<\/td>\r\n<\/tr><td class=\"ccargos\">\r\n<span data-balloon-length=\"medium\" aria-label=\"Ensino M\u00e9dio completo\" data-balloon-pos=\"up\">Secret\u00e1rio Escolar<\/span><\/td>\r\n<td class=\"cvagas\">05 + CR<\/td>\r\n<td class=\"cremuneracao\">R$ 2.450,98 \/40h<\/td>\r\n<\/tr>\r\n    <\/tbody>\r\n  <\/table>\r\n<\/div>","_superior":"<div>\r\n<table class=\"quadro\">\r\n<thead>\r\n<tr>\r\n<th class=\"hcargo\">Cargo<\/th>\r\n<th class=\"hvagas\">Vagas<\/th>\r\n<th class=\"hremuneracao\">Remunera\u00e7\u00e3o<\/th>\r\n<\/tr>\r\n<\/thead>\r\n    <tbody>\r\n      <tr>\r\n<td class=\"ccargos\">\r\n<span data-balloon-length=\"medium\" aria-label=\"Habilita\u00e7\u00e3o espec\u00edfica em n\u00edvel superior\" data-balloon-pos=\"up\">Professor de Educa\u00e7\u00e3o Infantil 25h<\/span><\/td>\r\n<td class=\"cvagas\">05 + CR<\/td>\r\n<td class=\"cremuneracao\">R$ 3.852,99 \/25h<\/td>\r\n<\/tr><tr>\r\n<td class=\"ccargos\">\r\n<span data-balloon-length=\"medium\" aria-label=\"Habilita\u00e7\u00e3o espec\u00edfica em n\u00edvel superior\" data-balloon-pos=\"up\">Professor de Educa\u00e7\u00e3o Infantil 30h<\/span><\/td>\r\n<td class=\"cvagas\">05 + CR<\/td>\r\n<td class=\"cremuneracao\">R$ 4.623,61 \/30h<\/td>\r\n<\/tr><tr>\r\n<td class=\"ccargos\">\r\n<span data-balloon-length=\"medium\" aria-label=\"Habilita\u00e7\u00e3o espec\u00edfica em n\u00edvel superior\" data-balloon-pos=\"up\">Professor de Curr\u00edculo\/S\u00e9ries Iniciais<\/span><\/td>\r\n<td class=\"cvagas\">100 + CR<\/td>\r\n<td class=\"cremuneracao\">R$ 3.080,80 \/20h<\/td>\r\n<\/tr><tr>\r\n<td class=\"ccargos\">\r\n<span data-balloon-length=\"medium\" aria-label=\"Habilita\u00e7\u00e3o espec\u00edfica em n\u00edvel superior\" data-balloon-pos=\"up\">Professor de L\u00edngua Inglesa<\/span><\/td>\r\n<td class=\"cvagas\">02 + CR<\/td>\r\n<td class=\"cremuneracao\">R$ 3.080,80 \/20h<\/td>\r\n<\/tr><tr>\r\n<td class=\"ccargos\">\r\n<span data-balloon-length=\"medium\" aria-label=\"Habilita\u00e7\u00e3o espec\u00edfica em n\u00edvel superior\" data-balloon-pos=\"up\">Professor de Matem\u00e1tica<\/span><\/td>\r\n<td class=\"cvagas\">04 + CR<\/td>\r\n<td class=\"cremuneracao\">R$ 3.080,80 \/20h<\/td>\r\n<\/tr><tr>\r\n<td class=\"ccargos\">\r\n<span data-balloon-length=\"medium\" aria-label=\"Habilita\u00e7\u00e3o espec\u00edfica em n\u00edvel superior\" data-balloon-pos=\"up\">Professor de Ci\u00eancias<\/span><\/td>\r\n<td class=\"cvagas\">CR<\/td>\r\n<td class=\"cremuneracao\">R$ 3.080,80 \/20h<\/td>\r\n<\/tr><tr>\r\n<td class=\"ccargos\">\r\n<span data-balloon-length=\"medium\" aria-label=\"Habilita\u00e7\u00e3o espec\u00edfica em n\u00edvel superior\" data-balloon-pos=\"up\">Professor de L\u00edngua Portuguesa<\/span><\/td>\r\n<td class=\"cvagas\">CR<\/td>\r\n<td class=\"cremuneracao\">R$ 3.080,80 \/20h<\/td>\r\n<\/tr><tr>\r\n<td class=\"ccargos\">\r\n<span data-balloon-length=\"medium\" aria-label=\"Habilita\u00e7\u00e3o espec\u00edfica em n\u00edvel superior\" data-balloon-pos=\"up\">Professor de Hist\u00f3ria<\/span><\/td>\r\n<td class=\"cvagas\">CR<\/td>\r\n<td class=\"cremuneracao\">R$ 3.080,80 \/20h<\/td>\r\n<\/tr><tr>\r\n<td class=\"ccargos\">\r\n<span data-balloon-length=\"medium\" aria-label=\"Habilita\u00e7\u00e3o espec\u00edfica em n\u00edvel superior\" data-balloon-pos=\"up\">Professor de Artes<\/span><\/td>\r\n<td class=\"cvagas\">CR<\/td>\r\n<td class=\"cremuneracao\">R$ 3.080,80 \/20h<\/td>\r\n<\/tr><tr>\r\n<td class=\"ccargos\">\r\n<span data-balloon-length=\"medium\" aria-label=\"Habilita\u00e7\u00e3o espec\u00edfica em n\u00edvel superior\" data-balloon-pos=\"up\">Professor de Educa\u00e7\u00e3o F\u00edsica<\/span><\/td>\r\n<td class=\"cvagas\">CR<\/td>\r\n<td class=\"cremuneracao\">R$ 3.080,80 \/20h<\/td>\r\n<\/tr><tr>\r\n<td class=\"ccargos\">\r\n<span data-balloon-length=\"medium\" aria-label=\"Habilita\u00e7\u00e3o espec\u00edfica em n\u00edvel superior\" data-balloon-pos=\"up\">Professor de Filosofia<\/span><\/td>\r\n<td class=\"cvagas\">CR<\/td>\r\n<td class=\"cremuneracao\">R$ 3.080,80 \/20h<\/td>\r\n<\/tr><tr>\r\n<td class=\"ccargos\">\r\n<span data-balloon-length=\"medium\" aria-label=\"Habilita\u00e7\u00e3o espec\u00edfica em n\u00edvel superior\" data-balloon-pos=\"up\">Professor de Geografia<\/span><\/td>\r\n<td class=\"cvagas\">CR<\/td>\r\n<td class=\"cremuneracao\">R$ 3.080,80 \/20h<\/td>\r\n<\/tr><tr>\r\n<td class=\"ccargos\">\r\n<span data-balloon-length=\"medium\" aria-label=\"Habilita\u00e7\u00e3o espec\u00edfica em n\u00edvel superior\" data-balloon-pos=\"up\">Professor de Sociologia<\/span><\/td>\r\n<td class=\"cvagas\">CR<\/td>\r\n<td class=\"cremuneracao\">R$ 3.080,80 \/20h<\/td>\r\n<\/tr><tr>\r\n<td class=\"ccargos\">\r\n<span data-balloon-length=\"medium\" aria-label=\"Habilita\u00e7\u00e3o espec\u00edfica em n\u00edvel superior\" data-balloon-pos=\"up\">Orientador Educacional<\/span><\/td>\r\n<td class=\"cvagas\">50 + CR<\/td>\r\n<td class=\"cremuneracao\">R$ 2.824,09 \/20h<\/td>\r\n<\/tr>\r\n    <\/tbody>\r\n  <\/table>\r\n<\/div>"},"_links":{"self":[{"href":"https:\/\/www.agrobase.com.br\/concursos\/wp-json\/wp\/v2\/posts\/278370","targetHints":{"allow":["GET"]}}],"collection":[{"href":"https:\/\/www.agrobase.com.br\/concursos\/wp-json\/wp\/v2\/posts"}],"about":[{"href":"https:\/\/www.agrobase.com.br\/concursos\/wp-json\/wp\/v2\/types\/post"}],"author":[{"embeddable":true,"href":"https:\/\/www.agrobase.com.br\/concursos\/wp-json\/wp\/v2\/users\/7"}],"replies":[{"embeddable":true,"href":"https:\/\/www.agrobase.com.br\/concursos\/wp-json\/wp\/v2\/comments?post=278370"}],"version-history":[{"count":1,"href":"https:\/\/www.agrobase.com.br\/concursos\/wp-json\/wp\/v2\/posts\/278370\/revisions"}],"predecessor-version":[{"id":278372,"href":"https:\/\/www.agrobase.com.br\/concursos\/wp-json\/wp\/v2\/posts\/278370\/revisions\/278372"}],"wp:featuredmedia":[{"embeddable":true,"href":"https:\/\/www.agrobase.com.br\/concursos\/wp-json\/wp\/v2\/media\/278369"}],"wp:attachment":[{"href":"https:\/\/www.agrobase.com.br\/concursos\/wp-json\/wp\/v2\/media?parent=278370"}],"wp:term":[{"taxonomy":"category","embeddable":true,"href":"https:\/\/www.agrobase.com.br\/concursos\/wp-json\/wp\/v2\/categories?post=278370"},{"taxonomy":"post_tag","embeddable":true,"href":"https:\/\/www.agrobase.com.br\/concursos\/wp-json\/wp\/v2\/tags?post=278370"},{"taxonomy":"_amplo","embeddable":true,"href":"https:\/\/www.agrobase.com.br\/concursos\/wp-json\/wp\/v2\/_amplo?post=278370"},{"taxonomy":"destaque","embeddable":true,"href":"https:\/\/www.agrobase.com.br\/concursos\/wp-json\/wp\/v2\/destaque?post=278370"},{"taxonomy":"instituicoes","embeddable":true,"href":"https:\/\/www.agrobase.com.br\/concursos\/wp-json\/wp\/v2\/instituicoes?post=278370"}],"curies":[{"name":"wp","href":"https:\/\/api.w.org\/{rel}","templated":true}]}}