{"id":278364,"date":"2026-02-26T07:40:25","date_gmt":"2026-02-26T10:40:25","guid":{"rendered":"https:\/\/www.agrobase.com.br\/concursos\/?p=278364"},"modified":"2026-02-25T12:27:24","modified_gmt":"2026-02-25T15:27:24","slug":"prefeitura-jambeiro-sp-selecao-publica-01-2026","status":"publish","type":"post","link":"https:\/\/www.agrobase.com.br\/concursos\/2026\/prefeitura-jambeiro-sp-selecao-publica-01-2026\/","title":{"rendered":"Prefeitura Jambeiro (SP) &#8211; Sele\u00e7\u00e3o P\u00fablica 01\/2026"},"content":{"rendered":"<h2>Informa\u00e7\u00f5es Gerais<\/h2>\n<p>A <strong>Prefeitura Municipal de Jambeiro<\/strong>, no Estado de S\u00e3o Paulo, publicou edital para a realiza\u00e7\u00e3o de <strong>Processo Seletivo de Provas e T\u00edtulos<\/strong> destinado \u00e0 contrata\u00e7\u00e3o emergencial por tempo determinado, visando a cobertura de f\u00e9rias, licen\u00e7as e outras necessidades tempor\u00e1rias do munic\u00edpio. A organiza\u00e7\u00e3o do certame est\u00e1 a cargo da <strong>CONSESP \u2013 Concursos, Resid\u00eancias M\u00e9dicas, Avalia\u00e7\u00f5es e Pesquisas Ltda<\/strong>.<\/p>\n<p>O processo seletivo oferece <strong>13 vagas imediatas, al\u00e9m de forma\u00e7\u00e3o de cadastro reserva (CR)<\/strong>, com contrata\u00e7\u00e3o pelo <strong>regime celetista (CLT)<\/strong>. As oportunidades contemplam os n\u00edveis de escolaridade <strong>Fundamental, M\u00e9dio\/T\u00e9cnico e Superior<\/strong>, com remunera\u00e7\u00f5es que variam de <strong>R$ 1.621,00 a R$ 3.932,88<\/strong>.<\/p>\n<p>No <strong>n\u00edvel superior<\/strong>, h\u00e1 vagas e cadastro reserva para diversas fun\u00e7\u00f5es, incluindo Assistente Social, Psic\u00f3logo, T\u00e9cnico de Educa\u00e7\u00e3o F\u00edsica e uma ampla gama de cargos na \u00e1rea de educa\u00e7\u00e3o \u2014 como Professor de Educa\u00e7\u00e3o Infantil (Creche e Pr\u00e9-Escola), Professor de Fundamental I e Professor de Fundamental II em disciplinas como Arte, Educa\u00e7\u00e3o F\u00edsica, Ci\u00eancias, Geografia, Hist\u00f3ria, Ingl\u00eas, Matem\u00e1tica e Portugu\u00eas. Destaque para a fun\u00e7\u00e3o de <strong>Nutricionista<\/strong>, com remunera\u00e7\u00e3o de <strong>R$ 3.932,88<\/strong> e carga hor\u00e1ria de 30 horas semanais, al\u00e9m do cargo de <strong>Professor de Fundamental II \u2013 Ci\u00eancias<\/strong>, que exige Licenciatura Plena em <strong>Ci\u00eancias Biol\u00f3gicas<\/strong>.<\/p>\n<p>Para o <strong>n\u00edvel m\u00e9dio\/t\u00e9cnico<\/strong>, as oportunidades abrangem fun\u00e7\u00f5es como Agente Comunit\u00e1rio de Sa\u00fade (diversas micro\u00e1reas), Agente de Combate a Endemias, Atendente, Auxiliar de Desenvolvimento Infantil, Inspetor de Alunos e Secret\u00e1rio de Escola. J\u00e1 para o <strong>n\u00edvel fundamental<\/strong>, h\u00e1 cadastro reserva para Auxiliar de Cozinha.<\/p>\n<p>Continue a leitura para conferir todos os detalhes sobre inscri\u00e7\u00f5es, etapas de sele\u00e7\u00e3o e como acompanhar os resultados deste processo seletivo da Prefeitura de Jambeiro\/SP.<\/p>\n<h2>Inscri\u00e7\u00f5es<\/h2>\n<p>As inscri\u00e7\u00f5es para o Processo Seletivo da Prefeitura de Jambeiro\/SP ser\u00e3o realizadas <strong>exclusivamente pela internet<\/strong>, por meio do site <strong>www.consesp.com.br<\/strong>, no per\u00edodo de <strong>20 de fevereiro a 08 de mar\u00e7o de 2026<\/strong> (hor\u00e1rio de Bras\u00edlia).<\/p>\n<p>Para efetuar a inscri\u00e7\u00e3o, o candidato dever\u00e1 seguir os seguintes passos:<\/p>\n<ul>\n<li>Acessar o site <strong>www.consesp.com.br<\/strong> e clicar em <em>Concursos<\/em> \u2192 <em>Inscri\u00e7\u00f5es Abertas<\/em>, selecionando a cidade de Jambeiro;<\/li>\n<li>Clicar em <strong>INSCREVA-SE<\/strong>, digitar o n\u00famero do CPF, ler e aceitar os termos e condi\u00e7\u00f5es;<\/li>\n<li>Informar corretamente o CEP do endere\u00e7o e escolher a fun\u00e7\u00e3o desejada;<\/li>\n<li>Preencher os dados de inscri\u00e7\u00e3o, ler e aceitar os termos e clicar em <strong>FINALIZAR INSCRI\u00c7\u00c3O<\/strong>;<\/li>\n<li>Conferir os dados e a fun\u00e7\u00e3o escolhida, criar a <strong>senha de acesso<\/strong> e clicar em <em>CONCORDO<\/em> e <em>EFETIVAR INSCRI\u00c7\u00c3O<\/em>;<\/li>\n<li>Gerar e imprimir o boleto banc\u00e1rio, efetuando o pagamento dentro do prazo de vencimento (hor\u00e1rio de Bras\u00edlia).<\/li>\n<\/ul>\n<p>Os valores das taxas de inscri\u00e7\u00e3o variam conforme o n\u00edvel de escolaridade da fun\u00e7\u00e3o escolhida:<\/p>\n<ul>\n<li><strong>Ensino Superior e\/ou Professor:<\/strong> R$ 40,00<\/li>\n<li><strong>Ensino M\u00e9dio:<\/strong> R$ 30,00<\/li>\n<li><strong>Ensino Fundamental:<\/strong> R$ 20,00<\/li>\n<\/ul>\n<p>Recomenda-se que o candidato acompanhe o status de sua inscri\u00e7\u00e3o por meio da <strong>\u00c1rea do Candidato<\/strong> no site da CONSESP, utilizando o CPF e a senha de acesso criada durante o processo de inscri\u00e7\u00e3o. Para informa\u00e7\u00f5es completas sobre procedimentos, prazos e eventuais crit\u00e9rios de isen\u00e7\u00e3o da taxa, consulte o edital na \u00edntegra.<\/p>\n<h2>Etapas e Provas<\/h2>\n<p>O Processo Seletivo da Prefeitura de Jambeiro\/SP ser\u00e1 composto pelas seguintes etapas:<\/p>\n<ul>\n<li><strong>Prova Objetiva<\/strong> \u2014 aplicada a <strong>todas as fun\u00e7\u00f5es<\/strong>, com car\u00e1ter <strong>eliminat\u00f3rio e classificat\u00f3rio<\/strong>. A prova ser\u00e1 composta por quest\u00f5es de m\u00faltipla escolha, cada uma com <strong>4 alternativas de resposta<\/strong>, e ter\u00e1 dura\u00e7\u00e3o de <strong>2 horas<\/strong> (j\u00e1 inclu\u00eddo o tempo para preenchimento da folha de respostas). As disciplinas cobradas variam conforme a fun\u00e7\u00e3o e podem incluir: <em>Conhecimentos Espec\u00edficos, L\u00edngua Portuguesa, Racioc\u00ednio L\u00f3gico, Conhecimentos de Inform\u00e1tica, Conhecimentos Educacionais e Matem\u00e1tica<\/em>. A data prov\u00e1vel de aplica\u00e7\u00e3o \u00e9 <strong>22 de mar\u00e7o de 2026<\/strong>, na cidade de Jambeiro\/SP, em locais a serem divulgados por edital pr\u00f3prio no Di\u00e1rio Oficial do Munic\u00edpio e no site www.consesp.com.br.<\/li>\n<li><strong>Prova de T\u00edtulos<\/strong> \u2014 etapa de car\u00e1ter <strong>classificat\u00f3rio<\/strong>, destinada exclusivamente \u00e0s fun\u00e7\u00f5es de <strong>n\u00edvel superior na \u00e1rea de Professores<\/strong>. A pontua\u00e7\u00e3o obtida na avalia\u00e7\u00e3o de t\u00edtulos ser\u00e1 somada \u00e0 m\u00e9dia ponderada da prova objetiva para composi\u00e7\u00e3o do resultado final.<\/li>\n<\/ul>\n<p>Para as fun\u00e7\u00f5es que preveem exclusivamente prova objetiva, o resultado final ser\u00e1 a m\u00e9dia ponderada obtida conforme os crit\u00e9rios de julgamento definidos no edital. Para as fun\u00e7\u00f5es de Professores, o resultado final ser\u00e1 a m\u00e9dia ponderada da prova objetiva acrescida da pontua\u00e7\u00e3o dos t\u00edtulos.<\/p>\n<p>Consulte o edital completo para verificar o conte\u00fado program\u00e1tico detalhado de cada fun\u00e7\u00e3o, os crit\u00e9rios de pontua\u00e7\u00e3o, as notas m\u00ednimas para aprova\u00e7\u00e3o e o cronograma atualizado do certame.<\/p>\n<h2>Resultados e Gabarito<\/h2>\n<p>Os resultados do Processo Seletivo da Prefeitura de Jambeiro\/SP ser\u00e3o divulgados de forma progressiva, conforme o cronograma estabelecido pela banca organizadora. O <strong>gabarito<\/strong> da prova objetiva ser\u00e1 disponibilizado nas datas e hor\u00e1rios indicados no cronograma, por meio do site <strong>www.consesp.com.br<\/strong>, com consulta individual na <strong>\u00c1rea do Candidato<\/strong> (acesso pelo CPF e senha de acesso).<\/p>\n<p>Os crit\u00e9rios para composi\u00e7\u00e3o do <strong>resultado final<\/strong> s\u00e3o os seguintes:<\/p>\n<ul>\n<li>Para fun\u00e7\u00f5es com <strong>exclusivamente prova objetiva<\/strong>: o resultado final ser\u00e1 a m\u00e9dia ponderada obtida na prova objetiva, conforme os crit\u00e9rios de julgamento previstos no edital.<\/li>\n<li>Para fun\u00e7\u00f5es de <strong>Professores (n\u00edvel superior)<\/strong>: o resultado final ser\u00e1 a m\u00e9dia ponderada da prova objetiva acrescida da pontua\u00e7\u00e3o obtida na avalia\u00e7\u00e3o de t\u00edtulos.<\/li>\n<\/ul>\n<p>A <strong>homologa\u00e7\u00e3o<\/strong> do Processo Seletivo \u2014 ato que oficializa e valida os resultados definitivos \u2014 poder\u00e1 ser realizada por fun\u00e7\u00e3o individualmente ou pelo conjunto de fun\u00e7\u00f5es constantes do edital, a crit\u00e9rio da Administra\u00e7\u00e3o Municipal. A publica\u00e7\u00e3o da homologa\u00e7\u00e3o ser\u00e1 feita no <strong>Di\u00e1rio Oficial do Munic\u00edpio<\/strong> e no site da CONSESP.<\/p>\n<p>Os candidatos devem acompanhar todas as publica\u00e7\u00f5es, convoca\u00e7\u00f5es e eventuais retifica\u00e7\u00f5es por meio dos canais oficiais: site da <strong>CONSESP<\/strong> (www.consesp.com.br), site da <strong>Prefeitura de Jambeiro<\/strong> e <strong>Di\u00e1rio Oficial do Munic\u00edpio<\/strong>.<\/p>\n<p><strong>O acompanhamento das publica\u00e7\u00f5es oficiais referentes a este processo seletivo \u00e9 de inteira responsabilidade do candidato.<\/strong> N\u00e3o ser\u00e3o aceitas alega\u00e7\u00f5es de desconhecimento de datas, prazos ou convoca\u00e7\u00f5es divulgadas nos meios oficiais indicados no edital.<\/p>\n","protected":false},"excerpt":{"rendered":"<p>Processo Seletivo Pref. Jambeiro (SP) com edital publicado! Vagas p\/ Professor e Agente (Fund. a Sup.). Inscri\u00e7\u00f5es a partir de 20\/02. Confira detalhes!<\/p>\n","protected":false},"author":7,"featured_media":278363,"comment_status":"open","ping_status":"open","sticky":false,"template":"","format":"standard","meta":{"_acf_changed":false,"_breakdance_hide_in_design_set":false,"_breakdance_tags":"","footnotes":""},"categories":[6433,11,6434,111,100,20,6871,116,23,25,26,101],"tags":[62],"_amplo":[],"destaque":[],"instituicoes":[],"class_list":["post-278364","post","type-post","status-publish","format-standard","has-post-thumbnail","hentry","category-biologia-licenciatura","category-educacao-fisica","category-educacao-fisica-licenciatura","category-geografia","category-historia","category-letras","category-letras-ingles","category-matematica","category-nutricao","category-pedagogia","category-psicologia","category-servico-social","tag-sao-paulo"],"acf":{"_tipo_vagas":"vagas","_numero_vagas":"","_quadro_vagas":"","_cargos":"diversos","_cargos_especificos":"","_salario_max":"R$ 3932.88","_abertura":"20260220","_encerramento":"20260308","_inscricoes":"https:\/\/www.consesp.com.br","_executora_concurso":"","_instituicao_concurso":[],"_link_adicional":null,"_anexos":null,"_produtos":null,"_vagas":"13 vagas + CR","_salario_min":"R$ 1621","_instituicao":"Prefeitura de Jambeiro","_edital":"https:\/\/www.agrobase.com.br\/concursos\/wp-content\/uploads\/sites\/4\/2026\/02\/edital-01-2026-da-prefeitura-de-jambeiro-sp.pdf","_anexos_edital":"https:\/\/www.agrobase.com.br\/concursos\/wp-content\/uploads\/sites\/4\/2026\/02\/anexos-edital-01-2026-da-prefeitura-de-jambeiro-sp.pdf","_fund_incompleto":"<div>\r\n<table class=\"quadro\">\r\n<thead>\r\n<tr>\r\n<th class=\"hcargo\">Cargo<\/th>\r\n<th class=\"hvagas\">Vagas<\/th>\r\n<th class=\"hremuneracao\">Remunera\u00e7\u00e3o<\/th>\r\n<\/tr>\r\n<\/thead>\r\n    <tbody>\r\n      <td class=\"ccargos\">\r\n<span data-balloon-length=\"medium\" aria-label=\"Ensino Fundamental\" data-balloon-pos=\"up\">Auxiliar de Cozinha<\/span><\/td>\r\n<td class=\"cvagas\">CR<\/td>\r\n<td class=\"cremuneracao\">R$ 1.621,00 \/40h<\/td>\r\n<\/tr>\r\n    <\/tbody>\r\n  <\/table>\r\n<\/div>","_fund_completo":"","_medio":"<div>\r\n<table class=\"quadro\">\r\n<thead>\r\n<tr>\r\n<th class=\"hcargo\">Cargo<\/th>\r\n<th class=\"hvagas\">Vagas<\/th>\r\n<th class=\"hremuneracao\">Remunera\u00e7\u00e3o<\/th>\r\n<\/tr>\r\n<\/thead>\r\n    <tbody>\r\n      <td class=\"ccargos\">\r\n<span data-balloon-length=\"medium\" aria-label=\"Ensino M\u00e9dio Completo e residir na \u00e1rea da comunidade em que atuar, desde a data da publica\u00e7\u00e3o do edital e ter aproveitamento superior a 50% do curso de forma\u00e7\u00e3o inicial\" data-balloon-pos=\"up\">Agente Comunit\u00e1rio de Sa\u00fade - Micro Area 01<\/span><\/td>\r\n<td class=\"cvagas\">01<\/td>\r\n<td class=\"cremuneracao\">R$ 3.242,00 \/40h<\/td>\r\n<\/tr><td class=\"ccargos\">\r\n<span data-balloon-length=\"medium\" aria-label=\"Ensino M\u00e9dio Completo e residir na \u00e1rea da comunidade em que atuar, desde a data da publica\u00e7\u00e3o do edital e ter aproveitamento superior a 50% do curso de forma\u00e7\u00e3o inicial\" data-balloon-pos=\"up\">Agente Comunit\u00e1rio de Sa\u00fade - Micro Area 03<\/span><\/td>\r\n<td class=\"cvagas\">01<\/td>\r\n<td class=\"cremuneracao\">R$ 3.242,00 \/40h<\/td>\r\n<\/tr><td class=\"ccargos\">\r\n<span data-balloon-length=\"medium\" aria-label=\"Ensino M\u00e9dio Completo e residir na \u00e1rea da comunidade em que atuar, desde a data da publica\u00e7\u00e3o do edital e ter aproveitamento superior a 50% do curso de forma\u00e7\u00e3o inicial\" data-balloon-pos=\"up\">Agente Comunit\u00e1rio de Sa\u00fade - Micro Area 05<\/span><\/td>\r\n<td class=\"cvagas\">01<\/td>\r\n<td class=\"cremuneracao\">R$ 3.242,00 \/40h<\/td>\r\n<\/tr><td class=\"ccargos\">\r\n<span data-balloon-length=\"medium\" aria-label=\"Ensino M\u00e9dio Completo e residir na \u00e1rea da comunidade em que atuar, desde a data da publica\u00e7\u00e3o do edital e ter aproveitamento superior a 50% do curso de forma\u00e7\u00e3o inicial\" data-balloon-pos=\"up\">Agente Comunit\u00e1rio de Sa\u00fade - Micro Area 09<\/span><\/td>\r\n<td class=\"cvagas\">01<\/td>\r\n<td class=\"cremuneracao\">R$ 3.242,00 \/40h<\/td>\r\n<\/tr><td class=\"ccargos\">\r\n<span data-balloon-length=\"medium\" aria-label=\"Ensino M\u00e9dio Completo e residir na \u00e1rea da comunidade em que atuar, desde a data da publica\u00e7\u00e3o do edital e ter aproveitamento superior a 50% do curso de forma\u00e7\u00e3o inicial\" data-balloon-pos=\"up\">Agente Comunit\u00e1rio de Sa\u00fade - Micro Area 10<\/span><\/td>\r\n<td class=\"cvagas\">01<\/td>\r\n<td class=\"cremuneracao\">R$ 3.242,00 \/40h<\/td>\r\n<\/tr><td class=\"ccargos\">\r\n<span data-balloon-length=\"medium\" aria-label=\"Ensino M\u00e9dio Completo\" data-balloon-pos=\"up\">Agente de Combate a Endemias<\/span><\/td>\r\n<td class=\"cvagas\">02<\/td>\r\n<td class=\"cremuneracao\">R$ 3.242,00 \/40h<\/td>\r\n<\/tr><td class=\"ccargos\">\r\n<span data-balloon-length=\"medium\" aria-label=\"Ensino M\u00e9dio Completo e conhecimento b\u00e1sico de inform\u00e1tica\" data-balloon-pos=\"up\">Atendente<\/span><\/td>\r\n<td class=\"cvagas\">01<\/td>\r\n<td class=\"cremuneracao\">R$ 1.621,00 \/40h<\/td>\r\n<\/tr><td class=\"ccargos\">\r\n<span data-balloon-length=\"medium\" aria-label=\"Ensino M\u00e9dio Completo\" data-balloon-pos=\"up\">Auxiliar de Desenvolvimento Infantil<\/span><\/td>\r\n<td class=\"cvagas\">CR<\/td>\r\n<td class=\"cremuneracao\">R$ 1.621,00 \/40h<\/td>\r\n<\/tr><td class=\"ccargos\">\r\n<span data-balloon-length=\"medium\" aria-label=\"Ensino M\u00e9dio Completo\" data-balloon-pos=\"up\">Inspetor de Alunos<\/span><\/td>\r\n<td class=\"cvagas\">CR<\/td>\r\n<td class=\"cremuneracao\">R$ 1.621,00 \/40h<\/td>\r\n<\/tr><td class=\"ccargos\">\r\n<span data-balloon-length=\"medium\" aria-label=\"Ensino M\u00e9dio Completo e conhecimento b\u00e1sico de inform\u00e1tica\" data-balloon-pos=\"up\">Secret\u00e1rio de Escola<\/span><\/td>\r\n<td class=\"cvagas\">CR<\/td>\r\n<td class=\"cremuneracao\">R$ 3.752,28 \/40h<\/td>\r\n<\/tr>\r\n    <\/tbody>\r\n  <\/table>\r\n<\/div>","_superior":"<div>\r\n<table class=\"quadro\">\r\n<thead>\r\n<tr>\r\n<th class=\"hcargo\">Cargo<\/th>\r\n<th class=\"hvagas\">Vagas<\/th>\r\n<th class=\"hremuneracao\">Remunera\u00e7\u00e3o<\/th>\r\n<\/tr>\r\n<\/thead>\r\n    <tbody>\r\n      <tr>\r\n<td class=\"ccargos\">\r\n<span data-balloon-length=\"medium\" aria-label=\"Curso Superior em Servi\u00e7o Social e Registro no CRESS\" data-balloon-pos=\"up\">Assistente Social<\/span><\/td>\r\n<td class=\"cvagas\">CR<\/td>\r\n<td class=\"cremuneracao\">R$ 3.752,28 \/30h<\/td>\r\n<\/tr><tr>\r\n<td class=\"ccargos\">\r\n<span data-balloon-length=\"medium\" aria-label=\"Curso Superior em Nutri\u00e7\u00e3o e registro no conselho de classe CRN\" data-balloon-pos=\"up\">Nutricionista<\/span><\/td>\r\n<td class=\"cvagas\">CR<\/td>\r\n<td class=\"cremuneracao\">R$ 3.932,88 \/30h<\/td>\r\n<\/tr><tr>\r\n<td class=\"ccargos\">\r\n<span data-balloon-length=\"medium\" aria-label=\"Curso Superior em Psicologia e registro no CRP\" data-balloon-pos=\"up\">Psic\u00f3logo<\/span><\/td>\r\n<td class=\"cvagas\">01<\/td>\r\n<td class=\"cremuneracao\">R$ 3.752,28 \/20h<\/td>\r\n<\/tr><tr>\r\n<td class=\"ccargos\">\r\n<span data-balloon-length=\"medium\" aria-label=\"Bacharelado em Educa\u00e7\u00e3o F\u00edsica com Registro no CREF\" data-balloon-pos=\"up\">T\u00e9cnico de Educa\u00e7\u00e3o F\u00edsica<\/span><\/td>\r\n<td class=\"cvagas\">CR<\/td>\r\n<td class=\"cremuneracao\">R$ 3.443,25 \/30h<\/td>\r\n<\/tr><tr>\r\n<td class=\"ccargos\">\r\n<span data-balloon-length=\"medium\" aria-label=\"Curso Superior Licenciatura Plena em Pedagogia com Habilita\u00e7\u00e3o em Educa\u00e7\u00e3o Infantil ou p\u00f3s-gradua\u00e7\u00e3o espec\u00edfica.\" data-balloon-pos=\"up\">Professor de Educa\u00e7\u00e3o Infantil - PEB I - Creche<\/span><\/td>\r\n<td class=\"cvagas\">01<\/td>\r\n<td class=\"cremuneracao\">R$ 3.848,19 \/30h<\/td>\r\n<\/tr><tr>\r\n<td class=\"ccargos\">\r\n<span data-balloon-length=\"medium\" aria-label=\"Curso Superior Licenciatura Plena em Pedagogia com Habilita\u00e7\u00e3o em Educa\u00e7\u00e3o Infantil ou p\u00f3s-gradua\u00e7\u00e3o espec\u00edfica.\" data-balloon-pos=\"up\">Professor de Educa\u00e7\u00e3o Infantil - PEB I - Pr\u00e9-Escola<\/span><\/td>\r\n<td class=\"cvagas\">01<\/td>\r\n<td class=\"cremuneracao\">R$ 3.848,19 \/30h<\/td>\r\n<\/tr><tr>\r\n<td class=\"ccargos\">\r\n<span data-balloon-length=\"medium\" aria-label=\"Curso Superior Licenciatura Plena em Pedagogia com habilita\u00e7\u00e3o para magist\u00e9rio nas s\u00e9ries iniciais ou p\u00f3s-gradua\u00e7\u00e3o espec\u00edfica.\" data-balloon-pos=\"up\">Professor de Fundamental I<\/span><\/td>\r\n<td class=\"cvagas\">01<\/td>\r\n<td class=\"cremuneracao\">R$ 3.848,19 \/30h<\/td>\r\n<\/tr><tr>\r\n<td class=\"ccargos\">\r\n<span data-balloon-length=\"medium\" aria-label=\"Curso Superior Licenciatura Plena em Artes.\" data-balloon-pos=\"up\">Professor de Fundamental II - Arte<\/span><\/td>\r\n<td class=\"cvagas\">CR<\/td>\r\n<td class=\"cremuneracao\">R$ 28,50 \/33h<\/td>\r\n<\/tr><tr>\r\n<td class=\"ccargos\">\r\n<span data-balloon-length=\"medium\" aria-label=\"Curso Superior Licenciatura Plena Ci\u00eancias Biol\u00f3gicas.\" data-balloon-pos=\"up\">Professor de Fundamental II - Ci\u00eancias<\/span><\/td>\r\n<td class=\"cvagas\">CR<\/td>\r\n<td class=\"cremuneracao\">R$ 28,50 \/33h<\/td>\r\n<\/tr><tr>\r\n<td class=\"ccargos\">\r\n<span data-balloon-length=\"medium\" aria-label=\"Curso Superior Licenciatura Plena em Educa\u00e7\u00e3o F\u00edsica e Registro no CREF\" data-balloon-pos=\"up\">Professor de Fundamental II - Educa\u00e7\u00e3o F\u00edsica<\/span><\/td>\r\n<td class=\"cvagas\">01<\/td>\r\n<td class=\"cremuneracao\">R$ 28,50 \/33h<\/td>\r\n<\/tr><tr>\r\n<td class=\"ccargos\">\r\n<span data-balloon-length=\"medium\" aria-label=\"Curso Superior Licenciatura Plena em Geografia.\" data-balloon-pos=\"up\">Professor de Fundamental II - Geografia<\/span><\/td>\r\n<td class=\"cvagas\">CR<\/td>\r\n<td class=\"cremuneracao\">R$ 28,50 \/33h<\/td>\r\n<\/tr><tr>\r\n<td class=\"ccargos\">\r\n<span data-balloon-length=\"medium\" aria-label=\"Curso Superior Licenciatura Plena em Hist\u00f3ria.\" data-balloon-pos=\"up\">Professor de Fundamental II - Hist\u00f3ria<\/span><\/td>\r\n<td class=\"cvagas\">CR<\/td>\r\n<td class=\"cremuneracao\">R$ 28,50 \/33h<\/td>\r\n<\/tr><tr>\r\n<td class=\"ccargos\">\r\n<span data-balloon-length=\"medium\" aria-label=\"Curso Superior Licenciatura Plena em Letras com habilita\u00e7\u00e3o em Ingl\u00eas.\" data-balloon-pos=\"up\">Professor de Fundamental II - Ingl\u00eas<\/span><\/td>\r\n<td class=\"cvagas\">01<\/td>\r\n<td class=\"cremuneracao\">R$ 28,50 \/33h<\/td>\r\n<\/tr><tr>\r\n<td class=\"ccargos\">\r\n<span data-balloon-length=\"medium\" aria-label=\"Curso Superior Licenciatura Plena em Matem\u00e1tica.\" data-balloon-pos=\"up\">Professor de Fundamental II - Matem\u00e1tica<\/span><\/td>\r\n<td class=\"cvagas\">CR<\/td>\r\n<td class=\"cremuneracao\">R$ 28,50 \/33h<\/td>\r\n<\/tr><tr>\r\n<td class=\"ccargos\">\r\n<span data-balloon-length=\"medium\" aria-label=\"Curso Superior Licenciatura Plena em Letras com habilita\u00e7\u00e3o em Portugu\u00eas.\" data-balloon-pos=\"up\">Professor de Fundamental II - Portugu\u00eas<\/span><\/td>\r\n<td class=\"cvagas\">CR<\/td>\r\n<td class=\"cremuneracao\">R$ 28,50 \/33h<\/td>\r\n<\/tr>\r\n    <\/tbody>\r\n  <\/table>\r\n<\/div>"},"_links":{"self":[{"href":"https:\/\/www.agrobase.com.br\/concursos\/wp-json\/wp\/v2\/posts\/278364","targetHints":{"allow":["GET"]}}],"collection":[{"href":"https:\/\/www.agrobase.com.br\/concursos\/wp-json\/wp\/v2\/posts"}],"about":[{"href":"https:\/\/www.agrobase.com.br\/concursos\/wp-json\/wp\/v2\/types\/post"}],"author":[{"embeddable":true,"href":"https:\/\/www.agrobase.com.br\/concursos\/wp-json\/wp\/v2\/users\/7"}],"replies":[{"embeddable":true,"href":"https:\/\/www.agrobase.com.br\/concursos\/wp-json\/wp\/v2\/comments?post=278364"}],"version-history":[{"count":1,"href":"https:\/\/www.agrobase.com.br\/concursos\/wp-json\/wp\/v2\/posts\/278364\/revisions"}],"predecessor-version":[{"id":278366,"href":"https:\/\/www.agrobase.com.br\/concursos\/wp-json\/wp\/v2\/posts\/278364\/revisions\/278366"}],"wp:featuredmedia":[{"embeddable":true,"href":"https:\/\/www.agrobase.com.br\/concursos\/wp-json\/wp\/v2\/media\/278363"}],"wp:attachment":[{"href":"https:\/\/www.agrobase.com.br\/concursos\/wp-json\/wp\/v2\/media?parent=278364"}],"wp:term":[{"taxonomy":"category","embeddable":true,"href":"https:\/\/www.agrobase.com.br\/concursos\/wp-json\/wp\/v2\/categories?post=278364"},{"taxonomy":"post_tag","embeddable":true,"href":"https:\/\/www.agrobase.com.br\/concursos\/wp-json\/wp\/v2\/tags?post=278364"},{"taxonomy":"_amplo","embeddable":true,"href":"https:\/\/www.agrobase.com.br\/concursos\/wp-json\/wp\/v2\/_amplo?post=278364"},{"taxonomy":"destaque","embeddable":true,"href":"https:\/\/www.agrobase.com.br\/concursos\/wp-json\/wp\/v2\/destaque?post=278364"},{"taxonomy":"instituicoes","embeddable":true,"href":"https:\/\/www.agrobase.com.br\/concursos\/wp-json\/wp\/v2\/instituicoes?post=278364"}],"curies":[{"name":"wp","href":"https:\/\/api.w.org\/{rel}","templated":true}]}}