{"id":278355,"date":"2026-02-26T07:20:23","date_gmt":"2026-02-26T10:20:23","guid":{"rendered":"https:\/\/www.agrobase.com.br\/concursos\/?p=278355"},"modified":"2026-02-26T10:29:23","modified_gmt":"2026-02-26T13:29:23","slug":"prefeitura-sao-lourenco-do-oeste-sc-selecao-publica-01-2026","status":"publish","type":"post","link":"https:\/\/www.agrobase.com.br\/concursos\/2026\/prefeitura-sao-lourenco-do-oeste-sc-selecao-publica-01-2026\/","title":{"rendered":"Prefeitura S\u00e3o Louren\u00e7o do Oeste (SC) &#8211; Sele\u00e7\u00e3o P\u00fablica 01\/2026"},"content":{"rendered":"<h2>Informa\u00e7\u00f5es Gerais<\/h2>\n<p>A Prefeitura Municipal de <strong>S\u00e3o Louren\u00e7o do Oeste<\/strong>, no Estado de Santa Catarina, publicou o <strong>Edital de Processo Seletivo n\u00ba 01\/2026<\/strong>, destinado \u00e0 forma\u00e7\u00e3o de <strong>cadastro de reserva (CR)<\/strong> de Professores em car\u00e1ter tempor\u00e1rio para o ano letivo de 2026 na Rede Municipal de Ensino.<\/p>\n<p>O certame oferece oportunidades exclusivamente para profissionais de <strong>n\u00edvel superior<\/strong>, contemplando diversas \u00e1reas de atua\u00e7\u00e3o na Educa\u00e7\u00e3o Infantil, nos Anos Iniciais e nos Anos Finais do Ensino Fundamental. As vagas abrangem disciplinas como Portugu\u00eas, Matem\u00e1tica, Ci\u00eancias, Hist\u00f3ria, Geografia, Educa\u00e7\u00e3o F\u00edsica, Artes, Inform\u00e1tica, L\u00edngua Inglesa, L\u00edngua Espanhola, Ensino Religioso, al\u00e9m de fun\u00e7\u00f5es espec\u00edficas como Corre\u00e7\u00e3o de Fluxo, Refor\u00e7o Escolar e Recomposi\u00e7\u00e3o.<\/p>\n<p>O processo seletivo aceita candidatos <strong>habilitados<\/strong> (com licenciatura plena na \u00e1rea) e <strong>n\u00e3o habilitados<\/strong> (cursando a partir da 3\u00aa fase do curso superior correspondente). A remunera\u00e7\u00e3o varia de <strong>R$ 3.364,10<\/strong> (para n\u00e3o habilitados) a <strong>R$ 4.904,29<\/strong> (para habilitados), com carga hor\u00e1ria que pode ser de 10h, 20h, 30h ou 40h semanais, conforme o cargo. A contrata\u00e7\u00e3o ser\u00e1 em <strong>regime tempor\u00e1rio<\/strong>, nos termos da Lei Municipal n\u00ba 1.742\/2008.<\/p>\n<p>As <strong>inscri\u00e7\u00f5es s\u00e3o gratuitas<\/strong> e realizadas exclusivamente pela internet. Continue a leitura para conhecer todos os detalhes sobre inscri\u00e7\u00f5es, etapas de sele\u00e7\u00e3o e divulga\u00e7\u00e3o dos resultados.<\/p>\n<h2>Inscri\u00e7\u00f5es<\/h2>\n<p>As inscri\u00e7\u00f5es para o Processo Seletivo n\u00ba 01\/2026 da Prefeitura de S\u00e3o Louren\u00e7o do Oeste\/SC s\u00e3o <strong>gratuitas<\/strong> e devem ser realizadas <strong>exclusivamente on-line<\/strong>, pelo pr\u00f3prio candidato, por meio do site oficial do Munic\u00edpio.<\/p>\n<p>O per\u00edodo de inscri\u00e7\u00e3o vai das <strong>00h00 do dia 23 de fevereiro de 2026<\/strong> at\u00e9 as <strong>23h59 do dia 02 de mar\u00e7o de 2026<\/strong>.<\/p>\n<p>Para se inscrever, o candidato dever\u00e1:<\/p>\n<ul>\n<li>Acessar o site <strong><a href=\"http:\/\/www.saolourenco.sc.gov.br\/\" target=\"_blank\" rel=\"noopener\">www.saolourenco.sc.gov.br<\/a><\/strong>;<\/li>\n<li>Localizar a se\u00e7\u00e3o referente ao Processo Seletivo;<\/li>\n<li>Ler integralmente o edital;<\/li>\n<li>Seguir o passo a passo descrito no item &#8220;3. DO ENVIO DA DOCUMENTA\u00c7\u00c3O E T\u00cdTULOS&#8221; do edital;<\/li>\n<li>Preencher integralmente e de forma correta todas as informa\u00e7\u00f5es solicitadas.<\/li>\n<\/ul>\n<p><strong>Importante:<\/strong> por se tratar de um processo seletivo de t\u00edtulos, o envio da documenta\u00e7\u00e3o comprobat\u00f3ria ocorre durante o pr\u00f3prio per\u00edodo de inscri\u00e7\u00e3o. Certifique-se de reunir todos os documentos necess\u00e1rios antes de iniciar o preenchimento.<\/p>\n<p>Candidatos que <strong>n\u00e3o possuam acesso \u00e0 internet<\/strong> poder\u00e3o utilizar os computadores dispon\u00edveis na <strong>Secretaria Municipal de Educa\u00e7\u00e3o<\/strong>, localizada na Rua Nereu Ramos, n\u00ba 703, Centro, S\u00e3o Louren\u00e7o do Oeste\/SC, de segunda a sexta-feira, em dias \u00fateis, nos hor\u00e1rios das <strong>07h30 \u00e0s 11h<\/strong> e das <strong>13h30 \u00e0s 17h<\/strong>.<\/p>\n<p>Como n\u00e3o h\u00e1 cobran\u00e7a de taxa de inscri\u00e7\u00e3o, n\u00e3o \u00e9 necess\u00e1rio gerar boleto ou solicitar isen\u00e7\u00e3o. Recomenda-se a leitura integral do edital para garantir o correto cumprimento de todas as exig\u00eancias.<\/p>\n<h2>Etapas e Provas<\/h2>\n<p>O Processo Seletivo n\u00ba 01\/2026 de S\u00e3o Louren\u00e7o do Oeste\/SC ser\u00e1 realizado em <strong>etapa \u00fanica<\/strong>, consistindo exclusivamente em <strong>Prova de T\u00edtulos<\/strong>, de car\u00e1ter <strong>classificat\u00f3rio<\/strong>.<\/p>\n<p>N\u00e3o haver\u00e1 prova objetiva, prova pr\u00e1tica ou qualquer outra etapa presencial. A classifica\u00e7\u00e3o dos candidatos ser\u00e1 feita com base na an\u00e1lise da documenta\u00e7\u00e3o e dos t\u00edtulos enviados no ato da inscri\u00e7\u00e3o, em ordem decrescente de pontua\u00e7\u00e3o.<\/p>\n<p><strong>Crit\u00e9rios de pontua\u00e7\u00e3o para candidatos habilitados<\/strong> (atua\u00e7\u00e3o nos Anos Iniciais e Finais do Ensino Fundamental):<\/p>\n<ul>\n<li>P\u00f3s-Gradua\u00e7\u00e3o em n\u00edvel de <strong>Doutorado<\/strong> \u2014 <strong>60 pontos<\/strong><\/li>\n<li>P\u00f3s-Gradua\u00e7\u00e3o em n\u00edvel de <strong>Mestrado<\/strong> \u2014 <strong>50 pontos<\/strong><\/li>\n<li>P\u00f3s-Gradua\u00e7\u00e3o em n\u00edvel de <strong>Especializa\u00e7\u00e3o<\/strong> \u2014 <strong>40 pontos<\/strong><\/li>\n<li><strong>Licenciatura Plena<\/strong> na \u00e1rea de atua\u00e7\u00e3o \u2014 <strong>30 pontos<\/strong><\/li>\n<\/ul>\n<p><strong>Crit\u00e9rios de pontua\u00e7\u00e3o para candidatos n\u00e3o habilitados:<\/strong><\/p>\n<ul>\n<li>Comprovante de estar cursando a partir da <strong>3\u00aa fase (semestre)<\/strong> do curso superior na \u00e1rea pretendida \u2014 <strong>10 pontos<\/strong><\/li>\n<li>Diploma e hist\u00f3rico de <strong>outro curso superior<\/strong> com, no m\u00ednimo, 180 horas na disciplina espec\u00edfica \u2014 <strong>20 pontos<\/strong><\/li>\n<\/ul>\n<p>\u00c9 fundamental que toda a documenta\u00e7\u00e3o comprobat\u00f3ria seja enviada corretamente durante o per\u00edodo de inscri\u00e7\u00e3o, pois a pontua\u00e7\u00e3o ser\u00e1 atribu\u00edda exclusivamente com base nos documentos apresentados. Consulte o edital completo para verificar os requisitos espec\u00edficos de cada cargo, os documentos aceitos e demais detalhes sobre a fase documental.<\/p>\n<h2>Resultados e Gabarito<\/h2>\n<p>A divulga\u00e7\u00e3o das <strong>listas classificat\u00f3rias preliminares<\/strong> do Processo Seletivo n\u00ba 01\/2026 de S\u00e3o Louren\u00e7o do Oeste\/SC est\u00e1 prevista para a partir do dia <strong>09 de mar\u00e7o de 2026<\/strong>.<\/p>\n<p>Os resultados ser\u00e3o publicados nos seguintes canais oficiais:<\/p>\n<ul>\n<li><strong>Site oficial do Munic\u00edpio:<\/strong> <a href=\"https:\/\/saolourenco.sc.gov.br\/processo-seletivo\/\" target=\"_blank\" rel=\"noopener\">saolourenco.sc.gov.br\/processo-seletivo<\/a><\/li>\n<li><strong>Di\u00e1rio Oficial dos Munic\u00edpios:<\/strong> <a href=\"http:\/\/www.diariomunicipal.sc.gov.br\" target=\"_blank\" rel=\"noopener\">www.diariomunicipal.sc.gov.br<\/a><\/li>\n<\/ul>\n<p>Ap\u00f3s a divulga\u00e7\u00e3o da classifica\u00e7\u00e3o preliminar, o candidato que discordar do resultado ter\u00e1 o prazo de <strong>02 (dois) dias<\/strong> para apresentar <strong>pedido de reconsidera\u00e7\u00e3o<\/strong> junto \u00e0 Comiss\u00e3o Coordenadora do Processo Seletivo.<\/p>\n<p>Analisados os eventuais pedidos de reconsidera\u00e7\u00e3o, o <strong>resultado final<\/strong> ser\u00e1 <strong>homologado por meio de Decreto<\/strong> e publicado no site oficial do Munic\u00edpio e no Di\u00e1rio Oficial dos Munic\u00edpios.<\/p>\n<p>A classifica\u00e7\u00e3o final dos candidatos ser\u00e1 estabelecida em <strong>ordem decrescente de pontua\u00e7\u00e3o<\/strong>, conforme os crit\u00e9rios de t\u00edtulos definidos no edital.<\/p>\n<p><strong>Aten\u00e7\u00e3o:<\/strong> \u00e9 de responsabilidade exclusiva do candidato acompanhar todas as publica\u00e7\u00f5es, prazos e convoca\u00e7\u00f5es nos canais oficiais indicados. A Prefeitura de S\u00e3o Louren\u00e7o do Oeste n\u00e3o se responsabiliza por informa\u00e7\u00f5es obtidas em fontes n\u00e3o oficiais.<\/p>\n","protected":false},"excerpt":{"rendered":"<p>Processo Seletivo Pref. S\u00e3o Louren\u00e7o do Oeste (SC) com edital publicado! Vagas p\/ Professores (Superior). Inscri\u00e7\u00f5es a partir de 23\/02. Sal\u00e1rios at\u00e9 R$ 4.9k. Confira detalhes!<\/p>\n","protected":false},"author":7,"featured_media":278354,"comment_status":"open","ping_status":"open","sticky":false,"template":"","format":"standard","meta":{"_acf_changed":false,"_breakdance_hide_in_design_set":false,"_breakdance_tags":"","footnotes":""},"categories":[6433,6434,111,100,20,6872,6871,116,25],"tags":[61],"_amplo":[],"destaque":[],"instituicoes":[],"class_list":["post-278355","post","type-post","status-publish","format-standard","has-post-thumbnail","hentry","category-biologia-licenciatura","category-educacao-fisica-licenciatura","category-geografia","category-historia","category-letras","category-letras-espanhol","category-letras-ingles","category-matematica","category-pedagogia","tag-santa-catarina"],"acf":{"_tipo_vagas":"vagas","_numero_vagas":"","_quadro_vagas":"","_cargos":"diversos","_cargos_especificos":"","_salario_max":"R$ 4904.29","_abertura":"20260223","_encerramento":"20260302","_inscricoes":"http:\/\/www.saolourenco.sc.gov.br\/","_executora_concurso":"","_instituicao_concurso":[],"_link_adicional":null,"_anexos":null,"_produtos":null,"_vagas":"Cadastro Reserva","_salario_min":"R$ 3364.1","_instituicao":"Prefeitura de S\u00e3o Louren\u00e7o do Oeste","_edital":"https:\/\/www.agrobase.com.br\/concursos\/wp-content\/uploads\/sites\/4\/2026\/02\/edital-01-2026-da-prefeitura-de-sao-lourenco-do-oeste-sc.pdf","_anexos_edital":"","_fund_incompleto":"","_fund_completo":"","_medio":"","_superior":"<div>\r\n<table class=\"quadro\">\r\n<thead>\r\n<tr>\r\n<th class=\"hcargo\">Cargo<\/th>\r\n<th class=\"hvagas\">Vagas<\/th>\r\n<th class=\"hremuneracao\">Remunera\u00e7\u00e3o<\/th>\r\n<\/tr>\r\n<\/thead>\r\n    <tbody>\r\n      <tr>\r\n<td class=\"ccargos\">\r\n<span data-balloon-length=\"medium\" aria-label=\"Licenciatura em Pedagogia com habilita\u00e7\u00e3o em Educa\u00e7\u00e3o Infantil ou Curso Normal Superior\" data-balloon-pos=\"up\">Professor - Educa\u00e7\u00e3o Infantil (Habilitado)<\/span><\/td>\r\n<td class=\"cvagas\">CR<\/td>\r\n<td class=\"cremuneracao\">R$ 4.904,29 \/20h ou 40h<\/td>\r\n<\/tr><tr>\r\n<td class=\"ccargos\">\r\n<span data-balloon-length=\"medium\" aria-label=\"Cursando a partir da 3\u00aa fase de Pedagogia com habilita\u00e7\u00e3o em Educa\u00e7\u00e3o Infantil ou Anos Iniciais\" data-balloon-pos=\"up\">Professor - Educa\u00e7\u00e3o Infantil (N\u00e3o Habilitado)<\/span><\/td>\r\n<td class=\"cvagas\">CR<\/td>\r\n<td class=\"cremuneracao\">R$ 3.364,10 \/20h ou 40h<\/td>\r\n<\/tr><tr>\r\n<td class=\"ccargos\">\r\n<span data-balloon-length=\"medium\" aria-label=\"Licenciatura em Pedagogia com habilita\u00e7\u00e3o em Anos Iniciais ou Curso Normal Superior\" data-balloon-pos=\"up\">Professor - Anos Iniciais do Ensino Fundamental (Habilitado)<\/span><\/td>\r\n<td class=\"cvagas\">CR<\/td>\r\n<td class=\"cremuneracao\">R$ 4.904,29 \/20h ou 40h<\/td>\r\n<\/tr><tr>\r\n<td class=\"ccargos\">\r\n<span data-balloon-length=\"medium\" aria-label=\"Cursando a partir da 3\u00aa fase de Pedagogia com habilita\u00e7\u00e3o em Educa\u00e7\u00e3o Infantil ou Anos Iniciais\" data-balloon-pos=\"up\">Professor - Anos Iniciais do Ensino Fundamental (N\u00e3o Habilitado)<\/span><\/td>\r\n<td class=\"cvagas\">CR<\/td>\r\n<td class=\"cremuneracao\">R$ 3.364,10 \/20h ou 40h<\/td>\r\n<\/tr><tr>\r\n<td class=\"ccargos\">\r\n<span data-balloon-length=\"medium\" aria-label=\"Licenciatura em Portugu\u00eas\" data-balloon-pos=\"up\">Professor - Anos Finais de Portugu\u00eas (Habilitado)<\/span><\/td>\r\n<td class=\"cvagas\">CR<\/td>\r\n<td class=\"cremuneracao\">R$ 4.904,29 \/10h, 20h, 30h ou 40h<\/td>\r\n<\/tr><tr>\r\n<td class=\"ccargos\">\r\n<span data-balloon-length=\"medium\" aria-label=\"Cursando a partir da 3\u00aa fase de Licenciatura em Portugu\u00eas\" data-balloon-pos=\"up\">Professor - Anos Finais de Portugu\u00eas (N\u00e3o Habilitado)<\/span><\/td>\r\n<td class=\"cvagas\">CR<\/td>\r\n<td class=\"cremuneracao\">R$ 3.364,10 \/10h, 20h, 30h ou 40h<\/td>\r\n<\/tr><tr>\r\n<td class=\"ccargos\">\r\n<span data-balloon-length=\"medium\" aria-label=\"Licenciatura em Ingl\u00eas\" data-balloon-pos=\"up\">Professor - L\u00edngua Estrangeira: Ingl\u00eas (Habilitado)<\/span><\/td>\r\n<td class=\"cvagas\">CR<\/td>\r\n<td class=\"cremuneracao\">R$ 4.904,29 \/10h, 20h, 30h ou 40h<\/td>\r\n<\/tr><tr>\r\n<td class=\"ccargos\">\r\n<span data-balloon-length=\"medium\" aria-label=\"Cursando a partir da 3\u00aa fase de Licenciatura em Ingl\u00eas ou 250h em Escolas de L\u00ednguas\" data-balloon-pos=\"up\">Professor - L\u00edngua Estrangeira: Ingl\u00eas (N\u00e3o Habilitado)<\/span><\/td>\r\n<td class=\"cvagas\">CR<\/td>\r\n<td class=\"cremuneracao\">R$ 3.364,10 \/10h, 20h, 30h ou 40h<\/td>\r\n<\/tr><tr>\r\n<td class=\"ccargos\">\r\n<span data-balloon-length=\"medium\" aria-label=\"Licenciatura em Espanhol\" data-balloon-pos=\"up\">Professor - L\u00edngua Estrangeira: Espanhol (Habilitado)<\/span><\/td>\r\n<td class=\"cvagas\">CR<\/td>\r\n<td class=\"cremuneracao\">R$ 4.904,29 \/10h, 20h, 30h ou 40h<\/td>\r\n<\/tr><tr>\r\n<td class=\"ccargos\">\r\n<span data-balloon-length=\"medium\" aria-label=\"Cursando a partir da 3\u00aa fase de Licenciatura em Espanhol ou 250h em Escolas de L\u00ednguas\" data-balloon-pos=\"up\">Professor - L\u00edngua Estrangeira: Espanhol (N\u00e3o Habilitado)<\/span><\/td>\r\n<td class=\"cvagas\">CR<\/td>\r\n<td class=\"cremuneracao\">R$ 3.364,10 \/10h, 20h, 30h ou 40h<\/td>\r\n<\/tr><tr>\r\n<td class=\"ccargos\">\r\n<span data-balloon-length=\"medium\" aria-label=\"Curso Superior na \u00e1rea de Inform\u00e1tica\" data-balloon-pos=\"up\">Professor - Inform\u00e1tica (Habilitado)<\/span><\/td>\r\n<td class=\"cvagas\">CR<\/td>\r\n<td class=\"cremuneracao\">R$ 4.904,29 \/10h, 20h, 30h ou 40h<\/td>\r\n<\/tr><tr>\r\n<td class=\"ccargos\">\r\n<span data-balloon-length=\"medium\" aria-label=\"Cursando a partir da 3\u00aa fase de curso superior na \u00e1rea de Inform\u00e1tica\" data-balloon-pos=\"up\">Professor - Inform\u00e1tica (N\u00e3o Habilitado)<\/span><\/td>\r\n<td class=\"cvagas\">CR<\/td>\r\n<td class=\"cremuneracao\">R$ 3.364,10 \/10h, 20h, 30h ou 40h<\/td>\r\n<\/tr><tr>\r\n<td class=\"ccargos\">\r\n<span data-balloon-length=\"medium\" aria-label=\"Licenciatura em Artes\" data-balloon-pos=\"up\">Professor - Artes (Habilitado)<\/span><\/td>\r\n<td class=\"cvagas\">CR<\/td>\r\n<td class=\"cremuneracao\">R$ 4.904,29 \/10h, 20h, 30h ou 40h<\/td>\r\n<\/tr><tr>\r\n<td class=\"ccargos\">\r\n<span data-balloon-length=\"medium\" aria-label=\"Cursando a partir da 3\u00aa fase de Licenciatura em Artes\" data-balloon-pos=\"up\">Professor - Artes (N\u00e3o Habilitado)<\/span><\/td>\r\n<td class=\"cvagas\">CR<\/td>\r\n<td class=\"cremuneracao\">R$ 3.364,10 \/10h, 20h, 30h ou 40h<\/td>\r\n<\/tr><tr>\r\n<td class=\"ccargos\">\r\n<span data-balloon-length=\"medium\" aria-label=\"Licenciatura Plena em Ci\u00eancias da Religi\u00e3o\" data-balloon-pos=\"up\">Professor - Anos Finais de Ensino Religioso (Habilitado)<\/span><\/td>\r\n<td class=\"cvagas\">CR<\/td>\r\n<td class=\"cremuneracao\">R$ 4.904,29 \/10h, 20h, 30h ou 40h<\/td>\r\n<\/tr><tr>\r\n<td class=\"ccargos\">\r\n<span data-balloon-length=\"medium\" aria-label=\"Cursando a partir da 3\u00aa fase de Ci\u00eancias da Religi\u00e3o ou Superior com 180h na disciplina\" data-balloon-pos=\"up\">Professor - Anos Finais de Ensino Religioso (N\u00e3o Habilitado)<\/span><\/td>\r\n<td class=\"cvagas\">CR<\/td>\r\n<td class=\"cremuneracao\">R$ 3.364,10 \/10h, 20h, 30h ou 40h<\/td>\r\n<\/tr><tr>\r\n<td class=\"ccargos\">\r\n<span data-balloon-length=\"medium\" aria-label=\"Licenciatura em Hist\u00f3ria\" data-balloon-pos=\"up\">Professor - Anos Finais de Hist\u00f3ria (Habilitado)<\/span><\/td>\r\n<td class=\"cvagas\">CR<\/td>\r\n<td class=\"cremuneracao\">R$ 4.904,29 \/10h, 20h, 30h ou 40h<\/td>\r\n<\/tr><tr>\r\n<td class=\"ccargos\">\r\n<span data-balloon-length=\"medium\" aria-label=\"Cursando a partir da 3\u00aa fase de Licenciatura em Hist\u00f3ria\" data-balloon-pos=\"up\">Professor - Anos Finais de Hist\u00f3ria (N\u00e3o Habilitado)<\/span><\/td>\r\n<td class=\"cvagas\">CR<\/td>\r\n<td class=\"cremuneracao\">R$ 3.364,10 \/10h, 20h, 30h ou 40h<\/td>\r\n<\/tr><tr>\r\n<td class=\"ccargos\">\r\n<span data-balloon-length=\"medium\" aria-label=\"Licenciatura em Geografia\" data-balloon-pos=\"up\">Professor - Anos Finais de Geografia (Habilitado)<\/span><\/td>\r\n<td class=\"cvagas\">CR<\/td>\r\n<td class=\"cremuneracao\">R$ 4.904,29 \/10h, 20h, 30h ou 40h<\/td>\r\n<\/tr><tr>\r\n<td class=\"ccargos\">\r\n<span data-balloon-length=\"medium\" aria-label=\"Cursando a partir da 3\u00aa fase de Licenciatura em Geografia\" data-balloon-pos=\"up\">Professor - Anos Finais de Geografia (N\u00e3o Habilitado)<\/span><\/td>\r\n<td class=\"cvagas\">CR<\/td>\r\n<td class=\"cremuneracao\">R$ 3.364,10 \/10h, 20h, 30h ou 40h<\/td>\r\n<\/tr><tr>\r\n<td class=\"ccargos\">\r\n<span data-balloon-length=\"medium\" aria-label=\"Licenciatura em Educa\u00e7\u00e3o F\u00edsica e registro no CREF\" data-balloon-pos=\"up\">Professor - Educa\u00e7\u00e3o F\u00edsica (Habilitado)<\/span><\/td>\r\n<td class=\"cvagas\">CR<\/td>\r\n<td class=\"cremuneracao\">R$ 4.904,29 \/10h, 20h, 30h ou 40h<\/td>\r\n<\/tr><tr>\r\n<td class=\"ccargos\">\r\n<span data-balloon-length=\"medium\" aria-label=\"Licenciatura em Matem\u00e1tica\" data-balloon-pos=\"up\">Professor - Anos Finais de Matem\u00e1tica (Habilitado)<\/span><\/td>\r\n<td class=\"cvagas\">CR<\/td>\r\n<td class=\"cremuneracao\">R$ 4.904,29 \/10h, 20h, 30h ou 40h<\/td>\r\n<\/tr><tr>\r\n<td class=\"ccargos\">\r\n<span data-balloon-length=\"medium\" aria-label=\"Cursando a partir da 3\u00aa fase de Licenciatura em Matem\u00e1tica\" data-balloon-pos=\"up\">Professor - Anos Finais de Matem\u00e1tica (N\u00e3o Habilitado)<\/span><\/td>\r\n<td class=\"cvagas\">CR<\/td>\r\n<td class=\"cremuneracao\">R$ 3.364,10 \/10h, 20h, 30h ou 40h<\/td>\r\n<\/tr><tr>\r\n<td class=\"ccargos\">\r\n<span data-balloon-length=\"medium\" aria-label=\"Licenciatura em Ci\u00eancias\" data-balloon-pos=\"up\">Professor - Anos Finais de Ci\u00eancias (Habilitado)<\/span><\/td>\r\n<td class=\"cvagas\">CR<\/td>\r\n<td class=\"cremuneracao\">R$ 4.904,29 \/10h, 20h, 30h ou 40h<\/td>\r\n<\/tr><tr>\r\n<td class=\"ccargos\">\r\n<span data-balloon-length=\"medium\" aria-label=\"Cursando a partir da 3\u00aa fase de Licenciatura em Ci\u00eancias\" data-balloon-pos=\"up\">Professor - Anos Finais de Ci\u00eancias (N\u00e3o Habilitado)<\/span><\/td>\r\n<td class=\"cvagas\">CR<\/td>\r\n<td class=\"cremuneracao\">R$ 3.364,10 \/10h, 20h, 30h ou 40h<\/td>\r\n<\/tr><tr>\r\n<td class=\"ccargos\">\r\n<span data-balloon-length=\"medium\" aria-label=\"Licenciatura em Pedagogia\" data-balloon-pos=\"up\">Professor - Corre\u00e7\u00e3o de Fluxo (Habilitado)<\/span><\/td>\r\n<td class=\"cvagas\">CR<\/td>\r\n<td class=\"cremuneracao\">R$ 4.904,29 \/40h<\/td>\r\n<\/tr><tr>\r\n<td class=\"ccargos\">\r\n<span data-balloon-length=\"medium\" aria-label=\"Licenciatura em Pedagogia\" data-balloon-pos=\"up\">Professor - Refor\u00e7o Escolar (Habilitado)<\/span><\/td>\r\n<td class=\"cvagas\">CR<\/td>\r\n<td class=\"cremuneracao\">R$ 4.904,29 \/40h<\/td>\r\n<\/tr><tr>\r\n<td class=\"ccargos\">\r\n<span data-balloon-length=\"medium\" aria-label=\"Licenciatura em Pedagogia\" data-balloon-pos=\"up\">Professor - Recomposi\u00e7\u00e3o (Habilitado)<\/span><\/td>\r\n<td class=\"cvagas\">CR<\/td>\r\n<td class=\"cremuneracao\">R$ 4.904,29 \/40h<\/td>\r\n<\/tr>\r\n    <\/tbody>\r\n  <\/table>\r\n<\/div>"},"_links":{"self":[{"href":"https:\/\/www.agrobase.com.br\/concursos\/wp-json\/wp\/v2\/posts\/278355","targetHints":{"allow":["GET"]}}],"collection":[{"href":"https:\/\/www.agrobase.com.br\/concursos\/wp-json\/wp\/v2\/posts"}],"about":[{"href":"https:\/\/www.agrobase.com.br\/concursos\/wp-json\/wp\/v2\/types\/post"}],"author":[{"embeddable":true,"href":"https:\/\/www.agrobase.com.br\/concursos\/wp-json\/wp\/v2\/users\/7"}],"replies":[{"embeddable":true,"href":"https:\/\/www.agrobase.com.br\/concursos\/wp-json\/wp\/v2\/comments?post=278355"}],"version-history":[{"count":1,"href":"https:\/\/www.agrobase.com.br\/concursos\/wp-json\/wp\/v2\/posts\/278355\/revisions"}],"predecessor-version":[{"id":278357,"href":"https:\/\/www.agrobase.com.br\/concursos\/wp-json\/wp\/v2\/posts\/278355\/revisions\/278357"}],"wp:featuredmedia":[{"embeddable":true,"href":"https:\/\/www.agrobase.com.br\/concursos\/wp-json\/wp\/v2\/media\/278354"}],"wp:attachment":[{"href":"https:\/\/www.agrobase.com.br\/concursos\/wp-json\/wp\/v2\/media?parent=278355"}],"wp:term":[{"taxonomy":"category","embeddable":true,"href":"https:\/\/www.agrobase.com.br\/concursos\/wp-json\/wp\/v2\/categories?post=278355"},{"taxonomy":"post_tag","embeddable":true,"href":"https:\/\/www.agrobase.com.br\/concursos\/wp-json\/wp\/v2\/tags?post=278355"},{"taxonomy":"_amplo","embeddable":true,"href":"https:\/\/www.agrobase.com.br\/concursos\/wp-json\/wp\/v2\/_amplo?post=278355"},{"taxonomy":"destaque","embeddable":true,"href":"https:\/\/www.agrobase.com.br\/concursos\/wp-json\/wp\/v2\/destaque?post=278355"},{"taxonomy":"instituicoes","embeddable":true,"href":"https:\/\/www.agrobase.com.br\/concursos\/wp-json\/wp\/v2\/instituicoes?post=278355"}],"curies":[{"name":"wp","href":"https:\/\/api.w.org\/{rel}","templated":true}]}}