{"id":278331,"date":"2026-02-25T08:10:49","date_gmt":"2026-02-25T11:10:49","guid":{"rendered":"https:\/\/www.agrobase.com.br\/concursos\/?p=278331"},"modified":"2026-02-24T14:42:10","modified_gmt":"2026-02-24T17:42:10","slug":"prefeitura-sao-jose-dos-ausentes-rs-selecao-simplificada-01-2026","status":"publish","type":"post","link":"https:\/\/www.agrobase.com.br\/concursos\/2026\/prefeitura-sao-jose-dos-ausentes-rs-selecao-simplificada-01-2026\/","title":{"rendered":"Prefeitura S\u00e3o Jos\u00e9 dos Ausentes (RS) &#8211; Sele\u00e7\u00e3o Simplificada 01\/2026"},"content":{"rendered":"<h2>Informa\u00e7\u00f5es Gerais<\/h2>\n<p>A Prefeitura Municipal de <strong>S\u00e3o Jos\u00e9 dos Ausentes\/RS<\/strong> publicou edital de <strong>Processo Seletivo Simplificado<\/strong> para a contrata\u00e7\u00e3o tempor\u00e1ria de pessoal por prazo determinado, amparado em excepcional interesse p\u00fablico reconhecido pela Lei Municipal n\u00ba 1.893\/2026. O certame \u00e9 regido pelo art. 37, IX, da Constitui\u00e7\u00e3o Federal e pelos arts. 190 a 195 da Lei Municipal n\u00ba 998\/2011.<\/p>\n<p>Ao todo, s\u00e3o oferecidas <strong>15 vagas imediatas, al\u00e9m de cadastro de reserva (CR)<\/strong>, distribu\u00eddas entre as Secretarias Municipais de Agricultura, Pecu\u00e1ria e Desenvolvimento Rural, Assist\u00eancia Social, Desporto, Educa\u00e7\u00e3o e Sa\u00fade. O regime de contrata\u00e7\u00e3o \u00e9 <strong>tempor\u00e1rio<\/strong>, por prazo determinado.<\/p>\n<p>As oportunidades contemplam tr\u00eas n\u00edveis de escolaridade:<\/p>\n<ul>\n<li><strong>Fundamental Incompleto:<\/strong> Merendeira-Servente, Motorista, Motorista de Ambul\u00e2ncia, Operador de M\u00e1quinas e Oper\u00e1rio;<\/li>\n<li><strong>M\u00e9dio\/T\u00e9cnico:<\/strong> Instrutor de Artes Marciais, Monitor de Transporte Escolar, Oficineiro de Artesanato e Visitador do PIM;<\/li>\n<li><strong>Superior:<\/strong> Fonoaudi\u00f3logo, Monitor de Educa\u00e7\u00e3o Especial, <strong>Nutricionista<\/strong>, Professor de Arte, Professor de Educa\u00e7\u00e3o F\u00edsica, Professor de Educa\u00e7\u00e3o Infantil, Professor de L\u00edngua Inglesa, Psic\u00f3logo e Psicopedagogo.<\/li>\n<\/ul>\n<p>Destaque para a vaga de <strong>Nutricionista<\/strong>, que exige Curso Superior em Nutri\u00e7\u00e3o e habilita\u00e7\u00e3o legal para o exerc\u00edcio da profiss\u00e3o, com remunera\u00e7\u00e3o de <strong>R$ 3.549,28<\/strong> para carga hor\u00e1ria de 30 horas semanais.<\/p>\n<p>As remunera\u00e7\u00f5es variam de <strong>R$ 939,45 a R$ 5.706,76<\/strong>, com cargas hor\u00e1rias entre 20h e 50h semanais, conforme o cargo. A maior remunera\u00e7\u00e3o \u00e9 destinada ao cargo de Psic\u00f3logo (50h semanais).<\/p>\n<p>Continue a leitura para conferir todos os detalhes sobre inscri\u00e7\u00f5es, etapas de sele\u00e7\u00e3o e como acompanhar os resultados deste Processo Seletivo Simplificado de S\u00e3o Jos\u00e9 dos Ausentes.<\/p>\n<h2>Inscri\u00e7\u00f5es<\/h2>\n<p>As inscri\u00e7\u00f5es para o Processo Seletivo Simplificado da Prefeitura de S\u00e3o Jos\u00e9 dos Ausentes\/RS ser\u00e3o realizadas <strong>exclusivamente de forma presencial<\/strong>, junto \u00e0 sede do Munic\u00edpio, localizada na <strong>Rua Prof. Eduardo In\u00e1cio Pereira, n\u00ba 442, em S\u00e3o Jos\u00e9 dos Ausentes\/RS<\/strong>.<\/p>\n<p>O per\u00edodo de inscri\u00e7\u00f5es compreende <strong>das 09h do dia 23 de fevereiro de 2026 at\u00e9 as 16h do dia 27 de fevereiro de 2026<\/strong>. N\u00e3o ser\u00e3o aceitas inscri\u00e7\u00f5es fora desse prazo.<\/p>\n<p>As inscri\u00e7\u00f5es ser\u00e3o recebidas exclusivamente pelos servidores designados pela portaria que nomeou a Comiss\u00e3o Julgadora do certame.<\/p>\n<p><strong>As inscri\u00e7\u00f5es s\u00e3o gratuitas<\/strong> \u2014 n\u00e3o h\u00e1 cobran\u00e7a de taxa de inscri\u00e7\u00e3o para nenhum dos cargos oferecidos.<\/p>\n<p>Ao realizar a inscri\u00e7\u00e3o, o candidato declara conhecimento pr\u00e9vio e aceita\u00e7\u00e3o t\u00e1cita de todas as instru\u00e7\u00f5es e normas estabelecidas no edital do Processo Seletivo Simplificado.<\/p>\n<p>Para mais informa\u00e7\u00f5es, acesse o site oficial da Prefeitura: <strong>www.saojosedosausentes.rs.gov.br<\/strong>.<\/p>\n<p>Recomendamos a leitura integral do edital antes de efetuar a inscri\u00e7\u00e3o, a fim de verificar todos os requisitos espec\u00edficos para o cargo pretendido e a documenta\u00e7\u00e3o necess\u00e1ria no ato da inscri\u00e7\u00e3o.<\/p>\n<h2>Etapas e Provas<\/h2>\n<p>O Processo Seletivo Simplificado da Prefeitura de S\u00e3o Jos\u00e9 dos Ausentes\/RS ser\u00e1 composto por <strong>tr\u00eas modalidades de avalia\u00e7\u00e3o<\/strong>, aplicadas conforme o cargo pretendido pelo candidato:<\/p>\n<ul>\n<li><strong>An\u00e1lise de Curr\u00edculos<\/strong> \u2014 aplic\u00e1vel aos cargos de: Fonoaudi\u00f3logo, Instrutor de Artes Marciais, Monitor de Educa\u00e7\u00e3o Especial, Nutricionista, Oficineiro de Artesanato, Professor de Arte, Professor de Educa\u00e7\u00e3o F\u00edsica, Professor de Educa\u00e7\u00e3o Infantil, Professor de L\u00edngua Inglesa, Psic\u00f3logo e Psicopedagogo. Nesta etapa, ser\u00e3o avaliadas a forma\u00e7\u00e3o acad\u00eamica e a experi\u00eancia profissional dos candidatos, conforme crit\u00e9rios definidos no edital.<\/li>\n<li><strong>Prova Pr\u00e1tica<\/strong> \u2014 aplic\u00e1vel aos cargos de: Merendeira-Servente, Motorista, Motorista de Ambul\u00e2ncia, Operador de M\u00e1quinas e Oper\u00e1rio. A prova pr\u00e1tica est\u00e1 prevista para o dia <strong>5 de mar\u00e7o de 2026<\/strong>, em hor\u00e1rio e local a serem divulgados conforme orienta\u00e7\u00f5es do edital.<\/li>\n<li><strong>Prova Objetiva<\/strong> \u2014 aplic\u00e1vel aos cargos de: Monitor de Transporte Escolar e Visitador do PIM. A prova objetiva ser\u00e1 realizada no dia <strong>5 de mar\u00e7o de 2026<\/strong>, com in\u00edcio \u00e0s <strong>13h30<\/strong> e t\u00e9rmino \u00e0s <strong>15h<\/strong>, na <strong>C\u00e2mara Municipal de Vereadores<\/strong>, situada na Rua Professor Eduardo In\u00e1cio Pereira, n\u00ba 442, Centro, S\u00e3o Jos\u00e9 dos Ausentes\/RS. A dura\u00e7\u00e3o total da prova \u00e9 de <strong>1 hora e 30 minutos<\/strong>.<\/li>\n<\/ul>\n<p>Cada candidato participar\u00e1 apenas da etapa correspondente ao cargo para o qual se inscreveu. Recomendamos a consulta ao edital completo para verificar os crit\u00e9rios de pontua\u00e7\u00e3o, conte\u00fados cobrados na prova objetiva, detalhes da prova pr\u00e1tica e os par\u00e2metros de avalia\u00e7\u00e3o da an\u00e1lise de curr\u00edculos.<\/p>\n<h2>Resultados e Gabarito<\/h2>\n<p>Ap\u00f3s a aplica\u00e7\u00e3o das provas e avalia\u00e7\u00f5es, a Comiss\u00e3o Julgadora ter\u00e1 o prazo de <strong>2 (dois) dias \u00fateis<\/strong> para proceder \u00e0 corre\u00e7\u00e3o das provas e \u00e0 totaliza\u00e7\u00e3o das notas.<\/p>\n<p>O <strong>resultado preliminar<\/strong> ser\u00e1 publicado no painel de publica\u00e7\u00f5es oficiais da Prefeitura Municipal e no site <strong>www.saojosedosausentes.rs.gov.br<\/strong>. A partir dessa publica\u00e7\u00e3o, ser\u00e1 aberto prazo para que os candidatos apresentem recursos, conforme os termos estabelecidos no edital.<\/p>\n<p>Transcorrido o prazo recursal sem interposi\u00e7\u00e3o de recursos \u2014 ou ap\u00f3s o julgamento dos recursos apresentados \u2014 a Comiss\u00e3o encaminhar\u00e1 o resultado do Processo Seletivo Simplificado ao <strong>Prefeito Municipal para homologa\u00e7\u00e3o<\/strong>, no prazo de <strong>1 (um) dia \u00fatil<\/strong>.<\/p>\n<p>A <strong>homologa\u00e7\u00e3o<\/strong> \u00e9 o ato oficial pelo qual o Prefeito Municipal valida e confirma o resultado final do certame. Ap\u00f3s homologado, ser\u00e1 publicado edital com a <strong>classifica\u00e7\u00e3o geral dos candidatos aprovados<\/strong>, momento a partir do qual passa a fluir o prazo de validade do Processo Seletivo Simplificado.<\/p>\n<p>Os candidatos devem acompanhar todas as publica\u00e7\u00f5es pelos seguintes canais oficiais:<\/p>\n<ul>\n<li>Site da Prefeitura: <strong>www.saojosedosausentes.rs.gov.br<\/strong><\/li>\n<li>Painel de publica\u00e7\u00f5es oficiais da Prefeitura Municipal de S\u00e3o Jos\u00e9 dos Ausentes<\/li>\n<\/ul>\n<p><strong>O acompanhamento de todas as etapas, publica\u00e7\u00f5es, resultados e convoca\u00e7\u00f5es \u00e9 de responsabilidade exclusiva do candidato.<\/strong> Recomenda-se a consulta frequente aos canais oficiais para n\u00e3o perder nenhum prazo importante.<\/p>\n","protected":false},"excerpt":{"rendered":"<p>Aguardando in\u00edcio! Proc. Seletivo Pref. S\u00e3o Jos\u00e9 dos Ausentes (RS) p\/ Psic\u00f3logo e Professor (Fund. a Sup.). Inscri\u00e7\u00f5es a partir de 23\/02. Confira detalhes!<\/p>\n","protected":false},"author":7,"featured_media":278330,"comment_status":"open","ping_status":"open","sticky":false,"template":"","format":"standard","meta":{"_acf_changed":false,"_breakdance_hide_in_design_set":false,"_breakdance_tags":"","footnotes":""},"categories":[6434,19,6871,23,25,26],"tags":[58],"_amplo":[],"destaque":[],"instituicoes":[],"class_list":["post-278331","post","type-post","status-publish","format-standard","has-post-thumbnail","hentry","category-educacao-fisica-licenciatura","category-fonoaudiologia","category-letras-ingles","category-nutricao","category-pedagogia","category-psicologia","tag-rio-grande-sul"],"acf":{"_tipo_vagas":"vagas","_numero_vagas":"","_quadro_vagas":"","_cargos":"diversos","_cargos_especificos":"","_salario_max":"R$ 3549.28","_abertura":"20260223","_encerramento":"20260227","_inscricoes":"https:\/\/www.saojosedosausentes.rs.gov.br","_executora_concurso":"","_instituicao_concurso":[],"_link_adicional":null,"_anexos":null,"_produtos":null,"_vagas":"15 vagas + CR","_salario_min":"R$ 939.45","_instituicao":"Prefeitura de S\u00e3o Jos\u00e9 dos Ausentes","_edital":"https:\/\/www.agrobase.com.br\/concursos\/wp-content\/uploads\/sites\/4\/2026\/02\/edital-01-2026-da-prefeitura-de-sao-jose-dos-ausentes-rs.pdf","_anexos_edital":"https:\/\/www.agrobase.com.br\/concursos\/wp-content\/uploads\/sites\/4\/2026\/02\/anexos-edital-01-2026-da-prefei.e-sao-jose-dos-ausentes-rs.pdf","_fund_incompleto":"<div>\r\n<table class=\"quadro\">\r\n<thead>\r\n<tr>\r\n<th class=\"hcargo\">Cargo<\/th>\r\n<th class=\"hvagas\">Vagas<\/th>\r\n<th class=\"hremuneracao\">Remunera\u00e7\u00e3o<\/th>\r\n<\/tr>\r\n<\/thead>\r\n    <tbody>\r\n      <td class=\"ccargos\">\r\n<span data-balloon-length=\"medium\" aria-label=\"3\u00aa s\u00e9rie do Ensino Fundamental\" data-balloon-pos=\"up\">Merendeira-Servente<\/span><\/td>\r\n<td class=\"cvagas\">03<\/td>\r\n<td class=\"cremuneracao\">R$ 1.521,14 \/44h<\/td>\r\n<\/tr><td class=\"ccargos\">\r\n<span data-balloon-length=\"medium\" aria-label=\"3\u00aa s\u00e9rie do Ensino Fundamental e CNH D\" data-balloon-pos=\"up\">Motorista<\/span><\/td>\r\n<td class=\"cvagas\">CR<\/td>\r\n<td class=\"cremuneracao\">R$ 2.535,23 \/44h<\/td>\r\n<\/tr><td class=\"ccargos\">\r\n<span data-balloon-length=\"medium\" aria-label=\"3\u00aa s\u00e9rie do Ensino Fundamental e CNH D\" data-balloon-pos=\"up\">Motorista de Ambul\u00e2ncia<\/span><\/td>\r\n<td class=\"cvagas\">01<\/td>\r\n<td class=\"cremuneracao\">R$ 2.535,23 \/44h<\/td>\r\n<\/tr><td class=\"ccargos\">\r\n<span data-balloon-length=\"medium\" aria-label=\"3\u00aa S\u00e9rie do Ensino Fundamental; CNH C\" data-balloon-pos=\"up\">Operador de M\u00e1quinas<\/span><\/td>\r\n<td class=\"cvagas\">02<\/td>\r\n<td class=\"cremuneracao\">R$ 3.042,27 \/44h<\/td>\r\n<\/tr><td class=\"ccargos\">\r\n<span data-balloon-length=\"medium\" aria-label=\"3\u00aa S\u00e9rie do Ensino Fundamental\" data-balloon-pos=\"up\">Oper\u00e1rio<\/span><\/td>\r\n<td class=\"cvagas\">01<\/td>\r\n<td class=\"cremuneracao\">R$ 1.521,14 \/44h<\/td>\r\n<\/tr>\r\n    <\/tbody>\r\n  <\/table>\r\n<\/div>","_fund_completo":"","_medio":"<div>\r\n<table class=\"quadro\">\r\n<thead>\r\n<tr>\r\n<th class=\"hcargo\">Cargo<\/th>\r\n<th class=\"hvagas\">Vagas<\/th>\r\n<th class=\"hremuneracao\">Remunera\u00e7\u00e3o<\/th>\r\n<\/tr>\r\n<\/thead>\r\n    <tbody>\r\n      <td class=\"ccargos\">\r\n<span data-balloon-length=\"medium\" aria-label=\"Ensino M\u00e9dio Completo, com conhecimentos espec\u00edficos nas \u00e1reas das artes marciais\" data-balloon-pos=\"up\">Instrutor de Artes Marciais<\/span><\/td>\r\n<td class=\"cvagas\">01<\/td>\r\n<td class=\"cremuneracao\">R$ 3.483,49 \/20h<\/td>\r\n<\/tr><td class=\"ccargos\">\r\n<span data-balloon-length=\"medium\" aria-label=\"3\u00aa S\u00e9rie do Ensino Fundamental\" data-balloon-pos=\"up\">Monitor de Transporte Escolar<\/span><\/td>\r\n<td class=\"cvagas\">01<\/td>\r\n<td class=\"cremuneracao\">R$ 1.521,14 \/40h<\/td>\r\n<\/tr><td class=\"ccargos\">\r\n<span data-balloon-length=\"medium\" aria-label=\"Ensino m\u00e9dio completo, com experi\u00eancia comprovada na \u00e1rea de, no m\u00ednimo, 01 (um) ano de trabalho\" data-balloon-pos=\"up\">Oficineiro de Artesanato<\/span><\/td>\r\n<td class=\"cvagas\">03<\/td>\r\n<td class=\"cremuneracao\">R$ 2.817,95 \/24h<\/td>\r\n<\/tr><td class=\"ccargos\">\r\n<span data-balloon-length=\"medium\" aria-label=\"Ensino M\u00e9dio Completo\" data-balloon-pos=\"up\">Visitador do PIM<\/span><\/td>\r\n<td class=\"cvagas\">01<\/td>\r\n<td class=\"cremuneracao\">R$ 2.028,18 \/40h<\/td>\r\n<\/tr>\r\n    <\/tbody>\r\n  <\/table>\r\n<\/div>","_superior":"<div>\r\n<table class=\"quadro\">\r\n<thead>\r\n<tr>\r\n<th class=\"hcargo\">Cargo<\/th>\r\n<th class=\"hvagas\">Vagas<\/th>\r\n<th class=\"hremuneracao\">Remunera\u00e7\u00e3o<\/th>\r\n<\/tr>\r\n<\/thead>\r\n    <tbody>\r\n      <tr>\r\n<td class=\"ccargos\">\r\n<span data-balloon-length=\"medium\" aria-label=\"Ensino Superior em Fonoaudiologia e habilita\u00e7\u00e3o legal para o exerc\u00edcio da profiss\u00e3o\" data-balloon-pos=\"up\">Fonoaudi\u00f3logo<\/span><\/td>\r\n<td class=\"cvagas\">01<\/td>\r\n<td class=\"cremuneracao\">R$ 3.549,28 \/20h<\/td>\r\n<\/tr><tr>\r\n<td class=\"ccargos\">\r\n<span data-balloon-length=\"medium\" aria-label=\"Curso Superior em andamento na \u00e1rea da Educa\u00e7\u00e3o e Curso Concluso em Educa\u00e7\u00e3o Especial - no m\u00ednimo 40 horas\" data-balloon-pos=\"up\">Monitor de Educa\u00e7\u00e3o Especial<\/span><\/td>\r\n<td class=\"cvagas\">01 + CR<\/td>\r\n<td class=\"cremuneracao\">R$ 1.521,14 \/20h<\/td>\r\n<\/tr><tr>\r\n<td class=\"ccargos\">\r\n<span data-balloon-length=\"medium\" aria-label=\"Curso Superior em Nutri\u00e7\u00e3o e habilita\u00e7\u00e3o legal para o exerc\u00edcio da profiss\u00e3o\" data-balloon-pos=\"up\">Nutricionista<\/span><\/td>\r\n<td class=\"cvagas\">01<\/td>\r\n<td class=\"cremuneracao\">R$ 3.549,28 \/30h<\/td>\r\n<\/tr><tr>\r\n<td class=\"ccargos\">\r\n<span data-balloon-length=\"medium\" aria-label=\"Ensino Superior Completo de Licenciatura com Habilita\u00e7\u00e3o Espec\u00edfica para Arte\" data-balloon-pos=\"up\">Professor de Arte<\/span><\/td>\r\n<td class=\"cvagas\">01<\/td>\r\n<td class=\"cremuneracao\">R$ 2.755,25 \/20h<\/td>\r\n<\/tr><tr>\r\n<td class=\"ccargos\">\r\n<span data-balloon-length=\"medium\" aria-label=\"Ensino Superior Completo de Licenciatura com Habilita\u00e7\u00e3o Espec\u00edfica para Educa\u00e7\u00e3o F\u00edsica\" data-balloon-pos=\"up\">Professor de Educa\u00e7\u00e3o F\u00edsica<\/span><\/td>\r\n<td class=\"cvagas\">CR<\/td>\r\n<td class=\"cremuneracao\">R$ 2.755,25 \/20h<\/td>\r\n<\/tr><tr>\r\n<td class=\"ccargos\">\r\n<span data-balloon-length=\"medium\" aria-label=\"Ensino Superior Completo de Licenciatura com Habilita\u00e7\u00e3o Espec\u00edfica para Educa\u00e7\u00e3o Infantil\" data-balloon-pos=\"up\">Professor de Educa\u00e7\u00e3o Infantil<\/span><\/td>\r\n<td class=\"cvagas\">CR<\/td>\r\n<td class=\"cremuneracao\">R$ 2.755,25 \/20h<\/td>\r\n<\/tr><tr>\r\n<td class=\"ccargos\">\r\n<span data-balloon-length=\"medium\" aria-label=\"Ensino Superior Completo de Licenciatura com Habilita\u00e7\u00e3o Espec\u00edfica para L\u00edngua Inglesa\" data-balloon-pos=\"up\">Professor de L\u00edngua Inglesa<\/span><\/td>\r\n<td class=\"cvagas\">01<\/td>\r\n<td class=\"cremuneracao\">R$ 2.755,25 \/20h<\/td>\r\n<\/tr><tr>\r\n<td class=\"ccargos\">\r\n<span data-balloon-length=\"medium\" aria-label=\"Curso Superior em Psicologia e habilita\u00e7\u00e3o legal para o exerc\u00edcio da profiss\u00e3o\" data-balloon-pos=\"up\">Psic\u00f3logo<\/span><\/td>\r\n<td class=\"cvagas\">03<\/td>\r\n<td class=\"cremuneracao\">R$ 5.706,76 \/50h<\/td>\r\n<\/tr><tr>\r\n<td class=\"ccargos\">\r\n<span data-balloon-length=\"medium\" aria-label=\"Ensino Superior Completo e habilita\u00e7\u00e3o espec\u00edfica para o exerc\u00edcio legal da profiss\u00e3o\" data-balloon-pos=\"up\">Psicopedagogo<\/span><\/td>\r\n<td class=\"cvagas\">01<\/td>\r\n<td class=\"cremuneracao\">R$ 2.366,10 \/20h<\/td>\r\n<\/tr>\r\n    <\/tbody>\r\n  <\/table>\r\n<\/div>"},"_links":{"self":[{"href":"https:\/\/www.agrobase.com.br\/concursos\/wp-json\/wp\/v2\/posts\/278331","targetHints":{"allow":["GET"]}}],"collection":[{"href":"https:\/\/www.agrobase.com.br\/concursos\/wp-json\/wp\/v2\/posts"}],"about":[{"href":"https:\/\/www.agrobase.com.br\/concursos\/wp-json\/wp\/v2\/types\/post"}],"author":[{"embeddable":true,"href":"https:\/\/www.agrobase.com.br\/concursos\/wp-json\/wp\/v2\/users\/7"}],"replies":[{"embeddable":true,"href":"https:\/\/www.agrobase.com.br\/concursos\/wp-json\/wp\/v2\/comments?post=278331"}],"version-history":[{"count":1,"href":"https:\/\/www.agrobase.com.br\/concursos\/wp-json\/wp\/v2\/posts\/278331\/revisions"}],"predecessor-version":[{"id":278333,"href":"https:\/\/www.agrobase.com.br\/concursos\/wp-json\/wp\/v2\/posts\/278331\/revisions\/278333"}],"wp:featuredmedia":[{"embeddable":true,"href":"https:\/\/www.agrobase.com.br\/concursos\/wp-json\/wp\/v2\/media\/278330"}],"wp:attachment":[{"href":"https:\/\/www.agrobase.com.br\/concursos\/wp-json\/wp\/v2\/media?parent=278331"}],"wp:term":[{"taxonomy":"category","embeddable":true,"href":"https:\/\/www.agrobase.com.br\/concursos\/wp-json\/wp\/v2\/categories?post=278331"},{"taxonomy":"post_tag","embeddable":true,"href":"https:\/\/www.agrobase.com.br\/concursos\/wp-json\/wp\/v2\/tags?post=278331"},{"taxonomy":"_amplo","embeddable":true,"href":"https:\/\/www.agrobase.com.br\/concursos\/wp-json\/wp\/v2\/_amplo?post=278331"},{"taxonomy":"destaque","embeddable":true,"href":"https:\/\/www.agrobase.com.br\/concursos\/wp-json\/wp\/v2\/destaque?post=278331"},{"taxonomy":"instituicoes","embeddable":true,"href":"https:\/\/www.agrobase.com.br\/concursos\/wp-json\/wp\/v2\/instituicoes?post=278331"}],"curies":[{"name":"wp","href":"https:\/\/api.w.org\/{rel}","templated":true}]}}