{"id":278327,"date":"2026-02-25T08:20:41","date_gmt":"2026-02-25T11:20:41","guid":{"rendered":"https:\/\/www.agrobase.com.br\/concursos\/?p=278327"},"modified":"2026-02-24T14:19:00","modified_gmt":"2026-02-24T17:19:00","slug":"ufv-mg-concurso-06-2026","status":"publish","type":"post","link":"https:\/\/www.agrobase.com.br\/concursos\/2026\/ufv-mg-concurso-06-2026\/","title":{"rendered":"UFV (MG) &#8211; Concurso 06\/2026"},"content":{"rendered":"<h2>Informa\u00e7\u00f5es Gerais<\/h2>\n<p>A <strong>Universidade Federal de Vi\u00e7osa (UFV)<\/strong> publicou edital de concurso p\u00fablico destinado ao provimento de cargos da carreira t\u00e9cnico-administrativa da institui\u00e7\u00e3o. O certame oferece <strong>03 vagas imediatas, al\u00e9m de cadastro reserva<\/strong>, para profissionais de n\u00edvel m\u00e9dio\/t\u00e9cnico, com lota\u00e7\u00e3o no Campus Vi\u00e7osa, em Minas Gerais.<\/p>\n<p>O regime de contrata\u00e7\u00e3o \u00e9 <strong>estatut\u00e1rio<\/strong>, regido pela Lei n\u00ba 8.112\/1990, e a remunera\u00e7\u00e3o inicial \u00e9 de <strong>R$ 3.029,90<\/strong>, com jornada de <strong>40 horas semanais<\/strong>.<\/p>\n<p>As vagas s\u00e3o voltadas para a \u00e1rea de <strong>Agropecu\u00e1ria<\/strong>, com destaque para dois cargos de grande interesse para profissionais do setor agr\u00e1rio: <strong>T\u00e9cnico em Agropecu\u00e1ria \u2014 Agronomia<\/strong> (02 vagas + cadastro reserva) e <strong>T\u00e9cnico em Agropecu\u00e1ria \u2014 Bovinocultura de Corte<\/strong> (01 vaga + cadastro reserva). Para ambos os cargos, \u00e9 exigido Ensino M\u00e9dio Profissionalizante na \u00e1rea ou Ensino M\u00e9dio Completo com Curso T\u00e9cnico na \u00e1rea.<\/p>\n<p>Se voc\u00ea possui forma\u00e7\u00e3o t\u00e9cnica em agropecu\u00e1ria e busca estabilidade em uma das mais renomadas universidades federais do pa\u00eds, continue a leitura para conferir todos os detalhes sobre inscri\u00e7\u00f5es, etapas de sele\u00e7\u00e3o e como acompanhar os resultados.<\/p>\n<h2>Inscri\u00e7\u00f5es<\/h2>\n<p>As inscri\u00e7\u00f5es para o concurso p\u00fablico da UFV estar\u00e3o abertas <strong>das 9h do dia 23 de fevereiro de 2026 at\u00e9 as 23h59 do dia 13 de mar\u00e7o de 2026<\/strong>.<\/p>\n<p>A inscri\u00e7\u00e3o ser\u00e1 realizada <strong>exclusivamente pela internet<\/strong>, por meio do site <strong><a href=\"http:\/\/www.concursos.ufv.br\" target=\"_blank\" rel=\"noopener\">www.concursos.ufv.br<\/a><\/strong>. O candidato dever\u00e1 acessar a p\u00e1gina do concurso, preencher o formul\u00e1rio de inscri\u00e7\u00e3o e gerar o boleto banc\u00e1rio para pagamento da taxa.<\/p>\n<p>O valor da <strong>taxa de inscri\u00e7\u00e3o<\/strong> \u00e9 de:<\/p>\n<ul>\n<li><strong>R$ 100,00<\/strong> \u2014 para os cargos de N\u00edvel D (T\u00e9cnico em Agropecu\u00e1ria \u2014 Agronomia e T\u00e9cnico em Agropecu\u00e1ria \u2014 Bovinocultura de Corte).<\/li>\n<\/ul>\n<p>Ap\u00f3s efetuar a inscri\u00e7\u00e3o, \u00e9 fundamental que o candidato acompanhe o status do seu cadastro diretamente no site <strong>www.concursos.ufv.br<\/strong>, verificando a confirma\u00e7\u00e3o do pagamento e eventuais atualiza\u00e7\u00f5es publicadas pela banca organizadora.<\/p>\n<p>Recomendamos a leitura integral do edital para conferir todos os procedimentos de inscri\u00e7\u00e3o, os crit\u00e9rios e prazos para solicita\u00e7\u00e3o de isen\u00e7\u00e3o da taxa, bem como demais orienta\u00e7\u00f5es importantes para garantir a participa\u00e7\u00e3o no certame.<\/p>\n<h2>Etapas e Provas<\/h2>\n<p>O concurso p\u00fablico da Universidade Federal de Vi\u00e7osa ser\u00e1 realizado em <strong>uma \u00fanica etapa<\/strong>, composta por prova te\u00f3rica de <strong>car\u00e1ter eliminat\u00f3rio e classificat\u00f3rio<\/strong>. A estrutura da prova varia conforme o cargo pretendido:<\/p>\n<ul>\n<li><strong>T\u00e9cnico em Agropecu\u00e1ria \u2014 Agronomia:<\/strong> Prova Objetiva + Prova Discursiva.<\/li>\n<li><strong>T\u00e9cnico em Agropecu\u00e1ria \u2014 Bovinocultura de Corte:<\/strong> Prova Objetiva + Prova Pr\u00e1tica.<\/li>\n<\/ul>\n<p><strong>Prova Objetiva<\/strong><\/p>\n<p>A Prova Objetiva ser\u00e1 aplicada no dia <strong>12 de abril de 2026<\/strong>, no <strong>Campus Vi\u00e7osa da UFV<\/strong>. Trata-se de prova de m\u00faltipla escolha, comum a ambos os cargos, abrangendo conhecimentos gerais e espec\u00edficos da \u00e1rea de atua\u00e7\u00e3o.<\/p>\n<p><strong>Prova Discursiva (T\u00e9cnico em Agropecu\u00e1ria \u2014 Agronomia)<\/strong><\/p>\n<p>Destinada aos candidatos classificados na Prova Objetiva conforme crit\u00e9rios definidos no edital. Ser\u00e1 realizada no dia <strong>31 de maio de 2026<\/strong>.<\/p>\n<p><strong>Prova Pr\u00e1tica (T\u00e9cnico em Agropecu\u00e1ria \u2014 Bovinocultura de Corte)<\/strong><\/p>\n<p>Tamb\u00e9m destinada aos candidatos classificados na Prova Objetiva, conforme crit\u00e9rios estabelecidos no edital. Ser\u00e1 aplicada no dia <strong>31 de maio de 2026<\/strong>.<\/p>\n<p>Consulte o edital completo para verificar o conte\u00fado program\u00e1tico detalhado de cada prova, a pontua\u00e7\u00e3o total, os crit\u00e9rios de aprova\u00e7\u00e3o e nota m\u00ednima, bem como o cronograma atualizado do certame.<\/p>\n<h2>Resultados e Gabarito<\/h2>\n<p>Os resultados do concurso p\u00fablico da UFV ser\u00e3o divulgados de forma progressiva, conforme o andamento das etapas de avalia\u00e7\u00e3o. O candidato deve acompanhar todas as publica\u00e7\u00f5es diretamente no site <strong><a href=\"http:\/\/www.concursos.ufv.br\" target=\"_blank\" rel=\"noopener\">www.concursos.ufv.br<\/a><\/strong>.<\/p>\n<p>Ap\u00f3s a aplica\u00e7\u00e3o da Prova Objetiva, ser\u00e3o divulgados o <strong>gabarito preliminar<\/strong> e, posteriormente, o <strong>gabarito definitivo<\/strong>, considerando eventuais recursos interpostos pelos candidatos. Os resultados preliminares e definitivos de cada fase (Prova Objetiva, Prova Discursiva e Prova Pr\u00e1tica) tamb\u00e9m ser\u00e3o publicados no mesmo endere\u00e7o eletr\u00f4nico.<\/p>\n<p>A <strong>classifica\u00e7\u00e3o final<\/strong> dos candidatos aprovados ser\u00e1 elaborada em ordem decrescente de pontua\u00e7\u00e3o final. Em caso de empate, ser\u00e3o aplicados os crit\u00e9rios de desempate previstos no edital.<\/p>\n<p>A <strong>homologa\u00e7\u00e3o<\/strong> da classifica\u00e7\u00e3o final ser\u00e1 realizada pelo <strong>Conselho Universit\u00e1rio (Consu)<\/strong> da UFV e publicada no <strong>Di\u00e1rio Oficial da Uni\u00e3o (DOU)<\/strong>. O Edital de Homologa\u00e7\u00e3o conter\u00e1 os nomes dos candidatos aprovados por ordem de classifica\u00e7\u00e3o. Essa publica\u00e7\u00e3o oficializa o resultado do concurso e autoriza a convoca\u00e7\u00e3o dos aprovados para nomea\u00e7\u00e3o e posse.<\/p>\n<p>Os resultados e demais atos referentes ao certame poder\u00e3o ser consultados em:<\/p>\n<ul>\n<li><strong>Site do concurso:<\/strong> <a href=\"http:\/\/www.concursos.ufv.br\" target=\"_blank\" rel=\"noopener\">www.concursos.ufv.br<\/a><\/li>\n<li><strong>Di\u00e1rio Oficial da Uni\u00e3o (DOU)<\/strong><\/li>\n<\/ul>\n<p><strong>Aten\u00e7\u00e3o:<\/strong> o acompanhamento de todas as publica\u00e7\u00f5es oficiais, incluindo convoca\u00e7\u00f5es, retifica\u00e7\u00f5es e prazos para recursos, \u00e9 de <strong>responsabilidade exclusiva do candidato<\/strong>. Mantenha seus dados atualizados e consulte regularmente os canais oficiais para n\u00e3o perder nenhum prazo importante.<\/p>\n","protected":false},"excerpt":{"rendered":"<p>Concurso UFV (MG) com edital publicado! Vagas p\/ T\u00e9cnicos em Agropecu\u00e1ria (T\u00e9cnico). Inscri\u00e7\u00f5es a partir de 23\/02. Sal\u00e1rio R$ 3k. Confira detalhes!<\/p>\n","protected":false},"author":7,"featured_media":278326,"comment_status":"open","ping_status":"open","sticky":false,"template":"","format":"standard","meta":{"_acf_changed":false,"_breakdance_hide_in_design_set":false,"_breakdance_tags":"","footnotes":""},"categories":[30],"tags":[50],"_amplo":[],"destaque":[],"instituicoes":[],"class_list":["post-278327","post","type-post","status-publish","format-standard","has-post-thumbnail","hentry","category-tecnico-agropecuaria","tag-minas-gerais"],"acf":{"_tipo_vagas":"vagas","_numero_vagas":"","_quadro_vagas":"","_cargos":"diversos","_cargos_especificos":"","_salario_max":"R$ 3029.9","_abertura":"20260223","_encerramento":"20260313","_inscricoes":"http:\/\/www.concursos.ufv.br","_executora_concurso":"","_instituicao_concurso":[],"_link_adicional":null,"_anexos":null,"_produtos":null,"_vagas":"03 vagas + CR","_salario_min":"R$ 3029.9","_instituicao":"UFV","_edital":"https:\/\/www.agrobase.com.br\/concursos\/wp-content\/uploads\/sites\/4\/2026\/02\/edital-06-2026-da-ufv-mg.pdf","_anexos_edital":"","_fund_incompleto":"","_fund_completo":"","_medio":"<div>\r\n<table class=\"quadro\">\r\n<thead>\r\n<tr>\r\n<th class=\"hcargo\">Cargo<\/th>\r\n<th class=\"hvagas\">Vagas<\/th>\r\n<th class=\"hremuneracao\">Remunera\u00e7\u00e3o<\/th>\r\n<\/tr>\r\n<\/thead>\r\n    <tbody>\r\n      <td class=\"ccargos\">\r\n<span data-balloon-length=\"medium\" aria-label=\"Ensino M\u00e9dio Profissionalizante na \u00e1rea ou Ensino M\u00e9dio Completo com Curso T\u00e9cnico na \u00e1rea\" data-balloon-pos=\"up\">T\u00e9cnico em Agropecu\u00e1ria - Agronomia<\/span><\/td>\r\n<td class=\"cvagas\">02 + CR<\/td>\r\n<td class=\"cremuneracao\">R$ 3.029,90 \/40h<\/td>\r\n<\/tr><td class=\"ccargos\">\r\n<span data-balloon-length=\"medium\" aria-label=\"Ensino M\u00e9dio Profissionalizante na \u00e1rea ou Ensino M\u00e9dio Completo com Curso T\u00e9cnico na \u00e1rea\" data-balloon-pos=\"up\">T\u00e9cnico em Agropecu\u00e1ria - Bovinocultura de Corte<\/span><\/td>\r\n<td class=\"cvagas\">01 + CR<\/td>\r\n<td class=\"cremuneracao\">R$ 3.029,90 \/40h<\/td>\r\n<\/tr>\r\n    <\/tbody>\r\n  <\/table>\r\n<\/div>","_superior":""},"_links":{"self":[{"href":"https:\/\/www.agrobase.com.br\/concursos\/wp-json\/wp\/v2\/posts\/278327","targetHints":{"allow":["GET"]}}],"collection":[{"href":"https:\/\/www.agrobase.com.br\/concursos\/wp-json\/wp\/v2\/posts"}],"about":[{"href":"https:\/\/www.agrobase.com.br\/concursos\/wp-json\/wp\/v2\/types\/post"}],"author":[{"embeddable":true,"href":"https:\/\/www.agrobase.com.br\/concursos\/wp-json\/wp\/v2\/users\/7"}],"replies":[{"embeddable":true,"href":"https:\/\/www.agrobase.com.br\/concursos\/wp-json\/wp\/v2\/comments?post=278327"}],"version-history":[{"count":1,"href":"https:\/\/www.agrobase.com.br\/concursos\/wp-json\/wp\/v2\/posts\/278327\/revisions"}],"predecessor-version":[{"id":278329,"href":"https:\/\/www.agrobase.com.br\/concursos\/wp-json\/wp\/v2\/posts\/278327\/revisions\/278329"}],"wp:featuredmedia":[{"embeddable":true,"href":"https:\/\/www.agrobase.com.br\/concursos\/wp-json\/wp\/v2\/media\/278326"}],"wp:attachment":[{"href":"https:\/\/www.agrobase.com.br\/concursos\/wp-json\/wp\/v2\/media?parent=278327"}],"wp:term":[{"taxonomy":"category","embeddable":true,"href":"https:\/\/www.agrobase.com.br\/concursos\/wp-json\/wp\/v2\/categories?post=278327"},{"taxonomy":"post_tag","embeddable":true,"href":"https:\/\/www.agrobase.com.br\/concursos\/wp-json\/wp\/v2\/tags?post=278327"},{"taxonomy":"_amplo","embeddable":true,"href":"https:\/\/www.agrobase.com.br\/concursos\/wp-json\/wp\/v2\/_amplo?post=278327"},{"taxonomy":"destaque","embeddable":true,"href":"https:\/\/www.agrobase.com.br\/concursos\/wp-json\/wp\/v2\/destaque?post=278327"},{"taxonomy":"instituicoes","embeddable":true,"href":"https:\/\/www.agrobase.com.br\/concursos\/wp-json\/wp\/v2\/instituicoes?post=278327"}],"curies":[{"name":"wp","href":"https:\/\/api.w.org\/{rel}","templated":true}]}}