{"id":278311,"date":"2026-02-25T07:40:40","date_gmt":"2026-02-25T10:40:40","guid":{"rendered":"https:\/\/www.agrobase.com.br\/concursos\/?p=278311"},"modified":"2026-02-24T12:59:04","modified_gmt":"2026-02-24T15:59:04","slug":"prefeitura-ituverava-sp-selecao-publica-01-2026","status":"publish","type":"post","link":"https:\/\/www.agrobase.com.br\/concursos\/2026\/prefeitura-ituverava-sp-selecao-publica-01-2026\/","title":{"rendered":"Prefeitura Ituverava (SP) &#8211; Sele\u00e7\u00e3o P\u00fablica 01\/2026"},"content":{"rendered":"<h2>Informa\u00e7\u00f5es Gerais<\/h2>\n<p>A <strong>Prefeitura Municipal de Ituverava\/SP<\/strong> publicou o edital do <strong>Processo Seletivo n\u00ba 001\/2026<\/strong>, de provas e provas e t\u00edtulos, destinado ao provimento de vagas em seu quadro de pessoal. O certame oferece <strong>29 vagas imediatas, al\u00e9m de forma\u00e7\u00e3o de cadastro reserva<\/strong>, distribu\u00eddas entre fun\u00e7\u00f5es de <strong>n\u00edvel m\u00e9dio\/t\u00e9cnico e n\u00edvel superior<\/strong>.<\/p>\n<p>As remunera\u00e7\u00f5es variam de <strong>R$ 2.008,43 a R$ 5.495,96<\/strong> (para cargos com vencimento fixo mensal), havendo tamb\u00e9m fun\u00e7\u00f5es de professor com remunera\u00e7\u00e3o por hora-aula. A carga hor\u00e1ria varia conforme a fun\u00e7\u00e3o, de 20h a 40h semanais.<\/p>\n<p>Entre as oportunidades de <strong>n\u00edvel m\u00e9dio<\/strong>, destacam-se os cargos de <strong>Monitor de Educa\u00e7\u00e3o Especial<\/strong> (20 vagas + CR) e <strong>Agente Comunit\u00e1rio de Sa\u00fade<\/strong> (2 vagas + CR). J\u00e1 para candidatos de <strong>n\u00edvel superior<\/strong>, h\u00e1 vagas e cadastro reserva nas \u00e1reas de <strong>Sa\u00fade<\/strong> \u2014 incluindo Enfermeiro, Cirurgi\u00e3o Dentista (Cl\u00ednico Geral, Periodontista e Pacientes com Necessidades Especiais) e Terapeuta Ocupacional \u2014 e na \u00e1rea de <strong>Educa\u00e7\u00e3o<\/strong>, com diversas fun\u00e7\u00f5es de Professor de Educa\u00e7\u00e3o B\u00e1sica (PEB I e PEB II em m\u00faltiplas disciplinas), Professor de Educa\u00e7\u00e3o Infantil e Psicopedagogo.<\/p>\n<p>O cargo de <strong>Professor de Educa\u00e7\u00e3o B\u00e1sica II \u2013 Ci\u00eancias F\u00edsicas e Biol\u00f3gicas<\/strong> pode interessar especialmente a profissionais com forma\u00e7\u00e3o em <strong>Ci\u00eancias Biol\u00f3gicas<\/strong>, \u00e1rea de destaque para nosso p\u00fablico.<\/p>\n<p>Confira a seguir todos os detalhes sobre inscri\u00e7\u00f5es, etapas de sele\u00e7\u00e3o e como acompanhar os resultados deste processo seletivo em Ituverava, no interior de S\u00e3o Paulo.<\/p>\n<h2>Inscri\u00e7\u00f5es<\/h2>\n<p>As inscri\u00e7\u00f5es para o Processo Seletivo n\u00ba 001\/2026 da Prefeitura de Ituverava\/SP estar\u00e3o abertas <strong>a partir das 13h do dia 20 de fevereiro de 2026 at\u00e9 as 13h do dia 05 de mar\u00e7o de 2026<\/strong>. O procedimento \u00e9 realizado <strong>exclusivamente pela internet<\/strong>, por meio do site da <strong>GL Consultoria<\/strong>.<\/p>\n<p>Para se inscrever, o candidato deve acessar o endere\u00e7o eletr\u00f4nico <strong><a href=\"http:\/\/www.glconsultoria.com.br\" target=\"_blank\" rel=\"noopener\">www.glconsultoria.com.br<\/a><\/strong>, localizar o processo seletivo da Prefeitura de Ituverava, preencher o formul\u00e1rio de inscri\u00e7\u00e3o com seus dados pessoais, selecionar a fun\u00e7\u00e3o desejada e gerar o boleto banc\u00e1rio para pagamento da taxa de inscri\u00e7\u00e3o.<\/p>\n<p>Os valores das taxas de inscri\u00e7\u00e3o s\u00e3o os seguintes:<\/p>\n<ul>\n<li><strong>N\u00edvel M\u00e9dio\/T\u00e9cnico:<\/strong> R$ 60,00;<\/li>\n<li><strong>N\u00edvel Superior:<\/strong> R$ 80,00.<\/li>\n<\/ul>\n<p>\u00c9 importante observar que o per\u00edodo de inscri\u00e7\u00e3o poder\u00e1 ser prorrogado por necessidade de ordem t\u00e9cnica e\/ou operacional, a crit\u00e9rio da GL Consultoria. Portanto, recomenda-se n\u00e3o deixar a inscri\u00e7\u00e3o para o \u00faltimo momento.<\/p>\n<p>Candidatos que atendam aos requisitos legais para <strong>isen\u00e7\u00e3o da taxa de inscri\u00e7\u00e3o<\/strong> devem verificar no edital os crit\u00e9rios, documentos exigidos e o prazo espec\u00edfico para solicita\u00e7\u00e3o, que geralmente \u00e9 anterior ao encerramento das inscri\u00e7\u00f5es.<\/p>\n<p>Ap\u00f3s efetuar a inscri\u00e7\u00e3o e o pagamento, o candidato deve acompanhar a confirma\u00e7\u00e3o e o status de sua inscri\u00e7\u00e3o diretamente na \u00e1rea do candidato no site da GL Consultoria. Recomenda-se a <strong>leitura integral do edital<\/strong> para conhecer todos os procedimentos, prazos e condi\u00e7\u00f5es aplic\u00e1veis.<\/p>\n<h2>Etapas e Provas<\/h2>\n<p>O Processo Seletivo n\u00ba 001\/2026 da Prefeitura de Ituverava\/SP ser\u00e1 composto por at\u00e9 duas etapas de avalia\u00e7\u00e3o, conforme a fun\u00e7\u00e3o p\u00fablica pretendida:<\/p>\n<ul>\n<li><strong>Prova Objetiva de M\u00faltipla Escolha (PVO)<\/strong> \u2014 de car\u00e1ter <strong>classificat\u00f3rio e eliminat\u00f3rio<\/strong>, aplicada a <strong>todos os candidatos inscritos<\/strong>. Tem como objetivo verificar o dom\u00ednio te\u00f3rico do candidato sobre os conte\u00fados previstos no programa do edital. A prova est\u00e1 prevista para o dia <strong>22 de mar\u00e7o de 2026<\/strong>.<\/li>\n<li><strong>Avalia\u00e7\u00e3o de T\u00edtulos (AVT)<\/strong> \u2014 de car\u00e1ter <strong>exclusivamente classificat\u00f3rio<\/strong>, destinada \u00e0s fun\u00e7\u00f5es para as quais o edital prev\u00ea essa etapa. O objetivo \u00e9 atribuir pontua\u00e7\u00e3o adicional com base na forma\u00e7\u00e3o acad\u00eamica comprovadamente compat\u00edvel com as atribui\u00e7\u00f5es da fun\u00e7\u00e3o p\u00fablica.<\/li>\n<\/ul>\n<p>A <strong>Prova Objetiva<\/strong> ser\u00e1 composta por quest\u00f5es de m\u00faltipla escolha, abrangendo disciplinas e conte\u00fados definidos no programa do edital para cada fun\u00e7\u00e3o. Os candidatos devem consultar o edital para verificar as disciplinas cobradas, a quantidade de quest\u00f5es, a pontua\u00e7\u00e3o total, os crit\u00e9rios de aprova\u00e7\u00e3o e a nota m\u00ednima exigida para cada cargo.<\/p>\n<p>A <strong>Avalia\u00e7\u00e3o de T\u00edtulos<\/strong> ser\u00e1 aplicada apenas aos cargos que exigem essa etapa, conforme especificado no edital. Os t\u00edtulos aceitos, a pontua\u00e7\u00e3o atribu\u00edda a cada um e os procedimentos para apresenta\u00e7\u00e3o dos documentos devem ser consultados diretamente no edital.<\/p>\n<p>Recomenda-se a leitura completa do edital para conhecer o <strong>conte\u00fado program\u00e1tico detalhado<\/strong>, os crit\u00e9rios de aprova\u00e7\u00e3o, a dura\u00e7\u00e3o das provas e o cronograma atualizado de cada etapa.<\/p>\n<h2>Resultados e Gabarito<\/h2>\n<p>Os candidatos aprovados no Processo Seletivo n\u00ba 001\/2026 da Prefeitura de Ituverava\/SP ser\u00e3o classificados por <strong>ordem decrescente da pontua\u00e7\u00e3o final<\/strong>. A composi\u00e7\u00e3o dessa pontua\u00e7\u00e3o considerar\u00e1:<\/p>\n<ul>\n<li>Os pontos obtidos na <strong>Prova Objetiva de M\u00faltipla Escolha (PVO)<\/strong> para todos os candidatos;<\/li>\n<li>A soma dos pontos da PVO com a pontua\u00e7\u00e3o da <strong>Avalia\u00e7\u00e3o de T\u00edtulos (AVT)<\/strong>, quando aplic\u00e1vel \u00e0 fun\u00e7\u00e3o.<\/li>\n<\/ul>\n<p>Os crit\u00e9rios de desempate entre candidatos com a mesma pontua\u00e7\u00e3o final est\u00e3o definidos no edital e devem ser consultados para conhecimento completo das regras aplic\u00e1veis.<\/p>\n<p>O <strong>resultado final<\/strong> do processo seletivo ser\u00e1 <strong>homologado pelo Prefeito Municipal de Ituverava\/SP<\/strong>, sendo o resultado final homologado publicado no <strong>Di\u00e1rio Oficial do Munic\u00edpio<\/strong>. A homologa\u00e7\u00e3o \u00e9 o ato administrativo que oficializa e valida todo o certame, autorizando a convoca\u00e7\u00e3o dos aprovados para posse ou contrata\u00e7\u00e3o.<\/p>\n<p>Os candidatos devem acompanhar todas as publica\u00e7\u00f5es oficiais \u2014 incluindo gabaritos preliminares e definitivos, resultados parciais e finais, bem como eventuais retifica\u00e7\u00f5es \u2014 pelos seguintes canais:<\/p>\n<ul>\n<li><strong>Site da GL Consultoria:<\/strong> <a href=\"http:\/\/www.glconsultoria.com.br\" target=\"_blank\" rel=\"noopener\">www.glconsultoria.com.br<\/a><\/li>\n<li><strong>Di\u00e1rio Oficial do Munic\u00edpio de Ituverava\/SP<\/strong><\/li>\n<\/ul>\n<p>A validade do processo seletivo e a possibilidade de prorroga\u00e7\u00e3o devem ser verificadas diretamente no edital.<\/p>\n<p><strong>Aten\u00e7\u00e3o:<\/strong> o acompanhamento de todas as etapas, publica\u00e7\u00f5es, prazos para recursos e convoca\u00e7\u00f5es \u00e9 de <strong>responsabilidade exclusiva do candidato<\/strong>. N\u00e3o ser\u00e3o enviadas notifica\u00e7\u00f5es individuais, cabendo ao interessado consultar regularmente os canais oficiais de divulga\u00e7\u00e3o.<\/p>\n","protected":false},"excerpt":{"rendered":"<p>Processo Seletivo Pref. Ituverava (SP) com edital publicado! Vagas p\/ Monitor e Enfermeiro (M\u00e9dio a Sup.). Inscri\u00e7\u00f5es a partir de 20\/02. Confira detalhes!<\/p>\n","protected":false},"author":7,"featured_media":278310,"comment_status":"open","ping_status":"open","sticky":false,"template":"","format":"standard","meta":{"_acf_changed":false,"_breakdance_hide_in_design_set":false,"_breakdance_tags":"","footnotes":""},"categories":[6433,141,6434,12,111,100,20,6871,116,24,25,26,134],"tags":[62],"_amplo":[],"destaque":[],"instituicoes":[],"class_list":["post-278311","post","type-post","status-publish","format-standard","has-post-thumbnail","hentry","category-biologia-licenciatura","category-educacao-artistica","category-educacao-fisica-licenciatura","category-enfermagem","category-geografia","category-historia","category-letras","category-letras-ingles","category-matematica","category-odontologia","category-pedagogia","category-psicologia","category-terapia-ocupacional","tag-sao-paulo"],"acf":{"_tipo_vagas":"vagas","_numero_vagas":"","_quadro_vagas":"","_cargos":"diversos","_cargos_especificos":"","_salario_max":"R$ 5495.96","_abertura":"20260220","_encerramento":"20260305","_inscricoes":"http:\/\/www.glconsultoria.com.br","_executora_concurso":"","_instituicao_concurso":[],"_link_adicional":null,"_anexos":null,"_produtos":null,"_vagas":"29 vagas + CR","_salario_min":"R$ 2008.43","_instituicao":"Prefeitura Municipal de Ituverava","_edital":"https:\/\/www.agrobase.com.br\/concursos\/wp-content\/uploads\/sites\/4\/2026\/02\/edital-01-2026-da-prefeitura-de-ituverava-sp.pdf","_anexos_edital":"","_fund_incompleto":"","_fund_completo":"","_medio":"<div>\r\n<table class=\"quadro\">\r\n<thead>\r\n<tr>\r\n<th class=\"hcargo\">Cargo<\/th>\r\n<th class=\"hvagas\">Vagas<\/th>\r\n<th class=\"hremuneracao\">Remunera\u00e7\u00e3o<\/th>\r\n<\/tr>\r\n<\/thead>\r\n    <tbody>\r\n      <td class=\"ccargos\">\r\n<span data-balloon-length=\"medium\" aria-label=\"Ensino m\u00e9dio completo e residir na \u00e1rea de abrang\u00eancia\" data-balloon-pos=\"up\">Agente Comunit\u00e1rio de Sa\u00fade<\/span><\/td>\r\n<td class=\"cvagas\">02 + CR<\/td>\r\n<td class=\"cremuneracao\">R$ 3.087,01 \/40h<\/td>\r\n<\/tr><td class=\"ccargos\">\r\n<span data-balloon-length=\"medium\" aria-label=\"Ensino m\u00e9dio completo\" data-balloon-pos=\"up\">Monitor de Educa\u00e7\u00e3o Especial<\/span><\/td>\r\n<td class=\"cvagas\">20 + CR<\/td>\r\n<td class=\"cremuneracao\">R$ 2.008,43 \/40h<\/td>\r\n<\/tr>\r\n    <\/tbody>\r\n  <\/table>\r\n<\/div>","_superior":"<div>\r\n<table class=\"quadro\">\r\n<thead>\r\n<tr>\r\n<th class=\"hcargo\">Cargo<\/th>\r\n<th class=\"hvagas\">Vagas<\/th>\r\n<th class=\"hremuneracao\">Remunera\u00e7\u00e3o<\/th>\r\n<\/tr>\r\n<\/thead>\r\n    <tbody>\r\n      <tr>\r\n<td class=\"ccargos\">\r\n<span data-balloon-length=\"medium\" aria-label=\"Gradua\u00e7\u00e3o em Odontologia e registro no conselho de classe\" data-balloon-pos=\"up\">Cirurgi\u00e3o Dentista - Cl\u00ednico Geral<\/span><\/td>\r\n<td class=\"cvagas\">01 + CR<\/td>\r\n<td class=\"cremuneracao\">R$ 4.087,76 \/20h<\/td>\r\n<\/tr><tr>\r\n<td class=\"ccargos\">\r\n<span data-balloon-length=\"medium\" aria-label=\"Gradua\u00e7\u00e3o em Odontologia, registro no conselho e experi\u00eancia\/especializa\u00e7\u00e3o na \u00e1rea\" data-balloon-pos=\"up\">Cirurgi\u00e3o Dentista - Pacientes com Necessidades Especiais<\/span><\/td>\r\n<td class=\"cvagas\">01 + CR<\/td>\r\n<td class=\"cremuneracao\">R$ 4.087,76 \/20h<\/td>\r\n<\/tr><tr>\r\n<td class=\"ccargos\">\r\n<span data-balloon-length=\"medium\" aria-label=\"Gradua\u00e7\u00e3o em Odontologia, registro no conselho e especializa\u00e7\u00e3o\/atualiza\u00e7\u00e3o na \u00e1rea\" data-balloon-pos=\"up\">Cirurgi\u00e3o Dentista - Periodontista<\/span><\/td>\r\n<td class=\"cvagas\">01 + CR<\/td>\r\n<td class=\"cremuneracao\">R$ 4.087,76 \/20h<\/td>\r\n<\/tr><tr>\r\n<td class=\"ccargos\">\r\n<span data-balloon-length=\"medium\" aria-label=\"Gradua\u00e7\u00e3o em Enfermagem e registro no COREN\" data-balloon-pos=\"up\">Enfermeiro<\/span><\/td>\r\n<td class=\"cvagas\">01 + CR<\/td>\r\n<td class=\"cremuneracao\">R$ 5.495,96 \/40h<\/td>\r\n<\/tr><tr>\r\n<td class=\"ccargos\">\r\n<span data-balloon-length=\"medium\" aria-label=\"Curso Normal Superior ou Licenciatura em Pedagogia\" data-balloon-pos=\"up\">Professor de Educa\u00e7\u00e3o B\u00e1sica I<\/span><\/td>\r\n<td class=\"cvagas\">CR<\/td>\r\n<td class=\"cremuneracao\">R$ 25,53 \/30h\/aula<\/td>\r\n<\/tr><tr>\r\n<td class=\"ccargos\">\r\n<span data-balloon-length=\"medium\" aria-label=\"Curso Superior de Licenciatura em \u00e1rea espec\u00edfica\" data-balloon-pos=\"up\">Professor de Educa\u00e7\u00e3o B\u00e1sica II - Artes<\/span><\/td>\r\n<td class=\"cvagas\">CR<\/td>\r\n<td class=\"cremuneracao\">R$ 28,83 \/24h10\/aula<\/td>\r\n<\/tr><tr>\r\n<td class=\"ccargos\">\r\n<span data-balloon-length=\"medium\" aria-label=\"Curso Superior de Licenciatura em \u00e1rea espec\u00edfica\" data-balloon-pos=\"up\">Professor de Educa\u00e7\u00e3o B\u00e1sica II - Ci\u00eancias F\u00edsicas e Biol\u00f3gicas<\/span><\/td>\r\n<td class=\"cvagas\">CR<\/td>\r\n<td class=\"cremuneracao\">R$ 28,83 \/24h10\/aula<\/td>\r\n<\/tr><tr>\r\n<td class=\"ccargos\">\r\n<span data-balloon-length=\"medium\" aria-label=\"Curso Superior de Licenciatura em \u00e1rea espec\u00edfica e registro no conselho\" data-balloon-pos=\"up\">Professor de Educa\u00e7\u00e3o B\u00e1sica II - Educa\u00e7\u00e3o F\u00edsica<\/span><\/td>\r\n<td class=\"cvagas\">CR<\/td>\r\n<td class=\"cremuneracao\">R$ 28,83 \/24h10\/aula<\/td>\r\n<\/tr><tr>\r\n<td class=\"ccargos\">\r\n<span data-balloon-length=\"medium\" aria-label=\"Licenciatura em Educa\u00e7\u00e3o Especial ou Pedagogia com especializa\u00e7\u00e3o espec\u00edfica\" data-balloon-pos=\"up\">Professor de Educa\u00e7\u00e3o B\u00e1sica II - Educa\u00e7\u00e3o Especial TEA\/DI<\/span><\/td>\r\n<td class=\"cvagas\">CR<\/td>\r\n<td class=\"cremuneracao\">R$ 28,83 \/24h10\/aula<\/td>\r\n<\/tr><tr>\r\n<td class=\"ccargos\">\r\n<span data-balloon-length=\"medium\" aria-label=\"Curso Superior de Licenciatura em \u00e1rea espec\u00edfica\" data-balloon-pos=\"up\">Professor de Educa\u00e7\u00e3o B\u00e1sica II - Geografia<\/span><\/td>\r\n<td class=\"cvagas\">CR<\/td>\r\n<td class=\"cremuneracao\">R$ 28,83 \/24h10\/aula<\/td>\r\n<\/tr><tr>\r\n<td class=\"ccargos\">\r\n<span data-balloon-length=\"medium\" aria-label=\"Curso Superior de Licenciatura em \u00e1rea espec\u00edfica\" data-balloon-pos=\"up\">Professor de Educa\u00e7\u00e3o B\u00e1sica II - Hist\u00f3ria<\/span><\/td>\r\n<td class=\"cvagas\">CR<\/td>\r\n<td class=\"cremuneracao\">R$ 28,83 \/24h10\/aula<\/td>\r\n<\/tr><tr>\r\n<td class=\"ccargos\">\r\n<span data-balloon-length=\"medium\" aria-label=\"Curso Superior de Licenciatura em \u00e1rea espec\u00edfica\" data-balloon-pos=\"up\">Professor de Educa\u00e7\u00e3o B\u00e1sica II - L\u00edngua Estrangeira Moderna - Ingl\u00eas<\/span><\/td>\r\n<td class=\"cvagas\">CR<\/td>\r\n<td class=\"cremuneracao\">R$ 28,83 \/24h10\/aula<\/td>\r\n<\/tr><tr>\r\n<td class=\"ccargos\">\r\n<span data-balloon-length=\"medium\" aria-label=\"Curso Superior de Licenciatura em \u00e1rea espec\u00edfica\" data-balloon-pos=\"up\">Professor de Educa\u00e7\u00e3o B\u00e1sica II - L\u00edngua Portuguesa<\/span><\/td>\r\n<td class=\"cvagas\">CR<\/td>\r\n<td class=\"cremuneracao\">R$ 28,83 \/24h10\/aula<\/td>\r\n<\/tr><tr>\r\n<td class=\"ccargos\">\r\n<span data-balloon-length=\"medium\" aria-label=\"Curso Superior de Licenciatura em \u00e1rea espec\u00edfica\" data-balloon-pos=\"up\">Professor de Educa\u00e7\u00e3o B\u00e1sica II - Matem\u00e1tica<\/span><\/td>\r\n<td class=\"cvagas\">CR<\/td>\r\n<td class=\"cremuneracao\">R$ 28,83 \/24h10\/aula<\/td>\r\n<\/tr><tr>\r\n<td class=\"ccargos\">\r\n<span data-balloon-length=\"medium\" aria-label=\"Curso Normal Superior ou Licenciatura em Pedagogia\" data-balloon-pos=\"up\">Professor de Educa\u00e7\u00e3o Infantil<\/span><\/td>\r\n<td class=\"cvagas\">CR<\/td>\r\n<td class=\"cremuneracao\">R$ 25,49 \/27h30\/aula<\/td>\r\n<\/tr><tr>\r\n<td class=\"ccargos\">\r\n<span data-balloon-length=\"medium\" aria-label=\"Superior Completo em Psicologia, Pedagogia ou \u00e1reas afins\" data-balloon-pos=\"up\">Psicopedagogo<\/span><\/td>\r\n<td class=\"cvagas\">02 + CR<\/td>\r\n<td class=\"cremuneracao\">R$ 3.087,01 \/30h<\/td>\r\n<\/tr><tr>\r\n<td class=\"ccargos\">\r\n<span data-balloon-length=\"medium\" aria-label=\"Gradua\u00e7\u00e3o em Terapia Ocupacional e registro no conselho\" data-balloon-pos=\"up\">Terapeuta Ocupacional<\/span><\/td>\r\n<td class=\"cvagas\">01 + CR<\/td>\r\n<td class=\"cremuneracao\">R$ 2.171,87 \/20h<\/td>\r\n<\/tr>\r\n    <\/tbody>\r\n  <\/table>\r\n<\/div>"},"_links":{"self":[{"href":"https:\/\/www.agrobase.com.br\/concursos\/wp-json\/wp\/v2\/posts\/278311","targetHints":{"allow":["GET"]}}],"collection":[{"href":"https:\/\/www.agrobase.com.br\/concursos\/wp-json\/wp\/v2\/posts"}],"about":[{"href":"https:\/\/www.agrobase.com.br\/concursos\/wp-json\/wp\/v2\/types\/post"}],"author":[{"embeddable":true,"href":"https:\/\/www.agrobase.com.br\/concursos\/wp-json\/wp\/v2\/users\/7"}],"replies":[{"embeddable":true,"href":"https:\/\/www.agrobase.com.br\/concursos\/wp-json\/wp\/v2\/comments?post=278311"}],"version-history":[{"count":2,"href":"https:\/\/www.agrobase.com.br\/concursos\/wp-json\/wp\/v2\/posts\/278311\/revisions"}],"predecessor-version":[{"id":278315,"href":"https:\/\/www.agrobase.com.br\/concursos\/wp-json\/wp\/v2\/posts\/278311\/revisions\/278315"}],"wp:featuredmedia":[{"embeddable":true,"href":"https:\/\/www.agrobase.com.br\/concursos\/wp-json\/wp\/v2\/media\/278310"}],"wp:attachment":[{"href":"https:\/\/www.agrobase.com.br\/concursos\/wp-json\/wp\/v2\/media?parent=278311"}],"wp:term":[{"taxonomy":"category","embeddable":true,"href":"https:\/\/www.agrobase.com.br\/concursos\/wp-json\/wp\/v2\/categories?post=278311"},{"taxonomy":"post_tag","embeddable":true,"href":"https:\/\/www.agrobase.com.br\/concursos\/wp-json\/wp\/v2\/tags?post=278311"},{"taxonomy":"_amplo","embeddable":true,"href":"https:\/\/www.agrobase.com.br\/concursos\/wp-json\/wp\/v2\/_amplo?post=278311"},{"taxonomy":"destaque","embeddable":true,"href":"https:\/\/www.agrobase.com.br\/concursos\/wp-json\/wp\/v2\/destaque?post=278311"},{"taxonomy":"instituicoes","embeddable":true,"href":"https:\/\/www.agrobase.com.br\/concursos\/wp-json\/wp\/v2\/instituicoes?post=278311"}],"curies":[{"name":"wp","href":"https:\/\/api.w.org\/{rel}","templated":true}]}}