{"id":278271,"date":"2026-02-24T08:40:00","date_gmt":"2026-02-24T11:40:00","guid":{"rendered":"https:\/\/www.agrobase.com.br\/concursos\/?p=278271"},"modified":"2026-02-23T14:40:02","modified_gmt":"2026-02-23T17:40:02","slug":"prefeitura-rio-preto-da-eva-am-selecao-simplificada-01-2026","status":"publish","type":"post","link":"https:\/\/www.agrobase.com.br\/concursos\/2026\/prefeitura-rio-preto-da-eva-am-selecao-simplificada-01-2026\/","title":{"rendered":"Prefeitura Rio Preto da Eva (AM) &#8211; Sele\u00e7\u00e3o Simplificada 01\/2026"},"content":{"rendered":"<h2>Informa\u00e7\u00f5es Gerais<\/h2>\n<p>A <strong>Prefeitura Municipal de Rio Preto da Eva<\/strong>, no estado do Amazonas, por meio da <strong>Secretaria Municipal de Educa\u00e7\u00e3o, Cultura e Desporto (SEMECD)<\/strong>, tornou p\u00fablico o edital do <strong>Processo Seletivo Simplificado (PSS)<\/strong> destinado \u00e0 forma\u00e7\u00e3o de cadastro reserva e ao preenchimento de vagas tempor\u00e1rias na \u00e1rea da educa\u00e7\u00e3o municipal. O certame \u00e9 executado tecnicamente pela empresa <strong>MAR Consultoria LTDA<\/strong> e tem como base legal o art. 37, inciso IX, da Constitui\u00e7\u00e3o Federal, al\u00e9m das Leis Municipais n\u00ba 240\/2003 e n\u00ba 330\/2010.<\/p>\n<p>O processo seletivo oferece <strong>14 vagas imediatas + cadastro reserva (CR)<\/strong>, com remunera\u00e7\u00f5es que variam de <strong>R$ 1.621,00 a R$ 3.100,00<\/strong>, contemplando cargos de <strong>n\u00edvel m\u00e9dio\/t\u00e9cnico e n\u00edvel superior<\/strong>, sob regime de <strong>contrata\u00e7\u00e3o tempor\u00e1ria<\/strong>.<\/p>\n<p>No n\u00edvel superior, as oportunidades abrangem diversas \u00e1reas da doc\u00eancia e do suporte pedag\u00f3gico, incluindo Professor de Educa\u00e7\u00e3o Infantil, Professor do Ensino Fundamental (Anos Iniciais), Professor de Educa\u00e7\u00e3o F\u00edsica, L\u00edngua Portuguesa, L\u00edngua Inglesa, Matem\u00e1tica, Geografia, Hist\u00f3ria, Artes, <strong>Professor de Ci\u00eancias (com exig\u00eancia de Licenciatura em Ci\u00eancias Biol\u00f3gicas ou Ci\u00eancias Naturais)<\/strong>, Professor de Atendimento Educacional Especializado (AEE), Professor Ind\u00edgena, al\u00e9m de vagas para Psic\u00f3logo, Assistente Social, Fonoaudi\u00f3logo e Pedagogo. J\u00e1 no n\u00edvel m\u00e9dio\/t\u00e9cnico, h\u00e1 vagas para Auxiliar de Vida (Educa\u00e7\u00e3o Especial), Merendeira, Vigia Escolar, Monitor de Transporte Escolar e Merendeira Ind\u00edgena.<\/p>\n<p>Confira a seguir todos os detalhes sobre inscri\u00e7\u00f5es, etapas de sele\u00e7\u00e3o e acompanhamento dos resultados do PSS SEMECD de Rio Preto da Eva\/AM.<\/p>\n<h2>Inscri\u00e7\u00f5es<\/h2>\n<p>As inscri\u00e7\u00f5es para o Processo Seletivo Simplificado da SEMECD de Rio Preto da Eva\/AM ser\u00e3o realizadas <strong>exclusivamente pela internet<\/strong>, no site da MAR Consultoria LTDA, no endere\u00e7o <strong>https:\/\/consultoriamar.com.br\/seletivos\/semecd-rpe<\/strong>.<\/p>\n<p>O per\u00edodo de inscri\u00e7\u00f5es ter\u00e1 in\u00edcio \u00e0s <strong>10h (hor\u00e1rio de Manaus\/AM) do dia 16 de fevereiro de 2026<\/strong> e encerramento \u00e0s <strong>17h (hor\u00e1rio de Manaus\/AM) do dia 25 de fevereiro de 2026<\/strong>. N\u00e3o ser\u00e3o aceitas inscri\u00e7\u00f5es fora desse prazo, salvo em caso de prorroga\u00e7\u00e3o oficialmente publicada no Di\u00e1rio Oficial dos Munic\u00edpios, nos murais da Prefeitura e no site da banca organizadora.<\/p>\n<p><strong>O edital n\u00e3o menciona cobran\u00e7a de taxa de inscri\u00e7\u00e3o<\/strong>, o que indica que a participa\u00e7\u00e3o \u00e9 gratuita. Ainda assim, recomenda-se a leitura integral do edital para confirmar essa informa\u00e7\u00e3o e verificar eventuais atualiza\u00e7\u00f5es.<\/p>\n<p>Antes de efetuar a inscri\u00e7\u00e3o, o candidato deve certificar-se de que atende a todos os requisitos estabelecidos no edital para o cargo pretendido. A inscri\u00e7\u00e3o implica plena ci\u00eancia e aceita\u00e7\u00e3o de todas as normas, condi\u00e7\u00f5es e crit\u00e9rios do certame.<\/p>\n<p>\u00c9 importante destacar que os documentos comprobat\u00f3rios (t\u00edtulos, certificados e demais arquivos) dever\u00e3o ser enviados <strong>eletronicamente durante o per\u00edodo de inscri\u00e7\u00e3o<\/strong>, pois n\u00e3o ser\u00e3o aceitos documentos complementares ap\u00f3s o encerramento do prazo. Portanto, organize toda a sua documenta\u00e7\u00e3o com anteced\u00eancia.<\/p>\n<p>Recomendamos a leitura completa do edital para conhecer todos os requisitos espec\u00edficos de cada cargo e os procedimentos detalhados de inscri\u00e7\u00e3o.<\/p>\n<h2>Etapas e Provas<\/h2>\n<p>O Processo Seletivo Simplificado da SEMECD de Rio Preto da Eva\/AM ser\u00e1 realizado em <strong>etapa \u00fanica<\/strong>, de car\u00e1ter <strong>classificat\u00f3rio<\/strong>, composta por <strong>An\u00e1lise Curricular e Prova de T\u00edtulos<\/strong>. Isso significa que n\u00e3o haver\u00e1 aplica\u00e7\u00e3o de provas objetivas, dissertativas ou pr\u00e1ticas \u2014 a sele\u00e7\u00e3o ser\u00e1 feita exclusivamente com base na documenta\u00e7\u00e3o apresentada pelo candidato.<\/p>\n<p>Confira os principais detalhes dessa etapa:<\/p>\n<ul>\n<li><strong>Etapa \u00danica \u2014 An\u00e1lise Curricular e Prova de T\u00edtulos (classificat\u00f3ria):<\/strong> a MAR Consultoria LTDA ser\u00e1 respons\u00e1vel pela an\u00e1lise documental, confer\u00eancia dos arquivos enviados, verifica\u00e7\u00e3o dos requisitos b\u00e1sicos do cargo e atribui\u00e7\u00e3o da pontua\u00e7\u00e3o conforme os crit\u00e9rios definidos no edital.<\/li>\n<li><strong>Formato:<\/strong> toda a an\u00e1lise ser\u00e1 realizada exclusivamente com base nos arquivos enviados eletronicamente pelo candidato durante o per\u00edodo de inscri\u00e7\u00e3o. N\u00e3o ser\u00e3o aceitos documentos complementares ap\u00f3s o encerramento das inscri\u00e7\u00f5es.<\/li>\n<li><strong>Abrang\u00eancia:<\/strong> a etapa se aplica a todos os cargos oferecidos no certame, tanto de n\u00edvel superior quanto de n\u00edvel m\u00e9dio\/t\u00e9cnico.<\/li>\n<li><strong>Crit\u00e9rios de pontua\u00e7\u00e3o:<\/strong> os t\u00edtulos e documentos ser\u00e3o avaliados conforme tabela de pontua\u00e7\u00e3o estabelecida no edital, que define os valores atribu\u00eddos a cada tipo de forma\u00e7\u00e3o acad\u00eamica, experi\u00eancia profissional e demais crit\u00e9rios espec\u00edficos por cargo.<\/li>\n<\/ul>\n<p>Por se tratar de etapa exclusivamente classificat\u00f3ria, a posi\u00e7\u00e3o final do candidato depender\u00e1 diretamente da pontua\u00e7\u00e3o obtida na an\u00e1lise de seus t\u00edtulos e experi\u00eancias. Quanto mais completa e bem documentada for a inscri\u00e7\u00e3o, maiores ser\u00e3o as chances de uma boa classifica\u00e7\u00e3o.<\/p>\n<p>Consulte o edital completo para conhecer a tabela de pontua\u00e7\u00e3o detalhada, os documentos aceitos para cada crit\u00e9rio e as especificidades de cada cargo.<\/p>\n<h2>Resultados e Gabarito<\/h2>\n<p>O <strong>Resultado Preliminar<\/strong> do Processo Seletivo Simplificado da SEMECD de Rio Preto da Eva\/AM ser\u00e1 divulgado conforme o cronograma previsto no Anexo I do edital. Na ocasi\u00e3o, ser\u00e3o publicadas:<\/p>\n<ul>\n<li><strong>Lista geral de classifica\u00e7\u00e3o<\/strong> \u2014 com todos os candidatos classificados por cargo;<\/li>\n<li><strong>Listas espec\u00edficas de cotas<\/strong> \u2014 contemplando candidatos inscritos como Pessoa com Defici\u00eancia (PCD) e candidatos que concorrem por cotas \u00e9tnico-raciais.<\/li>\n<\/ul>\n<p>Ap\u00f3s a divulga\u00e7\u00e3o do resultado preliminar, os candidatos ter\u00e3o a oportunidade de interpor <strong>recursos<\/strong> dentro do prazo estipulado no cronograma. Conclu\u00eddo o julgamento dos recursos pela banca organizadora, ser\u00e1 publicado o <strong>Resultado Final<\/strong> do certame.<\/p>\n<p>A <strong>homologa\u00e7\u00e3o<\/strong> do Processo Seletivo Simplificado ser\u00e1 realizada pela Prefeitura Municipal de Rio Preto da Eva ap\u00f3s a conclus\u00e3o de todas as etapas. A homologa\u00e7\u00e3o \u00e9 o ato administrativo que valida oficialmente o resultado do certame, autorizando a convoca\u00e7\u00e3o dos aprovados para contrata\u00e7\u00e3o tempor\u00e1ria conforme a necessidade da Secretaria de Educa\u00e7\u00e3o.<\/p>\n<p>Todos os resultados e atos oficiais ser\u00e3o publicados nos seguintes canais:<\/p>\n<ul>\n<li><strong>Di\u00e1rio Oficial dos Munic\u00edpios;<\/strong><\/li>\n<li><strong>Mural da Prefeitura Municipal de Rio Preto da Eva;<\/strong><\/li>\n<li><strong>Site da MAR Consultoria LTDA<\/strong> (https:\/\/consultoriamar.com.br).<\/li>\n<\/ul>\n<p>O edital n\u00e3o informa expressamente a validade do processo seletivo nem a possibilidade de prorroga\u00e7\u00e3o. Recomenda-se acompanhar as publica\u00e7\u00f5es oficiais para eventuais atualiza\u00e7\u00f5es sobre esse tema.<\/p>\n<p><strong>Aten\u00e7\u00e3o:<\/strong> o acompanhamento de todas as publica\u00e7\u00f5es, convoca\u00e7\u00f5es e prazos \u00e9 de <strong>responsabilidade exclusiva do candidato<\/strong>. Mantenha seus dados atualizados e consulte regularmente os canais oficiais para n\u00e3o perder nenhuma informa\u00e7\u00e3o importante.<\/p>\n","protected":false},"excerpt":{"rendered":"<p>Sel. Simplificada Pref. Rio Preto da Eva (AM) com edital publicado! Vagas p\/ Professores (M\u00e9dio\/Sup.). Inscri\u00e7\u00f5es a partir de 16\/02. Sal\u00e1rios at\u00e9 R$3.1k. Confira!<\/p>\n","protected":false},"author":7,"featured_media":278270,"comment_status":"open","ping_status":"open","sticky":false,"template":"","format":"standard","meta":{"_acf_changed":false,"_breakdance_hide_in_design_set":false,"_breakdance_tags":"","footnotes":""},"categories":[6433,141,6434,19,111,100,20,6871,116,25,26,101],"tags":[41],"_amplo":[],"destaque":[],"instituicoes":[],"class_list":["post-278271","post","type-post","status-publish","format-standard","has-post-thumbnail","hentry","category-biologia-licenciatura","category-educacao-artistica","category-educacao-fisica-licenciatura","category-fonoaudiologia","category-geografia","category-historia","category-letras","category-letras-ingles","category-matematica","category-pedagogia","category-psicologia","category-servico-social","tag-amazonas"],"acf":{"_tipo_vagas":"vagas","_numero_vagas":"","_quadro_vagas":"","_cargos":"diversos","_cargos_especificos":"","_salario_max":"R$ 3100","_abertura":"20260216","_encerramento":"20260225","_inscricoes":"https:\/\/consultoriamar.com.br\/seletivos\/semecd-rpe","_executora_concurso":"","_instituicao_concurso":[],"_link_adicional":null,"_anexos":null,"_produtos":null,"_vagas":"14 vagas + CR","_salario_min":"R$ 1621","_instituicao":"Prefeitura de Rio Preto da Eva","_edital":"https:\/\/www.agrobase.com.br\/concursos\/wp-content\/uploads\/sites\/4\/2026\/02\/edital-01-2026-da-prefeitura-de-rio-preto-da-eva-am.pdf","_anexos_edital":"https:\/\/www.agrobase.com.br\/concursos\/wp-content\/uploads\/sites\/4\/2026\/02\/anexos-edital-01-2026-da-prefeitura-de-rio-preto-da-eva-am.pdf","_fund_incompleto":"","_fund_completo":"","_medio":"<div>\r\n<table class=\"quadro\">\r\n<thead>\r\n<tr>\r\n<th class=\"hcargo\">Cargo<\/th>\r\n<th class=\"hvagas\">Vagas<\/th>\r\n<th class=\"hremuneracao\">Remunera\u00e7\u00e3o<\/th>\r\n<\/tr>\r\n<\/thead>\r\n    <tbody>\r\n      <td class=\"ccargos\">\r\n<span data-balloon-length=\"medium\" aria-label=\"Ensino m\u00e9dio completo + forma\u00e7\u00e3o em educa\u00e7\u00e3o especial\/inclusiva (180h)\" data-balloon-pos=\"up\">Auxiliar de Vida (Educa\u00e7\u00e3o Especial)<\/span><\/td>\r\n<td class=\"cvagas\">CR<\/td>\r\n<td class=\"cremuneracao\">R$ 1.800,00 \/40h<\/td>\r\n<\/tr><td class=\"ccargos\">\r\n<span data-balloon-length=\"medium\" aria-label=\"Ensino M\u00e9dio completo + Curso na \u00e1rea correlata (60h)\" data-balloon-pos=\"up\">Merendeira<\/span><\/td>\r\n<td class=\"cvagas\">CR<\/td>\r\n<td class=\"cremuneracao\">R$ 1.621,00 \/40h<\/td>\r\n<\/tr><td class=\"ccargos\">\r\n<span data-balloon-length=\"medium\" aria-label=\"Ensino M\u00e9dio completo + Curso de agente de portaria ou Vigia (60h)\" data-balloon-pos=\"up\">Vigia Escolar<\/span><\/td>\r\n<td class=\"cvagas\">CR<\/td>\r\n<td class=\"cremuneracao\">R$ 1.621,00 \/40h<\/td>\r\n<\/tr><td class=\"ccargos\">\r\n<span data-balloon-length=\"medium\" aria-label=\"Ensino M\u00e9dio completo + Curso de monitor de transporte escolar (60h)\" data-balloon-pos=\"up\">Monitor de Transporte Escolar<\/span><\/td>\r\n<td class=\"cvagas\">CR<\/td>\r\n<td class=\"cremuneracao\">R$ 1.621,00 \/40h<\/td>\r\n<\/tr><td class=\"ccargos\">\r\n<span data-balloon-length=\"medium\" aria-label=\"Ensino M\u00e9dio completo + anu\u00eancia da lideran\u00e7a ind\u00edgena\" data-balloon-pos=\"up\">Merendeira Ind\u00edgena<\/span><\/td>\r\n<td class=\"cvagas\">01<\/td>\r\n<td class=\"cremuneracao\">R$ 1.621,00 \/40h<\/td>\r\n<\/tr>\r\n    <\/tbody>\r\n  <\/table>\r\n<\/div>","_superior":"<div>\r\n<table class=\"quadro\">\r\n<thead>\r\n<tr>\r\n<th class=\"hcargo\">Cargo<\/th>\r\n<th class=\"hvagas\">Vagas<\/th>\r\n<th class=\"hremuneracao\">Remunera\u00e7\u00e3o<\/th>\r\n<\/tr>\r\n<\/thead>\r\n    <tbody>\r\n      <tr>\r\n<td class=\"ccargos\">\r\n<span data-balloon-length=\"medium\" aria-label=\"Licenciatura em Pedagogia, Normal Superior ou Proinfantil\" data-balloon-pos=\"up\">Professor de Educa\u00e7\u00e3o Infantil - Creche\/Pr\u00e9-escola<\/span><\/td>\r\n<td class=\"cvagas\">CR<\/td>\r\n<td class=\"cremuneracao\">R$ 2.500,00 \/20h<\/td>\r\n<\/tr><tr>\r\n<td class=\"ccargos\">\r\n<span data-balloon-length=\"medium\" aria-label=\"Licenciatura em Pedagogia ou Normal Superior\" data-balloon-pos=\"up\">Professor do Ensino Fundamental - Anos Iniciais<\/span><\/td>\r\n<td class=\"cvagas\">CR<\/td>\r\n<td class=\"cremuneracao\">R$ 2.500,00 \/20h<\/td>\r\n<\/tr><tr>\r\n<td class=\"ccargos\">\r\n<span data-balloon-length=\"medium\" aria-label=\"Licenciatura em Educa\u00e7\u00e3o F\u00edsica e registro no CREF\" data-balloon-pos=\"up\">Professor de Educa\u00e7\u00e3o F\u00edsica<\/span><\/td>\r\n<td class=\"cvagas\">CR<\/td>\r\n<td class=\"cremuneracao\">R$ 2.500,00 \/20h<\/td>\r\n<\/tr><tr>\r\n<td class=\"ccargos\">\r\n<span data-balloon-length=\"medium\" aria-label=\"Licenciatura em Letras - L\u00edngua Portuguesa\" data-balloon-pos=\"up\">Professor de L\u00edngua Portuguesa<\/span><\/td>\r\n<td class=\"cvagas\">CR<\/td>\r\n<td class=\"cremuneracao\">R$ 2.500,00 \/20h<\/td>\r\n<\/tr><tr>\r\n<td class=\"ccargos\">\r\n<span data-balloon-length=\"medium\" aria-label=\"Licenciatura em Letras - Ingl\u00eas\" data-balloon-pos=\"up\">Professor de L\u00edngua Inglesa<\/span><\/td>\r\n<td class=\"cvagas\">CR<\/td>\r\n<td class=\"cremuneracao\">R$ 2.500,00 \/20h<\/td>\r\n<\/tr><tr>\r\n<td class=\"ccargos\">\r\n<span data-balloon-length=\"medium\" aria-label=\"Licenciatura em Matem\u00e1tica\" data-balloon-pos=\"up\">Professor de Matem\u00e1tica<\/span><\/td>\r\n<td class=\"cvagas\">CR<\/td>\r\n<td class=\"cremuneracao\">R$ 2.500,00 \/20h<\/td>\r\n<\/tr><tr>\r\n<td class=\"ccargos\">\r\n<span data-balloon-length=\"medium\" aria-label=\"Licenciatura em Geografia\" data-balloon-pos=\"up\">Professor de Geografia<\/span><\/td>\r\n<td class=\"cvagas\">CR<\/td>\r\n<td class=\"cremuneracao\">R$ 2.500,00 \/20h<\/td>\r\n<\/tr><tr>\r\n<td class=\"ccargos\">\r\n<span data-balloon-length=\"medium\" aria-label=\"Licenciatura em Hist\u00f3ria\" data-balloon-pos=\"up\">Professor de Hist\u00f3ria<\/span><\/td>\r\n<td class=\"cvagas\">CR<\/td>\r\n<td class=\"cremuneracao\">R$ 2.500,00 \/20h<\/td>\r\n<\/tr><tr>\r\n<td class=\"ccargos\">\r\n<span data-balloon-length=\"medium\" aria-label=\"Licenciatura em Ci\u00eancias Biol\u00f3gicas ou Ci\u00eancias Naturais\" data-balloon-pos=\"up\">Professor de Ci\u00eancias<\/span><\/td>\r\n<td class=\"cvagas\">CR<\/td>\r\n<td class=\"cremuneracao\">R$ 2.500,00 \/20h<\/td>\r\n<\/tr><tr>\r\n<td class=\"ccargos\">\r\n<span data-balloon-length=\"medium\" aria-label=\"Licenciatura em Educa\u00e7\u00e3o Art\u00edstica ou Artes\" data-balloon-pos=\"up\">Professor de Artes<\/span><\/td>\r\n<td class=\"cvagas\">CR<\/td>\r\n<td class=\"cremuneracao\">R$ 2.500,00 \/20h<\/td>\r\n<\/tr><tr>\r\n<td class=\"ccargos\">\r\n<span data-balloon-length=\"medium\" aria-label=\"Magist\u00e9rio ind\u00edgena ou cursando Pedagogia (7\u00ba per\u00edodo)\" data-balloon-pos=\"up\">Professor Ind\u00edgena - Pr\u00e9-escola<\/span><\/td>\r\n<td class=\"cvagas\">CR<\/td>\r\n<td class=\"cremuneracao\">R$ 2.500,00 \/20h<\/td>\r\n<\/tr><tr>\r\n<td class=\"ccargos\">\r\n<span data-balloon-length=\"medium\" aria-label=\"Magist\u00e9rio ind\u00edgena ou cursando Pedagogia (7\u00ba per\u00edodo)\" data-balloon-pos=\"up\">Professor Ind\u00edgena - Fundamental Anos Iniciais<\/span><\/td>\r\n<td class=\"cvagas\">CR<\/td>\r\n<td class=\"cremuneracao\">R$ 2.500,00 \/20h<\/td>\r\n<\/tr><tr>\r\n<td class=\"ccargos\">\r\n<span data-balloon-length=\"medium\" aria-label=\"Licenciatura em Pedagogia + Especializa\u00e7\u00e3o em Educa\u00e7\u00e3o Especial\/Inclusiva\" data-balloon-pos=\"up\">Professor - AEE<\/span><\/td>\r\n<td class=\"cvagas\">08<\/td>\r\n<td class=\"cremuneracao\">R$ 2.500,00 \/20h<\/td>\r\n<\/tr><tr>\r\n<td class=\"ccargos\">\r\n<span data-balloon-length=\"medium\" aria-label=\"Licenciatura em Pedagogia + Especializa\u00e7\u00e3o em Educa\u00e7\u00e3o Especial\/Inclusiva\" data-balloon-pos=\"up\">Professor Ind\u00edgena - AEE<\/span><\/td>\r\n<td class=\"cvagas\">01<\/td>\r\n<td class=\"cremuneracao\">R$ 2.500,00 \/20h<\/td>\r\n<\/tr><tr>\r\n<td class=\"ccargos\">\r\n<span data-balloon-length=\"medium\" aria-label=\"Gradua\u00e7\u00e3o em Psicologia + Registro no CRP-20\" data-balloon-pos=\"up\">Psic\u00f3logo<\/span><\/td>\r\n<td class=\"cvagas\">01<\/td>\r\n<td class=\"cremuneracao\">R$ 3.100,00 \/30h<\/td>\r\n<\/tr><tr>\r\n<td class=\"ccargos\">\r\n<span data-balloon-length=\"medium\" aria-label=\"Gradua\u00e7\u00e3o em Servi\u00e7o Social + Registro no CRESS\" data-balloon-pos=\"up\">Assistente Social<\/span><\/td>\r\n<td class=\"cvagas\">01<\/td>\r\n<td class=\"cremuneracao\">R$ 3.100,00 \/30h<\/td>\r\n<\/tr><tr>\r\n<td class=\"ccargos\">\r\n<span data-balloon-length=\"medium\" aria-label=\"Gradua\u00e7\u00e3o em Fonoaudiologia + Registro no conselho\" data-balloon-pos=\"up\">Fonoaudi\u00f3logo<\/span><\/td>\r\n<td class=\"cvagas\">01<\/td>\r\n<td class=\"cremuneracao\">R$ 3.100,00 \/30h<\/td>\r\n<\/tr><tr>\r\n<td class=\"ccargos\">\r\n<span data-balloon-length=\"medium\" aria-label=\"Licenciatura Plena em Pedagogia com p\u00f3s em psicopedagogia\" data-balloon-pos=\"up\">Pedagogo<\/span><\/td>\r\n<td class=\"cvagas\">01<\/td>\r\n<td class=\"cremuneracao\">R$ 2.500,00 \/20h<\/td>\r\n<\/tr>\r\n    <\/tbody>\r\n  <\/table>\r\n<\/div>"},"_links":{"self":[{"href":"https:\/\/www.agrobase.com.br\/concursos\/wp-json\/wp\/v2\/posts\/278271","targetHints":{"allow":["GET"]}}],"collection":[{"href":"https:\/\/www.agrobase.com.br\/concursos\/wp-json\/wp\/v2\/posts"}],"about":[{"href":"https:\/\/www.agrobase.com.br\/concursos\/wp-json\/wp\/v2\/types\/post"}],"author":[{"embeddable":true,"href":"https:\/\/www.agrobase.com.br\/concursos\/wp-json\/wp\/v2\/users\/7"}],"replies":[{"embeddable":true,"href":"https:\/\/www.agrobase.com.br\/concursos\/wp-json\/wp\/v2\/comments?post=278271"}],"version-history":[{"count":1,"href":"https:\/\/www.agrobase.com.br\/concursos\/wp-json\/wp\/v2\/posts\/278271\/revisions"}],"predecessor-version":[{"id":278273,"href":"https:\/\/www.agrobase.com.br\/concursos\/wp-json\/wp\/v2\/posts\/278271\/revisions\/278273"}],"wp:featuredmedia":[{"embeddable":true,"href":"https:\/\/www.agrobase.com.br\/concursos\/wp-json\/wp\/v2\/media\/278270"}],"wp:attachment":[{"href":"https:\/\/www.agrobase.com.br\/concursos\/wp-json\/wp\/v2\/media?parent=278271"}],"wp:term":[{"taxonomy":"category","embeddable":true,"href":"https:\/\/www.agrobase.com.br\/concursos\/wp-json\/wp\/v2\/categories?post=278271"},{"taxonomy":"post_tag","embeddable":true,"href":"https:\/\/www.agrobase.com.br\/concursos\/wp-json\/wp\/v2\/tags?post=278271"},{"taxonomy":"_amplo","embeddable":true,"href":"https:\/\/www.agrobase.com.br\/concursos\/wp-json\/wp\/v2\/_amplo?post=278271"},{"taxonomy":"destaque","embeddable":true,"href":"https:\/\/www.agrobase.com.br\/concursos\/wp-json\/wp\/v2\/destaque?post=278271"},{"taxonomy":"instituicoes","embeddable":true,"href":"https:\/\/www.agrobase.com.br\/concursos\/wp-json\/wp\/v2\/instituicoes?post=278271"}],"curies":[{"name":"wp","href":"https:\/\/api.w.org\/{rel}","templated":true}]}}