{"id":278266,"date":"2026-02-24T08:30:44","date_gmt":"2026-02-24T11:30:44","guid":{"rendered":"https:\/\/www.agrobase.com.br\/concursos\/?p=278266"},"modified":"2026-02-23T14:34:20","modified_gmt":"2026-02-23T17:34:20","slug":"prefeitura-urucara-am-selecao-simplificada-01-2026","status":"publish","type":"post","link":"https:\/\/www.agrobase.com.br\/concursos\/2026\/prefeitura-urucara-am-selecao-simplificada-01-2026\/","title":{"rendered":"Prefeitura Urucar\u00e1 (AM) &#8211; Sele\u00e7\u00e3o Simplificada 01\/2026"},"content":{"rendered":"<h2>Informa\u00e7\u00f5es Gerais<\/h2>\n<p>A <strong>Prefeitura Municipal de Urucar\u00e1<\/strong>, no estado do Amazonas, tornou p\u00fablico o edital do <strong>Processo Seletivo Simplificado (PSS)<\/strong>, destinado \u00e0 contrata\u00e7\u00e3o tempor\u00e1ria de profissionais para suprir a necessidade de recursos humanos no \u00e2mbito do munic\u00edpio. O certame \u00e9 coordenado pela Comiss\u00e3o Organizadora institu\u00edda pela Portaria n\u00ba 119\/2026 e executado tecnicamente pela empresa <strong>MAR Consultoria LTDA<\/strong>.<\/p>\n<p>Ao todo, o Processo Seletivo Simplificado de Urucar\u00e1-AM oferta <strong>187 vagas<\/strong> de contrata\u00e7\u00e3o tempor\u00e1ria, distribu\u00eddas entre cargos de n\u00edveis <strong>Fundamental Incompleto, Fundamental Completo e M\u00e9dio\/T\u00e9cnico<\/strong>. A remunera\u00e7\u00e3o para todos os cargos \u00e9 de <strong>R$ 1.621,00<\/strong>, com carga hor\u00e1ria de 40 horas semanais.<\/p>\n<p>As oportunidades abrangem diversas \u00e1reas de atua\u00e7\u00e3o, com destaque para os seguintes cargos e quantidades de vagas:<\/p>\n<ul>\n<li><strong>Auxiliar de Servi\u00e7os Gerais<\/strong> \u2014 140 vagas (zona urbana) e 40 vagas (zona rural)<\/li>\n<li><strong>Assistente Administrativo(a)<\/strong> \u2014 103 vagas<\/li>\n<li><strong>Vigia<\/strong> \u2014 70 vagas (zona urbana) e 9 vagas (zona rural)<\/li>\n<li><strong>Gari<\/strong> \u2014 60 vagas<\/li>\n<li><strong>Monitor(a) Escolar<\/strong> \u2014 48 vagas<\/li>\n<li><strong>Profissional de Apoio Escolar (Educa\u00e7\u00e3o Especial e Inclusiva)<\/strong> \u2014 39 vagas<\/li>\n<li><strong>Operador de M\u00e1quinas Leves<\/strong> \u2014 15 vagas<\/li>\n<li><strong>Merendeira(o), Porteiro(a), Motorista, Cozinheiro(a), Eletricista, Bombeiro Hidr\u00e1ulico, Carpinteiro e Pedreiro<\/strong> \u2014 demais vagas<\/li>\n<\/ul>\n<p>As inscri\u00e7\u00f5es j\u00e1 possuem per\u00edodo definido e ser\u00e3o realizadas exclusivamente pela internet. Continue a leitura para conferir todos os detalhes sobre como se inscrever, as etapas do processo e a divulga\u00e7\u00e3o dos resultados.<\/p>\n<h2>Inscri\u00e7\u00f5es<\/h2>\n<p>As inscri\u00e7\u00f5es para o Processo Seletivo Simplificado da Prefeitura de Urucar\u00e1-AM ser\u00e3o realizadas <strong>exclusivamente pela internet<\/strong>, por meio do site da MAR Consultoria LTDA.<\/p>\n<p>O per\u00edodo de inscri\u00e7\u00f5es ter\u00e1 in\u00edcio \u00e0s <strong>10h (hor\u00e1rio de Manaus\/AM) do dia 16 de fevereiro de 2026<\/strong> e encerramento \u00e0s <strong>17h (hor\u00e1rio de Manaus\/AM) do dia 25 de fevereiro de 2026<\/strong>. N\u00e3o ser\u00e3o aceitas inscri\u00e7\u00f5es fora desse prazo, salvo em caso de prorroga\u00e7\u00e3o oficialmente publicada no Di\u00e1rio Oficial dos Munic\u00edpios, nos murais da Prefeitura e no site da banca organizadora.<\/p>\n<p>O procedimento de inscri\u00e7\u00e3o deve ser feito no endere\u00e7o eletr\u00f4nico: <strong><a href=\"https:\/\/consultoriamar.com.br\/seletivos\/urucara-pmu\" target=\"_blank\" rel=\"noopener\">https:\/\/consultoriamar.com.br\/seletivos\/urucara-pmu<\/a><\/strong>.<\/p>\n<p>Antes de efetuar a inscri\u00e7\u00e3o, o(a) candidato(a) deve certificar-se de que atende a <strong>todos os requisitos<\/strong> estabelecidos no edital para o cargo pretendido. A inscri\u00e7\u00e3o implica plena ci\u00eancia e aceita\u00e7\u00e3o de todas as normas, condi\u00e7\u00f5es, crit\u00e9rios e responsabilidades contidas no edital.<\/p>\n<p><strong>Importante:<\/strong> o edital n\u00e3o menciona cobran\u00e7a de taxa de inscri\u00e7\u00e3o para este processo seletivo. Recomenda-se a leitura integral do edital e o acompanhamento do site da MAR Consultoria para eventuais atualiza\u00e7\u00f5es ou orienta\u00e7\u00f5es complementares sobre o procedimento de inscri\u00e7\u00e3o.<\/p>\n<h2>Etapas e Provas<\/h2>\n<p>O Processo Seletivo Simplificado da Prefeitura de Urucar\u00e1-AM ser\u00e1 realizado em <strong>etapa \u00fanica<\/strong>, de natureza <strong>classificat\u00f3ria<\/strong>, composta por:<\/p>\n<ul>\n<li><strong>An\u00e1lise Curricular e Prova de T\u00edtulos<\/strong>\n<ul>\n<li><strong>Car\u00e1ter:<\/strong> classificat\u00f3rio<\/li>\n<li><strong>Formato:<\/strong> an\u00e1lise documental dos t\u00edtulos e da experi\u00eancia profissional apresentados pelo candidato no ato da inscri\u00e7\u00e3o<\/li>\n<li><strong>Aplic\u00e1vel a:<\/strong> todos os cargos ofertados<\/li>\n<li><strong>Procedimento:<\/strong> a MAR Consultoria LTDA ser\u00e1 respons\u00e1vel pela an\u00e1lise documental, confer\u00eancia dos arquivos enviados, verifica\u00e7\u00e3o dos requisitos b\u00e1sicos do cargo e atribui\u00e7\u00e3o da pontua\u00e7\u00e3o conforme os crit\u00e9rios estabelecidos no edital<\/li>\n<li><strong>Envio de documentos:<\/strong> a an\u00e1lise ser\u00e1 realizada <strong>exclusivamente<\/strong> com base nos arquivos enviados eletronicamente durante o per\u00edodo de inscri\u00e7\u00f5es. <strong>N\u00e3o ser\u00e3o aceitos documentos complementares ap\u00f3s o encerramento das inscri\u00e7\u00f5es<\/strong><\/li>\n<\/ul>\n<\/li>\n<\/ul>\n<p>\u00c9 fundamental que o candidato organize e digitalize todos os documentos comprobat\u00f3rios \u2014 certificados, diplomas, declara\u00e7\u00f5es e comprovantes de experi\u00eancia profissional \u2014 antes de iniciar a inscri\u00e7\u00e3o, garantindo que os arquivos estejam leg\u00edveis e dentro dos formatos aceitos pelo sistema.<\/p>\n<p>Para conhecer os crit\u00e9rios detalhados de pontua\u00e7\u00e3o da Prova de T\u00edtulos, os documentos aceitos para cada cargo e o cronograma completo do processo, recomenda-se a leitura integral do edital.<\/p>\n<h2>Resultados e Gabarito<\/h2>\n<p>A divulga\u00e7\u00e3o dos resultados do Processo Seletivo Simplificado da Prefeitura de Urucar\u00e1-AM seguir\u00e1 o cronograma estabelecido no Anexo I do edital. Os principais marcos de divulga\u00e7\u00e3o s\u00e3o:<\/p>\n<ul>\n<li><strong>Resultado Preliminar:<\/strong> ser\u00e1 publicado conforme data prevista no cronograma, contendo a lista geral de classifica\u00e7\u00e3o e as listas espec\u00edficas de cotas para Pessoas com Defici\u00eancia (PCD) e candidatos autodeclarados \u00e9tnico-raciais.<\/li>\n<li><strong>Per\u00edodo de recursos:<\/strong> ap\u00f3s a divulga\u00e7\u00e3o do resultado preliminar, os candidatos ter\u00e3o prazo para interpor recursos, conforme previsto no edital.<\/li>\n<li><strong>Resultado Final:<\/strong> ap\u00f3s o julgamento de todos os recursos, ser\u00e1 publicado o resultado final do processo seletivo.<\/li>\n<li><strong>Homologa\u00e7\u00e3o:<\/strong> conclu\u00eddas todas as etapas, o Processo Seletivo ser\u00e1 <strong>homologado pela Prefeitura Municipal de Urucar\u00e1<\/strong> e publicado nos canais oficiais. A homologa\u00e7\u00e3o \u00e9 o ato administrativo que valida oficialmente o resultado do certame, autorizando a convoca\u00e7\u00e3o dos aprovados.<\/li>\n<\/ul>\n<p>Todos os resultados e publica\u00e7\u00f5es oficiais ser\u00e3o divulgados nos seguintes canais:<\/p>\n<ul>\n<li><strong>Di\u00e1rio Oficial dos Munic\u00edpios<\/strong><\/li>\n<li><strong>Mural da Prefeitura Municipal de Urucar\u00e1<\/strong><\/li>\n<li><strong>Site da MAR Consultoria LTDA:<\/strong> <a href=\"https:\/\/consultoriamar.com.br\/seletivos\/urucara-pmu\" target=\"_blank\" rel=\"noopener\">https:\/\/consultoriamar.com.br\/seletivos\/urucara-pmu<\/a><\/li>\n<\/ul>\n<p><strong>Aten\u00e7\u00e3o:<\/strong> o acompanhamento de todas as publica\u00e7\u00f5es, prazos, convoca\u00e7\u00f5es e demais comunicados referentes ao Processo Seletivo Simplificado \u00e9 de <strong>responsabilidade exclusiva do candidato<\/strong>. Recomenda-se consultar regularmente os canais oficiais para n\u00e3o perder nenhum prazo importante.<\/p>\n","protected":false},"excerpt":{"rendered":"<p>Sel. Simplificada Pref. Urucar\u00e1 (AM) com edital publicado! 187 vagas p\/ Monit. Escolar e Assist. Adm. (Fund. a T\u00e9c.). Inscri\u00e7\u00f5es a partir de 16\/02. Confira!<\/p>\n","protected":false},"author":7,"featured_media":278265,"comment_status":"open","ping_status":"open","sticky":false,"template":"","format":"standard","meta":{"_acf_changed":false,"_breakdance_hide_in_design_set":false,"_breakdance_tags":"","footnotes":""},"categories":[1],"tags":[41],"_amplo":[],"destaque":[],"instituicoes":[],"class_list":["post-278266","post","type-post","status-publish","format-standard","has-post-thumbnail","hentry","category-sem-categoria","tag-amazonas"],"acf":{"_tipo_vagas":"vagas","_numero_vagas":"","_quadro_vagas":"","_cargos":"diversos","_cargos_especificos":"","_salario_max":"R$ 1621","_abertura":"20260216","_encerramento":"20260225","_inscricoes":"https:\/\/consultoriamar.com.br\/seletivos\/urucara-pmu","_executora_concurso":"","_instituicao_concurso":[],"_link_adicional":null,"_anexos":null,"_produtos":null,"_vagas":"187 vagas","_salario_min":"R$ 1621","_instituicao":"Prefeitura de Urucar\u00e1","_edital":"https:\/\/www.agrobase.com.br\/concursos\/wp-content\/uploads\/sites\/4\/2026\/02\/edital-01-2026-da-prefeitura-de-urucara-am.pdf","_anexos_edital":"https:\/\/www.agrobase.com.br\/concursos\/wp-content\/uploads\/sites\/4\/2026\/02\/anexos-edital-01-2026-da-prefeitura-de-urucara-am.pdf","_fund_incompleto":"<div>\r\n<table class=\"quadro\">\r\n<thead>\r\n<tr>\r\n<th class=\"hcargo\">Cargo<\/th>\r\n<th class=\"hvagas\">Vagas<\/th>\r\n<th class=\"hremuneracao\">Remunera\u00e7\u00e3o<\/th>\r\n<\/tr>\r\n<\/thead>\r\n    <tbody>\r\n      <td class=\"ccargos\">\r\n<span data-balloon-length=\"medium\" aria-label=\"Grau de instru\u00e7\u00e3o: Ensino fundamental completo. Comprova\u00e7\u00e3o de atua\u00e7\u00e3o na \u00e1rea. Outros requisitos: Condi\u00e7\u00f5es f\u00edsicas condizentes com o esfor\u00e7o exigido.\" data-balloon-pos=\"up\">Administra\u00e7\u00e3o - Bombeiro Hidr\u00e1ulico<\/span><\/td>\r\n<td class=\"cvagas\">02<\/td>\r\n<td class=\"cremuneracao\">R$ 1.621,00 \/40h<\/td>\r\n<\/tr><td class=\"ccargos\">\r\n<span data-balloon-length=\"medium\" aria-label=\"Grau de instru\u00e7\u00e3o: Ensino fundamental incompleto cursado em institui\u00e7\u00e3o reconhecida pelo MEC. Conhecimentos: Saber utilizar os instrumentos de trabalho e conhecer os materiais utilizados. Habilidade manual.\" data-balloon-pos=\"up\">Administra\u00e7\u00e3o - Carpinteiro<\/span><\/td>\r\n<td class=\"cvagas\">02<\/td>\r\n<td class=\"cremuneracao\">R$ 1.621,00 \/40h<\/td>\r\n<\/tr><td class=\"ccargos\">\r\n<span data-balloon-length=\"medium\" aria-label=\"Grau de instru\u00e7\u00e3o: Ensino Fundamental incompleto cursado em institui\u00e7\u00e3o reconhecida pelo MEC.\" data-balloon-pos=\"up\">Administra\u00e7\u00e3o - Gari<\/span><\/td>\r\n<td class=\"cvagas\">60<\/td>\r\n<td class=\"cremuneracao\">R$ 1.621,00 \/40h<\/td>\r\n<\/tr><td class=\"ccargos\">\r\n<span data-balloon-length=\"medium\" aria-label=\"Grau de instru\u00e7\u00e3o: Ensino Fundamental Incompleto cursado em institui\u00e7\u00e3o reconhecida pelo MEC. Conhecimentos: Utiliza\u00e7\u00e3o dos instrumentos; Conhecimento dos materiais utilizados; No\u00e7\u00f5es de Geometria\" data-balloon-pos=\"up\">Administra\u00e7\u00e3o - Pedreiro<\/span><\/td>\r\n<td class=\"cvagas\">03<\/td>\r\n<td class=\"cremuneracao\">R$ 1.621,00 \/40h<\/td>\r\n<\/tr>\r\n    <\/tbody>\r\n  <\/table>\r\n<\/div>","_fund_completo":"<div>\r\n<table class=\"quadro\">\r\n<thead>\r\n<tr>\r\n<th class=\"hcargo\">Cargo<\/th>\r\n<th class=\"hvagas\">Vagas<\/th>\r\n<th class=\"hremuneracao\">Remunera\u00e7\u00e3o<\/th>\r\n<\/tr>\r\n<\/thead>\r\n    <tbody>\r\n      <td class=\"ccargos\">\r\n<span data-balloon-length=\"medium\" aria-label=\"Ensino Fundamental I Completo cursado em institui\u00e7\u00e3o reconhecida pelo MEC.\" data-balloon-pos=\"up\">Apoio T\u00e9cnico - Auxiliar de Servi\u00e7os Gerais (Zona Rural)<\/span><\/td>\r\n<td class=\"cvagas\">40<\/td>\r\n<td class=\"cremuneracao\">R$ 1.621,00 \/40h<\/td>\r\n<\/tr><td class=\"ccargos\">\r\n<span data-balloon-length=\"medium\" aria-label=\"Ensino Fundamental I Completo reconhecido pelo MEC.\" data-balloon-pos=\"up\">Apoio T\u00e9cnico - Cozinheiro (a) (Zona Rural)<\/span><\/td>\r\n<td class=\"cvagas\">05<\/td>\r\n<td class=\"cremuneracao\">R$ 1.621,00 \/40h<\/td>\r\n<\/tr>\r\n    <\/tbody>\r\n  <\/table>\r\n<\/div>","_medio":"<div>\r\n<table class=\"quadro\">\r\n<thead>\r\n<tr>\r\n<th class=\"hcargo\">Cargo<\/th>\r\n<th class=\"hvagas\">Vagas<\/th>\r\n<th class=\"hremuneracao\">Remunera\u00e7\u00e3o<\/th>\r\n<\/tr>\r\n<\/thead>\r\n    <tbody>\r\n      <td class=\"ccargos\">\r\n<span data-balloon-length=\"medium\" aria-label=\"Certificado de Ensino M\u00e9dio completo + curso de Qualifica\u00e7\u00e3o e Capacita\u00e7\u00e3o de Agente de Alimenta\u00e7\u00e3o Escolar e experi\u00eancia no m\u00ednimo de 06 (seis) meses.\" data-balloon-pos=\"up\">Apoio T\u00e9cnico - Merendeira(o)<\/span><\/td>\r\n<td class=\"cvagas\">12<\/td>\r\n<td class=\"cremuneracao\">R$ 1.621,00 \/40h<\/td>\r\n<\/tr><td class=\"ccargos\">\r\n<span data-balloon-length=\"medium\" aria-label=\"Certificado de Ensino M\u00e9dio completo; Experi\u00eancia m\u00ednima de 06 (seis) meses no cargo; Curso de monitor de transporte escolar, com carga hor\u00e1ria m\u00ednima de 60h.\" data-balloon-pos=\"up\">Apoio T\u00e9cnico - Monitor(a) de Transporte Escolar Terrestre<\/span><\/td>\r\n<td class=\"cvagas\">04<\/td>\r\n<td class=\"cremuneracao\">R$ 1.621,00 \/40h<\/td>\r\n<\/tr><td class=\"ccargos\">\r\n<span data-balloon-length=\"medium\" aria-label=\"Certificado de Ensino M\u00e9dio completo; Experi\u00eancia m\u00ednima de 06 (seis) meses no cargo; Desej\u00e1vel Curso de monitor escolar, com carga hor\u00e1ria m\u00ednima de 60h.\" data-balloon-pos=\"up\">Apoio T\u00e9cnico - Monitor(a) Escolar<\/span><\/td>\r\n<td class=\"cvagas\">48<\/td>\r\n<td class=\"cremuneracao\">R$ 1.621,00 \/40h<\/td>\r\n<\/tr><td class=\"ccargos\">\r\n<span data-balloon-length=\"medium\" aria-label=\"Ensino M\u00e9dio completo; Experi\u00eancia m\u00ednima de 06 meses no cargo; Curso de agente de portaria com a carga hor\u00e1ria m\u00ednima de 60h.\" data-balloon-pos=\"up\">Apoio T\u00e9cnico - Porteiro(a)<\/span><\/td>\r\n<td class=\"cvagas\">12<\/td>\r\n<td class=\"cremuneracao\">R$ 1.621,00 \/40h<\/td>\r\n<\/tr><td class=\"ccargos\">\r\n<span data-balloon-length=\"medium\" aria-label=\"Ensino M\u00e9dio completo e Capacita\u00e7\u00e3o em educa\u00e7\u00e3o especial\/ou educa\u00e7\u00e3o inclusiva com a carga hor\u00e1ria m\u00ednima de 100h.\" data-balloon-pos=\"up\">Apoio T\u00e9cnico - Profissional de Apoio Escolar (Educa\u00e7\u00e3o Especial e Inclusiva)<\/span><\/td>\r\n<td class=\"cvagas\">39<\/td>\r\n<td class=\"cremuneracao\">R$ 1.621,00 \/40h<\/td>\r\n<\/tr><td class=\"ccargos\">\r\n<span data-balloon-length=\"medium\" aria-label=\"N\u00edvel M\u00e9dio Completo reconhecido pelo MEC. Conhecimentos de inform\u00e1tica.\" data-balloon-pos=\"up\">Administra\u00e7\u00e3o - Assistente Administrativo (a)<\/span><\/td>\r\n<td class=\"cvagas\">103<\/td>\r\n<td class=\"cremuneracao\">R$ 1.621,00 \/40h<\/td>\r\n<\/tr>\r\n    <\/tbody>\r\n  <\/table>\r\n<\/div>","_superior":""},"_links":{"self":[{"href":"https:\/\/www.agrobase.com.br\/concursos\/wp-json\/wp\/v2\/posts\/278266","targetHints":{"allow":["GET"]}}],"collection":[{"href":"https:\/\/www.agrobase.com.br\/concursos\/wp-json\/wp\/v2\/posts"}],"about":[{"href":"https:\/\/www.agrobase.com.br\/concursos\/wp-json\/wp\/v2\/types\/post"}],"author":[{"embeddable":true,"href":"https:\/\/www.agrobase.com.br\/concursos\/wp-json\/wp\/v2\/users\/7"}],"replies":[{"embeddable":true,"href":"https:\/\/www.agrobase.com.br\/concursos\/wp-json\/wp\/v2\/comments?post=278266"}],"version-history":[{"count":1,"href":"https:\/\/www.agrobase.com.br\/concursos\/wp-json\/wp\/v2\/posts\/278266\/revisions"}],"predecessor-version":[{"id":278268,"href":"https:\/\/www.agrobase.com.br\/concursos\/wp-json\/wp\/v2\/posts\/278266\/revisions\/278268"}],"wp:featuredmedia":[{"embeddable":true,"href":"https:\/\/www.agrobase.com.br\/concursos\/wp-json\/wp\/v2\/media\/278265"}],"wp:attachment":[{"href":"https:\/\/www.agrobase.com.br\/concursos\/wp-json\/wp\/v2\/media?parent=278266"}],"wp:term":[{"taxonomy":"category","embeddable":true,"href":"https:\/\/www.agrobase.com.br\/concursos\/wp-json\/wp\/v2\/categories?post=278266"},{"taxonomy":"post_tag","embeddable":true,"href":"https:\/\/www.agrobase.com.br\/concursos\/wp-json\/wp\/v2\/tags?post=278266"},{"taxonomy":"_amplo","embeddable":true,"href":"https:\/\/www.agrobase.com.br\/concursos\/wp-json\/wp\/v2\/_amplo?post=278266"},{"taxonomy":"destaque","embeddable":true,"href":"https:\/\/www.agrobase.com.br\/concursos\/wp-json\/wp\/v2\/destaque?post=278266"},{"taxonomy":"instituicoes","embeddable":true,"href":"https:\/\/www.agrobase.com.br\/concursos\/wp-json\/wp\/v2\/instituicoes?post=278266"}],"curies":[{"name":"wp","href":"https:\/\/api.w.org\/{rel}","templated":true}]}}