{"id":278256,"date":"2026-02-24T08:10:48","date_gmt":"2026-02-24T11:10:48","guid":{"rendered":"https:\/\/www.agrobase.com.br\/concursos\/?p=278256"},"modified":"2026-02-23T14:06:30","modified_gmt":"2026-02-23T17:06:30","slug":"furb-sc-selecao-simplificada-03-2026","status":"publish","type":"post","link":"https:\/\/www.agrobase.com.br\/concursos\/2026\/furb-sc-selecao-simplificada-03-2026\/","title":{"rendered":"FURB (SC) &#8211; Sele\u00e7\u00e3o Simplificada 03\/2026"},"content":{"rendered":"<h2>Informa\u00e7\u00f5es Gerais<\/h2>\n<p>A <strong>Funda\u00e7\u00e3o Universidade Regional de Blumenau (FURB)<\/strong>, por meio da Pr\u00f3-Reitoria de Administra\u00e7\u00e3o e da Divis\u00e3o de Gest\u00e3o e Desenvolvimento de Pessoas, publicou o edital do <strong>Processo Seletivo P\u00fablico e Simplificado (PSPS)<\/strong> destinado \u00e0 contrata\u00e7\u00e3o tempor\u00e1ria de servidores para o <strong>Centro Especializado em Reabilita\u00e7\u00e3o F\u00edsica e Intelectual \u2013 CER<\/strong>, localizado em <strong>Blumenau\/SC<\/strong>.<\/p>\n<p>O certame oferece vagas em <strong>cadastro reserva (CR)<\/strong> para profissionais de <strong>n\u00edvel superior<\/strong>, com remunera\u00e7\u00f5es que variam de <strong>R$ 5.392,45<\/strong> a <strong>R$ 7.035,98<\/strong>, em regime de contrata\u00e7\u00e3o tempor\u00e1ria, conforme a Lei Municipal n.\u00ba 7.564\/2010 e suas altera\u00e7\u00f5es.<\/p>\n<p>As oportunidades contemplam cinco cargos na \u00e1rea da sa\u00fade e reabilita\u00e7\u00e3o: Fonoaudi\u00f3logo, <strong>Nutricionista<\/strong>, Profissional de Educa\u00e7\u00e3o F\u00edsica, Psicopedagogo e Terapeuta Ocupacional. As cargas hor\u00e1rias s\u00e3o de 30h ou 40h semanais, a depender do cargo escolhido. Todos os cargos exigem gradua\u00e7\u00e3o espec\u00edfica e, quando aplic\u00e1vel, registro ativo no respectivo conselho de classe profissional de Santa Catarina.<\/p>\n<p>Se voc\u00ea \u00e9 profissional da \u00e1rea de reabilita\u00e7\u00e3o e busca uma oportunidade no servi\u00e7o p\u00fablico em Blumenau, continue a leitura para conhecer todos os detalhes sobre inscri\u00e7\u00f5es, etapas do processo seletivo e como acompanhar os resultados.<\/p>\n<h2>Inscri\u00e7\u00f5es<\/h2>\n<p>As inscri\u00e7\u00f5es para o Processo Seletivo Simplificado da FURB para o CER de Blumenau\/SC estar\u00e3o abertas <strong>das 8h do dia 28 de fevereiro de 2026 at\u00e9 as 23h59min do dia 16 de mar\u00e7o de 2026<\/strong>. As inscri\u00e7\u00f5es devem ser realizadas exclusivamente pela internet, por meio do endere\u00e7o eletr\u00f4nico <strong>concursos.furb.br<\/strong>.<\/p>\n<p>Para se inscrever, o candidato dever\u00e1 seguir os seguintes passos:<\/p>\n<ul>\n<li>Acessar o site <strong>concursos.furb.br<\/strong>, selecionar este certame e clicar em Inscri\u00e7\u00e3o online;<\/li>\n<li>Cadastrar o CPF e criar senha de acesso exclusiva ao sistema (ou realizar login, caso j\u00e1 possua cadastro ativo);<\/li>\n<li>Preencher ou atualizar as informa\u00e7\u00f5es pessoais no formul\u00e1rio eletr\u00f4nico;<\/li>\n<li>Selecionar o cargo pretendido;<\/li>\n<li>Anexar os documentos exigidos, quando for o caso;<\/li>\n<li>Conferir os dados informados e finalizar a inscri\u00e7\u00e3o;<\/li>\n<li>Efetuar o pagamento da taxa ou solicitar isen\u00e7\u00e3o, conforme as condi\u00e7\u00f5es do edital.<\/li>\n<\/ul>\n<p>O valor da taxa de inscri\u00e7\u00e3o \u00e9 de <strong>R$ 230,34<\/strong> (duzentos e trinta reais e trinta e quatro centavos), v\u00e1lido para todos os cargos. O pagamento pode ser feito por <strong>boleto banc\u00e1rio<\/strong> ou <strong>Cobran\u00e7a PIX<\/strong> gerada pelo sistema. A data-limite para pagamento da taxa \u00e9 <strong>17 de mar\u00e7o de 2026<\/strong>.<\/p>\n<p>Antes de efetuar a inscri\u00e7\u00e3o, \u00e9 fundamental que o candidato leia integralmente o edital e se certifique de que preenche todos os requisitos exigidos para o cargo desejado. Recomenda-se acompanhar o status da inscri\u00e7\u00e3o pela \u00c1rea do Candidato no site concursos.furb.br.<\/p>\n<h2>Etapas e Provas<\/h2>\n<p>O Processo Seletivo Simplificado da FURB para o CER de Blumenau\/SC ser\u00e1 composto por duas etapas:<\/p>\n<ul>\n<li><strong>Prova de T\u00edtulos<\/strong> \u2014 car\u00e1ter <strong>facultativo e classificat\u00f3rio<\/strong>. Pode ser realizada por todos os candidatos inscritos, por\u00e9m a pontua\u00e7\u00e3o obtida ser\u00e1 somada apenas para os candidatos aprovados na Prova Objetiva. Os documentos comprobat\u00f3rios devem ser enviados pela \u00c1rea do Candidato no site <strong>concursos.furb.br<\/strong>, na se\u00e7\u00e3o Prova de T\u00edtulos, no per\u00edodo de <strong>8h do dia 28 de fevereiro de 2026 at\u00e9 as 23h59min do dia 16 de mar\u00e7o de 2026<\/strong> (mesmo per\u00edodo das inscri\u00e7\u00f5es).<\/li>\n<li><strong>Prova Objetiva<\/strong> \u2014 car\u00e1ter <strong>eliminat\u00f3rio e classificat\u00f3rio<\/strong>. Ser\u00e1 aplicada no dia <strong>29 de mar\u00e7o de 2026<\/strong>, no <strong>Campus I da FURB<\/strong> (Rua Ant\u00f4nio da Veiga, n.\u00ba 140, Itoupava Seca \u2013 Blumenau\/SC). A prova ter\u00e1 dura\u00e7\u00e3o de <strong>2 (duas) horas<\/strong>, com in\u00edcio \u00e0s <strong>9h15<\/strong> e t\u00e9rmino \u00e0s <strong>11h15<\/strong>. A divulga\u00e7\u00e3o das salas de prova est\u00e1 prevista para o dia <strong>23 de mar\u00e7o de 2026<\/strong>.<\/li>\n<\/ul>\n<p>A Prova Objetiva \u00e9 aplic\u00e1vel a todos os cargos oferecidos no certame. Recomenda-se a leitura integral do edital para conferir o conte\u00fado program\u00e1tico completo, os crit\u00e9rios de pontua\u00e7\u00e3o, as notas m\u00ednimas para aprova\u00e7\u00e3o e demais detalhes sobre cada etapa.<\/p>\n<h2>Resultados e Gabarito<\/h2>\n<p>A divulga\u00e7\u00e3o dos resultados do Processo Seletivo Simplificado da FURB para o CER de Blumenau\/SC seguir\u00e1 o seguinte cronograma:<\/p>\n<ul>\n<li><strong>Caderno de quest\u00f5es e gabarito preliminar da Prova Objetiva:<\/strong> at\u00e9 as 20h do dia <strong>30 de mar\u00e7o de 2026<\/strong>;<\/li>\n<li><strong>Gabarito oficial e resultado da Prova Objetiva:<\/strong> <strong>15 de abril de 2026<\/strong>;<\/li>\n<li><strong>Resultado preliminar do Processo Seletivo:<\/strong> <strong>16 de abril de 2026<\/strong>;<\/li>\n<li><strong>Resultado final do Processo Seletivo:<\/strong> <strong>23 de abril de 2026<\/strong>, em ordem decrescente de nota, contendo n\u00famero de inscri\u00e7\u00e3o, nome do candidato, data de nascimento, classifica\u00e7\u00e3o e nome do cargo.<\/li>\n<\/ul>\n<p>Os resultados e demais publica\u00e7\u00f5es oficiais ser\u00e3o divulgados no site <strong>concursos.furb.br<\/strong>. \u00c9 importante que o candidato fique atento aos prazos de recursos previstos no edital, especialmente ap\u00f3s a divulga\u00e7\u00e3o do gabarito preliminar e dos resultados preliminares.<\/p>\n<p><strong>O acompanhamento de todas as publica\u00e7\u00f5es, convoca\u00e7\u00f5es e eventuais altera\u00e7\u00f5es no cronograma \u00e9 de responsabilidade exclusiva do candidato.<\/strong> Recomenda-se consultar regularmente o site da banca organizadora para n\u00e3o perder nenhum prazo importante.<\/p>\n","protected":false},"excerpt":{"rendered":"<p>Processo Seletivo FURB (SC) com edital publicado! Vagas p\/ Fonoaudi\u00f3logo e Nutricionista (Superior). Inscri\u00e7\u00f5es a partir de 28\/02. Sal\u00e1rios at\u00e9 R$7k. Confira detalhes!<\/p>\n","protected":false},"author":7,"featured_media":278255,"comment_status":"open","ping_status":"open","sticky":false,"template":"","format":"standard","meta":{"_acf_changed":false,"_breakdance_hide_in_design_set":false,"_breakdance_tags":"","footnotes":""},"categories":[11,19,23,25,134],"tags":[61],"_amplo":[],"destaque":[],"instituicoes":[],"class_list":["post-278256","post","type-post","status-publish","format-standard","has-post-thumbnail","hentry","category-educacao-fisica","category-fonoaudiologia","category-nutricao","category-pedagogia","category-terapia-ocupacional","tag-santa-catarina"],"acf":{"_tipo_vagas":"vagas","_numero_vagas":"","_quadro_vagas":"","_cargos":"diversos","_cargos_especificos":"","_salario_max":"R$ 7035.98","_abertura":"20260228","_encerramento":"20260316","_inscricoes":"https:\/\/concursos.furb.br","_executora_concurso":"","_instituicao_concurso":[],"_link_adicional":null,"_anexos":null,"_produtos":null,"_vagas":"Cadastro Reserva","_salario_min":"R$ 5392.45","_instituicao":"FURB","_edital":"https:\/\/www.agrobase.com.br\/concursos\/wp-content\/uploads\/sites\/4\/2026\/02\/edital-03-2026-da-furb-sc.pdf","_anexos_edital":"https:\/\/www.agrobase.com.br\/concursos\/wp-content\/uploads\/sites\/4\/2026\/02\/anexos-edital-03-2026-da-furb-sc.pdf","_fund_incompleto":"","_fund_completo":"","_medio":"","_superior":"<div>\r\n<table class=\"quadro\">\r\n<thead>\r\n<tr>\r\n<th class=\"hcargo\">Cargo<\/th>\r\n<th class=\"hvagas\">Vagas<\/th>\r\n<th class=\"hremuneracao\">Remunera\u00e7\u00e3o<\/th>\r\n<\/tr>\r\n<\/thead>\r\n    <tbody>\r\n      <tr>\r\n<td class=\"ccargos\">\r\n<span data-balloon-length=\"medium\" aria-label=\"Gradua\u00e7\u00e3o em Fonoaudiologia e registro ativo no conselho de classe profissional de SC.\" data-balloon-pos=\"up\">Fonoaudi\u00f3logo<\/span><\/td>\r\n<td class=\"cvagas\">CR<\/td>\r\n<td class=\"cremuneracao\">R$ 5.392,45 \/30h<\/td>\r\n<\/tr><tr>\r\n<td class=\"ccargos\">\r\n<span data-balloon-length=\"medium\" aria-label=\"Gradua\u00e7\u00e3o em Nutri\u00e7\u00e3o e registro ativo no conselho de classe profissional de SC.\" data-balloon-pos=\"up\">Nutricionista<\/span><\/td>\r\n<td class=\"cvagas\">CR<\/td>\r\n<td class=\"cremuneracao\">R$ 5.392,45 \/30h<\/td>\r\n<\/tr><tr>\r\n<td class=\"ccargos\">\r\n<span data-balloon-length=\"medium\" aria-label=\"Gradua\u00e7\u00e3o em Educa\u00e7\u00e3o F\u00edsica (Bacharelado) e registro ativo no conselho de classe profissional de SC.\" data-balloon-pos=\"up\">Profissional de Educa\u00e7\u00e3o F\u00edsica<\/span><\/td>\r\n<td class=\"cvagas\">CR<\/td>\r\n<td class=\"cremuneracao\">R$ 5.392,45 \/30h<\/td>\r\n<\/tr><tr>\r\n<td class=\"ccargos\">\r\n<span data-balloon-length=\"medium\" aria-label=\"Gradua\u00e7\u00e3o em Psicopedagogia ou gradua\u00e7\u00e3o em Pedagogia com p\u00f3s-gradua\u00e7\u00e3o lato sensu em Psicopedagogia.\" data-balloon-pos=\"up\">Psicopedagogo<\/span><\/td>\r\n<td class=\"cvagas\">CR<\/td>\r\n<td class=\"cremuneracao\">R$ 7.035,98 \/40h<\/td>\r\n<\/tr><tr>\r\n<td class=\"ccargos\">\r\n<span data-balloon-length=\"medium\" aria-label=\"Gradua\u00e7\u00e3o em Terapia Ocupacional e registro ativo no conselho de classe profissional de SC.\" data-balloon-pos=\"up\">Terapeuta Ocupacional<\/span><\/td>\r\n<td class=\"cvagas\">CR<\/td>\r\n<td class=\"cremuneracao\">R$ 5.392,45 \/30h<\/td>\r\n<\/tr>\r\n    <\/tbody>\r\n  <\/table>\r\n<\/div>"},"_links":{"self":[{"href":"https:\/\/www.agrobase.com.br\/concursos\/wp-json\/wp\/v2\/posts\/278256","targetHints":{"allow":["GET"]}}],"collection":[{"href":"https:\/\/www.agrobase.com.br\/concursos\/wp-json\/wp\/v2\/posts"}],"about":[{"href":"https:\/\/www.agrobase.com.br\/concursos\/wp-json\/wp\/v2\/types\/post"}],"author":[{"embeddable":true,"href":"https:\/\/www.agrobase.com.br\/concursos\/wp-json\/wp\/v2\/users\/7"}],"replies":[{"embeddable":true,"href":"https:\/\/www.agrobase.com.br\/concursos\/wp-json\/wp\/v2\/comments?post=278256"}],"version-history":[{"count":1,"href":"https:\/\/www.agrobase.com.br\/concursos\/wp-json\/wp\/v2\/posts\/278256\/revisions"}],"predecessor-version":[{"id":278258,"href":"https:\/\/www.agrobase.com.br\/concursos\/wp-json\/wp\/v2\/posts\/278256\/revisions\/278258"}],"wp:featuredmedia":[{"embeddable":true,"href":"https:\/\/www.agrobase.com.br\/concursos\/wp-json\/wp\/v2\/media\/278255"}],"wp:attachment":[{"href":"https:\/\/www.agrobase.com.br\/concursos\/wp-json\/wp\/v2\/media?parent=278256"}],"wp:term":[{"taxonomy":"category","embeddable":true,"href":"https:\/\/www.agrobase.com.br\/concursos\/wp-json\/wp\/v2\/categories?post=278256"},{"taxonomy":"post_tag","embeddable":true,"href":"https:\/\/www.agrobase.com.br\/concursos\/wp-json\/wp\/v2\/tags?post=278256"},{"taxonomy":"_amplo","embeddable":true,"href":"https:\/\/www.agrobase.com.br\/concursos\/wp-json\/wp\/v2\/_amplo?post=278256"},{"taxonomy":"destaque","embeddable":true,"href":"https:\/\/www.agrobase.com.br\/concursos\/wp-json\/wp\/v2\/destaque?post=278256"},{"taxonomy":"instituicoes","embeddable":true,"href":"https:\/\/www.agrobase.com.br\/concursos\/wp-json\/wp\/v2\/instituicoes?post=278256"}],"curies":[{"name":"wp","href":"https:\/\/api.w.org\/{rel}","templated":true}]}}