{"id":278239,"date":"2026-02-24T07:40:27","date_gmt":"2026-02-24T10:40:27","guid":{"rendered":"https:\/\/www.agrobase.com.br\/concursos\/?p=278239"},"modified":"2026-02-23T12:39:30","modified_gmt":"2026-02-23T15:39:30","slug":"prefeitura-baependi-mg-concurso-01-2026","status":"publish","type":"post","link":"https:\/\/www.agrobase.com.br\/concursos\/2026\/prefeitura-baependi-mg-concurso-01-2026\/","title":{"rendered":"Prefeitura Baependi (MG) &#8211; Concurso 01\/2026"},"content":{"rendered":"<h2>Informa\u00e7\u00f5es Gerais<\/h2>\n<p>A <strong>Prefeitura Municipal de Baependi<\/strong>, no estado de <strong>Minas Gerais<\/strong>, publicou o <strong>Edital do Concurso P\u00fablico n\u00ba 001\/2026<\/strong>, destinado ao provimento de cargos efetivos vinculados ao <strong>Programa Estrat\u00e9gia de Sa\u00fade da Fam\u00edlia (ESF)<\/strong> e \u00e0s equipes <strong>eMULTI<\/strong>. O certame est\u00e1 com inscri\u00e7\u00f5es abertas e \u00e9 organizado pelo <strong>INEPAM<\/strong> (Instituto Nacional Especializado em Pesquisa e Apoio aos Munic\u00edpios).<\/p>\n<p>S\u00e3o ofertadas <strong>29 vagas imediatas, al\u00e9m de cadastro reserva<\/strong>, distribu\u00eddas entre 16 cargos de n\u00edveis <strong>Fundamental Completo<\/strong>, <strong>M\u00e9dio\/T\u00e9cnico<\/strong> e <strong>Superior<\/strong>. As contrata\u00e7\u00f5es seguir\u00e3o o <strong>Regime Estatut\u00e1rio<\/strong>, nos termos do Estatuto dos Servidores P\u00fablicos do Munic\u00edpio de Baependi. As remunera\u00e7\u00f5es variam de <strong>R$ 1.553,72<\/strong> a <strong>R$ 10.945,62<\/strong>, com cargas hor\u00e1rias de 20h ou 40h semanais.<\/p>\n<p>Entre os cargos de n\u00edvel fundamental, h\u00e1 vagas para Auxiliar de Servi\u00e7os Gerais, Auxiliar em Sa\u00fade Bucal\/ESF, Motorista e Recepcionista. No n\u00edvel m\u00e9dio\/t\u00e9cnico, o destaque \u00e9 para T\u00e9cnico de Enfermagem ESF, com 8 vagas. J\u00e1 no n\u00edvel superior, as oportunidades abrangem diversas \u00e1reas da sa\u00fade, incluindo M\u00e9dico ESF (7 vagas), Enfermeiro ESF (8 vagas), Cirurgi\u00e3o-Dentista\/ESF, Fisioterapeuta, Farmac\u00eautico, Fonoaudi\u00f3logo, Psic\u00f3logo, M\u00e9dico Ginecologista\/Obstetra, M\u00e9dico Pediatra e Profissional de Educa\u00e7\u00e3o F\u00edsica na Sa\u00fade.<\/p>\n<p>Merece destaque especial a vaga para <strong>Nutricionista eMULTI<\/strong>, com remunera\u00e7\u00e3o de <strong>R$ 2.541,08<\/strong> para carga hor\u00e1ria de 20h semanais \u2014 uma excelente oportunidade para profissionais da \u00e1rea de <strong>Nutri\u00e7\u00e3o<\/strong> que buscam estabilidade no servi\u00e7o p\u00fablico.<\/p>\n<p>O concurso tem validade de <strong>2 anos<\/strong>, podendo ser prorrogado por igual per\u00edodo. Continue a leitura para conferir todos os detalhes sobre inscri\u00e7\u00f5es, etapas de sele\u00e7\u00e3o e como acompanhar os resultados.<\/p>\n<h2>Inscri\u00e7\u00f5es<\/h2>\n<p>As inscri\u00e7\u00f5es para o <strong>Concurso P\u00fablico n\u00ba 001\/2026 da Prefeitura de Baependi\/MG<\/strong> estar\u00e3o abertas <strong>das 10h do dia 13 de abril de 2026 at\u00e9 as 16h do dia 13 de maio de 2026<\/strong>. Todo o processo de inscri\u00e7\u00e3o \u00e9 realizado <strong>exclusivamente pela internet<\/strong>, por meio do site <strong><a href=\"https:\/\/www.inepam.org.br\" target=\"_blank\" rel=\"noopener\">www.inepam.org.br<\/a><\/strong>.<\/p>\n<p>Para se inscrever, o candidato deve acessar o site do INEPAM, localizar o concurso da Prefeitura de Baependi, preencher o formul\u00e1rio de inscri\u00e7\u00e3o indicando o <strong>cargo pretendido<\/strong> e gerar o boleto banc\u00e1rio para pagamento da taxa de inscri\u00e7\u00e3o. \u00c9 importante observar que a 2\u00aa via do boleto estar\u00e1 dispon\u00edvel apenas durante o per\u00edodo de inscri\u00e7\u00f5es.<\/p>\n<p>O <strong>pagamento do boleto banc\u00e1rio<\/strong> poder\u00e1 ser efetuado em qualquer ag\u00eancia banc\u00e1ria ou casa lot\u00e9rica <strong>at\u00e9 o dia 14 de maio de 2026<\/strong>. Aten\u00e7\u00e3o: essa data-limite para pagamento \u00e9 um dia ap\u00f3s o encerramento das inscri\u00e7\u00f5es, portanto o candidato deve se programar para n\u00e3o perder o prazo.<\/p>\n<p>Ap\u00f3s a efetiva\u00e7\u00e3o da inscri\u00e7\u00e3o, \u00e9 <strong>responsabilidade exclusiva do candidato<\/strong> a emiss\u00e3o do boleto banc\u00e1rio e o acompanhamento do status de sua inscri\u00e7\u00e3o pelo site do INEPAM. Recomenda-se verificar periodicamente se o pagamento foi processado e a inscri\u00e7\u00e3o confirmada.<\/p>\n<p>Para informa\u00e7\u00f5es sobre valores das taxas de inscri\u00e7\u00e3o por cargo e eventuais crit\u00e9rios de isen\u00e7\u00e3o, consulte o edital completo dispon\u00edvel nos sites <strong>www.inepam.org.br<\/strong> e <strong>www.baependi.mg.gov.br<\/strong>. A leitura integral do edital \u00e9 indispens\u00e1vel para garantir o cumprimento de todos os requisitos e prazos.<\/p>\n<h2>Etapas e Provas<\/h2>\n<p>O <strong>Concurso P\u00fablico n\u00ba 001\/2026 da Prefeitura de Baependi\/MG<\/strong> ser\u00e1 composto por uma \u00fanica etapa de avalia\u00e7\u00e3o: a <strong>Prova Objetiva<\/strong>, de car\u00e1ter <strong>eliminat\u00f3rio e classificat\u00f3rio<\/strong>, aplicada a todos os cargos.<\/p>\n<ul>\n<li><strong>Prova Objetiva<\/strong>\n<ul>\n<li><strong>Car\u00e1ter:<\/strong> eliminat\u00f3rio e classificat\u00f3rio.<\/li>\n<li><strong>Formato:<\/strong> quest\u00f5es de m\u00faltipla escolha, cada uma com <strong>5 alternativas<\/strong>.<\/li>\n<li><strong>Dura\u00e7\u00e3o:<\/strong> <strong>3 horas<\/strong>, j\u00e1 inclu\u00eddo o tempo para preenchimento da folha de respostas.<\/li>\n<li><strong>Data prov\u00e1vel de aplica\u00e7\u00e3o:<\/strong> <strong>21 de junho de 2026<\/strong>, com fechamento dos port\u00f5es \u00e0s <strong>09h<\/strong>.<\/li>\n<li><strong>Recomenda\u00e7\u00e3o:<\/strong> o candidato deve comparecer ao local de prova com <strong>anteced\u00eancia m\u00ednima de 30 minutos<\/strong> do hor\u00e1rio previsto para o in\u00edcio.<\/li>\n<li><strong>Abrang\u00eancia:<\/strong> todos os cargos ofertados no concurso (n\u00edveis Fundamental, M\u00e9dio\/T\u00e9cnico e Superior).<\/li>\n<\/ul>\n<\/li>\n<\/ul>\n<p>O local de realiza\u00e7\u00e3o da prova ser\u00e1 divulgado por meio de <strong>Edital de Convoca\u00e7\u00e3o<\/strong>, publicado nos sites <strong>www.inepam.org.br<\/strong> e <strong>www.baependi.mg.gov.br<\/strong>. \u00c9 fundamental que o candidato acompanhe as publica\u00e7\u00f5es para verificar seu local e hor\u00e1rio de prova.<\/p>\n<p>Para informa\u00e7\u00f5es detalhadas sobre o <strong>conte\u00fado program\u00e1tico<\/strong> de cada cargo, crit\u00e9rios de pontua\u00e7\u00e3o, nota m\u00ednima para aprova\u00e7\u00e3o e demais regras da prova objetiva, consulte o edital completo e seus anexos, incluindo o cronograma oficial do certame.<\/p>\n<h2>Resultados e Gabarito<\/h2>\n<p>Os resultados e publica\u00e7\u00f5es oficiais do <strong>Concurso P\u00fablico n\u00ba 001\/2026 da Prefeitura de Baependi\/MG<\/strong> ser\u00e3o divulgados nos seguintes canais:<\/p>\n<ul>\n<li><strong>Mural da Prefeitura Municipal de Baependi<\/strong><\/li>\n<li><strong>Site do INEPAM:<\/strong> <a href=\"https:\/\/www.inepam.org.br\" target=\"_blank\" rel=\"noopener\">www.inepam.org.br<\/a><\/li>\n<li><strong>Site da Prefeitura:<\/strong> <a href=\"https:\/\/www.baependi.mg.gov.br\" target=\"_blank\" rel=\"noopener\">www.baependi.mg.gov.br<\/a><\/li>\n<\/ul>\n<p>O <strong>gabarito oficial da prova objetiva<\/strong> ser\u00e1 publicado nos canais acima, conforme cronograma previsto no Anexo VI do edital. Os candidatos devem acompanhar a divulga\u00e7\u00e3o para conferir suas respostas e, se necess\u00e1rio, interpor recursos dentro dos prazos estabelecidos.<\/p>\n<p>Ap\u00f3s a an\u00e1lise de eventuais recursos, ser\u00e1 divulgado o <strong>gabarito definitivo<\/strong>, seguido dos <strong>resultados preliminares<\/strong> da prova objetiva. Os candidatos ter\u00e3o nova oportunidade de recurso antes da publica\u00e7\u00e3o do <strong>resultado definitivo<\/strong>.<\/p>\n<p>A publica\u00e7\u00e3o da <strong>classifica\u00e7\u00e3o final<\/strong> e a <strong>homologa\u00e7\u00e3o do Concurso P\u00fablico<\/strong> est\u00e3o previstas para o dia <strong>17 de julho de 2026<\/strong>. A homologa\u00e7\u00e3o \u00e9 o ato administrativo que oficializa o encerramento do certame e valida seus resultados, autorizando a Prefeitura a convocar os aprovados para nomea\u00e7\u00e3o e posse.<\/p>\n<p>O concurso ter\u00e1 <strong>validade de 2 (dois) anos<\/strong>, contados a partir da data de homologa\u00e7\u00e3o, podendo ser <strong>prorrogado uma \u00fanica vez por igual per\u00edodo<\/strong>, a crit\u00e9rio da Administra\u00e7\u00e3o Municipal. Durante esse prazo, os candidatos aprovados dentro do n\u00famero de vagas e em cadastro reserva poder\u00e3o ser convocados conforme a necessidade do munic\u00edpio.<\/p>\n<p>\u00c9 <strong>responsabilidade exclusiva do candidato<\/strong> acompanhar todas as publica\u00e7\u00f5es, retifica\u00e7\u00f5es e convoca\u00e7\u00f5es nos canais oficiais indicados. A Prefeitura de Baependi e o INEPAM n\u00e3o se responsabilizam por informa\u00e7\u00f5es obtidas em fontes n\u00e3o oficiais. Mantenha seus dados cadastrais atualizados e consulte regularmente os sites da banca e do munic\u00edpio.<\/p>\n","protected":false},"excerpt":{"rendered":"<p>Concurso Pref. Baependi (MG) com edital publicado! Vagas p\/ M\u00e9dico e Enfermeiro (Fund. a Sup.). Inscri\u00e7\u00f5es a partir de 13\/04. Sal\u00e1rios at\u00e9 R$10.9k. Confira!<\/p>\n","protected":false},"author":7,"featured_media":278238,"comment_status":"open","ping_status":"open","sticky":false,"template":"","format":"standard","meta":{"_acf_changed":false,"_breakdance_hide_in_design_set":false,"_breakdance_tags":"","footnotes":""},"categories":[11,12,17,18,19,21,23,24,26,108],"tags":[50],"_amplo":[],"destaque":[],"instituicoes":[],"class_list":["post-278239","post","type-post","status-publish","format-standard","has-post-thumbnail","hentry","category-educacao-fisica","category-enfermagem","category-farmacia","category-fisioterapia","category-fonoaudiologia","category-medicina","category-nutricao","category-odontologia","category-psicologia","category-tecnico-enfermagem","tag-minas-gerais"],"acf":{"_tipo_vagas":"vagas","_numero_vagas":"","_quadro_vagas":"","_cargos":"diversos","_cargos_especificos":"","_salario_max":"R$ 10945.62","_abertura":"20260413","_encerramento":"20260513","_inscricoes":"https:\/\/www.inepam.org.br","_executora_concurso":"","_instituicao_concurso":[],"_link_adicional":null,"_anexos":null,"_produtos":null,"_vagas":"29 vagas + CR","_salario_min":"R$ 1553.72","_instituicao":"Prefeitura de Baependi","_edital":"https:\/\/www.agrobase.com.br\/concursos\/wp-content\/uploads\/sites\/4\/2026\/02\/edital-01-2026-da-prefeitura-de-baependi-mg.pdf","_anexos_edital":"https:\/\/www.agrobase.com.br\/concursos\/wp-content\/uploads\/sites\/4\/2026\/02\/anexos-edital-01-2026-da-prefeitura-de-baependi-mg.pdf","_fund_incompleto":"","_fund_completo":"<div>\r\n<table class=\"quadro\">\r\n<thead>\r\n<tr>\r\n<th class=\"hcargo\">Cargo<\/th>\r\n<th class=\"hvagas\">Vagas<\/th>\r\n<th class=\"hremuneracao\">Remunera\u00e7\u00e3o<\/th>\r\n<\/tr>\r\n<\/thead>\r\n    <tbody>\r\n      <td class=\"ccargos\">\r\n<span data-balloon-length=\"medium\" aria-label=\"Ensino Fundamental Completo\" data-balloon-pos=\"up\">Auxiliar de Servi\u00e7os Gerais<\/span><\/td>\r\n<td class=\"cvagas\">04<\/td>\r\n<td class=\"cremuneracao\">R$ 1.553,72 \/40h<\/td>\r\n<\/tr><td class=\"ccargos\">\r\n<span data-balloon-length=\"medium\" aria-label=\"Ensino Fundamental Completo + Curso de Auxiliar de Sa\u00fade Bucal e registro no Conselho de Classe\" data-balloon-pos=\"up\">Auxiliar em Sa\u00fade Bucal\/ESF<\/span><\/td>\r\n<td class=\"cvagas\">02<\/td>\r\n<td class=\"cremuneracao\">R$ 1.553,72 \/40h<\/td>\r\n<\/tr><td class=\"ccargos\">\r\n<span data-balloon-length=\"medium\" data-balloon-pos=\"up\">Motorista<\/span><\/td>\r\n<td class=\"cvagas\">04<\/td>\r\n<td class=\"cremuneracao\">R$ 1.553,72 \/40h<\/td>\r\n<\/tr><td class=\"ccargos\">\r\n<span data-balloon-length=\"medium\" aria-label=\"Ensino Fundamental Completo\" data-balloon-pos=\"up\">Recepcionista<\/span><\/td>\r\n<td class=\"cvagas\">02<\/td>\r\n<td class=\"cremuneracao\">R$ 1.553,72 \/40h<\/td>\r\n<\/tr>\r\n    <\/tbody>\r\n  <\/table>\r\n<\/div>","_medio":"<div>\r\n<table class=\"quadro\">\r\n<thead>\r\n<tr>\r\n<th class=\"hcargo\">Cargo<\/th>\r\n<th class=\"hvagas\">Vagas<\/th>\r\n<th class=\"hremuneracao\">Remunera\u00e7\u00e3o<\/th>\r\n<\/tr>\r\n<\/thead>\r\n    <tbody>\r\n      <td class=\"ccargos\">\r\n<span data-balloon-length=\"medium\" aria-label=\"Curso T\u00e9cnico em Enfermagem e registro no Conselho de Classe\" data-balloon-pos=\"up\">T\u00e9cnico de Enfermagem ESF<\/span><\/td>\r\n<td class=\"cvagas\">08<\/td>\r\n<td class=\"cremuneracao\">R$ 1.734,43 \/40h<\/td>\r\n<\/tr>\r\n    <\/tbody>\r\n  <\/table>\r\n<\/div>","_superior":"<div>\r\n<table class=\"quadro\">\r\n<thead>\r\n<tr>\r\n<th class=\"hcargo\">Cargo<\/th>\r\n<th class=\"hvagas\">Vagas<\/th>\r\n<th class=\"hremuneracao\">Remunera\u00e7\u00e3o<\/th>\r\n<\/tr>\r\n<\/thead>\r\n    <tbody>\r\n      <tr>\r\n<td class=\"ccargos\">\r\n<span data-balloon-length=\"medium\" aria-label=\"N\u00edvel Superior Completo em Odontologia e registro no Conselho de Classe\" data-balloon-pos=\"up\">Cirurgi\u00e3o-Dentista\/ESF<\/span><\/td>\r\n<td class=\"cvagas\">02<\/td>\r\n<td class=\"cremuneracao\">R$ 4.554,00 \/40h<\/td>\r\n<\/tr><tr>\r\n<td class=\"ccargos\">\r\n<span data-balloon-length=\"medium\" aria-label=\"N\u00edvel Superior Completo em Enfermagem e registro no Conselho de Classe\" data-balloon-pos=\"up\">Enfermeiro ESF<\/span><\/td>\r\n<td class=\"cvagas\">08<\/td>\r\n<td class=\"cremuneracao\">R$ 3.367,69 \/40h<\/td>\r\n<\/tr><tr>\r\n<td class=\"ccargos\">\r\n<span data-balloon-length=\"medium\" aria-label=\"N\u00edvel Superior Completo em Farm\u00e1cia e registro no Conselho de Classe\" data-balloon-pos=\"up\">Farmac\u00eautico - eMULTI<\/span><\/td>\r\n<td class=\"cvagas\">01<\/td>\r\n<td class=\"cremuneracao\">R$ 2.541,08 \/20h<\/td>\r\n<\/tr><tr>\r\n<td class=\"ccargos\">\r\n<span data-balloon-length=\"medium\" aria-label=\"N\u00edvel Superior Completo em Fisioterapia e registro no Conselho de Classe\" data-balloon-pos=\"up\">Fisioterapeuta - eMULTI<\/span><\/td>\r\n<td class=\"cvagas\">02<\/td>\r\n<td class=\"cremuneracao\">R$ 2.541,08 \/20h<\/td>\r\n<\/tr><tr>\r\n<td class=\"ccargos\">\r\n<span data-balloon-length=\"medium\" aria-label=\"N\u00edvel Superior Completo em Fonoaudiologia e registro no Conselho de Classe\" data-balloon-pos=\"up\">Fonoaudi\u00f3logo - eMULTI<\/span><\/td>\r\n<td class=\"cvagas\">01<\/td>\r\n<td class=\"cremuneracao\">R$ 2.189,39 \/20h<\/td>\r\n<\/tr><tr>\r\n<td class=\"ccargos\">\r\n<span data-balloon-length=\"medium\" aria-label=\"N\u00edvel Superior Completo em Medicina e registro no Conselho de Classe\" data-balloon-pos=\"up\">M\u00e9dico ESF<\/span><\/td>\r\n<td class=\"cvagas\">07<\/td>\r\n<td class=\"cremuneracao\">R$ 10.945,62 \/40h<\/td>\r\n<\/tr><tr>\r\n<td class=\"ccargos\">\r\n<span data-balloon-length=\"medium\" aria-label=\"N\u00edvel Superior Completo em Medicina com Especializa\u00e7\u00e3o em Ginecologia\/Obstetr\u00edcia e registro no Conselho de Classe\" data-balloon-pos=\"up\">M\u00e9dico - Ginecologista\/Obstetra eMULTI<\/span><\/td>\r\n<td class=\"cvagas\">01<\/td>\r\n<td class=\"cremuneracao\">R$ 4.039,70 \/20h<\/td>\r\n<\/tr><tr>\r\n<td class=\"ccargos\">\r\n<span data-balloon-length=\"medium\" aria-label=\"N\u00edvel Superior Completo em Medicina com Especializa\u00e7\u00e3o em Pediatria e registro no Conselho de Classe\" data-balloon-pos=\"up\">M\u00e9dico - Pediatra eMULTI<\/span><\/td>\r\n<td class=\"cvagas\">01<\/td>\r\n<td class=\"cremuneracao\">R$ 4.039,70 \/20h<\/td>\r\n<\/tr><tr>\r\n<td class=\"ccargos\">\r\n<span data-balloon-length=\"medium\" aria-label=\"N\u00edvel Superior Completo em Nutri\u00e7\u00e3o e registro no Conselho de Classe\" data-balloon-pos=\"up\">Nutricionista - eMULTI<\/span><\/td>\r\n<td class=\"cvagas\">01<\/td>\r\n<td class=\"cremuneracao\">R$ 2.541,08 \/20h<\/td>\r\n<\/tr><tr>\r\n<td class=\"ccargos\">\r\n<span data-balloon-length=\"medium\" aria-label=\"N\u00edvel Superior Completo em Educa\u00e7\u00e3o F\u00edsica e registro no Conselho de Classe\" data-balloon-pos=\"up\">Profissional de Educa\u00e7\u00e3o F\u00edsica - na Sa\u00fade eMULTI<\/span><\/td>\r\n<td class=\"cvagas\">01<\/td>\r\n<td class=\"cremuneracao\">R$ 2.541,08 \/20h<\/td>\r\n<\/tr><tr>\r\n<td class=\"ccargos\">\r\n<span data-balloon-length=\"medium\" aria-label=\"N\u00edvel Superior Completo em Psicologia e registro no Conselho de Classe\" data-balloon-pos=\"up\">Psic\u00f3logo - eMULTI<\/span><\/td>\r\n<td class=\"cvagas\">02<\/td>\r\n<td class=\"cremuneracao\">R$ 2.274,34 \/20h<\/td>\r\n<\/tr>\r\n    <\/tbody>\r\n  <\/table>\r\n<\/div>"},"_links":{"self":[{"href":"https:\/\/www.agrobase.com.br\/concursos\/wp-json\/wp\/v2\/posts\/278239","targetHints":{"allow":["GET"]}}],"collection":[{"href":"https:\/\/www.agrobase.com.br\/concursos\/wp-json\/wp\/v2\/posts"}],"about":[{"href":"https:\/\/www.agrobase.com.br\/concursos\/wp-json\/wp\/v2\/types\/post"}],"author":[{"embeddable":true,"href":"https:\/\/www.agrobase.com.br\/concursos\/wp-json\/wp\/v2\/users\/7"}],"replies":[{"embeddable":true,"href":"https:\/\/www.agrobase.com.br\/concursos\/wp-json\/wp\/v2\/comments?post=278239"}],"version-history":[{"count":1,"href":"https:\/\/www.agrobase.com.br\/concursos\/wp-json\/wp\/v2\/posts\/278239\/revisions"}],"predecessor-version":[{"id":278241,"href":"https:\/\/www.agrobase.com.br\/concursos\/wp-json\/wp\/v2\/posts\/278239\/revisions\/278241"}],"wp:featuredmedia":[{"embeddable":true,"href":"https:\/\/www.agrobase.com.br\/concursos\/wp-json\/wp\/v2\/media\/278238"}],"wp:attachment":[{"href":"https:\/\/www.agrobase.com.br\/concursos\/wp-json\/wp\/v2\/media?parent=278239"}],"wp:term":[{"taxonomy":"category","embeddable":true,"href":"https:\/\/www.agrobase.com.br\/concursos\/wp-json\/wp\/v2\/categories?post=278239"},{"taxonomy":"post_tag","embeddable":true,"href":"https:\/\/www.agrobase.com.br\/concursos\/wp-json\/wp\/v2\/tags?post=278239"},{"taxonomy":"_amplo","embeddable":true,"href":"https:\/\/www.agrobase.com.br\/concursos\/wp-json\/wp\/v2\/_amplo?post=278239"},{"taxonomy":"destaque","embeddable":true,"href":"https:\/\/www.agrobase.com.br\/concursos\/wp-json\/wp\/v2\/destaque?post=278239"},{"taxonomy":"instituicoes","embeddable":true,"href":"https:\/\/www.agrobase.com.br\/concursos\/wp-json\/wp\/v2\/instituicoes?post=278239"}],"curies":[{"name":"wp","href":"https:\/\/api.w.org\/{rel}","templated":true}]}}