{"id":278173,"date":"2026-02-23T07:00:10","date_gmt":"2026-02-23T10:00:10","guid":{"rendered":"https:\/\/www.agrobase.com.br\/concursos\/?p=278173"},"modified":"2026-02-20T12:11:52","modified_gmt":"2026-02-20T15:11:52","slug":"prefeitura-lavras-mg-concurso-01-2026","status":"publish","type":"post","link":"https:\/\/www.agrobase.com.br\/concursos\/2026\/prefeitura-lavras-mg-concurso-01-2026\/","title":{"rendered":"Prefeitura Lavras (MG) &#8211; Concurso 01\/2026"},"content":{"rendered":"<h2>Informa\u00e7\u00f5es Gerais<\/h2>\n<p>A <strong>Prefeitura Municipal de Lavras<\/strong>, no estado de Minas Gerais, publicou o <strong>Edital n\u00ba 01\/2026<\/strong> para a realiza\u00e7\u00e3o de <strong>Concurso P\u00fablico<\/strong> destinado ao provimento de cargos p\u00fablicos efetivos e \u00e0 forma\u00e7\u00e3o de cadastro de reserva. A organiza\u00e7\u00e3o do certame est\u00e1 sob responsabilidade da <strong>Fundep<\/strong>, banca amplamente reconhecida no cen\u00e1rio de concursos p\u00fablicos.<\/p>\n<p>Ao todo, s\u00e3o ofertadas <strong>169 vagas imediatas, al\u00e9m de cadastro de reserva (CR)<\/strong>, distribu\u00eddas entre cargos de <strong>N\u00edvel M\u00e9dio\/T\u00e9cnico<\/strong> e <strong>N\u00edvel Superior<\/strong>. O regime de contrata\u00e7\u00e3o \u00e9 <strong>estatut\u00e1rio<\/strong>, conforme legisla\u00e7\u00e3o municipal vigente, incluindo o Plano de Cargos, Carreiras e Vencimentos dos Servidores P\u00fablicos do Munic\u00edpio de Lavras (Lei Complementar n\u00ba 448\/2022).<\/p>\n<p>As remunera\u00e7\u00f5es variam de <strong>R$ 1.673,24<\/strong> a <strong>R$ 15.824,89<\/strong>, com cargas hor\u00e1rias que v\u00e3o de 20h a 40h semanais, a depender do cargo.<\/p>\n<p>No <strong>N\u00edvel M\u00e9dio\/T\u00e9cnico<\/strong>, destacam-se vagas para <strong>Monitor de Educa\u00e7\u00e3o Infantil<\/strong> (168 vagas \u2014 o maior quantitativo do edital), <strong>T\u00e9cnico de Enfermagem<\/strong> (20 vagas), <strong>T\u00e9cnico em Laborat\u00f3rio<\/strong> (16 vagas), <strong>Assistente Administrativo<\/strong> (10 vagas) e <strong>Suporte T\u00e9cnico de Tecnologia da Informa\u00e7\u00e3o<\/strong> (4 vagas).<\/p>\n<p>J\u00e1 no <strong>N\u00edvel Superior<\/strong>, o concurso contempla diversas especialidades da \u00e1rea da <strong>Sa\u00fade<\/strong>, com destaque para vagas de <strong>M\u00e9dico<\/strong> em m\u00faltiplas especialidades \u2014 incluindo Sa\u00fade da Fam\u00edlia (com a maior remunera\u00e7\u00e3o do edital: R$ 15.824,89), Psiquiatria, Pediatria, Ginecologia\/Obstetr\u00edcia, Cardiologia, Neurologia, Angiologia, Cirurgia Geral e Endocrinologia \u2014, al\u00e9m de <strong>Farmac\u00eautico<\/strong> e <strong>Terapeuta Ocupacional em Sa\u00fade Mental<\/strong>.<\/p>\n<p>Se voc\u00ea busca estabilidade no servi\u00e7o p\u00fablico em uma cidade refer\u00eancia no sul de Minas Gerais, continue a leitura para conferir todos os detalhes sobre inscri\u00e7\u00f5es, etapas de sele\u00e7\u00e3o e como acompanhar os resultados do Concurso P\u00fablico da Prefeitura de Lavras 2026.<\/p>\n<h2>Inscri\u00e7\u00f5es<\/h2>\n<p>As inscri\u00e7\u00f5es para o Concurso P\u00fablico da Prefeitura Municipal de Lavras \u2013 Edital n\u00ba 01\/2026 estar\u00e3o abertas no per\u00edodo de <strong>9h do dia 16 de mar\u00e7o de 2026<\/strong> at\u00e9 as <strong>17h do dia 16 de abril de 2026<\/strong>.<\/p>\n<p>As inscri\u00e7\u00f5es dever\u00e3o ser realizadas <strong>exclusivamente pela internet<\/strong>, por meio do site da Fundep, no endere\u00e7o eletr\u00f4nico <strong><a href=\"https:\/\/www.gestaodeconcursos.com.br\" target=\"_blank\" rel=\"noopener\">www.gestaodeconcursos.com.br<\/a><\/strong>. O candidato dever\u00e1 acessar o link correspondente ao Concurso P\u00fablico da Prefeitura Municipal de Lavras e seguir os procedimentos indicados no sistema para efetuar sua inscri\u00e7\u00e3o.<\/p>\n<p>Os valores das taxas de inscri\u00e7\u00e3o s\u00e3o os seguintes:<\/p>\n<ul>\n<li><strong>Cargos de N\u00edvel M\u00e9dio e M\u00e9dio T\u00e9cnico:<\/strong> R$ 80,00 (oitenta reais)<\/li>\n<li><strong>Cargos de N\u00edvel Superior:<\/strong> R$ 100,00 (cem reais)<\/li>\n<\/ul>\n<p>Para concluir a inscri\u00e7\u00e3o, o candidato dever\u00e1 gerar o boleto banc\u00e1rio no pr\u00f3prio site e efetuar o pagamento dentro do prazo estipulado no edital. \u00c9 fundamental verificar no edital a data-limite para pagamento do boleto, que pode diferir da data de encerramento das inscri\u00e7\u00f5es.<\/p>\n<p>Recomenda-se que o candidato acompanhe o status de sua inscri\u00e7\u00e3o diretamente na \u00e1rea restrita do sistema de inscri\u00e7\u00f5es, confirmando a regularidade do pagamento e a efetiva\u00e7\u00e3o da candidatura.<\/p>\n<p>Para informa\u00e7\u00f5es sobre crit\u00e9rios e procedimentos de <strong>isen\u00e7\u00e3o da taxa de inscri\u00e7\u00e3o<\/strong>, consulte o edital completo, que detalha os requisitos, documenta\u00e7\u00e3o necess\u00e1ria e prazos espec\u00edficos para solicita\u00e7\u00e3o.<\/p>\n<p>Leia atentamente o <strong>Edital n\u00ba 01\/2026<\/strong> na \u00edntegra antes de realizar sua inscri\u00e7\u00e3o, garantindo o pleno conhecimento de todas as regras, exig\u00eancias e prazos do certame.<\/p>\n<h2>Etapas e Provas<\/h2>\n<p>O Concurso P\u00fablico da Prefeitura Municipal de Lavras ser\u00e1 composto por at\u00e9 duas etapas, conforme o cargo pretendido:<\/p>\n<ul>\n<li><strong>Prova Objetiva<\/strong> \u2014 aplic\u00e1vel a <strong>todos os cargos<\/strong>, de car\u00e1ter <strong>eliminat\u00f3rio e classificat\u00f3rio<\/strong>.<\/li>\n<li><strong>Prova de T\u00edtulos (Acad\u00eamicos)<\/strong> \u2014 aplic\u00e1vel exclusivamente aos <strong>cargos de N\u00edvel Superior<\/strong>, de car\u00e1ter <strong>classificat\u00f3rio<\/strong>.<\/li>\n<\/ul>\n<p><strong>Prova Objetiva<\/strong><\/p>\n<p>A Prova Objetiva est\u00e1 prevista para ser aplicada no dia <strong>17 de maio de 2026<\/strong>, no <strong>turno da manh\u00e3<\/strong>, no munic\u00edpio de <strong>Lavras (MG)<\/strong>. A prova ser\u00e1 composta por quest\u00f5es de m\u00faltipla escolha, abrangendo disciplinas e conte\u00fados program\u00e1ticos definidos no edital para cada cargo.<\/p>\n<p>A Prova Objetiva possui car\u00e1ter eliminat\u00f3rio e classificat\u00f3rio, o que significa que o candidato precisa atingir a <strong>pontua\u00e7\u00e3o m\u00ednima<\/strong> estabelecida no edital para ser considerado aprovado e seguir no certame. Consulte o edital para verificar o n\u00famero de quest\u00f5es, a pontua\u00e7\u00e3o total, as disciplinas cobradas e os crit\u00e9rios de aprova\u00e7\u00e3o espec\u00edficos para o seu cargo.<\/p>\n<p><strong>Prova de T\u00edtulos<\/strong><\/p>\n<p>A Prova de T\u00edtulos ser\u00e1 aplicada somente aos candidatos concorrentes a cargos de <strong>N\u00edvel Superior<\/strong> e ter\u00e1 car\u00e1ter exclusivamente <strong>classificat\u00f3rio<\/strong> \u2014 ou seja, n\u00e3o elimina o candidato, mas pode fazer diferen\u00e7a na posi\u00e7\u00e3o final de classifica\u00e7\u00e3o. A pontua\u00e7\u00e3o m\u00e1xima atribu\u00edda nesta etapa \u00e9 de <strong>6 (seis) pontos<\/strong>, conforme os crit\u00e9rios do Quadro III \u2013 T\u00edtulos de Forma\u00e7\u00e3o Acad\u00eamica, detalhado no edital.<\/p>\n<p>Para conhecer o <strong>conte\u00fado program\u00e1tico completo<\/strong>, a distribui\u00e7\u00e3o de quest\u00f5es por disciplina, os crit\u00e9rios de pontua\u00e7\u00e3o e o cronograma detalhado de cada etapa, consulte o edital na \u00edntegra nos sites <strong>www.gestaodeconcursos.com.br<\/strong> e <strong>www.lavras.mg.gov.br<\/strong>.<\/p>\n<h2>Resultados e Gabarito<\/h2>\n<p>Os resultados de cada etapa do Concurso P\u00fablico da Prefeitura Municipal de Lavras ser\u00e3o divulgados nos endere\u00e7os eletr\u00f4nicos oficiais: <strong><a href=\"https:\/\/www.gestaodeconcursos.com.br\" target=\"_blank\" rel=\"noopener\">www.gestaodeconcursos.com.br<\/a><\/strong> (site da Fundep) e <strong><a href=\"https:\/\/www.lavras.mg.gov.br\" target=\"_blank\" rel=\"noopener\">www.lavras.mg.gov.br<\/a><\/strong> (site da Prefeitura Municipal de Lavras). Os arquivos estar\u00e3o dispon\u00edveis para download diretamente nessas plataformas.<\/p>\n<p>Al\u00e9m dos sites, o extrato de aviso de publica\u00e7\u00e3o dos resultados ser\u00e1 veiculado no <strong>Di\u00e1rio Oficial do Munic\u00edpio de Lavras<\/strong> e no <strong>Quadro de Avisos da Prefeitura Municipal de Lavras<\/strong>.<\/p>\n<p>O processo de divulga\u00e7\u00e3o segue, em linhas gerais, a seguinte ordem:<\/p>\n<ul>\n<li><strong>Gabarito preliminar<\/strong> da Prova Objetiva \u2014 publicado ap\u00f3s a aplica\u00e7\u00e3o da prova, com abertura de prazo para interposi\u00e7\u00e3o de recursos.<\/li>\n<li><strong>Gabarito definitivo<\/strong> \u2014 divulgado ap\u00f3s a an\u00e1lise dos recursos interpostos contra o gabarito preliminar.<\/li>\n<li><strong>Resultado preliminar<\/strong> da Prova Objetiva \u2014 listagem com as notas dos candidatos, com abertura de prazo para recursos.<\/li>\n<li><strong>Resultado definitivo<\/strong> da Prova Objetiva \u2014 publicado ap\u00f3s an\u00e1lise dos recursos.<\/li>\n<li><strong>Resultado da Prova de T\u00edtulos<\/strong> (para cargos de N\u00edvel Superior) \u2014 com etapas preliminar e definitiva, seguindo a mesma l\u00f3gica de recursos.<\/li>\n<li><strong>Resultado final e classifica\u00e7\u00e3o geral<\/strong> \u2014 considerando a soma das notas de todas as etapas aplic\u00e1veis a cada cargo.<\/li>\n<\/ul>\n<p>Os <strong>crit\u00e9rios de desempate<\/strong> est\u00e3o previstos no edital e ser\u00e3o aplicados na classifica\u00e7\u00e3o final quando dois ou mais candidatos obtiverem a mesma pontua\u00e7\u00e3o. Consulte o edital para verificar a ordem dos crit\u00e9rios adotados.<\/p>\n<p>A <strong>homologa\u00e7\u00e3o do resultado final<\/strong> ser\u00e1 realizada por meio de Ato oficial da Prefeitura Municipal de Lavras, ap\u00f3s a conclus\u00e3o de todas as etapas previstas para cada cargo. A homologa\u00e7\u00e3o representa o encerramento formal do certame e autoriza a convoca\u00e7\u00e3o dos aprovados para posse, conforme a necessidade e conveni\u00eancia da Administra\u00e7\u00e3o P\u00fablica.<\/p>\n<p>Informa\u00e7\u00f5es sobre a <strong>validade do concurso<\/strong> e a possibilidade de <strong>prorroga\u00e7\u00e3o<\/strong> devem ser consultadas diretamente no edital completo.<\/p>\n<p><strong>Aten\u00e7\u00e3o:<\/strong> \u00e9 de responsabilidade exclusiva do candidato acompanhar todas as publica\u00e7\u00f5es oficiais referentes ao Concurso P\u00fablico da Prefeitura de Lavras, incluindo convoca\u00e7\u00f5es, retifica\u00e7\u00f5es, resultados e demais comunicados. Mantenha seus dados atualizados e consulte regularmente os canais oficiais para n\u00e3o perder nenhum prazo.<\/p>\n","protected":false},"excerpt":{"rendered":"<p>Concurso Pref. Lavras (MG) com edital publicado! Vagas p\/ Monitor e M\u00e9dico (M\u00e9dio\/Sup.). Inscri\u00e7\u00f5es a partir de 16\/03. Sal\u00e1rios at\u00e9 R$15.8k. Confira detalhes!<\/p>\n","protected":false},"author":7,"featured_media":278172,"comment_status":"open","ping_status":"open","sticky":false,"template":"","format":"standard","meta":{"_acf_changed":false,"_breakdance_hide_in_design_set":false,"_breakdance_tags":"","footnotes":""},"categories":[17,21,108,130,161,134],"tags":[50],"_amplo":[],"destaque":[],"instituicoes":[],"class_list":["post-278173","post","type-post","status-publish","format-standard","has-post-thumbnail","hentry","category-farmacia","category-medicina","category-tecnico-enfermagem","category-tecnico-informatica","category-tecnico-laboratorio","category-terapia-ocupacional","tag-minas-gerais"],"acf":{"_tipo_vagas":"vagas","_numero_vagas":"","_quadro_vagas":"","_cargos":"diversos","_cargos_especificos":"","_salario_max":"R$ 15824.89","_abertura":"20260316","_encerramento":"20260416","_inscricoes":"https:\/\/www.gestaodeconcursos.com.br","_executora_concurso":"","_instituicao_concurso":[],"_link_adicional":null,"_anexos":null,"_produtos":null,"_vagas":"169 vagas + CR","_salario_min":"R$ 1673.24","_instituicao":"Prefeitura Municipal de Lavras","_edital":"https:\/\/www.agrobase.com.br\/concursos\/wp-content\/uploads\/sites\/4\/2026\/02\/edital-01-2026-da-prefeitura-de-lavras-mg.pdf","_anexos_edital":"https:\/\/www.agrobase.com.br\/concursos\/wp-content\/uploads\/sites\/4\/2026\/02\/anexos-edital-01-2026-da-prefeitura-de-lavras-mg.pdf","_fund_incompleto":"","_fund_completo":"","_medio":"<div>\r\n<table class=\"quadro\">\r\n<thead>\r\n<tr>\r\n<th class=\"hcargo\">Cargo<\/th>\r\n<th class=\"hvagas\">Vagas<\/th>\r\n<th class=\"hremuneracao\">Remunera\u00e7\u00e3o<\/th>\r\n<\/tr>\r\n<\/thead>\r\n    <tbody>\r\n      <td class=\"ccargos\">\r\n<span data-balloon-length=\"medium\" aria-label=\"Ensino M\u00e9dio completo\" data-balloon-pos=\"up\">Assistente Administrativo<\/span><\/td>\r\n<td class=\"cvagas\">10<\/td>\r\n<td class=\"cremuneracao\">R$ 1.673,24 \/40h<\/td>\r\n<\/tr><td class=\"ccargos\">\r\n<span data-balloon-length=\"medium\" aria-label=\"Magist\u00e9rio em N\u00edvel M\u00e9dio completo com habilita\u00e7\u00e3o em Educa\u00e7\u00e3o Infantil ou Ensino Normal \/ Magist\u00e9rio ou Ensino M\u00e9dio acrescido de curso de Monitor de Educa\u00e7\u00e3o Infantil com carga m\u00ednima de 160 horas, reconhecido pelo MEC\" data-balloon-pos=\"up\">Monitor de Educa\u00e7\u00e3o Infantil<\/span><\/td>\r\n<td class=\"cvagas\">168<\/td>\r\n<td class=\"cremuneracao\">R$ 2.008,72 \/40h<\/td>\r\n<\/tr><td class=\"ccargos\">\r\n<span data-balloon-length=\"medium\" aria-label=\"Ensino M\u00e9dio completo e Curso T\u00e9cnico Profissionalizante em Enfermagem e registro em \u00f3rg\u00e3o de classe\" data-balloon-pos=\"up\">T\u00e9cnico de Enfermagem<\/span><\/td>\r\n<td class=\"cvagas\">20<\/td>\r\n<td class=\"cremuneracao\">R$ 1.810,62 \/40h<\/td>\r\n<\/tr><td class=\"ccargos\">\r\n<span data-balloon-length=\"medium\" aria-label=\"Curso T\u00e9cnico de N\u00edvel M\u00e9dio completo em Laborat\u00f3rio \/ Ensino M\u00e9dio com T\u00e9cnico Profissionalizante e registro em \u00f3rg\u00e3o de classe\" data-balloon-pos=\"up\">T\u00e9cnico em Laborat\u00f3rio<\/span><\/td>\r\n<td class=\"cvagas\">16<\/td>\r\n<td class=\"cremuneracao\">R$ 1.810,62 \/40h<\/td>\r\n<\/tr><td class=\"ccargos\">\r\n<span data-balloon-length=\"medium\" aria-label=\"Ensino M\u00e9dio completo e Curso T\u00e9cnico em Inform\u00e1tica, Processamento de Dados, Redes de Computadores, Manuten\u00e7\u00e3o de Computadores\" data-balloon-pos=\"up\">Suporte T\u00e9cnico de Tecnologia da Informa\u00e7\u00e3o<\/span><\/td>\r\n<td class=\"cvagas\">4<\/td>\r\n<td class=\"cremuneracao\">R$ 1.810,62 \/40h<\/td>\r\n<\/tr>\r\n    <\/tbody>\r\n  <\/table>\r\n<\/div>","_superior":"<div>\r\n<table class=\"quadro\">\r\n<thead>\r\n<tr>\r\n<th class=\"hcargo\">Cargo<\/th>\r\n<th class=\"hvagas\">Vagas<\/th>\r\n<th class=\"hremuneracao\">Remunera\u00e7\u00e3o<\/th>\r\n<\/tr>\r\n<\/thead>\r\n    <tbody>\r\n      <tr>\r\n<td class=\"ccargos\">\r\n<span data-balloon-length=\"medium\" aria-label=\"Curso de N\u00edvel Superior completo em Farm\u00e1cia \/ Bioqu\u00edmica, com Especializa\u00e7\u00e3o em Farm\u00e1cia e registro no respectivo conselho de classe\" data-balloon-pos=\"up\">Farmac\u00eautico<\/span><\/td>\r\n<td class=\"cvagas\">2<\/td>\r\n<td class=\"cremuneracao\">R$ 2.578,42 \/30h<\/td>\r\n<\/tr><tr>\r\n<td class=\"ccargos\">\r\n<span data-balloon-length=\"medium\" aria-label=\"Curso de N\u00edvel Superior completo em Medicina, com registro no respectivo conselho de classe e Especializa\u00e7\u00e3o ou resid\u00eancia m\u00e9dica em Angiologia\" data-balloon-pos=\"up\">M\u00e9dico - Angiologista<\/span><\/td>\r\n<td class=\"cvagas\">2<\/td>\r\n<td class=\"cremuneracao\">R$ 2.578,42 \/20h<\/td>\r\n<\/tr><tr>\r\n<td class=\"ccargos\">\r\n<span data-balloon-length=\"medium\" aria-label=\"Curso de N\u00edvel Superior completo em Medicina, com registro no respectivo conselho de classe e Especializa\u00e7\u00e3o ou resid\u00eancia m\u00e9dica em Cardiologia\" data-balloon-pos=\"up\">M\u00e9dico - Cardiologista<\/span><\/td>\r\n<td class=\"cvagas\">2<\/td>\r\n<td class=\"cremuneracao\">R$ 2.578,42 \/20h<\/td>\r\n<\/tr><tr>\r\n<td class=\"ccargos\">\r\n<span data-balloon-length=\"medium\" aria-label=\"Curso de N\u00edvel Superior completo em Medicina, com registro no respectivo conselho de classe e Especializa\u00e7\u00e3o ou resid\u00eancia m\u00e9dica em Cirurgia\" data-balloon-pos=\"up\">M\u00e9dico - Cirurgi\u00e3o Geral<\/span><\/td>\r\n<td class=\"cvagas\">2<\/td>\r\n<td class=\"cremuneracao\">R$ 2.578,42 \/20h<\/td>\r\n<\/tr><tr>\r\n<td class=\"ccargos\">\r\n<span data-balloon-length=\"medium\" aria-label=\"Curso de N\u00edvel Superior completo em Medicina, com registro no respectivo conselho de classe e Especializa\u00e7\u00e3o ou resid\u00eancia m\u00e9dica em Endocrinologia e Metabologia\" data-balloon-pos=\"up\">M\u00e9dico - Endocrinologista<\/span><\/td>\r\n<td class=\"cvagas\">2<\/td>\r\n<td class=\"cremuneracao\">R$ 2.578,42 \/20h<\/td>\r\n<\/tr><tr>\r\n<td class=\"ccargos\">\r\n<span data-balloon-length=\"medium\" aria-label=\"Curso de N\u00edvel Superior completo em Medicina, com registro no respectivo conselho de classe e Especializa\u00e7\u00e3o ou resid\u00eancia m\u00e9dica em Ginecologia e Obstetr\u00edcia\" data-balloon-pos=\"up\">M\u00e9dico - Ginecologista \/ Obstetra<\/span><\/td>\r\n<td class=\"cvagas\">6<\/td>\r\n<td class=\"cremuneracao\">R$ 2.578,42 \/20h<\/td>\r\n<\/tr><tr>\r\n<td class=\"ccargos\">\r\n<span data-balloon-length=\"medium\" aria-label=\"Curso de N\u00edvel Superior completo em Medicina, com registro no respectivo conselho de classe e Especializa\u00e7\u00e3o ou resid\u00eancia m\u00e9dica em Neurologia\" data-balloon-pos=\"up\">M\u00e9dico - Neurologista<\/span><\/td>\r\n<td class=\"cvagas\">2<\/td>\r\n<td class=\"cremuneracao\">R$ 2.578,42 \/20h<\/td>\r\n<\/tr><tr>\r\n<td class=\"ccargos\">\r\n<span data-balloon-length=\"medium\" aria-label=\"Curso de N\u00edvel Superior completo em Medicina, com registro no respectivo conselho de classe e Especializa\u00e7\u00e3o ou resid\u00eancia m\u00e9dica em Pediatria\" data-balloon-pos=\"up\">M\u00e9dico - Pediatra<\/span><\/td>\r\n<td class=\"cvagas\">8<\/td>\r\n<td class=\"cremuneracao\">R$ 2.578,42 \/20h<\/td>\r\n<\/tr><tr>\r\n<td class=\"ccargos\">\r\n<span data-balloon-length=\"medium\" aria-label=\"Curso de N\u00edvel Superior completo em Medicina, com registro no respectivo conselho de classe e Especializa\u00e7\u00e3o ou resid\u00eancia m\u00e9dica em Pediatria\" data-balloon-pos=\"up\">M\u00e9dico Pediatra de Aten\u00e7\u00e3o Secund\u00e1ria<\/span><\/td>\r\n<td class=\"cvagas\">2<\/td>\r\n<td class=\"cremuneracao\">R$ 5.286,42 \/20h<\/td>\r\n<\/tr><tr>\r\n<td class=\"ccargos\">\r\n<span data-balloon-length=\"medium\" aria-label=\"Curso de N\u00edvel Superior completo em Medicina, com registro no respectivo conselho de classe e Especializa\u00e7\u00e3o ou resid\u00eancia m\u00e9dica em Psiquiatria\" data-balloon-pos=\"up\">M\u00e9dico Psiquiatra Sa\u00fade Mental<\/span><\/td>\r\n<td class=\"cvagas\">6<\/td>\r\n<td class=\"cremuneracao\">R$ 5.948,60 \/20h<\/td>\r\n<\/tr><tr>\r\n<td class=\"ccargos\">\r\n<span data-balloon-length=\"medium\" aria-label=\"Curso de N\u00edvel Superior completo em Medicina, com registro no respectivo conselho de classe\" data-balloon-pos=\"up\">M\u00e9dico Sa\u00fade da Fam\u00edlia<\/span><\/td>\r\n<td class=\"cvagas\">4<\/td>\r\n<td class=\"cremuneracao\">R$ 15.824,89 \/40h<\/td>\r\n<\/tr><tr>\r\n<td class=\"ccargos\">\r\n<span data-balloon-length=\"medium\" aria-label=\"Curso Superior completo em Medicina, com Registro no respectivo conselho de classe e Especializa\u00e7\u00e3o ou resid\u00eancia m\u00e9dica em Psiquiatria\" data-balloon-pos=\"up\">M\u00e9dico - Psiquiatra<\/span><\/td>\r\n<td class=\"cvagas\">6<\/td>\r\n<td class=\"cremuneracao\">R$ 2.578,42 \/20h<\/td>\r\n<\/tr><tr>\r\n<td class=\"ccargos\">\r\n<span data-balloon-length=\"medium\" aria-label=\"Curso de N\u00edvel Superior completo em Terapia Ocupacional, com registro no respectivo conselho de classe\" data-balloon-pos=\"up\">Terapeuta Ocupacional Sa\u00fade Mental<\/span><\/td>\r\n<td class=\"cvagas\">4<\/td>\r\n<td class=\"cremuneracao\">R$ 2.578,42 \/20h<\/td>\r\n<\/tr>\r\n    <\/tbody>\r\n  <\/table>\r\n<\/div>"},"_links":{"self":[{"href":"https:\/\/www.agrobase.com.br\/concursos\/wp-json\/wp\/v2\/posts\/278173","targetHints":{"allow":["GET"]}}],"collection":[{"href":"https:\/\/www.agrobase.com.br\/concursos\/wp-json\/wp\/v2\/posts"}],"about":[{"href":"https:\/\/www.agrobase.com.br\/concursos\/wp-json\/wp\/v2\/types\/post"}],"author":[{"embeddable":true,"href":"https:\/\/www.agrobase.com.br\/concursos\/wp-json\/wp\/v2\/users\/7"}],"replies":[{"embeddable":true,"href":"https:\/\/www.agrobase.com.br\/concursos\/wp-json\/wp\/v2\/comments?post=278173"}],"version-history":[{"count":1,"href":"https:\/\/www.agrobase.com.br\/concursos\/wp-json\/wp\/v2\/posts\/278173\/revisions"}],"predecessor-version":[{"id":278175,"href":"https:\/\/www.agrobase.com.br\/concursos\/wp-json\/wp\/v2\/posts\/278173\/revisions\/278175"}],"wp:featuredmedia":[{"embeddable":true,"href":"https:\/\/www.agrobase.com.br\/concursos\/wp-json\/wp\/v2\/media\/278172"}],"wp:attachment":[{"href":"https:\/\/www.agrobase.com.br\/concursos\/wp-json\/wp\/v2\/media?parent=278173"}],"wp:term":[{"taxonomy":"category","embeddable":true,"href":"https:\/\/www.agrobase.com.br\/concursos\/wp-json\/wp\/v2\/categories?post=278173"},{"taxonomy":"post_tag","embeddable":true,"href":"https:\/\/www.agrobase.com.br\/concursos\/wp-json\/wp\/v2\/tags?post=278173"},{"taxonomy":"_amplo","embeddable":true,"href":"https:\/\/www.agrobase.com.br\/concursos\/wp-json\/wp\/v2\/_amplo?post=278173"},{"taxonomy":"destaque","embeddable":true,"href":"https:\/\/www.agrobase.com.br\/concursos\/wp-json\/wp\/v2\/destaque?post=278173"},{"taxonomy":"instituicoes","embeddable":true,"href":"https:\/\/www.agrobase.com.br\/concursos\/wp-json\/wp\/v2\/instituicoes?post=278173"}],"curies":[{"name":"wp","href":"https:\/\/api.w.org\/{rel}","templated":true}]}}