{"id":278163,"date":"2026-02-20T08:30:44","date_gmt":"2026-02-20T11:30:44","guid":{"rendered":"https:\/\/www.agrobase.com.br\/concursos\/?p=278163"},"modified":"2026-03-05T13:17:01","modified_gmt":"2026-03-05T16:17:01","slug":"prefeitura-presidente-nereu-sc-selecao-publica-01-2026","status":"publish","type":"post","link":"https:\/\/www.agrobase.com.br\/concursos\/2026\/prefeitura-presidente-nereu-sc-selecao-publica-01-2026\/","title":{"rendered":"Prefeitura Presidente Nereu (SC) &#8211; Sele\u00e7\u00e3o P\u00fablica 01\/2026"},"content":{"rendered":"<h2>Informa\u00e7\u00f5es Gerais<\/h2>\n<p>O Munic\u00edpio de <strong>Presidente Nereu<\/strong>, no Estado de <strong>Santa Catarina<\/strong>, publicou edital de <strong>Processo Seletivo<\/strong> destinado \u00e0 contrata\u00e7\u00e3o tempor\u00e1ria de servidores para o Poder Executivo Municipal. O certame \u00e9 conduzido sob a responsabilidade do Prefeito Municipal Jimmi Leske, com fundamento no artigo 37 da Constitui\u00e7\u00e3o Federal, na Lei Org\u00e2nica do Munic\u00edpio e nas Leis Municipais n\u00ba 1284\/2010, LC n\u00ba 1\/2002, LC n\u00ba 16\/2012 e LC n\u00ba 11\/2011.<\/p>\n<p>O processo seletivo oferece <strong>11 vagas imediatas, al\u00e9m de cadastro reserva (CR)<\/strong>, distribu\u00eddas entre os n\u00edveis de escolaridade <strong>Fundamental Incompleto, M\u00e9dio\/T\u00e9cnico e Superior<\/strong>. O regime de contrata\u00e7\u00e3o \u00e9 <strong>tempor\u00e1rio<\/strong>, conforme legisla\u00e7\u00e3o municipal vigente.<\/p>\n<p>As remunera\u00e7\u00f5es variam de <strong>R$ 1.567,90<\/strong> a <strong>R$ 4.095,11<\/strong>, com cargas hor\u00e1rias que v\u00e3o de 10h a 40h semanais, a depender da fun\u00e7\u00e3o. Entre os cargos de n\u00edvel superior est\u00e3o Fisioterapeuta, Fonoaudi\u00f3logo, <strong>Nutricionista<\/strong>, Professor de Educa\u00e7\u00e3o F\u00edsica, Professor de Educa\u00e7\u00e3o Infantil e Ensino Fundamental e Psic\u00f3logo. Para o n\u00edvel m\u00e9dio, h\u00e1 vagas de cadastro reserva para Auxiliar Pedag\u00f3gico, e para o n\u00edvel fundamental incompleto, o cargo de Oper\u00e1rio Bra\u00e7al concentra o maior n\u00famero de vagas imediatas (06 + CR).<\/p>\n<p>Destaque para a vaga de <strong>Nutricionista<\/strong>, com remunera\u00e7\u00e3o de R$ 2.379,10 e carga hor\u00e1ria de 20h semanais \u2014 uma excelente oportunidade para profissionais da \u00e1rea de Nutri\u00e7\u00e3o que buscam atua\u00e7\u00e3o no servi\u00e7o p\u00fablico municipal.<\/p>\n<p>Continue a leitura para conferir todos os detalhes sobre inscri\u00e7\u00f5es, etapas de sele\u00e7\u00e3o e como acompanhar os resultados deste processo seletivo de Presidente Nereu\/SC.<\/p>\n<h2>Inscri\u00e7\u00f5es<\/h2>\n<p>As inscri\u00e7\u00f5es para o Processo Seletivo do Munic\u00edpio de Presidente Nereu\/SC encontram-se com per\u00edodo definido em edital. O prazo de inscri\u00e7\u00e3o vai das <strong>10h do dia 12 de fevereiro de 2026<\/strong> at\u00e9 as <strong>17h do dia <del datetime=\"2026-03-05T16:16:07+00:00\">02<\/del>09 de mar\u00e7o de 2026<\/strong> (hor\u00e1rio de Bras\u00edlia).<\/p>\n<p>As inscri\u00e7\u00f5es ser\u00e3o realizadas exclusivamente pela <strong>internet<\/strong>, por meio do portal da banca organizadora, no endere\u00e7o eletr\u00f4nico <strong><a href=\"https:\/\/portal.actio.srv.br\/\" target=\"_blank\" rel=\"noopener\">https:\/\/portal.actio.srv.br\/<\/a><\/strong>. Para se inscrever, o candidato dever\u00e1 acessar o site durante o per\u00edodo de inscri\u00e7\u00f5es e seguir os procedimentos estabelecidos no sistema.<\/p>\n<p>Os passos gerais para a inscri\u00e7\u00e3o s\u00e3o:<\/p>\n<ul>\n<li>Acessar o portal <strong>https:\/\/portal.actio.srv.br\/<\/strong> dentro do per\u00edodo de inscri\u00e7\u00f5es;<\/li>\n<li>Localizar o Processo Seletivo do Munic\u00edpio de Presidente Nereu\/SC;<\/li>\n<li>Preencher o formul\u00e1rio de inscri\u00e7\u00e3o com os dados pessoais e selecionar a fun\u00e7\u00e3o desejada;<\/li>\n<li>Confirmar os dados e concluir a inscri\u00e7\u00e3o conforme as orienta\u00e7\u00f5es do sistema.<\/li>\n<\/ul>\n<p>Recomenda-se que o candidato acompanhe o status de sua inscri\u00e7\u00e3o diretamente na \u00e1rea restrita do portal da banca organizadora, verificando se todos os dados foram registrados corretamente e se a inscri\u00e7\u00e3o foi efetivada.<\/p>\n<p>Para informa\u00e7\u00f5es completas sobre valores de taxa de inscri\u00e7\u00e3o, possibilidade de isen\u00e7\u00e3o, prazo de pagamento e demais procedimentos, <strong>consulte o edital na \u00edntegra<\/strong>, dispon\u00edvel no site da banca organizadora e nos canais oficiais do Munic\u00edpio de Presidente Nereu.<\/p>\n<h2>Etapas e Provas<\/h2>\n<p>O Processo Seletivo do Munic\u00edpio de Presidente Nereu\/SC ser\u00e1 composto pelas seguintes etapas:<\/p>\n<ul>\n<li><strong>Prova Escrita (Objetiva)<\/strong> \u2014 de car\u00e1ter <strong>classificat\u00f3rio e eliminat\u00f3rio<\/strong>, aplic\u00e1vel a <strong>todas as fun\u00e7\u00f5es<\/strong>. A prova ser\u00e1 composta por quest\u00f5es objetivas de m\u00faltipla escolha, cada uma contendo <strong>04 (quatro) alternativas<\/strong>. A data prov\u00e1vel de aplica\u00e7\u00e3o \u00e9 <strong><del datetime=\"2026-03-05T16:16:07+00:00\">08<\/del>15 de mar\u00e7o de 2026<\/strong>, no <strong>per\u00edodo matutino<\/strong>. As provas ser\u00e3o realizadas em estabelecimentos de ensino localizados no pr\u00f3prio Munic\u00edpio de Presidente Nereu\/SC.<\/li>\n<li><strong>Avalia\u00e7\u00e3o de T\u00edtulos<\/strong> \u2014 etapa destinada exclusivamente aos candidatos \u00e0 fun\u00e7\u00e3o de <strong>Professor \u2013 Habilitado<\/strong>. Consiste na apresenta\u00e7\u00e3o de certificados e\/ou diplomas de p\u00f3s-gradua\u00e7\u00e3o em n\u00edvel de <strong>especializa\u00e7\u00e3o<\/strong>, <strong>mestrado<\/strong> ou <strong>doutorado<\/strong>, em \u00e1rea compat\u00edvel com a fun\u00e7\u00e3o p\u00fablica a que o candidato concorre.<\/li>\n<\/ul>\n<p>As disciplinas e conte\u00fados cobrados na prova escrita variam conforme o n\u00edvel de escolaridade e a fun\u00e7\u00e3o pretendida. Para conhecer o conte\u00fado program\u00e1tico completo, os crit\u00e9rios de pontua\u00e7\u00e3o, a nota m\u00ednima para aprova\u00e7\u00e3o e o cronograma detalhado de cada etapa, <strong>consulte o edital na \u00edntegra<\/strong> no portal da banca organizadora ou nos canais oficiais do Munic\u00edpio de Presidente Nereu.<\/p>\n<h2>Resultados e Gabarito<\/h2>\n<p>O resultado final do Processo Seletivo do Munic\u00edpio de Presidente Nereu\/SC ser\u00e1 divulgado por meio de <strong>duas listas de classifica\u00e7\u00e3o<\/strong>:<\/p>\n<ul>\n<li><strong>Lista geral:<\/strong> contendo a classifica\u00e7\u00e3o de todos os candidatos habilitados, por fun\u00e7\u00e3o p\u00fablica, incluindo os inscritos como pessoas com defici\u00eancia;<\/li>\n<li><strong>Lista espec\u00edfica:<\/strong> contendo exclusivamente a classifica\u00e7\u00e3o dos candidatos habilitados inscritos como pessoas com defici\u00eancia.<\/li>\n<\/ul>\n<p>A divulga\u00e7\u00e3o do <strong>resultado final e a homologa\u00e7\u00e3o<\/strong> do processo seletivo est\u00e3o previstas para o dia <strong>25 de mar\u00e7o de 2026<\/strong>, conforme cronograma estabelecido no edital. A homologa\u00e7\u00e3o \u00e9 o ato oficial que valida todo o certame e autoriza a convoca\u00e7\u00e3o dos aprovados para contrata\u00e7\u00e3o tempor\u00e1ria.<\/p>\n<p>Os candidatos devem acompanhar todas as publica\u00e7\u00f5es \u2014 incluindo gabaritos, resultados preliminares, prazos para recursos e resultado definitivo \u2014 por meio do <strong>portal da banca organizadora<\/strong> (<a href=\"https:\/\/portal.actio.srv.br\/\" target=\"_blank\" rel=\"noopener\">https:\/\/portal.actio.srv.br\/<\/a>) e dos <strong>canais oficiais do Munic\u00edpio de Presidente Nereu<\/strong>.<\/p>\n<p><strong>Aten\u00e7\u00e3o:<\/strong> o acompanhamento de todas as etapas, publica\u00e7\u00f5es, convoca\u00e7\u00f5es e prazos do processo seletivo \u00e9 de <strong>responsabilidade exclusiva do candidato<\/strong>. Mantenha seus dados atualizados e consulte regularmente os meios oficiais de divulga\u00e7\u00e3o para n\u00e3o perder nenhum prazo importante.<\/p>\n","protected":false},"excerpt":{"rendered":"<p>Proc. Seletivo Pref. Pres. Nereu (SC) com edital publicado! Vagas p\/ Fisioterapeuta e Psic\u00f3logo (Fund. a Sup.). Inscri\u00e7\u00f5es a partir de 12\/02. Confira detalhes!<\/p>\n","protected":false},"author":7,"featured_media":278162,"comment_status":"open","ping_status":"open","sticky":false,"template":"","format":"standard","meta":{"_acf_changed":false,"_breakdance_hide_in_design_set":false,"_breakdance_tags":"","footnotes":""},"categories":[6434,18,19,23,25,26],"tags":[61],"_amplo":[],"destaque":[],"instituicoes":[],"class_list":["post-278163","post","type-post","status-publish","format-standard","has-post-thumbnail","hentry","category-educacao-fisica-licenciatura","category-fisioterapia","category-fonoaudiologia","category-nutricao","category-pedagogia","category-psicologia","tag-santa-catarina"],"acf":{"_tipo_vagas":"vagas","_numero_vagas":"","_quadro_vagas":"","_cargos":"diversos","_cargos_especificos":"","_salario_max":"R$ 4095.11","_abertura":"20260212","_encerramento":"20260309","_inscricoes":"https:\/\/portal.actio.srv.br\/","_executora_concurso":"","_instituicao_concurso":[],"_link_adicional":null,"_anexos":null,"_produtos":null,"_vagas":"11 vagas + CR","_salario_min":"R$ 1567.9","_instituicao":"Prefeitura de Presidente Nereu","_edital":"https:\/\/www.agrobase.com.br\/concursos\/wp-content\/uploads\/sites\/4\/2026\/02\/edital-01-2026-da-prefeitura-de-presidente-nereu-sc.pdf","_anexos_edital":"","_fund_incompleto":"","_fund_completo":"","_medio":"<div>\r\n<table class=\"quadro\">\r\n<thead>\r\n<tr>\r\n<th class=\"hcargo\">Cargo<\/th>\r\n<th class=\"hvagas\">Vagas<\/th>\r\n<th class=\"hremuneracao\">Remunera\u00e7\u00e3o<\/th>\r\n<\/tr>\r\n<\/thead>\r\n    <tbody>\r\n      <td class=\"ccargos\">\r\n<span data-balloon-length=\"medium\" aria-label=\"Ensino M\u00e9dio completo (2\u00ba grau).\" data-balloon-pos=\"up\">Auxiliar Pedag\u00f3gico<\/span><\/td>\r\n<td class=\"cvagas\">CR<\/td>\r\n<td class=\"cremuneracao\">R$ 1.567,90 \/30h<\/td>\r\n<\/tr>\r\n    <\/tbody>\r\n  <\/table>\r\n<\/div>","_superior":"<div>\r\n<table class=\"quadro\">\r\n<thead>\r\n<tr>\r\n<th class=\"hcargo\">Cargo<\/th>\r\n<th class=\"hvagas\">Vagas<\/th>\r\n<th class=\"hremuneracao\">Remunera\u00e7\u00e3o<\/th>\r\n<\/tr>\r\n<\/thead>\r\n    <tbody>\r\n      <tr>\r\n<td class=\"ccargos\">\r\n<span data-balloon-length=\"medium\" aria-label=\"Diploma em Fisioterapia e Registro no \u00f3rg\u00e3o fiscalizador de exerc\u00edcio profissional.\" data-balloon-pos=\"up\">Fisioterapeuta<\/span><\/td>\r\n<td class=\"cvagas\">02 + CR<\/td>\r\n<td class=\"cremuneracao\">R$ 2.925,09 \/20h<\/td>\r\n<\/tr><tr>\r\n<td class=\"ccargos\">\r\n<span data-balloon-length=\"medium\" aria-label=\"Diploma em Fonoaudiologia.\" data-balloon-pos=\"up\">Fonoaudi\u00f3logo<\/span><\/td>\r\n<td class=\"cvagas\">01 + CR<\/td>\r\n<td class=\"cremuneracao\">R$ 1.969,52 \/10h<\/td>\r\n<\/tr><tr>\r\n<td class=\"ccargos\">\r\n<span data-balloon-length=\"medium\" aria-label=\"Diploma em Nutri\u00e7\u00e3o e Registro no \u00f3rg\u00e3o fiscalizador de exerc\u00edcio profissional.\" data-balloon-pos=\"up\">Nutricionista<\/span><\/td>\r\n<td class=\"cvagas\">01 + CR<\/td>\r\n<td class=\"cremuneracao\">R$ 2.379,10 \/20h<\/td>\r\n<\/tr><tr>\r\n<td class=\"ccargos\">\r\n<span data-balloon-length=\"medium\" aria-label=\"Licenciatura plena em Educa\u00e7\u00e3o F\u00edsica com registro no MEC.\" data-balloon-pos=\"up\">Professor - Educa\u00e7\u00e3o F\u00edsica<\/span><\/td>\r\n<td class=\"cvagas\">CR<\/td>\r\n<td class=\"cremuneracao\">R$ 2.420,86 \/20h<\/td>\r\n<\/tr><tr>\r\n<td class=\"ccargos\">\r\n<span data-balloon-length=\"medium\" aria-label=\"Licenciatura plena em Pedagogia ou Magist\u00e9rio com registro no MEC.\" data-balloon-pos=\"up\">Professor - Educa\u00e7\u00e3o Infantil e Ensino Fundamental<\/span><\/td>\r\n<td class=\"cvagas\">CR<\/td>\r\n<td class=\"cremuneracao\">R$ 2.420,86 \/20h<\/td>\r\n<\/tr><tr>\r\n<td class=\"ccargos\">\r\n<span data-balloon-length=\"medium\" aria-label=\"Diploma em Psicologia e Registro no \u00f3rg\u00e3o fiscalizador da profiss\u00e3o.\" data-balloon-pos=\"up\">Psic\u00f3logo<\/span><\/td>\r\n<td class=\"cvagas\">01 + CR<\/td>\r\n<td class=\"cremuneracao\">R$ 4.095,11 \/40h<\/td>\r\n<\/tr>\r\n    <\/tbody>\r\n  <\/table>\r\n<\/div>"},"_links":{"self":[{"href":"https:\/\/www.agrobase.com.br\/concursos\/wp-json\/wp\/v2\/posts\/278163","targetHints":{"allow":["GET"]}}],"collection":[{"href":"https:\/\/www.agrobase.com.br\/concursos\/wp-json\/wp\/v2\/posts"}],"about":[{"href":"https:\/\/www.agrobase.com.br\/concursos\/wp-json\/wp\/v2\/types\/post"}],"author":[{"embeddable":true,"href":"https:\/\/www.agrobase.com.br\/concursos\/wp-json\/wp\/v2\/users\/7"}],"replies":[{"embeddable":true,"href":"https:\/\/www.agrobase.com.br\/concursos\/wp-json\/wp\/v2\/comments?post=278163"}],"version-history":[{"count":2,"href":"https:\/\/www.agrobase.com.br\/concursos\/wp-json\/wp\/v2\/posts\/278163\/revisions"}],"predecessor-version":[{"id":278711,"href":"https:\/\/www.agrobase.com.br\/concursos\/wp-json\/wp\/v2\/posts\/278163\/revisions\/278711"}],"wp:featuredmedia":[{"embeddable":true,"href":"https:\/\/www.agrobase.com.br\/concursos\/wp-json\/wp\/v2\/media\/278162"}],"wp:attachment":[{"href":"https:\/\/www.agrobase.com.br\/concursos\/wp-json\/wp\/v2\/media?parent=278163"}],"wp:term":[{"taxonomy":"category","embeddable":true,"href":"https:\/\/www.agrobase.com.br\/concursos\/wp-json\/wp\/v2\/categories?post=278163"},{"taxonomy":"post_tag","embeddable":true,"href":"https:\/\/www.agrobase.com.br\/concursos\/wp-json\/wp\/v2\/tags?post=278163"},{"taxonomy":"_amplo","embeddable":true,"href":"https:\/\/www.agrobase.com.br\/concursos\/wp-json\/wp\/v2\/_amplo?post=278163"},{"taxonomy":"destaque","embeddable":true,"href":"https:\/\/www.agrobase.com.br\/concursos\/wp-json\/wp\/v2\/destaque?post=278163"},{"taxonomy":"instituicoes","embeddable":true,"href":"https:\/\/www.agrobase.com.br\/concursos\/wp-json\/wp\/v2\/instituicoes?post=278163"}],"curies":[{"name":"wp","href":"https:\/\/api.w.org\/{rel}","templated":true}]}}