{"id":278147,"date":"2026-02-20T08:00:33","date_gmt":"2026-02-20T11:00:33","guid":{"rendered":"https:\/\/www.agrobase.com.br\/concursos\/?p=278147"},"modified":"2026-02-19T13:40:23","modified_gmt":"2026-02-19T16:40:23","slug":"prefeitura-conceicao-do-mato-dentro-mg-selecao-simplificada-02-2026","status":"publish","type":"post","link":"https:\/\/www.agrobase.com.br\/concursos\/2026\/prefeitura-conceicao-do-mato-dentro-mg-selecao-simplificada-02-2026\/","title":{"rendered":"Prefeitura Concei\u00e7\u00e3o do Mato Dentro (MG) &#8211; Sele\u00e7\u00e3o Simplificada 02\/2026"},"content":{"rendered":"<h2>Informa\u00e7\u00f5es Gerais<\/h2>\n<p>O Munic\u00edpio de <strong>Concei\u00e7\u00e3o do Mato Dentro\/MG<\/strong>, por meio da Secretaria de Meio Ambiente e Gest\u00e3o Urbana, publicou o <strong>Edital n\u00ba 002\/2026<\/strong> referente ao <strong>Processo Seletivo Simplificado<\/strong> destinado \u00e0 contrata\u00e7\u00e3o tempor\u00e1ria de profissionais para atender \u00e0s necessidades excepcionais do interesse p\u00fablico. A organiza\u00e7\u00e3o do certame est\u00e1 a cargo do <strong>Instituto de Pesquisa, Gest\u00e3o e Tecnologia (INTEC)<\/strong>.<\/p>\n<p>Ao todo, s\u00e3o ofertadas <strong>22 vagas<\/strong> para cargos de <strong>n\u00edvel M\u00e9dio\/T\u00e9cnico e Superior<\/strong>, com remunera\u00e7\u00f5es que variam de <strong>R$ 3.587,73 a R$ 21.138,26<\/strong>, para jornadas de <strong>40 horas semanais<\/strong>. O regime de contrata\u00e7\u00e3o \u00e9 <strong>tempor\u00e1rio<\/strong>.<\/p>\n<p>Entre os cargos de n\u00edvel M\u00e9dio\/T\u00e9cnico, h\u00e1 oportunidades para <strong>Fiscal de Obras, Meio Ambiente e Posturas<\/strong> (11 vagas), <strong>T\u00e9cnico em Edifica\u00e7\u00f5es<\/strong> (2 vagas) e <strong>T\u00e9cnico em Meio Ambiente<\/strong> (1 vaga). J\u00e1 no n\u00edvel Superior, o processo seletivo contempla vagas para <strong>Analista Ambiental \u2014 Engenheiro Ambiental<\/strong> (2 vagas), <strong>Analista Ambiental \u2014 Engenheiro Florestal<\/strong> (1 vaga), Analista Ambiental \u2014 Ge\u00f3grafo (1 vaga), Analista Ambiental \u2014 Ge\u00f3logo (1 vaga), Arquiteto Urbanista (1 vaga) e Engenheiro Civil (2 vagas).<\/p>\n<p>Destaque especial para os profissionais das \u00e1reas de <strong>Engenharia Ambiental<\/strong>, <strong>Engenharia Florestal<\/strong> e <strong>T\u00e9cnico em Meio Ambiente<\/strong>: este processo seletivo oferece oportunidades diretas nessas \u00e1reas, com remunera\u00e7\u00f5es atrativas e atua\u00e7\u00e3o na gest\u00e3o ambiental e urbana do munic\u00edpio mineiro.<\/p>\n<p>Continue a leitura para conferir todos os detalhes sobre inscri\u00e7\u00f5es, etapas de sele\u00e7\u00e3o e como acompanhar os resultados deste processo seletivo em Concei\u00e7\u00e3o do Mato Dentro\/MG.<\/p>\n<h2>Inscri\u00e7\u00f5es<\/h2>\n<p>As inscri\u00e7\u00f5es para o Processo Seletivo Simplificado da Secretaria de Meio Ambiente e Gest\u00e3o Urbana de Concei\u00e7\u00e3o do Mato Dentro\/MG s\u00e3o <strong>totalmente gratuitas<\/strong>, n\u00e3o havendo cobran\u00e7a de qualquer taxa de participa\u00e7\u00e3o.<\/p>\n<p>O per\u00edodo de inscri\u00e7\u00f5es segue o cronograma preliminar do edital, com in\u00edcio em <strong>11 de fevereiro de 2026<\/strong> e encerramento em <strong>28 de fevereiro de 2026<\/strong>. As inscri\u00e7\u00f5es devem ser realizadas exclusivamente pela internet, por meio do site <strong><a href=\"https:\/\/www.concursosintec.org.br\" target=\"_blank\" rel=\"noopener\">www.concursosintec.org.br<\/a><\/strong>.<\/p>\n<p>Aten\u00e7\u00e3o: <strong>n\u00e3o ser\u00e3o aceitas inscri\u00e7\u00f5es<\/strong> por via postal, fax, correio eletr\u00f4nico, inscri\u00e7\u00f5es provis\u00f3rias, condicionais ou extempor\u00e2neas. Portanto, \u00e9 fundamental que o candidato realize sua inscri\u00e7\u00e3o dentro do prazo estabelecido.<\/p>\n<p>O edital completo e eventuais altera\u00e7\u00f5es podem ser consultados no endere\u00e7o eletr\u00f4nico <strong><a href=\"https:\/\/www.concursosintec.org.br\" target=\"_blank\" rel=\"noopener\">www.concursosintec.org.br<\/a><\/strong>. Recomenda-se que o candidato acompanhe regularmente o site da banca organizadora para verificar o status da inscri\u00e7\u00e3o e eventuais atualiza\u00e7\u00f5es no cronograma.<\/p>\n<p>Para garantir sua participa\u00e7\u00e3o, leia atentamente o edital na \u00edntegra antes de efetuar a inscri\u00e7\u00e3o, verificando os requisitos espec\u00edficos de cada cargo, como forma\u00e7\u00e3o exigida, registro em conselho profissional e habilita\u00e7\u00e3o (CNH categoria B).<\/p>\n<h2>Etapas e Provas<\/h2>\n<p>O Processo Seletivo Simplificado de Concei\u00e7\u00e3o do Mato Dentro\/MG ser\u00e1 composto por <strong>tr\u00eas etapas<\/strong>, aplic\u00e1veis a todos os cargos:<\/p>\n<ul>\n<li><strong>1\u00aa Etapa \u2014 Prova Objetiva de M\u00faltipla Escolha<\/strong> (car\u00e1ter <strong>classificat\u00f3rio e eliminat\u00f3rio<\/strong>): aplicada a todos os cargos, a prova objetiva ter\u00e1 dura\u00e7\u00e3o m\u00ednima de <strong>1 hora<\/strong> e m\u00e1xima de <strong>2 horas e 30 minutos<\/strong>. A data prevista de aplica\u00e7\u00e3o \u00e9 <strong>22 de mar\u00e7o de 2026<\/strong>, na cidade de <strong>Concei\u00e7\u00e3o do Mato Dentro\/MG<\/strong>.<\/li>\n<li><strong>2\u00aa Etapa \u2014 Prova de T\u00edtulos<\/strong> (car\u00e1ter <strong>classificat\u00f3rio<\/strong>): destinada a todos os cargos, essa etapa avaliar\u00e1 a forma\u00e7\u00e3o acad\u00eamica e a experi\u00eancia profissional dos candidatos, conforme crit\u00e9rios definidos no edital.<\/li>\n<li><strong>3\u00aa Etapa \u2014 Heteroidentifica\u00e7\u00e3o<\/strong> (car\u00e1ter <strong>eliminat\u00f3rio<\/strong>): procedimento destinado a todos os cargos, voltado \u00e0 verifica\u00e7\u00e3o da autodeclara\u00e7\u00e3o dos candidatos que concorrerem \u00e0s vagas reservadas, conforme legisla\u00e7\u00e3o vigente.<\/li>\n<\/ul>\n<p>As provas ser\u00e3o realizadas no <strong>Estado de Minas Gerais<\/strong>, especificamente na cidade de Concei\u00e7\u00e3o do Mato Dentro. O candidato deve ficar atento \u00e0 publica\u00e7\u00e3o do cart\u00e3o de confirma\u00e7\u00e3o de inscri\u00e7\u00e3o, que informar\u00e1 o local e hor\u00e1rio exatos de realiza\u00e7\u00e3o das provas.<\/p>\n<p>Para informa\u00e7\u00f5es detalhadas sobre o conte\u00fado program\u00e1tico de cada cargo, crit\u00e9rios de pontua\u00e7\u00e3o, notas m\u00ednimas para aprova\u00e7\u00e3o e demais regras das etapas, consulte o edital completo dispon\u00edvel em <strong><a href=\"https:\/\/www.concursosintec.org.br\" target=\"_blank\" rel=\"noopener\">www.concursosintec.org.br<\/a><\/strong>.<\/p>\n<h2>Resultados e Gabarito<\/h2>\n<p>O resultado final do Processo Seletivo Simplificado de Concei\u00e7\u00e3o do Mato Dentro\/MG ser\u00e1 divulgado nos endere\u00e7os eletr\u00f4nicos <strong><a href=\"https:\/\/www.concursosintec.org.br\" target=\"_blank\" rel=\"noopener\">www.concursosintec.org.br<\/a><\/strong> e <strong><a href=\"https:\/\/www.cmd.mg.gov.br\" target=\"_blank\" rel=\"noopener\">www.cmd.mg.gov.br<\/a><\/strong>. A publica\u00e7\u00e3o ser\u00e1 feita em <strong>3 (tr\u00eas) listas<\/strong>, contendo os endere\u00e7os eletr\u00f4nicos para acesso \u00e0s notas finais dos candidatos aprovados.<\/p>\n<p>A <strong>homologa\u00e7\u00e3o do resultado final<\/strong> ser\u00e1 realizada por ato pr\u00f3prio do <strong>Prefeito do Munic\u00edpio de Concei\u00e7\u00e3o do Mato Dentro\/MG<\/strong> e publicada no <strong>Portal Oficial Eletr\u00f4nico do Munic\u00edpio<\/strong>, al\u00e9m de divulgada nos sites da banca organizadora e da Prefeitura. \u00c9 importante ressaltar que <strong>n\u00e3o ser\u00e1 admitido recurso<\/strong> contra o resultado final homologado.<\/p>\n<p>Os candidatos devem acompanhar todas as etapas de divulga\u00e7\u00e3o \u2014 incluindo gabaritos preliminares, gabaritos definitivos, resultados preliminares e definitivos de cada fase \u2014 diretamente nos sites oficiais indicados no edital:<\/p>\n<ul>\n<li><strong>Site da banca organizadora:<\/strong> <a href=\"https:\/\/www.concursosintec.org.br\" target=\"_blank\" rel=\"noopener\">www.concursosintec.org.br<\/a><\/li>\n<li><strong>Site da Prefeitura:<\/strong> <a href=\"https:\/\/www.cmd.mg.gov.br\" target=\"_blank\" rel=\"noopener\">www.cmd.mg.gov.br<\/a><\/li>\n<\/ul>\n<p><strong>Aten\u00e7\u00e3o:<\/strong> o acompanhamento de todas as publica\u00e7\u00f5es oficiais, incluindo convoca\u00e7\u00f5es, retifica\u00e7\u00f5es e demais comunicados referentes a este processo seletivo, \u00e9 de <strong>responsabilidade exclusiva do candidato<\/strong>. Mantenha seus dados atualizados e consulte regularmente os canais oficiais para n\u00e3o perder nenhum prazo importante.<\/p>\n","protected":false},"excerpt":{"rendered":"<p>Inscri\u00e7\u00f5es abrem 11\/02! Sel. Simplificada Pref. Concei\u00e7\u00e3o do Mato Dentro (MG) p\/ Fiscais e Engenheiros (M\u00e9dio\/Sup.). Sal\u00e1rios at\u00e9 R$21k. Veja o edital!<\/p>\n","protected":false},"author":7,"featured_media":278146,"comment_status":"open","ping_status":"open","sticky":false,"template":"","format":"standard","meta":{"_acf_changed":false,"_breakdance_hide_in_design_set":false,"_breakdance_tags":"","footnotes":""},"categories":[5,13,14,15,111,115,31],"tags":[50],"_amplo":[],"destaque":[],"instituicoes":[],"class_list":["post-278147","post","type-post","status-publish","format-standard","has-post-thumbnail","hentry","category-arquitetura","category-engenharia-ambiental","category-engenharia","category-engenharia-florestal","category-geografia","category-geologia","category-tecnico-ambiental","tag-minas-gerais"],"acf":{"_tipo_vagas":"vagas","_numero_vagas":"","_quadro_vagas":"","_cargos":"diversos","_cargos_especificos":"","_salario_max":"R$ 21138.26","_abertura":"20260211","_encerramento":"20260228","_inscricoes":"https:\/\/www.concursosintec.org.br","_executora_concurso":"","_instituicao_concurso":[],"_link_adicional":null,"_anexos":null,"_produtos":null,"_vagas":"22 vagas","_salario_min":"R$ 3587.73","_instituicao":"Prefeitura de Concei\u00e7\u00e3o do Mato Dentro","_edital":"https:\/\/www.agrobase.com.br\/concursos\/wp-content\/uploads\/sites\/4\/2026\/02\/edital-02-2026-da-prefeitura-de-conceicao-do-mato-dentro-mg.pdf","_anexos_edital":"https:\/\/www.agrobase.com.br\/concursos\/wp-content\/uploads\/sites\/4\/2026\/02\/anexos-edital-02-2026-da-prefei.onceicao-do-mato-dentro-mg.pdf","_fund_incompleto":"","_fund_completo":"","_medio":"<div>\r\n<table class=\"quadro\">\r\n<thead>\r\n<tr>\r\n<th class=\"hcargo\">Cargo<\/th>\r\n<th class=\"hvagas\">Vagas<\/th>\r\n<th class=\"hremuneracao\">Remunera\u00e7\u00e3o<\/th>\r\n<\/tr>\r\n<\/thead>\r\n    <tbody>\r\n      <td class=\"ccargos\">\r\n<span data-balloon-length=\"medium\" aria-label=\"Curso T\u00e9cnico em qualquer \u00e1rea de Meio Ambiente, Inform\u00e1tica e CNH B\" data-balloon-pos=\"up\">Fiscal de Obras, Meio Ambiente e Posturas<\/span><\/td>\r\n<td class=\"cvagas\">11<\/td>\r\n<td class=\"cremuneracao\">R$ 3.587,73 \/40h<\/td>\r\n<\/tr><td class=\"ccargos\">\r\n<span data-balloon-length=\"medium\" aria-label=\"N\u00edvel M\u00e9dio e T\u00e9cnico em Edifica\u00e7\u00f5es e CNH B\" data-balloon-pos=\"up\">T\u00e9cnico em Edifica\u00e7\u00f5es<\/span><\/td>\r\n<td class=\"cvagas\">02<\/td>\r\n<td class=\"cremuneracao\">R$ 3.587,73 \/40h<\/td>\r\n<\/tr><td class=\"ccargos\">\r\n<span data-balloon-length=\"medium\" aria-label=\"N\u00edvel M\u00e9dio e T\u00e9cnico em Meio Ambiente e CNH B\" data-balloon-pos=\"up\">T\u00e9cnico em Meio Ambiente<\/span><\/td>\r\n<td class=\"cvagas\">01<\/td>\r\n<td class=\"cremuneracao\">R$ 3.587,73 \/40h<\/td>\r\n<\/tr>\r\n    <\/tbody>\r\n  <\/table>\r\n<\/div>","_superior":"<div>\r\n<table class=\"quadro\">\r\n<thead>\r\n<tr>\r\n<th class=\"hcargo\">Cargo<\/th>\r\n<th class=\"hvagas\">Vagas<\/th>\r\n<th class=\"hremuneracao\">Remunera\u00e7\u00e3o<\/th>\r\n<\/tr>\r\n<\/thead>\r\n    <tbody>\r\n      <tr>\r\n<td class=\"ccargos\">\r\n<span data-balloon-length=\"medium\" aria-label=\"Superior em Engenharia Ambiental ou Civil com P\u00f3s em Meio Ambiente, Registro no Conselho e CNH B\" data-balloon-pos=\"up\">Analista Ambiental - Engenheiro Ambiental<\/span><\/td>\r\n<td class=\"cvagas\">02<\/td>\r\n<td class=\"cremuneracao\">R$ 12.922,75 \/40h<\/td>\r\n<\/tr><tr>\r\n<td class=\"ccargos\">\r\n<span data-balloon-length=\"medium\" aria-label=\"Superior em Engenharia Florestal, Registro no Conselho e CNH B\" data-balloon-pos=\"up\">Analista Ambiental - Engenheiro Florestal<\/span><\/td>\r\n<td class=\"cvagas\">01<\/td>\r\n<td class=\"cremuneracao\">R$ 12.922,75 \/40h<\/td>\r\n<\/tr><tr>\r\n<td class=\"ccargos\">\r\n<span data-balloon-length=\"medium\" aria-label=\"Superior em Geografia, Registro no Conselho e CNH B\" data-balloon-pos=\"up\">Analista Ambiental - Ge\u00f3grafo<\/span><\/td>\r\n<td class=\"cvagas\">01<\/td>\r\n<td class=\"cremuneracao\">R$ 10.569,12 \/40h<\/td>\r\n<\/tr><tr>\r\n<td class=\"ccargos\">\r\n<span data-balloon-length=\"medium\" aria-label=\"Superior em Geologia, Registro no Conselho e CNH B\" data-balloon-pos=\"up\">Analista Ambiental - Ge\u00f3logo<\/span><\/td>\r\n<td class=\"cvagas\">01<\/td>\r\n<td class=\"cremuneracao\">R$ 10.569,12 \/40h<\/td>\r\n<\/tr><tr>\r\n<td class=\"ccargos\">\r\n<span data-balloon-length=\"medium\" aria-label=\"Superior em Arquitetura e Registro no Conselho e CNH B\" data-balloon-pos=\"up\">Arquiteto Urbanista<\/span><\/td>\r\n<td class=\"cvagas\">01<\/td>\r\n<td class=\"cremuneracao\">R$ 10.569,12 \/40h<\/td>\r\n<\/tr><tr>\r\n<td class=\"ccargos\">\r\n<span data-balloon-length=\"medium\" aria-label=\"Superior em Engenharia Civil, Registro no Conselho e CNH B\" data-balloon-pos=\"up\">Engenheiro Civil<\/span><\/td>\r\n<td class=\"cvagas\">02<\/td>\r\n<td class=\"cremuneracao\">R$ 21.138,26 \/40h<\/td>\r\n<\/tr>\r\n    <\/tbody>\r\n  <\/table>\r\n<\/div>"},"_links":{"self":[{"href":"https:\/\/www.agrobase.com.br\/concursos\/wp-json\/wp\/v2\/posts\/278147","targetHints":{"allow":["GET"]}}],"collection":[{"href":"https:\/\/www.agrobase.com.br\/concursos\/wp-json\/wp\/v2\/posts"}],"about":[{"href":"https:\/\/www.agrobase.com.br\/concursos\/wp-json\/wp\/v2\/types\/post"}],"author":[{"embeddable":true,"href":"https:\/\/www.agrobase.com.br\/concursos\/wp-json\/wp\/v2\/users\/7"}],"replies":[{"embeddable":true,"href":"https:\/\/www.agrobase.com.br\/concursos\/wp-json\/wp\/v2\/comments?post=278147"}],"version-history":[{"count":1,"href":"https:\/\/www.agrobase.com.br\/concursos\/wp-json\/wp\/v2\/posts\/278147\/revisions"}],"predecessor-version":[{"id":278149,"href":"https:\/\/www.agrobase.com.br\/concursos\/wp-json\/wp\/v2\/posts\/278147\/revisions\/278149"}],"wp:featuredmedia":[{"embeddable":true,"href":"https:\/\/www.agrobase.com.br\/concursos\/wp-json\/wp\/v2\/media\/278146"}],"wp:attachment":[{"href":"https:\/\/www.agrobase.com.br\/concursos\/wp-json\/wp\/v2\/media?parent=278147"}],"wp:term":[{"taxonomy":"category","embeddable":true,"href":"https:\/\/www.agrobase.com.br\/concursos\/wp-json\/wp\/v2\/categories?post=278147"},{"taxonomy":"post_tag","embeddable":true,"href":"https:\/\/www.agrobase.com.br\/concursos\/wp-json\/wp\/v2\/tags?post=278147"},{"taxonomy":"_amplo","embeddable":true,"href":"https:\/\/www.agrobase.com.br\/concursos\/wp-json\/wp\/v2\/_amplo?post=278147"},{"taxonomy":"destaque","embeddable":true,"href":"https:\/\/www.agrobase.com.br\/concursos\/wp-json\/wp\/v2\/destaque?post=278147"},{"taxonomy":"instituicoes","embeddable":true,"href":"https:\/\/www.agrobase.com.br\/concursos\/wp-json\/wp\/v2\/instituicoes?post=278147"}],"curies":[{"name":"wp","href":"https:\/\/api.w.org\/{rel}","templated":true}]}}