{"id":278137,"date":"2026-02-20T07:40:01","date_gmt":"2026-02-20T10:40:01","guid":{"rendered":"https:\/\/www.agrobase.com.br\/concursos\/?p=278137"},"modified":"2026-02-19T12:33:25","modified_gmt":"2026-02-19T15:33:25","slug":"prefeitura-conceicao-do-mato-dentro-mg-selecao-simplificada-01-2026","status":"publish","type":"post","link":"https:\/\/www.agrobase.com.br\/concursos\/2026\/prefeitura-conceicao-do-mato-dentro-mg-selecao-simplificada-01-2026\/","title":{"rendered":"Prefeitura Concei\u00e7\u00e3o do Mato Dentro (MG) &#8211; Sele\u00e7\u00e3o Simplificada 01\/2026"},"content":{"rendered":"<h2>Informa\u00e7\u00f5es Gerais<\/h2>\n<p>O Munic\u00edpio de <strong>Concei\u00e7\u00e3o do Mato Dentro\/MG<\/strong> publicou o <strong>Edital n\u00ba 004\/2026<\/strong>, referente ao <strong>Processo Seletivo Simplificado<\/strong> destinado \u00e0 contrata\u00e7\u00e3o tempor\u00e1ria de profissionais para atender \u00e0s necessidades excepcionais de interesse p\u00fablico. A organiza\u00e7\u00e3o do certame est\u00e1 a cargo do <strong>Instituto de Pesquisa, Gest\u00e3o e Tecnologia (INTEC)<\/strong>.<\/p>\n<p>O processo seletivo oferece <strong>21 vagas imediatas, al\u00e9m de forma\u00e7\u00e3o de cadastro reserva<\/strong>, distribu\u00eddas entre os n\u00edveis <strong>Fundamental Completo<\/strong>, <strong>M\u00e9dio\/T\u00e9cnico<\/strong> e <strong>Superior<\/strong>. O regime de contrata\u00e7\u00e3o \u00e9 <strong>tempor\u00e1rio<\/strong>, com base na legisla\u00e7\u00e3o municipal vigente. As remunera\u00e7\u00f5es variam de <strong>R$ 3.587,73<\/strong> a <strong>R$ 10.569,12<\/strong>, para jornadas de 40 horas semanais.<\/p>\n<p>As vagas abrangem diversas \u00e1reas de atua\u00e7\u00e3o. No n\u00edvel fundamental, h\u00e1 oportunidades para Operador de M\u00e1quinas Pesadas e Operador de M\u00e1quinas Agr\u00edcolas. No n\u00edvel m\u00e9dio\/t\u00e9cnico, destacam-se vagas para <strong>T\u00e9cnico Agr\u00edcola<\/strong> \u2014 cargo que exige curso t\u00e9cnico compat\u00edvel e registro no CFTA \u2014 e T\u00e9cnico em Administra\u00e7\u00e3o. J\u00e1 no n\u00edvel superior, o edital contempla cargos como Analista Administrativo, Analista de Tecnologia da Informa\u00e7\u00e3o, Auditor de Controle Interno (Contador), Educador F\u00edsico, Contador e <strong>Engenheiro Agr\u00f4nomo<\/strong>, este \u00faltimo com remunera\u00e7\u00e3o de <strong>R$ 10.569,12<\/strong> e exig\u00eancia de gradua\u00e7\u00e3o em Engenharia Agron\u00f4mica com registro no conselho regional.<\/p>\n<p>Se voc\u00ea busca uma oportunidade na \u00e1rea p\u00fablica em Minas Gerais, continue a leitura para conferir todos os detalhes sobre inscri\u00e7\u00f5es, etapas de sele\u00e7\u00e3o e como acompanhar os resultados deste processo seletivo.<\/p>\n<h2>Inscri\u00e7\u00f5es<\/h2>\n<p>As inscri\u00e7\u00f5es para o Processo Seletivo Simplificado do Munic\u00edpio de Concei\u00e7\u00e3o do Mato Dentro\/MG (Edital n\u00ba 004\/2026) devem ser realizadas exclusivamente pela internet, por meio do site <strong><a href=\"https:\/\/www.concursosintec.org.br\" target=\"_blank\" rel=\"noopener\">www.concursosintec.org.br<\/a><\/strong>, no per\u00edodo de <strong>13 de fevereiro de 2026<\/strong> at\u00e9 <strong>23h59 do dia 28 de fevereiro de 2026<\/strong>, conforme cronograma preliminar do edital.<\/p>\n<p>Uma informa\u00e7\u00e3o importante para os candidatos: <strong>as inscri\u00e7\u00f5es s\u00e3o totalmente gratuitas<\/strong>, n\u00e3o havendo cobran\u00e7a de qualquer taxa de participa\u00e7\u00e3o.<\/p>\n<p>Para se inscrever, o candidato dever\u00e1 acessar o site do Instituto INTEC, preencher o formul\u00e1rio eletr\u00f4nico de Requerimento de Inscri\u00e7\u00e3o com seus dados pessoais e selecionar o cargo desejado. \u00c9 fundamental observar as seguintes orienta\u00e7\u00f5es:<\/p>\n<ul>\n<li>O candidato poder\u00e1 se inscrever em <strong>apenas um cargo por turno de prova<\/strong>.<\/li>\n<li>Caso realize mais de uma inscri\u00e7\u00e3o para o mesmo dia e hor\u00e1rio, ser\u00e1 considerada v\u00e1lida apenas a \u00faltima inscri\u00e7\u00e3o efetuada, sendo as demais automaticamente canceladas.<\/li>\n<li>N\u00e3o ser\u00e3o aceitas inscri\u00e7\u00f5es por via postal, fax, correio eletr\u00f4nico, provis\u00f3rias, condicionais ou extempor\u00e2neas.<\/li>\n<li>As informa\u00e7\u00f5es prestadas no formul\u00e1rio s\u00e3o de inteira responsabilidade do candidato. Declara\u00e7\u00f5es falsas ou inexatas poder\u00e3o acarretar o cancelamento da inscri\u00e7\u00e3o e a anula\u00e7\u00e3o de todos os atos decorrentes.<\/li>\n<\/ul>\n<p>As inscri\u00e7\u00f5es poder\u00e3o ser prorrogadas por necessidade t\u00e9cnica ou operacional, a crit\u00e9rio do Munic\u00edpio ou do Instituto INTEC. A lista de inscri\u00e7\u00f5es deferidas ser\u00e1 divulgada no endere\u00e7o eletr\u00f4nico <strong>www.concursosintec.org.br<\/strong>, conforme cronograma.<\/p>\n<p>Recomendamos a leitura integral do edital para conferir todos os requisitos espec\u00edficos de cada cargo e demais condi\u00e7\u00f5es de participa\u00e7\u00e3o.<\/p>\n<h2>Etapas e Provas<\/h2>\n<p>O Processo Seletivo Simplificado do Munic\u00edpio de Concei\u00e7\u00e3o do Mato Dentro\/MG ser\u00e1 composto por <strong>tr\u00eas etapas<\/strong>, conforme detalhado a seguir:<\/p>\n<ul>\n<li><strong>1\u00aa Etapa \u2014 Prova Objetiva de M\u00faltipla Escolha (Classificat\u00f3ria e Eliminat\u00f3ria)<\/strong><br \/>Aplic\u00e1vel a <strong>todos os cargos<\/strong>. A data prov\u00e1vel de aplica\u00e7\u00e3o \u00e9 <strong>22 de mar\u00e7o de 2026 (domingo)<\/strong>, em dois turnos:\n<ul>\n<li><strong>Turno da Manh\u00e3 (in\u00edcio \u00e0s 08h30, port\u00f5es abertos \u00e0s 07h30, fechamento \u00e0s 08h15):<\/strong> Operador de M\u00e1quinas Pesadas, T\u00e9cnico Agr\u00edcola, T\u00e9cnico em Administra\u00e7\u00e3o, Analista de Tecnologia da Informa\u00e7\u00e3o, Auditor de Controle Interno (Contador), Contador e Educador F\u00edsico.<\/li>\n<li><strong>Turno da Tarde (in\u00edcio \u00e0s 13h00, port\u00f5es abertos \u00e0s 12h00, fechamento \u00e0s 12h45):<\/strong> Operador de M\u00e1quinas Agr\u00edcolas, Analista Administrativo e Engenheiro Agr\u00f4nomo.<\/li>\n<\/ul>\n<\/li>\n<li><strong>2\u00aa Etapa \u2014 Prova de T\u00edtulos (Classificat\u00f3ria)<\/strong><br \/>Aplic\u00e1vel a <strong>todos os cargos<\/strong>. Esta etapa possui car\u00e1ter exclusivamente classificat\u00f3rio, ou seja, n\u00e3o elimina candidatos, mas pode alterar a posi\u00e7\u00e3o na classifica\u00e7\u00e3o final.<\/li>\n<li><strong>3\u00aa Etapa \u2014 Heteroidentifica\u00e7\u00e3o (Eliminat\u00f3ria)<\/strong><br \/>Aplic\u00e1vel a <strong>todos os cargos<\/strong>, destinada \u00e0 verifica\u00e7\u00e3o da autodeclara\u00e7\u00e3o dos candidatos que concorrem \u00e0s vagas reservadas para pessoas negras. Possui car\u00e1ter eliminat\u00f3rio.<\/li>\n<\/ul>\n<p>Os candidatos devem atentar-se ao turno de prova correspondente ao cargo escolhido, comparecendo ao local de aplica\u00e7\u00e3o com anteced\u00eancia suficiente para garantir a entrada antes do fechamento dos port\u00f5es.<\/p>\n<p>Para informa\u00e7\u00f5es completas sobre conte\u00fado program\u00e1tico, crit\u00e9rios de pontua\u00e7\u00e3o, notas m\u00ednimas para aprova\u00e7\u00e3o e demais detalhes de cada etapa, consulte o edital na \u00edntegra no site <strong>www.concursosintec.org.br<\/strong>.<\/p>\n<h2>Resultados e Gabarito<\/h2>\n<p>Os resultados das diversas etapas do Processo Seletivo Simplificado do Munic\u00edpio de Concei\u00e7\u00e3o do Mato Dentro\/MG ser\u00e3o divulgados nos endere\u00e7os eletr\u00f4nicos <strong><a href=\"https:\/\/www.concursosintec.org.br\" target=\"_blank\" rel=\"noopener\">www.concursosintec.org.br<\/a><\/strong> e <strong><a href=\"https:\/\/www.cmd.mg.gov.br\" target=\"_blank\" rel=\"noopener\">www.cmd.mg.gov.br<\/a><\/strong>, conforme os prazos estabelecidos no cronograma do edital.<\/p>\n<p>A divulga\u00e7\u00e3o seguir\u00e1 a seguinte ordem:<\/p>\n<ul>\n<li><strong>Resultado preliminar da Prova de T\u00edtulos:<\/strong> publicado no site do Instituto INTEC, com abertura de prazo para interposi\u00e7\u00e3o de recursos.<\/li>\n<li><strong>Resultado final da Prova de T\u00edtulos:<\/strong> divulgado nos sites do INTEC e do Munic\u00edpio ap\u00f3s an\u00e1lise dos recursos.<\/li>\n<li><strong>Resultado Final do Processo Seletivo Simplificado:<\/strong> publicado em <strong>tr\u00eas listas distintas<\/strong>:\n<ul>\n<li>Lista geral de classifica\u00e7\u00e3o por cargo\/fun\u00e7\u00e3o, incluindo todos os candidatos aprovados (inclusive PcD e cota racial, se classificados).<\/li>\n<li>Lista exclusiva com a classifica\u00e7\u00e3o dos candidatos inscritos como <strong>Pessoas com Defici\u00eancia (PcD)<\/strong>, quando houver.<\/li>\n<li>Lista exclusiva com a classifica\u00e7\u00e3o dos candidatos inscritos por <strong>Cota Racial<\/strong> deferida, quando houver.<\/li>\n<\/ul>\n<\/li>\n<\/ul>\n<p>A <strong>homologa\u00e7\u00e3o do resultado final<\/strong> ser\u00e1 realizada por ato pr\u00f3prio do Prefeito do Munic\u00edpio de Concei\u00e7\u00e3o do Mato Dentro\/MG e publicada no Portal Oficial Eletr\u00f4nico do Munic\u00edpio, al\u00e9m de divulgada nos sites do INTEC e do Munic\u00edpio. A homologa\u00e7\u00e3o representa o ato oficial que valida todo o processo seletivo e autoriza a convoca\u00e7\u00e3o dos aprovados. <strong>N\u00e3o caber\u00e1 recurso contra o resultado homologado.<\/strong><\/p>\n<p><strong>\u00c9 de responsabilidade exclusiva do candidato acompanhar todas as publica\u00e7\u00f5es oficiais<\/strong>, incluindo resultados, convoca\u00e7\u00f5es e eventuais retifica\u00e7\u00f5es, nos canais indicados. N\u00e3o deixe de verificar periodicamente os sites <strong>www.concursosintec.org.br<\/strong> e <strong>www.cmd.mg.gov.br<\/strong> para se manter atualizado sobre cada fase do certame.<\/p>\n","protected":false},"excerpt":{"rendered":"<p>Processo Seletivo Pref. Concei\u00e7\u00e3o do Mato Dentro (MG) com edital publicado! Vagas p\/ Operador e Analista (Fund. a Sup.). Inscri\u00e7\u00f5es a partir de 13\/02. Confira!<\/p>\n","protected":false},"author":7,"featured_media":278136,"comment_status":"open","ping_status":"open","sticky":false,"template":"","format":"standard","meta":{"_acf_changed":false,"_breakdance_hide_in_design_set":false,"_breakdance_tags":"","footnotes":""},"categories":[4,9,11,29],"tags":[50],"_amplo":[],"destaque":[],"instituicoes":[],"class_list":["post-278137","post","type-post","status-publish","format-standard","has-post-thumbnail","hentry","category-agronomia","category-ciencias-contabeis","category-educacao-fisica","category-tecnico-agricola","tag-minas-gerais"],"acf":{"_tipo_vagas":"vagas","_numero_vagas":"","_quadro_vagas":"","_cargos":"diversos","_cargos_especificos":"","_salario_max":"R$ 10569.12","_abertura":"20260213","_encerramento":"20260228","_inscricoes":"https:\/\/www.concursosintec.org.br","_executora_concurso":"","_instituicao_concurso":[],"_link_adicional":null,"_anexos":null,"_produtos":null,"_vagas":"21 vagas + CR","_salario_min":"R$ 3587.73","_instituicao":"Prefeitura de Concei\u00e7\u00e3o do Mato Dentro","_edital":"https:\/\/www.agrobase.com.br\/concursos\/wp-content\/uploads\/sites\/4\/2026\/02\/edital-01-2026-da-prefeitura-de-conceicao-do-mato-dentro-mg.pdf","_anexos_edital":"https:\/\/www.agrobase.com.br\/concursos\/wp-content\/uploads\/sites\/4\/2026\/02\/anexos-edital-01-2026-da-prefei.onceicao-do-mato-dentro-mg.pdf","_fund_incompleto":"","_fund_completo":"<div>\r\n<table class=\"quadro\">\r\n<thead>\r\n<tr>\r\n<th class=\"hcargo\">Cargo<\/th>\r\n<th class=\"hvagas\">Vagas<\/th>\r\n<th class=\"hremuneracao\">Remunera\u00e7\u00e3o<\/th>\r\n<\/tr>\r\n<\/thead>\r\n    <tbody>\r\n      <td class=\"ccargos\">\r\n<span data-balloon-length=\"medium\" aria-label=\"Ensino Fundamental Completo, CNH categoria D e comprova\u00e7\u00e3o de experi\u00eancia.\" data-balloon-pos=\"up\">Operador de M\u00e1quinas Pesadas<\/span><\/td>\r\n<td class=\"cvagas\">02<\/td>\r\n<td class=\"cremuneracao\">R$ 3.587,73 \/40h<\/td>\r\n<\/tr><td class=\"ccargos\">\r\n<span data-balloon-length=\"medium\" aria-label=\"Ensino Fundamental Completo, CNH categoria D e comprova\u00e7\u00e3o de experi\u00eancia.\" data-balloon-pos=\"up\">Operador de M\u00e1quinas Agr\u00edcolas<\/span><\/td>\r\n<td class=\"cvagas\">04<\/td>\r\n<td class=\"cremuneracao\">R$ 3.587,73 \/40h<\/td>\r\n<\/tr>\r\n    <\/tbody>\r\n  <\/table>\r\n<\/div>","_medio":"<div>\r\n<table class=\"quadro\">\r\n<thead>\r\n<tr>\r\n<th class=\"hcargo\">Cargo<\/th>\r\n<th class=\"hvagas\">Vagas<\/th>\r\n<th class=\"hremuneracao\">Remunera\u00e7\u00e3o<\/th>\r\n<\/tr>\r\n<\/thead>\r\n    <tbody>\r\n      <td class=\"ccargos\">\r\n<span data-balloon-length=\"medium\" aria-label=\"Curso T\u00e9cnico de n\u00edvel m\u00e9dio compat\u00edvel com as atribui\u00e7\u00f5es e registro no CFTA.\" data-balloon-pos=\"up\">T\u00e9cnico Agr\u00edcola<\/span><\/td>\r\n<td class=\"cvagas\">01<\/td>\r\n<td class=\"cremuneracao\">R$ 3.587,73 \/40h<\/td>\r\n<\/tr><td class=\"ccargos\">\r\n<span data-balloon-length=\"medium\" aria-label=\"Curso T\u00e9cnico em Administra\u00e7\u00e3o de n\u00edvel m\u00e9dio.\" data-balloon-pos=\"up\">T\u00e9cnico em Administra\u00e7\u00e3o<\/span><\/td>\r\n<td class=\"cvagas\">02<\/td>\r\n<td class=\"cremuneracao\">R$ 3.587,73 \/40h<\/td>\r\n<\/tr>\r\n    <\/tbody>\r\n  <\/table>\r\n<\/div>","_superior":"<div>\r\n<table class=\"quadro\">\r\n<thead>\r\n<tr>\r\n<th class=\"hcargo\">Cargo<\/th>\r\n<th class=\"hvagas\">Vagas<\/th>\r\n<th class=\"hremuneracao\">Remunera\u00e7\u00e3o<\/th>\r\n<\/tr>\r\n<\/thead>\r\n    <tbody>\r\n      <tr>\r\n<td class=\"ccargos\">\r\n<span data-balloon-length=\"medium\" aria-label=\"Curso Superior de Gradua\u00e7\u00e3o em qualquer \u00e1rea de forma\u00e7\u00e3o reconhecida pelo MEC.\" data-balloon-pos=\"up\">Analista Administrativo<\/span><\/td>\r\n<td class=\"cvagas\">01<\/td>\r\n<td class=\"cremuneracao\">R$ 10.569,12 \/40h<\/td>\r\n<\/tr><tr>\r\n<td class=\"ccargos\">\r\n<span data-balloon-length=\"medium\" aria-label=\"Curso Superior de Gradua\u00e7\u00e3o em Sistemas de Informa\u00e7\u00e3o.\" data-balloon-pos=\"up\">Analista de Tecnologia da Informa\u00e7\u00e3o<\/span><\/td>\r\n<td class=\"cvagas\">01<\/td>\r\n<td class=\"cremuneracao\">R$ 9.490,84 \/40h<\/td>\r\n<\/tr><tr>\r\n<td class=\"ccargos\">\r\n<span data-balloon-length=\"medium\" aria-label=\"Curso Superior em Ci\u00eancias Cont\u00e1beis e registro no conselho regional competente.\" data-balloon-pos=\"up\">Auditor de Controle Interno - Contador<\/span><\/td>\r\n<td class=\"cvagas\">01<\/td>\r\n<td class=\"cremuneracao\">R$ 9.799,11 \/40h<\/td>\r\n<\/tr><tr>\r\n<td class=\"ccargos\">\r\n<span data-balloon-length=\"medium\" aria-label=\"Curso Superior em Educa\u00e7\u00e3o F\u00edsica com registro no respectivo conselho regional competente.\" data-balloon-pos=\"up\">Educador F\u00edsico<\/span><\/td>\r\n<td class=\"cvagas\">05 + CR<\/td>\r\n<td class=\"cremuneracao\">R$ 6.278,59 \/40h<\/td>\r\n<\/tr><tr>\r\n<td class=\"ccargos\">\r\n<span data-balloon-length=\"medium\" aria-label=\"Curso Superior de Gradua\u00e7\u00e3o em Engenharia Agron\u00f4mica com registro no conselho regional.\" data-balloon-pos=\"up\">Engenheiro Agr\u00f4nomo<\/span><\/td>\r\n<td class=\"cvagas\">01<\/td>\r\n<td class=\"cremuneracao\">R$ 10.569,12 \/40h<\/td>\r\n<\/tr><tr>\r\n<td class=\"ccargos\">\r\n<span data-balloon-length=\"medium\" aria-label=\"Curso Superior de Gradua\u00e7\u00e3o em Ci\u00eancias Cont\u00e1beis e registro no conselho regional.\" data-balloon-pos=\"up\">Contador<\/span><\/td>\r\n<td class=\"cvagas\">03<\/td>\r\n<td class=\"cremuneracao\">R$ 6.278,59 \/40h<\/td>\r\n<\/tr>\r\n    <\/tbody>\r\n  <\/table>\r\n<\/div>"},"_links":{"self":[{"href":"https:\/\/www.agrobase.com.br\/concursos\/wp-json\/wp\/v2\/posts\/278137","targetHints":{"allow":["GET"]}}],"collection":[{"href":"https:\/\/www.agrobase.com.br\/concursos\/wp-json\/wp\/v2\/posts"}],"about":[{"href":"https:\/\/www.agrobase.com.br\/concursos\/wp-json\/wp\/v2\/types\/post"}],"author":[{"embeddable":true,"href":"https:\/\/www.agrobase.com.br\/concursos\/wp-json\/wp\/v2\/users\/7"}],"replies":[{"embeddable":true,"href":"https:\/\/www.agrobase.com.br\/concursos\/wp-json\/wp\/v2\/comments?post=278137"}],"version-history":[{"count":1,"href":"https:\/\/www.agrobase.com.br\/concursos\/wp-json\/wp\/v2\/posts\/278137\/revisions"}],"predecessor-version":[{"id":278139,"href":"https:\/\/www.agrobase.com.br\/concursos\/wp-json\/wp\/v2\/posts\/278137\/revisions\/278139"}],"wp:featuredmedia":[{"embeddable":true,"href":"https:\/\/www.agrobase.com.br\/concursos\/wp-json\/wp\/v2\/media\/278136"}],"wp:attachment":[{"href":"https:\/\/www.agrobase.com.br\/concursos\/wp-json\/wp\/v2\/media?parent=278137"}],"wp:term":[{"taxonomy":"category","embeddable":true,"href":"https:\/\/www.agrobase.com.br\/concursos\/wp-json\/wp\/v2\/categories?post=278137"},{"taxonomy":"post_tag","embeddable":true,"href":"https:\/\/www.agrobase.com.br\/concursos\/wp-json\/wp\/v2\/tags?post=278137"},{"taxonomy":"_amplo","embeddable":true,"href":"https:\/\/www.agrobase.com.br\/concursos\/wp-json\/wp\/v2\/_amplo?post=278137"},{"taxonomy":"destaque","embeddable":true,"href":"https:\/\/www.agrobase.com.br\/concursos\/wp-json\/wp\/v2\/destaque?post=278137"},{"taxonomy":"instituicoes","embeddable":true,"href":"https:\/\/www.agrobase.com.br\/concursos\/wp-json\/wp\/v2\/instituicoes?post=278137"}],"curies":[{"name":"wp","href":"https:\/\/api.w.org\/{rel}","templated":true}]}}