{"id":278096,"date":"2026-02-19T07:50:54","date_gmt":"2026-02-19T10:50:54","guid":{"rendered":"https:\/\/www.agrobase.com.br\/concursos\/?p=278096"},"modified":"2026-02-18T14:17:36","modified_gmt":"2026-02-18T17:17:36","slug":"prefeitura-sao-jose-da-bela-vista-sp-concurso-01-2026","status":"publish","type":"post","link":"https:\/\/www.agrobase.com.br\/concursos\/2026\/prefeitura-sao-jose-da-bela-vista-sp-concurso-01-2026\/","title":{"rendered":"Prefeitura S\u00e3o Jos\u00e9 da Bela Vista (SP) &#8211; Concurso 01\/2026"},"content":{"rendered":"<h2>Informa\u00e7\u00f5es Gerais<\/h2>\n<p>A <strong>Prefeitura Municipal de S\u00e3o Jos\u00e9 da Bela Vista<\/strong>, no Estado de S\u00e3o Paulo, publicou edital de <strong>Concurso P\u00fablico de Provas e de Provas e T\u00edtulos<\/strong> para provimento de vagas e forma\u00e7\u00e3o de cadastro reserva em cargos p\u00fablicos sob o regime da <strong>Consolida\u00e7\u00e3o das Leis do Trabalho (CLT)<\/strong>. O certame \u00e9 organizado pelo <strong>Instituto INDEC<\/strong> (Instituto Nacional de Desenvolvimento Educacional e Capacita\u00e7\u00e3o).<\/p>\n<p>S\u00e3o oferecidas <strong>05 vagas imediatas + cadastro reserva<\/strong>, distribu\u00eddas entre os n\u00edveis <strong>M\u00e9dio\/T\u00e9cnico<\/strong> e <strong>Superior<\/strong>, com remunera\u00e7\u00f5es que variam de <strong>R$ 125,84<\/strong> (cargos horistas) a <strong>R$ 7.078,72<\/strong>.<\/p>\n<p>As oportunidades abrangem diversas \u00e1reas de atua\u00e7\u00e3o. Na \u00e1rea administrativa, h\u00e1 vagas para Encarregado do Setor de Cadastro e Tributa\u00e7\u00e3o (n\u00edvel m\u00e9dio) e Procurador Jur\u00eddico. Na \u00e1rea da sa\u00fade, o concurso contempla cargos de M\u00e9dico Cl\u00ednico Geral, M\u00e9dico Cl\u00ednico Geral ESF, M\u00e9dico do Trabalho, M\u00e9dico Ginecologista, M\u00e9dico Pediatra, M\u00e9dico Psiquiatra e Fonoaudi\u00f3logo. Na \u00e1rea de educa\u00e7\u00e3o, h\u00e1 vaga para Coordenador Pedag\u00f3gico de Educa\u00e7\u00e3o Infantil.<\/p>\n<p>Destaque para a vaga de <strong>Nutricionista da Sa\u00fade<\/strong>, cargo de n\u00edvel superior que exige gradua\u00e7\u00e3o em Nutri\u00e7\u00e3o e registro no conselho de classe, com carga hor\u00e1ria de 30 horas semanais e remunera\u00e7\u00e3o de R$ 2.307,14 \u2014 uma excelente oportunidade para profissionais da \u00e1rea de Nutri\u00e7\u00e3o que buscam estabilidade no servi\u00e7o p\u00fablico.<\/p>\n<p>Continue a leitura para conferir todos os detalhes sobre inscri\u00e7\u00f5es, etapas de sele\u00e7\u00e3o e como acompanhar os resultados deste concurso p\u00fablico em S\u00e3o Jos\u00e9 da Bela Vista \u2013 SP.<\/p>\n<h2>Inscri\u00e7\u00f5es<\/h2>\n<p>As <strong>inscri\u00e7\u00f5es para o Concurso P\u00fablico da Prefeitura de S\u00e3o Jos\u00e9 da Bela Vista \u2013 SP<\/strong> ser\u00e3o realizadas <strong>exclusivamente pela internet<\/strong>, por meio do site do Instituto INDEC. O per\u00edodo de inscri\u00e7\u00e3o vai do dia <strong>13 de fevereiro de 2026<\/strong> at\u00e9 as <strong>23h59 do dia 12 de mar\u00e7o de 2026<\/strong>. Ap\u00f3s esse hor\u00e1rio, o formul\u00e1rio de inscri\u00e7\u00e3o n\u00e3o estar\u00e1 mais dispon\u00edvel.<\/p>\n<p>Para se inscrever, o candidato dever\u00e1 seguir os passos abaixo:<\/p>\n<ul>\n<li>Acessar o site <strong>https:\/\/institutoindec.org.br<\/strong>;<\/li>\n<li>Localizar o link correspondente a este Concurso P\u00fablico;<\/li>\n<li>Selecionar a aba <strong>Documentos<\/strong> para consultar as informa\u00e7\u00f5es do certame;<\/li>\n<li>Selecionar a aba <strong>Inscrever-se<\/strong> e fazer o login. Caso ainda n\u00e3o possua cadastro, selecionar <strong>Novo Cadastro<\/strong> e preencher todas as informa\u00e7\u00f5es solicitadas com dados corretos e completos;<\/li>\n<li>O candidato \u00e9 respons\u00e1vel pela veracidade de todas as informa\u00e7\u00f5es fornecidas no ato da inscri\u00e7\u00e3o.<\/li>\n<\/ul>\n<p>Os candidatos ao cargo de <strong>Coordenador Pedag\u00f3gico de Educa\u00e7\u00e3o Infantil<\/strong> devem ficar atentos: a <strong>Prova de T\u00edtulos<\/strong> ser\u00e1 realizada digitalmente (por upload) <strong>exclusivamente durante o per\u00edodo de inscri\u00e7\u00f5es<\/strong>. Portanto, \u00e9 fundamental providenciar a documenta\u00e7\u00e3o necess\u00e1ria com anteced\u00eancia.<\/p>\n<p>Recomenda-se que o candidato acompanhe regularmente sua \u00e1rea restrita no site do Instituto INDEC para verificar o status da inscri\u00e7\u00e3o e eventuais atualiza\u00e7\u00f5es. Para informa\u00e7\u00f5es completas sobre valores de taxa de inscri\u00e7\u00e3o, procedimentos para solicita\u00e7\u00e3o de isen\u00e7\u00e3o e data-limite para pagamento do boleto, consulte o edital na \u00edntegra.<\/p>\n<h2>Etapas e Provas<\/h2>\n<p>O processo de sele\u00e7\u00e3o do Concurso P\u00fablico da Prefeitura de S\u00e3o Jos\u00e9 da Bela Vista \u2013 SP ser\u00e1 composto pelas seguintes etapas:<\/p>\n<ul>\n<li><strong>Prova Objetiva<\/strong> \u2014 aplic\u00e1vel a <strong>todos os cargos<\/strong>\n<p>A prova objetiva ter\u00e1 car\u00e1ter <strong>eliminat\u00f3rio e classificat\u00f3rio<\/strong> e ser\u00e1 composta por <strong>40 quest\u00f5es de m\u00faltipla escolha<\/strong>, cada uma com <strong>04 alternativas<\/strong>, sendo apenas uma correta.<\/p>\n<p>A aplica\u00e7\u00e3o est\u00e1 prevista para o dia <strong>12 de abril de 2026<\/strong>, em hor\u00e1rio e local a serem oportunamente divulgados pelo Instituto INDEC. A dura\u00e7\u00e3o da prova ser\u00e1 de <strong>02 (duas) horas<\/strong>, contadas a partir da autoriza\u00e7\u00e3o do fiscal para o in\u00edcio.<\/p>\n<\/li>\n<li><strong>Prova de T\u00edtulos<\/strong> \u2014 exclusiva para o cargo de <strong>Coordenador Pedag\u00f3gico de Educa\u00e7\u00e3o Infantil<\/strong>\n<p>A Prova de T\u00edtulos ter\u00e1 car\u00e1ter <strong>classificat\u00f3rio<\/strong> e ser\u00e1 realizada de forma <strong>digital (upload de documentos)<\/strong>, <strong>exclusivamente durante o per\u00edodo de inscri\u00e7\u00f5es<\/strong> (de 13 de fevereiro a 12 de mar\u00e7o de 2026). Os candidatos a este cargo devem enviar a documenta\u00e7\u00e3o comprobat\u00f3ria dentro do prazo estabelecido, sob pena de n\u00e3o pontua\u00e7\u00e3o nesta etapa.<\/p>\n<\/li>\n<\/ul>\n<p>A pontua\u00e7\u00e3o final do candidato corresponder\u00e1 \u00e0 nota obtida na Prova Objetiva e, no caso do cargo de Coordenador Pedag\u00f3gico de Educa\u00e7\u00e3o Infantil, \u00e0 somat\u00f3ria das notas da Prova Objetiva e da Prova de T\u00edtulos.<\/p>\n<p>Para informa\u00e7\u00f5es detalhadas sobre o conte\u00fado program\u00e1tico de cada cargo, crit\u00e9rios de aprova\u00e7\u00e3o, nota m\u00ednima exigida e cronograma completo, consulte o edital oficial do concurso.<\/p>\n<h2>Resultados e Gabarito<\/h2>\n<p>Os resultados do Concurso P\u00fablico da Prefeitura de S\u00e3o Jos\u00e9 da Bela Vista \u2013 SP ser\u00e3o divulgados de forma progressiva, conforme o cronograma previsto no edital. Os candidatos devem acompanhar todas as publica\u00e7\u00f5es pelos canais oficiais.<\/p>\n<p>A classifica\u00e7\u00e3o dos candidatos habilitados ser\u00e1 feita por <strong>ordem decrescente da nota final<\/strong>, organizada por cargo. A pontua\u00e7\u00e3o final corresponder\u00e1 \u00e0 nota da Prova Objetiva e, quando aplic\u00e1vel, \u00e0 somat\u00f3ria das notas obtidas em todas as avalia\u00e7\u00f5es realizadas pelo candidato.<\/p>\n<p>Ser\u00e3o elaboradas <strong>duas listas de classifica\u00e7\u00e3o<\/strong>:<\/p>\n<ul>\n<li><strong>Lista geral<\/strong>: com a rela\u00e7\u00e3o de todos os candidatos aprovados, incluindo aqueles com defici\u00eancia;<\/li>\n<li><strong>Lista especial<\/strong>: exclusivamente com os candidatos com defici\u00eancia aprovados.<\/li>\n<\/ul>\n<p>A divulga\u00e7\u00e3o dos <strong>Resultados Finais e a Homologa\u00e7\u00e3o<\/strong> do Concurso P\u00fablico est\u00e1 prevista para o dia <strong>08 de maio de 2026<\/strong>. A homologa\u00e7\u00e3o \u00e9 o ato oficial que valida todo o certame e autoriza a convoca\u00e7\u00e3o dos aprovados para posse, conforme a necessidade da administra\u00e7\u00e3o municipal.<\/p>\n<p>Os candidatos devem acompanhar todas as etapas de divulga\u00e7\u00e3o \u2014 incluindo gabaritos preliminares, gabaritos definitivos, resultados preliminares e definitivos \u2014 por meio do site do <strong>Instituto INDEC<\/strong> (<strong>https:\/\/institutoindec.org.br<\/strong>) e dos canais oficiais da <strong>Prefeitura de S\u00e3o Jos\u00e9 da Bela Vista<\/strong>.<\/p>\n<p><strong>Importante:<\/strong> o acompanhamento de todas as publica\u00e7\u00f5es, prazos para recursos e convoca\u00e7\u00f5es \u00e9 de <strong>responsabilidade exclusiva do candidato<\/strong>. Recomenda-se consultar regularmente os canais oficiais para n\u00e3o perder nenhuma etapa do certame.<\/p>\n","protected":false},"excerpt":{"rendered":"<p>Concurso Pref. S\u00e3o Jos\u00e9 da Bela Vista (SP) com edital publicado! Vagas p\/ Coord. Pedag\u00f3gico e M\u00e9dico (M\u00e9d.\/Sup.). Inscri\u00e7\u00f5es a partir de 13\/02. Confira!<\/p>\n","protected":false},"author":7,"featured_media":278095,"comment_status":"open","ping_status":"open","sticky":false,"template":"","format":"standard","meta":{"_acf_changed":false,"_breakdance_hide_in_design_set":false,"_breakdance_tags":"","footnotes":""},"categories":[10,19,21,23,25],"tags":[62],"_amplo":[],"destaque":[],"instituicoes":[],"class_list":["post-278096","post","type-post","status-publish","format-standard","has-post-thumbnail","hentry","category-direito","category-fonoaudiologia","category-medicina","category-nutricao","category-pedagogia","tag-sao-paulo"],"acf":{"_tipo_vagas":"vagas","_numero_vagas":"","_quadro_vagas":"","_cargos":"diversos","_cargos_especificos":"","_salario_max":"R$ 7078.72","_abertura":"20260213","_encerramento":"20260312","_inscricoes":"https:\/\/institutoindec.org.br","_executora_concurso":"","_instituicao_concurso":[],"_link_adicional":null,"_anexos":null,"_produtos":null,"_vagas":"05 vagas + CR","_salario_min":"R$ 125.84","_instituicao":"Prefeitura de S\u00e3o Jos\u00e9 da Bela Vista","_edital":"https:\/\/www.agrobase.com.br\/concursos\/wp-content\/uploads\/sites\/4\/2026\/02\/edital-01-2026-prefeitura-de-sao-jose-da-bela-vista-sp.pdf","_anexos_edital":"https:\/\/www.agrobase.com.br\/concursos\/wp-content\/uploads\/sites\/4\/2026\/02\/anexos-edital-01-2026-prefeitur.-sao-jose-da-bela-vista-sp.pdf","_fund_incompleto":"","_fund_completo":"","_medio":"<div>\r\n<table class=\"quadro\">\r\n<thead>\r\n<tr>\r\n<th class=\"hcargo\">Cargo<\/th>\r\n<th class=\"hvagas\">Vagas<\/th>\r\n<th class=\"hremuneracao\">Remunera\u00e7\u00e3o<\/th>\r\n<\/tr>\r\n<\/thead>\r\n    <tbody>\r\n      <td class=\"ccargos\">\r\n<span data-balloon-length=\"medium\" aria-label=\"Ensino M\u00e9dio Completo.\" data-balloon-pos=\"up\">Encarregado do Setor de Cadastro e Tributa\u00e7\u00e3o<\/span><\/td>\r\n<td class=\"cvagas\">CR<\/td>\r\n<td class=\"cremuneracao\">R$ 2.569,31 \/40h<\/td>\r\n<\/tr>\r\n    <\/tbody>\r\n  <\/table>\r\n<\/div>","_superior":"<div>\r\n<table class=\"quadro\">\r\n<thead>\r\n<tr>\r\n<th class=\"hcargo\">Cargo<\/th>\r\n<th class=\"hvagas\">Vagas<\/th>\r\n<th class=\"hremuneracao\">Remunera\u00e7\u00e3o<\/th>\r\n<\/tr>\r\n<\/thead>\r\n    <tbody>\r\n      <tr>\r\n<td class=\"ccargos\">\r\n<span data-balloon-length=\"medium\" aria-label=\"Curso Superior com Licenciatura Plena em Pedagogia.\" data-balloon-pos=\"up\">Coordenador Pedag\u00f3gico de Educa\u00e7\u00e3o Infantil<\/span><\/td>\r\n<td class=\"cvagas\">CR<\/td>\r\n<td class=\"cremuneracao\">R$ 4.932,60 \/40h<\/td>\r\n<\/tr><tr>\r\n<td class=\"ccargos\">\r\n<span data-balloon-length=\"medium\" aria-label=\"Curso Superior Completo em Fonoaudiologia e Registro no Conselho de Classe.\" data-balloon-pos=\"up\">Fonoaudi\u00f3logo<\/span><\/td>\r\n<td class=\"cvagas\">CR<\/td>\r\n<td class=\"cremuneracao\">R$ 2.307,14 \/30h<\/td>\r\n<\/tr><tr>\r\n<td class=\"ccargos\">\r\n<span data-balloon-length=\"medium\" aria-label=\"Ensino Superior de Gradua\u00e7\u00e3o Completo em Medicina e registro no CRM.\" data-balloon-pos=\"up\">M\u00e9dico Cl\u00ednico Geral<\/span><\/td>\r\n<td class=\"cvagas\">CR<\/td>\r\n<td class=\"cremuneracao\">R$ 125,84 \/horista<\/td>\r\n<\/tr><tr>\r\n<td class=\"ccargos\">\r\n<span data-balloon-length=\"medium\" aria-label=\"Ensino Superior de Gradua\u00e7\u00e3o Completo em Medicina e registro no CRM.\" data-balloon-pos=\"up\">M\u00e9dico Cl\u00ednico Geral ESF<\/span><\/td>\r\n<td class=\"cvagas\">CR<\/td>\r\n<td class=\"cremuneracao\">R$ 7.078,72 \/20h<\/td>\r\n<\/tr><tr>\r\n<td class=\"ccargos\">\r\n<span data-balloon-length=\"medium\" aria-label=\"Ensino Superior de Gradua\u00e7\u00e3o Completo em Medicina do Trabalho em n\u00edvel de P\u00f3s-Gradua\u00e7\u00e3o e registro no CRM.\" data-balloon-pos=\"up\">M\u00e9dico do Trabalho<\/span><\/td>\r\n<td class=\"cvagas\">CR<\/td>\r\n<td class=\"cremuneracao\">R$ 7.078,72 \/20h<\/td>\r\n<\/tr><tr>\r\n<td class=\"ccargos\">\r\n<span data-balloon-length=\"medium\" aria-label=\"Curso Superior em Medicina com especializa\u00e7\u00e3o na \u00e1rea de atua\u00e7\u00e3o e Registro no Conselho Respectivo.\" data-balloon-pos=\"up\">M\u00e9dico Ginecologista<\/span><\/td>\r\n<td class=\"cvagas\">CR<\/td>\r\n<td class=\"cremuneracao\">R$ 125,84 \/horista<\/td>\r\n<\/tr><tr>\r\n<td class=\"ccargos\">\r\n<span data-balloon-length=\"medium\" aria-label=\"Curso Superior em Medicina com especializa\u00e7\u00e3o na \u00e1rea de atua\u00e7\u00e3o e Registro no Conselho Respectivo.\" data-balloon-pos=\"up\">M\u00e9dico Pediatra<\/span><\/td>\r\n<td class=\"cvagas\">CR<\/td>\r\n<td class=\"cremuneracao\">R$ 125,84 \/horista<\/td>\r\n<\/tr><tr>\r\n<td class=\"ccargos\">\r\n<span data-balloon-length=\"medium\" aria-label=\"Curso Superior em Medicina com especializa\u00e7\u00e3o na \u00e1rea de atua\u00e7\u00e3o e Registro no Conselho Respectivo.\" data-balloon-pos=\"up\">M\u00e9dico Psiquiatra<\/span><\/td>\r\n<td class=\"cvagas\">CR<\/td>\r\n<td class=\"cremuneracao\">R$ 125,84 \/horista<\/td>\r\n<\/tr><tr>\r\n<td class=\"ccargos\">\r\n<span data-balloon-length=\"medium\" aria-label=\"Curso Superior Completo em Nutri\u00e7\u00e3o e Registro no Conselho de Classe.\" data-balloon-pos=\"up\">Nutricionista da Sa\u00fade<\/span><\/td>\r\n<td class=\"cvagas\">CR<\/td>\r\n<td class=\"cremuneracao\">R$ 2.307,14 \/30h<\/td>\r\n<\/tr><tr>\r\n<td class=\"ccargos\">\r\n<span data-balloon-length=\"medium\" aria-label=\"Curso Superior Completo em Direito e Registro na Ordem dos Advogados do Brasil.\" data-balloon-pos=\"up\">Procurador Jur\u00eddico<\/span><\/td>\r\n<td class=\"cvagas\">CR<\/td>\r\n<td class=\"cremuneracao\">R$ 6.554,37 \/20h<\/td>\r\n<\/tr>\r\n    <\/tbody>\r\n  <\/table>\r\n<\/div>"},"_links":{"self":[{"href":"https:\/\/www.agrobase.com.br\/concursos\/wp-json\/wp\/v2\/posts\/278096","targetHints":{"allow":["GET"]}}],"collection":[{"href":"https:\/\/www.agrobase.com.br\/concursos\/wp-json\/wp\/v2\/posts"}],"about":[{"href":"https:\/\/www.agrobase.com.br\/concursos\/wp-json\/wp\/v2\/types\/post"}],"author":[{"embeddable":true,"href":"https:\/\/www.agrobase.com.br\/concursos\/wp-json\/wp\/v2\/users\/7"}],"replies":[{"embeddable":true,"href":"https:\/\/www.agrobase.com.br\/concursos\/wp-json\/wp\/v2\/comments?post=278096"}],"version-history":[{"count":1,"href":"https:\/\/www.agrobase.com.br\/concursos\/wp-json\/wp\/v2\/posts\/278096\/revisions"}],"predecessor-version":[{"id":278098,"href":"https:\/\/www.agrobase.com.br\/concursos\/wp-json\/wp\/v2\/posts\/278096\/revisions\/278098"}],"wp:featuredmedia":[{"embeddable":true,"href":"https:\/\/www.agrobase.com.br\/concursos\/wp-json\/wp\/v2\/media\/278095"}],"wp:attachment":[{"href":"https:\/\/www.agrobase.com.br\/concursos\/wp-json\/wp\/v2\/media?parent=278096"}],"wp:term":[{"taxonomy":"category","embeddable":true,"href":"https:\/\/www.agrobase.com.br\/concursos\/wp-json\/wp\/v2\/categories?post=278096"},{"taxonomy":"post_tag","embeddable":true,"href":"https:\/\/www.agrobase.com.br\/concursos\/wp-json\/wp\/v2\/tags?post=278096"},{"taxonomy":"_amplo","embeddable":true,"href":"https:\/\/www.agrobase.com.br\/concursos\/wp-json\/wp\/v2\/_amplo?post=278096"},{"taxonomy":"destaque","embeddable":true,"href":"https:\/\/www.agrobase.com.br\/concursos\/wp-json\/wp\/v2\/destaque?post=278096"},{"taxonomy":"instituicoes","embeddable":true,"href":"https:\/\/www.agrobase.com.br\/concursos\/wp-json\/wp\/v2\/instituicoes?post=278096"}],"curies":[{"name":"wp","href":"https:\/\/api.w.org\/{rel}","templated":true}]}}