{"id":278091,"date":"2026-02-19T07:40:13","date_gmt":"2026-02-19T10:40:13","guid":{"rendered":"https:\/\/www.agrobase.com.br\/concursos\/?p=278091"},"modified":"2026-02-18T13:23:53","modified_gmt":"2026-02-18T16:23:53","slug":"prefeitura-santo-antonio-do-descoberto-go-selecao-simplificada-02-2026","status":"publish","type":"post","link":"https:\/\/www.agrobase.com.br\/concursos\/2026\/prefeitura-santo-antonio-do-descoberto-go-selecao-simplificada-02-2026\/","title":{"rendered":"Prefeitura Santo Ant\u00f4nio do Descoberto (GO) &#8211; Sele\u00e7\u00e3o Simplificada 02\/2026"},"content":{"rendered":"<h2>Informa\u00e7\u00f5es Gerais<\/h2>\n<p>O <strong>Munic\u00edpio de Santo Ant\u00f4nio do Descoberto \u2013 GO<\/strong> publicou edital de <strong>Processo Seletivo Simplificado<\/strong> destinado \u00e0 contrata\u00e7\u00e3o tempor\u00e1ria de profissionais para atua\u00e7\u00e3o na <strong>Rede P\u00fablica Municipal de Ensino<\/strong> e na <strong>Secretaria Municipal de Educa\u00e7\u00e3o<\/strong>. O certame \u00e9 realizado em car\u00e1ter excepcional e por tempo determinado, com fundamento no art. 37, inciso IX, da Constitui\u00e7\u00e3o Federal, na Lei Municipal n\u00ba 1.179\/2021 e no Decreto Municipal n\u00ba 2.768\/2026.<\/p>\n<p>Ao todo, s\u00e3o ofertadas <strong>164 vagas imediatas, al\u00e9m de forma\u00e7\u00e3o de cadastro reserva (CR)<\/strong>, distribu\u00eddas entre os n\u00edveis <strong>M\u00e9dio\/T\u00e9cnico<\/strong> e <strong>Superior<\/strong>. As remunera\u00e7\u00f5es variam de <strong>R$ 1.621,00 a R$ 4.980,00<\/strong>, com carga hor\u00e1ria de 40 horas semanais para todos os cargos.<\/p>\n<p>No n\u00edvel superior, h\u00e1 oportunidades para diversas \u00e1reas da educa\u00e7\u00e3o, incluindo <strong>Professor \u2013 Pedagogo<\/strong> (51 vagas + CR), Professor de Matem\u00e1tica, L\u00edngua Portuguesa, Ci\u00eancias, Geografia, Hist\u00f3ria, Educa\u00e7\u00e3o F\u00edsica, Ingl\u00eas, Artes, M\u00fasica, Libras, Braile e TI, al\u00e9m de cargos como Coordenador Pedag\u00f3gico, Orientador Educacional, Psicopedagogo, Psic\u00f3logo Escolar, Fisioterapeuta, Fonoaudi\u00f3logo e Terapeuta Ocupacional. Destaque tamb\u00e9m para vagas de <strong>Nutricionista<\/strong>, com exig\u00eancia de Ensino Superior em Nutri\u00e7\u00e3o e registro no CRN (02 vagas + CR).<\/p>\n<p>Para o n\u00edvel m\u00e9dio\/t\u00e9cnico, est\u00e3o dispon\u00edveis vagas para Profissional de Apoio Escolar (25 + CR) e Auxiliar de Atividades Educativas (38 + CR).<\/p>\n<p>Confira abaixo todos os detalhes sobre inscri\u00e7\u00f5es, etapas de sele\u00e7\u00e3o e resultados para garantir sua participa\u00e7\u00e3o neste processo seletivo.<\/p>\n<h2>Inscri\u00e7\u00f5es<\/h2>\n<p>As inscri\u00e7\u00f5es para o Processo Seletivo Simplificado do Munic\u00edpio de Santo Ant\u00f4nio do Descoberto \u2013 GO encontram-se com per\u00edodo definido em edital. O prazo de inscri\u00e7\u00e3o vai <strong>das 08h do dia 13 de fevereiro de 2026 at\u00e9 as 23h59min do dia 19 de fevereiro de 2026<\/strong>.<\/p>\n<p>As inscri\u00e7\u00f5es s\u00e3o <strong>gratuitas<\/strong> \u2014 n\u00e3o h\u00e1 cobran\u00e7a de taxa de inscri\u00e7\u00e3o para nenhum cargo ou n\u00edvel de escolaridade.<\/p>\n<p>O procedimento \u00e9 realizado <strong>exclusivamente de forma eletr\u00f4nica<\/strong>, por meio de protocolo online, no seguinte endere\u00e7o: <strong><a href=\"https:\/\/santoantoniododescoberto.centi.com.br\/solicitacoes\" target=\"_blank\" rel=\"noopener\">https:\/\/santoantoniododescoberto.centi.com.br\/solicitacoes<\/a><\/strong>.<\/p>\n<p>Para efetuar a inscri\u00e7\u00e3o, o candidato deve:<\/p>\n<ul>\n<li>Acessar o endere\u00e7o eletr\u00f4nico indicado dentro do per\u00edodo de inscri\u00e7\u00e3o;<\/li>\n<li>Preencher o formul\u00e1rio de inscri\u00e7\u00e3o com os dados solicitados;<\/li>\n<li>Anexar os documentos e t\u00edtulos exigidos conforme as orienta\u00e7\u00f5es do edital;<\/li>\n<li>Finalizar o protocolo online e guardar o comprovante de inscri\u00e7\u00e3o.<\/li>\n<\/ul>\n<p>Como n\u00e3o h\u00e1 cobran\u00e7a de taxa, <strong>n\u00e3o se aplicam procedimentos de isen\u00e7\u00e3o<\/strong>. Ainda assim, \u00e9 fundamental que o candidato acompanhe o andamento de sua inscri\u00e7\u00e3o pelo portal do processo seletivo, verificando se todos os documentos foram recebidos e validados.<\/p>\n<p>Recomenda-se a leitura integral do edital para conhecer todos os requisitos, documentos exigidos e demais condi\u00e7\u00f5es de participa\u00e7\u00e3o.<\/p>\n<h2>Etapas e Provas<\/h2>\n<p>O Processo Seletivo Simplificado do Munic\u00edpio de Santo Ant\u00f4nio do Descoberto \u2013 GO ser\u00e1 realizado em <strong>etapa \u00fanica<\/strong>, conforme descrito a seguir:<\/p>\n<ul>\n<li><strong>Prova de T\u00edtulos<\/strong> \u2014 Car\u00e1ter <strong>classificat\u00f3rio e eliminat\u00f3rio<\/strong>\n<ul>\n<li><strong>Formato:<\/strong> an\u00e1lise curricular e documental, com avalia\u00e7\u00e3o dos t\u00edtulos e documentos comprobat\u00f3rios apresentados pelo candidato no ato da inscri\u00e7\u00e3o;<\/li>\n<li><strong>Pontua\u00e7\u00e3o m\u00e1xima:<\/strong> at\u00e9 <strong>100,0 (cem) pontos<\/strong>;<\/li>\n<li><strong>Aplic\u00e1vel a todos os cargos<\/strong> (n\u00edveis M\u00e9dio\/T\u00e9cnico e Superior);<\/li>\n<li>Os curr\u00edculos e documentos ser\u00e3o analisados pela Comiss\u00e3o Organizadora do Processo Seletivo Simplificado;<\/li>\n<li>A pontua\u00e7\u00e3o ser\u00e1 atribu\u00edda de acordo com os crit\u00e9rios e a tabela de t\u00edtulos definidos no edital.<\/li>\n<\/ul>\n<\/li>\n<\/ul>\n<p>Por se tratar de etapa \u00fanica, <strong>n\u00e3o haver\u00e1 aplica\u00e7\u00e3o de prova objetiva, prova pr\u00e1tica, teste de aptid\u00e3o f\u00edsica ou entrevista<\/strong>. A classifica\u00e7\u00e3o dos candidatos ser\u00e1 definida exclusivamente pela pontua\u00e7\u00e3o obtida na Prova de T\u00edtulos.<\/p>\n<p>Consulte o edital completo para conhecer em detalhes os crit\u00e9rios de pontua\u00e7\u00e3o de cada t\u00edtulo aceito, os documentos comprobat\u00f3rios exigidos e o cronograma oficial de an\u00e1lise e divulga\u00e7\u00e3o dos resultados.<\/p>\n<h2>Resultados e Gabarito<\/h2>\n<p>O <strong>Resultado Final<\/strong> do Processo Seletivo Simplificado ser\u00e1 homologado pela <strong>Prefeitura do Munic\u00edpio de Santo Ant\u00f4nio do Descoberto \u2013 GO<\/strong>, obedecendo ao cronograma estabelecido no Anexo IX do edital.<\/p>\n<p>A divulga\u00e7\u00e3o dos resultados seguir\u00e1 as seguintes diretrizes:<\/p>\n<ul>\n<li>O resultado preliminar da Prova de T\u00edtulos ser\u00e1 publicado conforme datas previstas no cronograma do edital;<\/li>\n<li>Ap\u00f3s an\u00e1lise de eventuais recursos, ser\u00e1 divulgado o <strong>resultado definitivo<\/strong>;<\/li>\n<li>A <strong>homologa\u00e7\u00e3o do resultado final<\/strong> oficializa a conclus\u00e3o do processo seletivo e autoriza a convoca\u00e7\u00e3o dos aprovados.<\/li>\n<\/ul>\n<p>Ap\u00f3s a homologa\u00e7\u00e3o, a <strong>convoca\u00e7\u00e3o dos candidatos aprovados<\/strong> obedecer\u00e1 rigorosamente \u00e0 ordem de classifica\u00e7\u00e3o final. Os candidatos devem acompanhar todas as publica\u00e7\u00f5es pelos canais oficiais da Prefeitura de Santo Ant\u00f4nio do Descoberto e pelo portal do processo seletivo em <strong><a href=\"https:\/\/santoantoniododescoberto.centi.com.br\/solicitacoes\" target=\"_blank\" rel=\"noopener\">https:\/\/santoantoniododescoberto.centi.com.br\/solicitacoes<\/a><\/strong>.<\/p>\n<p><strong>Aten\u00e7\u00e3o:<\/strong> o acompanhamento de todas as publica\u00e7\u00f5es oficiais \u2014 incluindo resultados, convoca\u00e7\u00f5es e eventuais retifica\u00e7\u00f5es \u2014 \u00e9 de <strong>responsabilidade exclusiva do candidato<\/strong>. Recomenda-se consultar regularmente os canais indicados no edital para n\u00e3o perder nenhum prazo ou comunicado importante.<\/p>\n","protected":false},"excerpt":{"rendered":"<p>Inscri\u00e7\u00f5es abrem 13\/02! Sel. Simplificada Pref. Santo Ant\u00f4nio do Descoberto (GO) p\/ Professores e Auxiliar (M\u00e9dio\/Sup.). Sal\u00e1rios at\u00e9 R$ 4.9k. Veja o edital!<\/p>\n","protected":false},"author":7,"featured_media":278090,"comment_status":"open","ping_status":"open","sticky":false,"template":"","format":"standard","meta":{"_acf_changed":false,"_breakdance_hide_in_design_set":false,"_breakdance_tags":"","footnotes":""},"categories":[6433,141,6434,6436,18,19,111,100,20,6871,116,119,23,25,26,134],"tags":[46],"_amplo":[],"destaque":[],"instituicoes":[],"class_list":["post-278091","post","type-post","status-publish","format-standard","has-post-thumbnail","hentry","category-biologia-licenciatura","category-educacao-artistica","category-educacao-fisica-licenciatura","category-fisica-licenciatura","category-fisioterapia","category-fonoaudiologia","category-geografia","category-historia","category-letras","category-letras-ingles","category-matematica","category-musica","category-nutricao","category-pedagogia","category-psicologia","category-terapia-ocupacional","tag-goias"],"acf":{"_tipo_vagas":"vagas","_numero_vagas":"","_quadro_vagas":"","_cargos":"diversos","_cargos_especificos":"","_salario_max":"R$ 4980","_abertura":"20260213","_encerramento":"20260219","_inscricoes":"https:\/\/santoantoniododescoberto.centi.com.br\/solicitacoes","_executora_concurso":"","_instituicao_concurso":[],"_link_adicional":null,"_anexos":null,"_produtos":null,"_vagas":"164 vagas + CR","_salario_min":"R$ 1621","_instituicao":"Prefeitura de Santo Ant\u00f4nio do Descoberto","_edital":"https:\/\/www.agrobase.com.br\/concursos\/wp-content\/uploads\/sites\/4\/2026\/02\/edital-02-2026-prefeitura-de-santo-antonio-do-descoberto-go.pdf","_anexos_edital":"https:\/\/www.agrobase.com.br\/concursos\/wp-content\/uploads\/sites\/4\/2026\/02\/anexos-edital-02-2026-prefeitur.o-antonio-do-descoberto-go.pdf","_fund_incompleto":"","_fund_completo":"","_medio":"<div>\r\n<table class=\"quadro\">\r\n<thead>\r\n<tr>\r\n<th class=\"hcargo\">Cargo<\/th>\r\n<th class=\"hvagas\">Vagas<\/th>\r\n<th class=\"hremuneracao\">Remunera\u00e7\u00e3o<\/th>\r\n<\/tr>\r\n<\/thead>\r\n    <tbody>\r\n      <td class=\"ccargos\">\r\n<span data-balloon-length=\"medium\" aria-label=\"Ensino M\u00e9dio acrescido de curso de forma\u00e7\u00e3o continuada em Educa\u00e7\u00e3o Especial Inclusiva\" data-balloon-pos=\"up\">Profissional de Apoio Escolar<\/span><\/td>\r\n<td class=\"cvagas\">25 + CR<\/td>\r\n<td class=\"cremuneracao\">R$ 1.850,00 \/40h<\/td>\r\n<\/tr><td class=\"ccargos\">\r\n<span data-balloon-length=\"medium\" aria-label=\"Certificado de conclus\u00e3o de Ensino M\u00e9dio\" data-balloon-pos=\"up\">Auxiliar de Atividades Educativas<\/span><\/td>\r\n<td class=\"cvagas\">38 + CR<\/td>\r\n<td class=\"cremuneracao\">R$ 1.621,00 \/40h<\/td>\r\n<\/tr>\r\n    <\/tbody>\r\n  <\/table>\r\n<\/div>","_superior":"<div>\r\n<table class=\"quadro\">\r\n<thead>\r\n<tr>\r\n<th class=\"hcargo\">Cargo<\/th>\r\n<th class=\"hvagas\">Vagas<\/th>\r\n<th class=\"hremuneracao\">Remunera\u00e7\u00e3o<\/th>\r\n<\/tr>\r\n<\/thead>\r\n    <tbody>\r\n      <tr>\r\n<td class=\"ccargos\">\r\n<span data-balloon-length=\"medium\" aria-label=\"N\u00edvel Superior em Pedagogia\" data-balloon-pos=\"up\">Professor - Pedagogo<\/span><\/td>\r\n<td class=\"cvagas\">51 + CR<\/td>\r\n<td class=\"cremuneracao\">R$ 3.806,27 \/40h<\/td>\r\n<\/tr><tr>\r\n<td class=\"ccargos\">\r\n<span data-balloon-length=\"medium\" aria-label=\"N\u00edvel Superior com Licenciatura Plena em Educa\u00e7\u00e3o Art\u00edstica ou Artes\" data-balloon-pos=\"up\">Professor - Artes<\/span><\/td>\r\n<td class=\"cvagas\">CR<\/td>\r\n<td class=\"cremuneracao\">R$ 3.806,27 \/40h<\/td>\r\n<\/tr><tr>\r\n<td class=\"ccargos\">\r\n<span data-balloon-length=\"medium\" aria-label=\"N\u00edvel Superior\/Licenciatura Plena em Ci\u00eancias com habilita\u00e7\u00e3o em F\u00edsica e Biologia\" data-balloon-pos=\"up\">Professor - Ci\u00eancias<\/span><\/td>\r\n<td class=\"cvagas\">04 + CR<\/td>\r\n<td class=\"cremuneracao\">R$ 3.806,27 \/40h<\/td>\r\n<\/tr><tr>\r\n<td class=\"ccargos\">\r\n<span data-balloon-length=\"medium\" aria-label=\"N\u00edvel Superior de Licenciatura Plena em Ed. F\u00edsica e registro CREF\" data-balloon-pos=\"up\">Professor - Educa\u00e7\u00e3o F\u00edsica<\/span><\/td>\r\n<td class=\"cvagas\">03 + CR<\/td>\r\n<td class=\"cremuneracao\">R$ 3.806,27 \/40h<\/td>\r\n<\/tr><tr>\r\n<td class=\"ccargos\">\r\n<span data-balloon-length=\"medium\" aria-label=\"N\u00edvel Superior de Licenciatura Plena em Letras com habilita\u00e7\u00e3o em Ingl\u00eas\" data-balloon-pos=\"up\">Professor - Ingl\u00eas Regular<\/span><\/td>\r\n<td class=\"cvagas\">02 + CR<\/td>\r\n<td class=\"cremuneracao\">R$ 3.806,27 \/40h<\/td>\r\n<\/tr><tr>\r\n<td class=\"ccargos\">\r\n<span data-balloon-length=\"medium\" aria-label=\"N\u00edvel Superior de Licenciatura Plena em Letras com habilita\u00e7\u00e3o em Ingl\u00eas e comprova\u00e7\u00e3o de flu\u00eancia\" data-balloon-pos=\"up\">Professor - Ingl\u00eas Flu\u00eancia Comprovada<\/span><\/td>\r\n<td class=\"cvagas\">02 + CR<\/td>\r\n<td class=\"cremuneracao\">R$ 4.980,00 \/40h<\/td>\r\n<\/tr><tr>\r\n<td class=\"ccargos\">\r\n<span data-balloon-length=\"medium\" aria-label=\"N\u00edvel Superior\/ Licenciatura Plena em Geografia\" data-balloon-pos=\"up\">Professor - Geografia<\/span><\/td>\r\n<td class=\"cvagas\">03 + CR<\/td>\r\n<td class=\"cremuneracao\">R$ 3.806,27 \/40h<\/td>\r\n<\/tr><tr>\r\n<td class=\"ccargos\">\r\n<span data-balloon-length=\"medium\" aria-label=\"N\u00edvel Superior\/ Licenciatura Plena em Hist\u00f3ria\" data-balloon-pos=\"up\">Professor - Hist\u00f3ria<\/span><\/td>\r\n<td class=\"cvagas\">02 + CR<\/td>\r\n<td class=\"cremuneracao\">R$ 3.806,27 \/40h<\/td>\r\n<\/tr><tr>\r\n<td class=\"ccargos\">\r\n<span data-balloon-length=\"medium\" aria-label=\"N\u00edvel Superior\/ Licenciatura em Matem\u00e1tica\" data-balloon-pos=\"up\">Professor - Matem\u00e1tica<\/span><\/td>\r\n<td class=\"cvagas\">05 + CR<\/td>\r\n<td class=\"cremuneracao\">R$ 3.806,27 \/40h<\/td>\r\n<\/tr><tr>\r\n<td class=\"ccargos\">\r\n<span data-balloon-length=\"medium\" aria-label=\"N\u00edvel Superior\/Licenciatura Plena em Letras\" data-balloon-pos=\"up\">Professor - L\u00edngua Portuguesa<\/span><\/td>\r\n<td class=\"cvagas\">04 + CR<\/td>\r\n<td class=\"cremuneracao\">R$ 3.806,27 \/40h<\/td>\r\n<\/tr><tr>\r\n<td class=\"ccargos\">\r\n<span data-balloon-length=\"medium\" aria-label=\"N\u00edvel Superior com habilita\u00e7\u00e3o em Libras ou Profici\u00eancia\" data-balloon-pos=\"up\">Professor - Libras<\/span><\/td>\r\n<td class=\"cvagas\">02 + CR<\/td>\r\n<td class=\"cremuneracao\">R$ 3.806,27 \/40h<\/td>\r\n<\/tr><tr>\r\n<td class=\"ccargos\">\r\n<span data-balloon-length=\"medium\" aria-label=\"N\u00edvel Superior com habilita\u00e7\u00e3o em Braile ou Especializa\u00e7\u00e3o na \u00e1rea\" data-balloon-pos=\"up\">Professor - Braile<\/span><\/td>\r\n<td class=\"cvagas\">02 + CR<\/td>\r\n<td class=\"cremuneracao\">R$ 3.806,27 \/40h<\/td>\r\n<\/tr><tr>\r\n<td class=\"ccargos\">\r\n<span data-balloon-length=\"medium\" aria-label=\"N\u00edvel Superior na \u00e1rea de inform\u00e1tica ou em \u00e1rea equivalente\" data-balloon-pos=\"up\">Professor - TI<\/span><\/td>\r\n<td class=\"cvagas\">05 + CR<\/td>\r\n<td class=\"cremuneracao\">R$ 3.806,27 \/40h<\/td>\r\n<\/tr><tr>\r\n<td class=\"ccargos\">\r\n<span data-balloon-length=\"medium\" aria-label=\"N\u00edvel Superior em Pedagogia com Licenciatura Plena na \u00e1rea de educa\u00e7\u00e3o\" data-balloon-pos=\"up\">Coordenador Pedag\u00f3gico<\/span><\/td>\r\n<td class=\"cvagas\">02 + CR<\/td>\r\n<td class=\"cremuneracao\">R$ 3.806,27 \/40h<\/td>\r\n<\/tr><tr>\r\n<td class=\"ccargos\">\r\n<span data-balloon-length=\"medium\" aria-label=\"N\u00edvel Superior em Pedagogia com habilita\u00e7\u00e3o e\/ou especializa\u00e7\u00e3o em Orienta\u00e7\u00e3o Educacional\" data-balloon-pos=\"up\">Orientador Educacional<\/span><\/td>\r\n<td class=\"cvagas\">03 + CR<\/td>\r\n<td class=\"cremuneracao\">R$ 3.806,27 \/40h<\/td>\r\n<\/tr><tr>\r\n<td class=\"ccargos\">\r\n<span data-balloon-length=\"medium\" aria-label=\"N\u00edvel Superior em Psicopedagogia ou Pedagogia com habilita\u00e7\u00e3o ou especializa\u00e7\u00e3o em Psicopedagogia\" data-balloon-pos=\"up\">Psicopedagogo<\/span><\/td>\r\n<td class=\"cvagas\">04 + CR<\/td>\r\n<td class=\"cremuneracao\">R$ 3.806,27 \/40h<\/td>\r\n<\/tr><tr>\r\n<td class=\"ccargos\">\r\n<span data-balloon-length=\"medium\" aria-label=\"Ensino Superior em Nutri\u00e7\u00e3o e registro no CRN\" data-balloon-pos=\"up\">Nutricionista<\/span><\/td>\r\n<td class=\"cvagas\">02 + CR<\/td>\r\n<td class=\"cremuneracao\">R$ 3.806,27 \/40h<\/td>\r\n<\/tr><tr>\r\n<td class=\"ccargos\">\r\n<span data-balloon-length=\"medium\" aria-label=\"N\u00edvel Superior em Fisioterapia e registro no CREFITO\" data-balloon-pos=\"up\">Fisioterapeuta<\/span><\/td>\r\n<td class=\"cvagas\">02 + CR<\/td>\r\n<td class=\"cremuneracao\">R$ 3.000,00 \/40h<\/td>\r\n<\/tr><tr>\r\n<td class=\"ccargos\">\r\n<span data-balloon-length=\"medium\" aria-label=\"N\u00edvel Superior em Psicologia e registro no CRP\" data-balloon-pos=\"up\">Psic\u00f3logo Escolar<\/span><\/td>\r\n<td class=\"cvagas\">04 + CR<\/td>\r\n<td class=\"cremuneracao\">R$ 3.806,27 \/40h<\/td>\r\n<\/tr><tr>\r\n<td class=\"ccargos\">\r\n<span data-balloon-length=\"medium\" aria-label=\"N\u00edvel Superior em Fonoaudiologia e registro no CRFa\" data-balloon-pos=\"up\">Fonoaudi\u00f3logo<\/span><\/td>\r\n<td class=\"cvagas\">02 + CR<\/td>\r\n<td class=\"cremuneracao\">R$ 3.000,00 \/40h<\/td>\r\n<\/tr><tr>\r\n<td class=\"ccargos\">\r\n<span data-balloon-length=\"medium\" aria-label=\"N\u00edvel Superior\/Licenciatura em M\u00fasica ou Educa\u00e7\u00e3o Musical\" data-balloon-pos=\"up\">Professor - M\u00fasica<\/span><\/td>\r\n<td class=\"cvagas\">CR<\/td>\r\n<td class=\"cremuneracao\">R$ 3.806,27 \/40h<\/td>\r\n<\/tr><tr>\r\n<td class=\"ccargos\">\r\n<span data-balloon-length=\"medium\" aria-label=\"N\u00edvel Superior em Terapia Ocupacional e registro no CREFITO\" data-balloon-pos=\"up\">Terapeuta Ocupacional<\/span><\/td>\r\n<td class=\"cvagas\">01 + CR<\/td>\r\n<td class=\"cremuneracao\">R$ 3.806,27 \/40h<\/td>\r\n<\/tr>\r\n    <\/tbody>\r\n  <\/table>\r\n<\/div>"},"_links":{"self":[{"href":"https:\/\/www.agrobase.com.br\/concursos\/wp-json\/wp\/v2\/posts\/278091","targetHints":{"allow":["GET"]}}],"collection":[{"href":"https:\/\/www.agrobase.com.br\/concursos\/wp-json\/wp\/v2\/posts"}],"about":[{"href":"https:\/\/www.agrobase.com.br\/concursos\/wp-json\/wp\/v2\/types\/post"}],"author":[{"embeddable":true,"href":"https:\/\/www.agrobase.com.br\/concursos\/wp-json\/wp\/v2\/users\/7"}],"replies":[{"embeddable":true,"href":"https:\/\/www.agrobase.com.br\/concursos\/wp-json\/wp\/v2\/comments?post=278091"}],"version-history":[{"count":1,"href":"https:\/\/www.agrobase.com.br\/concursos\/wp-json\/wp\/v2\/posts\/278091\/revisions"}],"predecessor-version":[{"id":278093,"href":"https:\/\/www.agrobase.com.br\/concursos\/wp-json\/wp\/v2\/posts\/278091\/revisions\/278093"}],"wp:featuredmedia":[{"embeddable":true,"href":"https:\/\/www.agrobase.com.br\/concursos\/wp-json\/wp\/v2\/media\/278090"}],"wp:attachment":[{"href":"https:\/\/www.agrobase.com.br\/concursos\/wp-json\/wp\/v2\/media?parent=278091"}],"wp:term":[{"taxonomy":"category","embeddable":true,"href":"https:\/\/www.agrobase.com.br\/concursos\/wp-json\/wp\/v2\/categories?post=278091"},{"taxonomy":"post_tag","embeddable":true,"href":"https:\/\/www.agrobase.com.br\/concursos\/wp-json\/wp\/v2\/tags?post=278091"},{"taxonomy":"_amplo","embeddable":true,"href":"https:\/\/www.agrobase.com.br\/concursos\/wp-json\/wp\/v2\/_amplo?post=278091"},{"taxonomy":"destaque","embeddable":true,"href":"https:\/\/www.agrobase.com.br\/concursos\/wp-json\/wp\/v2\/destaque?post=278091"},{"taxonomy":"instituicoes","embeddable":true,"href":"https:\/\/www.agrobase.com.br\/concursos\/wp-json\/wp\/v2\/instituicoes?post=278091"}],"curies":[{"name":"wp","href":"https:\/\/api.w.org\/{rel}","templated":true}]}}