{"id":277996,"date":"2026-02-13T09:54:22","date_gmt":"2026-02-13T12:54:22","guid":{"rendered":"https:\/\/www.agrobase.com.br\/concursos\/?p=277996"},"modified":"2026-02-13T09:54:22","modified_gmt":"2026-02-13T12:54:22","slug":"prefeitura-conceicao-do-mato-dentro-mg-selecao-simplificada-03-2026","status":"publish","type":"post","link":"https:\/\/www.agrobase.com.br\/concursos\/2026\/prefeitura-conceicao-do-mato-dentro-mg-selecao-simplificada-03-2026\/","title":{"rendered":"Prefeitura Concei\u00e7\u00e3o do Mato Dentro (MG) &#8211; Sele\u00e7\u00e3o Simplificada 03\/2026"},"content":{"rendered":"<h2>Informa\u00e7\u00f5es Gerais<\/h2>\n<p>O Munic\u00edpio de <strong>Concei\u00e7\u00e3o do Mato Dentro\/MG<\/strong>, por meio da Secretaria de Educa\u00e7\u00e3o e em parceria com o Instituto de Pesquisa, Gest\u00e3o e Tecnologia (INTEC), publicou o <strong>Edital n\u00ba 003\/2026<\/strong> referente ao <strong>Processo Seletivo Simplificado<\/strong> destinado \u00e0 contrata\u00e7\u00e3o tempor\u00e1ria de profissionais para atender \u00e0s necessidades excepcionais do interesse p\u00fablico municipal.<\/p>\n<p>O certame oferta um total de <strong>194 vagas<\/strong> distribu\u00eddas entre os n\u00edveis de escolaridade <strong>Fundamental Incompleto, Fundamental Completo, M\u00e9dio\/T\u00e9cnico e Superior<\/strong>, com remunera\u00e7\u00f5es que variam de <strong>R$ 44,75<\/strong> (valor hora\/aula para Professor da Educa\u00e7\u00e3o B\u00e1sica II) <strong>at\u00e9 R$ 6.727,07<\/strong> (Pedagogo). O regime de contrata\u00e7\u00e3o \u00e9 <strong>tempor\u00e1rio<\/strong>, voltado ao suprimento de demandas excepcionais da rede municipal de educa\u00e7\u00e3o.<\/p>\n<p>Entre os cargos dispon\u00edveis, destacam-se oportunidades nas \u00e1reas de Educa\u00e7\u00e3o \u2014 com expressivo n\u00famero de vagas para <strong>Auxiliar de Creche (59 vagas)<\/strong>, <strong>Servente Escolar (39 vagas)<\/strong>, <strong>Professor da Educa\u00e7\u00e3o B\u00e1sica I (30 vagas)<\/strong> e <strong>Auxiliar de Administra\u00e7\u00e3o (16 vagas)<\/strong>. No n\u00edvel superior, h\u00e1 vagas para Assistente Social, Contador, Fonoaudi\u00f3logo, Pedagogo, Psic\u00f3logo e Psicopedagogo, entre outros. Vale destacar a oferta de vaga para <strong>Professor da Educa\u00e7\u00e3o B\u00e1sica II \u2013 Educa\u00e7\u00e3o Ambiental<\/strong>, \u00e1rea de interesse para profissionais com forma\u00e7\u00e3o em ci\u00eancias ambientais e \u00e1reas correlatas. H\u00e1 tamb\u00e9m <strong>2 vagas para Nutricionista<\/strong>, cargo que exige curso superior em Nutri\u00e7\u00e3o e registro no conselho regional.<\/p>\n<p>A sele\u00e7\u00e3o ser\u00e1 realizada por meio de <strong>Prova Objetiva<\/strong> e <strong>Prova de T\u00edtulos<\/strong>. Confira abaixo todos os detalhes sobre inscri\u00e7\u00f5es, etapas e resultados para se preparar adequadamente.<\/p>\n<h2>Inscri\u00e7\u00f5es<\/h2>\n<p>As inscri\u00e7\u00f5es para o Processo Seletivo Simplificado da Secretaria de Educa\u00e7\u00e3o de <strong>Concei\u00e7\u00e3o do Mato Dentro\/MG (Edital n\u00ba 003\/2026)<\/strong> s\u00e3o <strong>totalmente gratuitas<\/strong>, n\u00e3o havendo cobran\u00e7a de qualquer taxa de participa\u00e7\u00e3o.<\/p>\n<p>O per\u00edodo de inscri\u00e7\u00f5es segue o <strong>Cronograma Preliminar<\/strong> do certame, com in\u00edcio previsto para o dia <strong>10 de fevereiro de 2026<\/strong> e encerramento em <strong>23 de fevereiro de 2026, \u00e0s 23h59<\/strong>.<\/p>\n<p>As inscri\u00e7\u00f5es devem ser realizadas exclusivamente pela internet, por meio do site da banca organizadora: <strong><a href=\"https:\/\/www.concursosintec.org.br\" target=\"_blank\" rel=\"noopener\">www.concursosintec.org.br<\/a><\/strong>. O edital completo e eventuais altera\u00e7\u00f5es tamb\u00e9m podem ser consultados no portal da Prefeitura: <strong><a href=\"https:\/\/www.cmd.mg.gov.br\" target=\"_blank\" rel=\"noopener\">www.cmd.mg.gov.br<\/a><\/strong>.<\/p>\n<p>No ato da inscri\u00e7\u00e3o, o candidato deve observar as seguintes orienta\u00e7\u00f5es:<\/p>\n<ul>\n<li>\u00c9 permitida a inscri\u00e7\u00e3o em <strong>apenas um cargo por turno de prova<\/strong>.<\/li>\n<li>O candidato deve atender a todos os <strong>requisitos exigidos<\/strong> para o cargo pretendido, conforme especificado no edital.<\/li>\n<li>Recomenda-se acompanhar o status da inscri\u00e7\u00e3o diretamente no site da banca organizadora.<\/li>\n<\/ul>\n<p>Como n\u00e3o h\u00e1 cobran\u00e7a de taxa, <strong>n\u00e3o se aplicam procedimentos de isen\u00e7\u00e3o ou pagamento de boleto<\/strong>.<\/p>\n<p>Recomendamos fortemente a <strong>leitura integral do edital<\/strong> antes de efetuar a inscri\u00e7\u00e3o, a fim de verificar todos os requisitos, documentos necess\u00e1rios e demais condi\u00e7\u00f5es do certame.<\/p>\n<h2>Etapas e Provas<\/h2>\n<p>O Processo Seletivo Simplificado de Concei\u00e7\u00e3o do Mato Dentro\/MG ser\u00e1 composto por <strong>tr\u00eas etapas<\/strong>, conforme detalhado a seguir:<\/p>\n<ul>\n<li><strong>1\u00aa Etapa \u2014 Prova Objetiva de M\u00faltipla Escolha<\/strong>\n<ul>\n<li><strong>Car\u00e1ter:<\/strong> Eliminat\u00f3rio e Classificat\u00f3rio<\/li>\n<li><strong>Aplic\u00e1vel a:<\/strong> todos os cargos<\/li>\n<li><strong>Formato:<\/strong> quest\u00f5es de m\u00faltipla escolha, destinadas a avaliar conhecimentos gerais e\/ou espec\u00edficos conforme o cargo<\/li>\n<li><strong>Crit\u00e9rio de aprova\u00e7\u00e3o:<\/strong> ser\u00e1 <strong>eliminado<\/strong> o candidato que n\u00e3o obtiver o m\u00ednimo de <strong>60% (sessenta por cento)<\/strong> do total de pontos da prova<\/li>\n<\/ul>\n<\/li>\n<li><strong>2\u00aa Etapa \u2014 Prova de T\u00edtulos<\/strong>\n<ul>\n<li><strong>Car\u00e1ter:<\/strong> exclusivamente Classificat\u00f3rio<\/li>\n<li><strong>Aplic\u00e1vel a:<\/strong> todos os cargos<\/li>\n<li><strong>Formato:<\/strong> an\u00e1lise e pontua\u00e7\u00e3o de t\u00edtulos acad\u00eamicos e\/ou experi\u00eancia profissional, conforme crit\u00e9rios definidos no edital<\/li>\n<li>Participam desta etapa os candidatos aprovados na Prova Objetiva e classificados dentro da nota de corte estabelecida<\/li>\n<\/ul>\n<\/li>\n<li><strong>3\u00aa Etapa \u2014 Heteroidentifica\u00e7\u00e3o<\/strong>\n<ul>\n<li><strong>Car\u00e1ter:<\/strong> Eliminat\u00f3rio<\/li>\n<li><strong>Aplic\u00e1vel a:<\/strong> todos os cargos (candidatos que concorrem a vagas reservadas, conforme crit\u00e9rios do edital)<\/li>\n<li><strong>Formato:<\/strong> procedimento complementar de verifica\u00e7\u00e3o, nos termos definidos pelo edital<\/li>\n<\/ul>\n<\/li>\n<\/ul>\n<p>Para consultar o <strong>conte\u00fado program\u00e1tico completo<\/strong> de cada cargo, a composi\u00e7\u00e3o detalhada das provas (n\u00famero de quest\u00f5es, disciplinas e peso de cada \u00e1rea), bem como o <strong>cronograma atualizado<\/strong> com datas previstas de aplica\u00e7\u00e3o, recomendamos a leitura integral do edital dispon\u00edvel nos sites <strong>www.concursosintec.org.br<\/strong> e <strong>www.cmd.mg.gov.br<\/strong>.<\/p>\n<h2>Resultados e Gabarito<\/h2>\n<p>O <strong>Resultado Final<\/strong> do Processo Seletivo Simplificado de Concei\u00e7\u00e3o do Mato Dentro\/MG ser\u00e1 apurado pela soma dos pontos obtidos na <strong>Prova Objetiva de M\u00faltipla Escolha<\/strong> e na <strong>Prova de T\u00edtulos<\/strong>.<\/p>\n<p>Ser\u00e1 considerado <strong>aprovado<\/strong> o candidato que cumprir, cumulativamente, os seguintes crit\u00e9rios:<\/p>\n<ul>\n<li>Obter no m\u00ednimo <strong>60% (sessenta por cento)<\/strong> do total de pontos na Prova Objetiva de M\u00faltipla Escolha;<\/li>\n<li>Estar classificado dentro da <strong>nota de corte<\/strong> estabelecida para a etapa de Prova de T\u00edtulos.<\/li>\n<\/ul>\n<p>A divulga\u00e7\u00e3o dos resultados \u2014 incluindo gabaritos preliminares, gabaritos definitivos, resultados preliminares e resultados finais de cada etapa \u2014 ser\u00e1 realizada nos endere\u00e7os eletr\u00f4nicos oficiais:<\/p>\n<ul>\n<li><strong><a href=\"https:\/\/www.concursosintec.org.br\" target=\"_blank\" rel=\"noopener\">www.concursosintec.org.br<\/a><\/strong> (site da banca organizadora)<\/li>\n<li><strong><a href=\"https:\/\/www.cmd.mg.gov.br\" target=\"_blank\" rel=\"noopener\">www.cmd.mg.gov.br<\/a><\/strong> (portal da Prefeitura Municipal)<\/li>\n<\/ul>\n<p>A <strong>homologa\u00e7\u00e3o do Resultado Final<\/strong> ser\u00e1 realizada por ato pr\u00f3prio do <strong>Prefeito do Munic\u00edpio de Concei\u00e7\u00e3o do Mato Dentro\/MG<\/strong>, conferindo validade oficial ao certame e autorizando a convoca\u00e7\u00e3o dos aprovados para contrata\u00e7\u00e3o tempor\u00e1ria, conforme as necessidades da Secretaria de Educa\u00e7\u00e3o.<\/p>\n<p><strong>Aten\u00e7\u00e3o:<\/strong> \u00e9 de <strong>responsabilidade exclusiva do candidato<\/strong> acompanhar todas as publica\u00e7\u00f5es oficiais referentes ao Processo Seletivo Simplificado, incluindo convoca\u00e7\u00f5es, retifica\u00e7\u00f5es, resultados parciais e definitivos, nos canais indicados acima. N\u00e3o ser\u00e3o enviadas comunica\u00e7\u00f5es individuais, salvo disposi\u00e7\u00e3o expressa em contr\u00e1rio no edital.<\/p>\n","protected":false},"excerpt":{"rendered":"<p>Inscri\u00e7\u00f5es abrem 10\/02! Sel. Simplificada Pref. Concei\u00e7\u00e3o do Mato Dentro (MG) p\/ Professor e Aux. Creche (Fund. a Sup.). At\u00e9 R$6.7k. Veja o edital!<\/p>\n","protected":false},"author":7,"featured_media":277995,"comment_status":"open","ping_status":"open","sticky":false,"template":"","format":"standard","meta":{"_acf_changed":false,"_breakdance_hide_in_design_set":false,"_breakdance_tags":"","footnotes":""},"categories":[9,6434,19,100,6871,116,23,25,26,101,130],"tags":[50],"_amplo":[],"destaque":[],"instituicoes":[],"class_list":["post-277996","post","type-post","status-publish","format-standard","has-post-thumbnail","hentry","category-ciencias-contabeis","category-educacao-fisica-licenciatura","category-fonoaudiologia","category-historia","category-letras-ingles","category-matematica","category-nutricao","category-pedagogia","category-psicologia","category-servico-social","category-tecnico-informatica","tag-minas-gerais"],"acf":{"_tipo_vagas":"vagas","_numero_vagas":"","_quadro_vagas":"","_cargos":"diversos","_cargos_especificos":"","_salario_max":"R$ 6727.07","_abertura":"20260210","_encerramento":"20260223","_inscricoes":"https:\/\/www.concursosintec.org.br","_executora_concurso":"","_instituicao_concurso":[],"_link_adicional":null,"_anexos":null,"_produtos":null,"_vagas":"194 vagas","_salario_min":"R$ 44.75","_instituicao":"Prefeitura de Concei\u00e7\u00e3o do Mato Dentro","_edital":"https:\/\/www.agrobase.com.br\/concursos\/wp-content\/uploads\/sites\/4\/2026\/02\/edital-03-2026-prefeitura-de-conceicao-do-mato-dentro-mg.pdf","_anexos_edital":"https:\/\/www.agrobase.com.br\/concursos\/wp-content\/uploads\/sites\/4\/2026\/02\/anexos-edital-03-2026-prefeitur.onceicao-do-mato-dentro-mg.pdf","_fund_incompleto":"<div>\r\n<table class=\"quadro\">\r\n<thead>\r\n<tr>\r\n<th class=\"hcargo\">Cargo<\/th>\r\n<th class=\"hvagas\">Vagas<\/th>\r\n<th class=\"hremuneracao\">Remunera\u00e7\u00e3o<\/th>\r\n<\/tr>\r\n<\/thead>\r\n    <tbody>\r\n      <td class=\"ccargos\">\r\n<span data-balloon-length=\"medium\" aria-label=\"Ensino Fundamental Incompleto - Sexo Masculino\" data-balloon-pos=\"up\">Ajudante de Obras e Servi\u00e7os<\/span><\/td>\r\n<td class=\"cvagas\">05<\/td>\r\n<td class=\"cremuneracao\">R$ 2.107,77 \/40h<\/td>\r\n<\/tr>\r\n    <\/tbody>\r\n  <\/table>\r\n<\/div>","_fund_completo":"<div>\r\n<table class=\"quadro\">\r\n<thead>\r\n<tr>\r\n<th class=\"hcargo\">Cargo<\/th>\r\n<th class=\"hvagas\">Vagas<\/th>\r\n<th class=\"hremuneracao\">Remunera\u00e7\u00e3o<\/th>\r\n<\/tr>\r\n<\/thead>\r\n    <tbody>\r\n      <td class=\"ccargos\">\r\n<span data-balloon-length=\"medium\" aria-label=\"Ensino Fundamental Completo e conhecimentos de inform\u00e1tica\" data-balloon-pos=\"up\">Almoxarife<\/span><\/td>\r\n<td class=\"cvagas\">02<\/td>\r\n<td class=\"cremuneracao\">R$ 2.466,56 \/40h<\/td>\r\n<\/tr><td class=\"ccargos\">\r\n<span data-balloon-length=\"medium\" aria-label=\"Ensino Fundamental Completo e CNH categoria D com exerc\u00edcio de atividade remunerada\" data-balloon-pos=\"up\">Motorista Carteira D<\/span><\/td>\r\n<td class=\"cvagas\">04<\/td>\r\n<td class=\"cremuneracao\">R$ 2.915,02 \/40h<\/td>\r\n<\/tr><td class=\"ccargos\">\r\n<span data-balloon-length=\"medium\" aria-label=\"Ensino Fundamental Completo e pr\u00e1tica comprovada em servi\u00e7os de bombeiro hidr\u00e1ulico\" data-balloon-pos=\"up\">Oficial de Servi\u00e7os - Bombeiro Hidr\u00e1ulico<\/span><\/td>\r\n<td class=\"cvagas\">01<\/td>\r\n<td class=\"cremuneracao\">R$ 2.690,78 \/40h<\/td>\r\n<\/tr><td class=\"ccargos\">\r\n<span data-balloon-length=\"medium\" aria-label=\"Ensino Fundamental Completo e pr\u00e1tica comprovada em servi\u00e7os de carpinteiro\" data-balloon-pos=\"up\">Oficial de Servi\u00e7os - Carpinteiro<\/span><\/td>\r\n<td class=\"cvagas\">01<\/td>\r\n<td class=\"cremuneracao\">R$ 2.690,78 \/40h<\/td>\r\n<\/tr><td class=\"ccargos\">\r\n<span data-balloon-length=\"medium\" aria-label=\"Ensino Fundamental Completo e pr\u00e1tica comprovada em servi\u00e7os de eletricista\" data-balloon-pos=\"up\">Oficial de Servi\u00e7os - Eletricista<\/span><\/td>\r\n<td class=\"cvagas\">02<\/td>\r\n<td class=\"cremuneracao\">R$ 2.690,78 \/40h<\/td>\r\n<\/tr><td class=\"ccargos\">\r\n<span data-balloon-length=\"medium\" aria-label=\"Ensino Fundamental Completo e pr\u00e1tica comprovada em servi\u00e7os de pedreiro\" data-balloon-pos=\"up\">Oficial de Servi\u00e7os - Pedreiro<\/span><\/td>\r\n<td class=\"cvagas\">03<\/td>\r\n<td class=\"cremuneracao\">R$ 2.690,78 \/40h<\/td>\r\n<\/tr><td class=\"ccargos\">\r\n<span data-balloon-length=\"medium\" aria-label=\"Ensino Fundamental Completo e pr\u00e1tica comprovada em servi\u00e7os de pintor\" data-balloon-pos=\"up\">Oficial de Servi\u00e7os - Pintor<\/span><\/td>\r\n<td class=\"cvagas\">01<\/td>\r\n<td class=\"cremuneracao\">R$ 2.690,78 \/40h<\/td>\r\n<\/tr><td class=\"ccargos\">\r\n<span data-balloon-length=\"medium\" aria-label=\"Ensino Fundamental Completo\" data-balloon-pos=\"up\">Servente Escolar<\/span><\/td>\r\n<td class=\"cvagas\">39<\/td>\r\n<td class=\"cremuneracao\">R$ 2.107,77 \/40h<\/td>\r\n<\/tr>\r\n    <\/tbody>\r\n  <\/table>\r\n<\/div>","_medio":"<div>\r\n<table class=\"quadro\">\r\n<thead>\r\n<tr>\r\n<th class=\"hcargo\">Cargo<\/th>\r\n<th class=\"hvagas\">Vagas<\/th>\r\n<th class=\"hremuneracao\">Remunera\u00e7\u00e3o<\/th>\r\n<\/tr>\r\n<\/thead>\r\n    <tbody>\r\n      <td class=\"ccargos\">\r\n<span data-balloon-length=\"medium\" aria-label=\"Ensino M\u00e9dio Completo e conhecimentos de inform\u00e1tica\" data-balloon-pos=\"up\">Auxiliar de Administra\u00e7\u00e3o<\/span><\/td>\r\n<td class=\"cvagas\">16<\/td>\r\n<td class=\"cremuneracao\">R$ 2.242,30 \/40h<\/td>\r\n<\/tr><td class=\"ccargos\">\r\n<span data-balloon-length=\"medium\" aria-label=\"Ensino M\u00e9dio Completo e conhecimentos de inform\u00e1tica\" data-balloon-pos=\"up\">Auxiliar de Creche<\/span><\/td>\r\n<td class=\"cvagas\">59<\/td>\r\n<td class=\"cremuneracao\">R$ 2.242,30 \/40h<\/td>\r\n<\/tr><td class=\"ccargos\">\r\n<span data-balloon-length=\"medium\" aria-label=\"Ensino M\u00e9dio Completo\" data-balloon-pos=\"up\">Monitor Escolar<\/span><\/td>\r\n<td class=\"cvagas\">05<\/td>\r\n<td class=\"cremuneracao\">R$ 2.107,77 \/40h<\/td>\r\n<\/tr><td class=\"ccargos\">\r\n<span data-balloon-length=\"medium\" aria-label=\"Ensino M\u00e9dio Completo e Curso T\u00e9cnico em Inform\u00e1tica\" data-balloon-pos=\"up\">T\u00e9cnico de Inform\u00e1tica<\/span><\/td>\r\n<td class=\"cvagas\">01<\/td>\r\n<td class=\"cremuneracao\">R$ 3.587,73 \/40h<\/td>\r\n<\/tr>\r\n    <\/tbody>\r\n  <\/table>\r\n<\/div>","_superior":"<div>\r\n<table class=\"quadro\">\r\n<thead>\r\n<tr>\r\n<th class=\"hcargo\">Cargo<\/th>\r\n<th class=\"hvagas\">Vagas<\/th>\r\n<th class=\"hremuneracao\">Remunera\u00e7\u00e3o<\/th>\r\n<\/tr>\r\n<\/thead>\r\n    <tbody>\r\n      <tr>\r\n<td class=\"ccargos\">\r\n<span data-balloon-length=\"medium\" aria-label=\"Curso Superior em Servi\u00e7o Social e registro no conselho regional\" data-balloon-pos=\"up\">Assistente Social<\/span><\/td>\r\n<td class=\"cvagas\">02<\/td>\r\n<td class=\"cremuneracao\">R$ 6.278,59 \/30h<\/td>\r\n<\/tr><tr>\r\n<td class=\"ccargos\">\r\n<span data-balloon-length=\"medium\" aria-label=\"Curso Superior em Ci\u00eancias Cont\u00e1beis e registro no conselho regional\" data-balloon-pos=\"up\">Contador<\/span><\/td>\r\n<td class=\"cvagas\">01<\/td>\r\n<td class=\"cremuneracao\">R$ 6.278,59 \/40h<\/td>\r\n<\/tr><tr>\r\n<td class=\"ccargos\">\r\n<span data-balloon-length=\"medium\" aria-label=\"Curso Superior em Fonoaudiologia e registro no conselho regional\" data-balloon-pos=\"up\">Fonoaudi\u00f3logo<\/span><\/td>\r\n<td class=\"cvagas\">01<\/td>\r\n<td class=\"cremuneracao\">R$ 6.278,59 \/40h<\/td>\r\n<\/tr><tr>\r\n<td class=\"ccargos\">\r\n<span data-balloon-length=\"medium\" aria-label=\"Curso Superior em Nutri\u00e7\u00e3o e registro no conselho regional\" data-balloon-pos=\"up\">Nutricionista<\/span><\/td>\r\n<td class=\"cvagas\">02<\/td>\r\n<td class=\"cremuneracao\">R$ 6.278,59 \/40h<\/td>\r\n<\/tr><tr>\r\n<td class=\"ccargos\">\r\n<span data-balloon-length=\"medium\" aria-label=\"Curso Superior em Pedagogia\" data-balloon-pos=\"up\">Pedagogo<\/span><\/td>\r\n<td class=\"cvagas\">05<\/td>\r\n<td class=\"cremuneracao\">R$ 6.727,07 \/40h<\/td>\r\n<\/tr><tr>\r\n<td class=\"ccargos\">\r\n<span data-balloon-length=\"medium\" aria-label=\"Licenciatura Plena em Normal Superior ou Pedagogia\" data-balloon-pos=\"up\">Professor da Educa\u00e7\u00e3o B\u00e1sica I<\/span><\/td>\r\n<td class=\"cvagas\">30<\/td>\r\n<td class=\"cremuneracao\">R$ 4.003,48 \/26h<\/td>\r\n<\/tr><tr>\r\n<td class=\"ccargos\">\r\n<span data-balloon-length=\"medium\" aria-label=\"Licenciatura Plena nas \u00e1reas espec\u00edficas do curr\u00edculo\" data-balloon-pos=\"up\">Professor da Educa\u00e7\u00e3o B\u00e1sica II - Educa\u00e7\u00e3o Ambiental<\/span><\/td>\r\n<td class=\"cvagas\">01<\/td>\r\n<td class=\"cremuneracao\">R$ 44,75 \/18h<\/td>\r\n<\/tr><tr>\r\n<td class=\"ccargos\">\r\n<span data-balloon-length=\"medium\" aria-label=\"Licenciatura Plena nas \u00e1reas espec\u00edficas do curr\u00edculo\" data-balloon-pos=\"up\">Professor da Educa\u00e7\u00e3o B\u00e1sica II - Educa\u00e7\u00e3o F\u00edsica<\/span><\/td>\r\n<td class=\"cvagas\">03<\/td>\r\n<td class=\"cremuneracao\">R$ 44,75 \/18h<\/td>\r\n<\/tr><tr>\r\n<td class=\"ccargos\">\r\n<span data-balloon-length=\"medium\" aria-label=\"Licenciatura Plena nas \u00e1reas espec\u00edficas do curr\u00edculo\" data-balloon-pos=\"up\">Professor da Educa\u00e7\u00e3o B\u00e1sica II - Hist\u00f3ria<\/span><\/td>\r\n<td class=\"cvagas\">01<\/td>\r\n<td class=\"cremuneracao\">R$ 44,75 \/18h<\/td>\r\n<\/tr><tr>\r\n<td class=\"ccargos\">\r\n<span data-balloon-length=\"medium\" aria-label=\"Licenciatura Plena nas \u00e1reas espec\u00edficas do curr\u00edculo\" data-balloon-pos=\"up\">Professor da Educa\u00e7\u00e3o B\u00e1sica II - Ingl\u00eas<\/span><\/td>\r\n<td class=\"cvagas\">01<\/td>\r\n<td class=\"cremuneracao\">R$ 44,75 \/18h<\/td>\r\n<\/tr><tr>\r\n<td class=\"ccargos\">\r\n<span data-balloon-length=\"medium\" aria-label=\"Licenciatura Plena nas \u00e1reas espec\u00edficas do curr\u00edculo\" data-balloon-pos=\"up\">Professor da Educa\u00e7\u00e3o B\u00e1sica II - Matem\u00e1tica<\/span><\/td>\r\n<td class=\"cvagas\">01<\/td>\r\n<td class=\"cremuneracao\">R$ 44,75 \/18h<\/td>\r\n<\/tr><tr>\r\n<td class=\"ccargos\">\r\n<span data-balloon-length=\"medium\" aria-label=\"Curso Superior em Psicologia e registro no conselho regional\" data-balloon-pos=\"up\">Psic\u00f3logo<\/span><\/td>\r\n<td class=\"cvagas\">02<\/td>\r\n<td class=\"cremuneracao\">R$ 6.278,59 \/40h<\/td>\r\n<\/tr><tr>\r\n<td class=\"ccargos\">\r\n<span data-balloon-length=\"medium\" aria-label=\"Curso Superior em Psicopedagogia\" data-balloon-pos=\"up\">Psicopedagogo<\/span><\/td>\r\n<td class=\"cvagas\">05<\/td>\r\n<td class=\"cremuneracao\">R$ 6.278,59 \/40h<\/td>\r\n<\/tr>\r\n    <\/tbody>\r\n  <\/table>\r\n<\/div>"},"_links":{"self":[{"href":"https:\/\/www.agrobase.com.br\/concursos\/wp-json\/wp\/v2\/posts\/277996","targetHints":{"allow":["GET"]}}],"collection":[{"href":"https:\/\/www.agrobase.com.br\/concursos\/wp-json\/wp\/v2\/posts"}],"about":[{"href":"https:\/\/www.agrobase.com.br\/concursos\/wp-json\/wp\/v2\/types\/post"}],"author":[{"embeddable":true,"href":"https:\/\/www.agrobase.com.br\/concursos\/wp-json\/wp\/v2\/users\/7"}],"replies":[{"embeddable":true,"href":"https:\/\/www.agrobase.com.br\/concursos\/wp-json\/wp\/v2\/comments?post=277996"}],"version-history":[{"count":2,"href":"https:\/\/www.agrobase.com.br\/concursos\/wp-json\/wp\/v2\/posts\/277996\/revisions"}],"predecessor-version":[{"id":278001,"href":"https:\/\/www.agrobase.com.br\/concursos\/wp-json\/wp\/v2\/posts\/277996\/revisions\/278001"}],"wp:featuredmedia":[{"embeddable":true,"href":"https:\/\/www.agrobase.com.br\/concursos\/wp-json\/wp\/v2\/media\/277995"}],"wp:attachment":[{"href":"https:\/\/www.agrobase.com.br\/concursos\/wp-json\/wp\/v2\/media?parent=277996"}],"wp:term":[{"taxonomy":"category","embeddable":true,"href":"https:\/\/www.agrobase.com.br\/concursos\/wp-json\/wp\/v2\/categories?post=277996"},{"taxonomy":"post_tag","embeddable":true,"href":"https:\/\/www.agrobase.com.br\/concursos\/wp-json\/wp\/v2\/tags?post=277996"},{"taxonomy":"_amplo","embeddable":true,"href":"https:\/\/www.agrobase.com.br\/concursos\/wp-json\/wp\/v2\/_amplo?post=277996"},{"taxonomy":"destaque","embeddable":true,"href":"https:\/\/www.agrobase.com.br\/concursos\/wp-json\/wp\/v2\/destaque?post=277996"},{"taxonomy":"instituicoes","embeddable":true,"href":"https:\/\/www.agrobase.com.br\/concursos\/wp-json\/wp\/v2\/instituicoes?post=277996"}],"curies":[{"name":"wp","href":"https:\/\/api.w.org\/{rel}","templated":true}]}}