{"id":277963,"date":"2026-02-13T07:10:35","date_gmt":"2026-02-13T10:10:35","guid":{"rendered":"https:\/\/www.agrobase.com.br\/concursos\/?p=277963"},"modified":"2026-02-12T11:54:48","modified_gmt":"2026-02-12T14:54:48","slug":"prefeitura-lauro-muller-sc-selecao-publica-01-2026","status":"publish","type":"post","link":"https:\/\/www.agrobase.com.br\/concursos\/2026\/prefeitura-lauro-muller-sc-selecao-publica-01-2026\/","title":{"rendered":"Prefeitura Lauro M\u00fcller (SC) &#8211; Sele\u00e7\u00e3o P\u00fablica 01\/2026"},"content":{"rendered":"<h2>Informa\u00e7\u00f5es Gerais<\/h2>\n<p>O <strong>Munic\u00edpio de Lauro M\u00fcller<\/strong>, no Estado de Santa Catarina, publicou edital de <strong>Processo Seletivo<\/strong> destinado \u00e0 admiss\u00e3o em car\u00e1ter tempor\u00e1rio de profissionais para diversas \u00e1reas da administra\u00e7\u00e3o municipal. O certame \u00e9 organizado pela empresa <strong>SC Treinamentos<\/strong> e oferece <strong>42 vagas imediatas, al\u00e9m de cadastro de reserva (CR)<\/strong>, distribu\u00eddas em cargos de n\u00edveis Fundamental Completo, M\u00e9dio\/T\u00e9cnico e Superior.<\/p>\n<p>As remunera\u00e7\u00f5es variam de <strong>R$ 1.621,00 a R$ 19.793,49<\/strong>, com cargas hor\u00e1rias de 30h a 40h semanais, a depender do cargo. O regime de contrata\u00e7\u00e3o \u00e9 <strong>tempor\u00e1rio<\/strong>.<\/p>\n<p>Entre os cargos de n\u00edvel superior, h\u00e1 oportunidades para Advogado, Assistente Social, Farmac\u00eautico, Fisioterapeuta, M\u00e9dico ESF, Odont\u00f3logo ESF, Psic\u00f3logo e, com destaque para o nosso p\u00fablico, vagas para <strong>Nutricionista<\/strong> (cadastro de reserva, remunera\u00e7\u00e3o de R$ 4.368,56) e <strong>Veterin\u00e1rio<\/strong> (01 vaga + CR, remunera\u00e7\u00e3o de R$ 4.991,20, com exig\u00eancia de experi\u00eancia em animais de grande porte e registro no CRMV). J\u00e1 para o n\u00edvel fundamental, destaca-se a vaga de <strong>Tratorista Agr\u00edcola<\/strong> (02 vagas + CR, remunera\u00e7\u00e3o de R$ 2.328,76).<\/p>\n<p>Na \u00e1rea de n\u00edvel m\u00e9dio\/t\u00e9cnico, o processo seletivo contempla o cargo de Auxiliar de Consult\u00f3rio Odontol\u00f3gico. Para o n\u00edvel fundamental completo, as vagas abrangem fun\u00e7\u00f5es como Auxiliar de Servi\u00e7os Gerais, Eletricista, Instrutor de Trabalhos Manuais, Mec\u00e2nico, Motorista (Transporte Escolar, Caminh\u00e3o e VAN), Pedreiro, Pintor, Recepcionista, Soldador, Vigia, entre outros.<\/p>\n<p>Continue a leitura para conferir todos os detalhes sobre inscri\u00e7\u00f5es, etapas de sele\u00e7\u00e3o e cronograma de resultados do Processo Seletivo de Lauro M\u00fcller\/SC.<\/p>\n<h2>Inscri\u00e7\u00f5es<\/h2>\n<p>As inscri\u00e7\u00f5es para o Processo Seletivo do Munic\u00edpio de Lauro M\u00fcller\/SC estar\u00e3o abertas no per\u00edodo de <strong>09 de fevereiro de 2026 at\u00e9 as 23h59 do dia 01 de mar\u00e7o de 2026<\/strong>.<\/p>\n<p>As inscri\u00e7\u00f5es devem ser realizadas <strong>exclusivamente pela internet<\/strong>, por meio do site <strong><a href=\"https:\/\/portal.sctreinamentos.selecao.site\" target=\"_blank\" rel=\"noopener\">portal.sctreinamentos.selecao.site<\/a><\/strong>, onde o candidato ter\u00e1 acesso ao edital completo, seus anexos e \u00e0 ficha de inscri\u00e7\u00e3o.<\/p>\n<p>Para efetivar a inscri\u00e7\u00e3o, o candidato dever\u00e1 seguir os seguintes passos:<\/p>\n<ul>\n<li>Acessar o site da SC Treinamentos e localizar o processo seletivo de Lauro M\u00fcller;<\/li>\n<li>Preencher a ficha de inscri\u00e7\u00e3o com os dados solicitados;<\/li>\n<li>Gerar e imprimir o boleto banc\u00e1rio referente \u00e0 taxa de inscri\u00e7\u00e3o;<\/li>\n<li>Efetuar o pagamento do boleto at\u00e9 a data de vencimento indicada no pr\u00f3prio documento.<\/li>\n<\/ul>\n<p><strong>Importante:<\/strong> n\u00e3o ser\u00e3o aceitas inscri\u00e7\u00f5es realizadas via postal, telex, fax, e-mail, fora do prazo estabelecido ou de forma condicional.<\/p>\n<p>Recomenda-se que o candidato acompanhe o status de sua inscri\u00e7\u00e3o diretamente no site da organizadora, verificando a confirma\u00e7\u00e3o do pagamento e a homologa\u00e7\u00e3o da inscri\u00e7\u00e3o.<\/p>\n<p>Para informa\u00e7\u00f5es sobre valores das taxas de inscri\u00e7\u00e3o e eventuais crit\u00e9rios de isen\u00e7\u00e3o, consulte o edital completo dispon\u00edvel no site da banca organizadora. A leitura integral do edital \u00e9 indispens\u00e1vel para garantir o cumprimento de todos os requisitos e prazos.<\/p>\n<h2>Etapas e Provas<\/h2>\n<p>O Processo Seletivo do Munic\u00edpio de Lauro M\u00fcller\/SC ser\u00e1 composto por at\u00e9 tr\u00eas etapas, conforme o cargo pretendido:<\/p>\n<ul>\n<li><strong>1\u00aa Etapa \u2014 Prova Objetiva (todos os cargos)<\/strong><br \/>Car\u00e1ter: <strong>eliminat\u00f3rio e classificat\u00f3rio<\/strong>.<br \/>Formato: quest\u00f5es de m\u00faltipla escolha.<br \/>Data prevista de aplica\u00e7\u00e3o: <strong>08 de mar\u00e7o de 2026<\/strong>. O hor\u00e1rio e o local de realiza\u00e7\u00e3o ser\u00e3o divulgados oportunamente no site da banca organizadora.<br \/>As disciplinas e conte\u00fados cobrados variam conforme o cargo \u2014 consulte o edital para verificar o conte\u00fado program\u00e1tico espec\u00edfico da sua fun\u00e7\u00e3o.<\/li>\n<\/ul>\n<ul>\n<li><strong>2\u00aa Etapa \u2014 Prova de T\u00edtulos (cargos espec\u00edficos)<\/strong><br \/>Car\u00e1ter: <strong>exclusivamente classificat\u00f3rio<\/strong>.<br \/>Aplica-se aos cargos de: Advogado, Assistente Social, Eletricista, Farmac\u00eautico, Fisioterapeuta, Instrutor de Trabalhos Manuais, Mec\u00e2nico, M\u00e9dico ESF, Motorista, <strong>Nutricionista<\/strong>, Odont\u00f3logo ESF, Psic\u00f3logo, Tratorista Agr\u00edcola e <strong>Veterin\u00e1rio<\/strong>.<br \/>O envio eletr\u00f4nico dos documentos comprobat\u00f3rios dever\u00e1 ser realizado <strong>at\u00e9 o dia 08 de mar\u00e7o de 2026<\/strong>, conforme procedimentos descritos no edital.<\/li>\n<\/ul>\n<ul>\n<li><strong>2\u00aa Etapa \u2014 Prova Pr\u00e1tica (cargos espec\u00edficos)<\/strong><br \/>Car\u00e1ter: <strong>eliminat\u00f3rio e classificat\u00f3rio<\/strong>.<br \/>Aplica-se aos cargos de: Instrutor de Trabalhos Manuais, Motorista e Tratorista Agr\u00edcola.<br \/>Data prov\u00e1vel de aplica\u00e7\u00e3o: <strong>08 de mar\u00e7o de 2026<\/strong>, conforme cronograma do edital.<\/li>\n<\/ul>\n<p><strong>Observa\u00e7\u00e3o:<\/strong> para os cargos de Instrutor de Trabalhos Manuais, Motorista e Tratorista Agr\u00edcola, os candidatos poder\u00e3o participar tanto da Prova de T\u00edtulos quanto da Prova Pr\u00e1tica como segunda etapa.<\/p>\n<p>Para informa\u00e7\u00f5es detalhadas sobre conte\u00fado program\u00e1tico, crit\u00e9rios de pontua\u00e7\u00e3o, notas m\u00ednimas para aprova\u00e7\u00e3o e cronograma completo de cada etapa, consulte o edital na \u00edntegra no site <strong><a href=\"https:\/\/portal.sctreinamentos.selecao.site\" target=\"_blank\" rel=\"noopener\">portal.sctreinamentos.selecao.site<\/a><\/strong>.<\/p>\n<h2>Resultados e Gabarito<\/h2>\n<p>O cronograma de divulga\u00e7\u00e3o dos resultados do Processo Seletivo de Lauro M\u00fcller\/SC est\u00e1 previsto da seguinte forma:<\/p>\n<ul>\n<li><strong>08 de mar\u00e7o de 2026 (ap\u00f3s as 20h):<\/strong> publica\u00e7\u00e3o do <strong>gabarito provis\u00f3rio<\/strong> da prova objetiva no site <a href=\"https:\/\/portal.sctreinamentos.selecao.site\" target=\"_blank\" rel=\"noopener\">portal.sctreinamentos.selecao.site<\/a>.<\/li>\n<li><strong>17 de mar\u00e7o de 2026:<\/strong> divulga\u00e7\u00e3o do resultado do julgamento de recursos contra quest\u00f5es e gabarito, publica\u00e7\u00e3o do <strong>gabarito oficial (definitivo)<\/strong>, al\u00e9m das <strong>notas e classifica\u00e7\u00e3o provis\u00f3ria<\/strong>.<\/li>\n<li><strong>A partir de 20 de mar\u00e7o de 2026:<\/strong> <strong>homologa\u00e7\u00e3o do resultado final<\/strong> do processo seletivo.<\/li>\n<\/ul>\n<p>A homologa\u00e7\u00e3o \u00e9 o ato administrativo que valida oficialmente o resultado do certame, autorizando a convoca\u00e7\u00e3o dos aprovados para admiss\u00e3o tempor\u00e1ria conforme a necessidade do munic\u00edpio.<\/p>\n<p>Todos os atos referentes ao processo seletivo \u2014 incluindo lista de inscritos, gabaritos, classifica\u00e7\u00e3o, decis\u00f5es de recursos e demais publica\u00e7\u00f5es \u2014 ser\u00e3o divulgados nos seguintes canais:<\/p>\n<ul>\n<li><strong>Site da banca organizadora:<\/strong> <a href=\"https:\/\/portal.sctreinamentos.selecao.site\" target=\"_blank\" rel=\"noopener\">portal.sctreinamentos.selecao.site<\/a><\/li>\n<li><strong>Mural Oficial do Munic\u00edpio de Lauro M\u00fcller\/SC<\/strong><\/li>\n<\/ul>\n<p>Quanto aos crit\u00e9rios de classifica\u00e7\u00e3o final e desempate, o candidato deve consultar o edital completo para verificar as regras aplic\u00e1veis ao seu cargo. Da mesma forma, informa\u00e7\u00f5es sobre a validade do processo seletivo e possibilidade de prorroga\u00e7\u00e3o constam no documento oficial.<\/p>\n<p><strong>Aten\u00e7\u00e3o:<\/strong> o acompanhamento de todas as publica\u00e7\u00f5es, prazos e convoca\u00e7\u00f5es \u00e9 de <strong>responsabilidade exclusiva do candidato<\/strong>. Recomenda-se consultar regularmente os canais oficiais para n\u00e3o perder nenhuma etapa ou prazo importante do Processo Seletivo de Lauro M\u00fcller\/SC.<\/p>\n","protected":false},"excerpt":{"rendered":"<p>Proc. Seletivo Pref. Lauro M\u00fcller (SC) com edital publicado! Vagas p\/ Advogado e M\u00e9dico (Fund. a Sup.). Inscri\u00e7\u00f5es a partir de 09\/02. Sal\u00e1rios at\u00e9 R$19,7k. Confira!<\/p>\n","protected":false},"author":7,"featured_media":277962,"comment_status":"open","ping_status":"open","sticky":false,"template":"","format":"standard","meta":{"_acf_changed":false,"_breakdance_hide_in_design_set":false,"_breakdance_tags":"","footnotes":""},"categories":[10,17,18,21,22,23,24,26,101,143],"tags":[61],"_amplo":[],"destaque":[],"instituicoes":[],"class_list":["post-277963","post","type-post","status-publish","format-standard","has-post-thumbnail","hentry","category-direito","category-farmacia","category-fisioterapia","category-medicina","category-veterinaria","category-nutricao","category-odontologia","category-psicologia","category-servico-social","category-tecnico-odontologia","tag-santa-catarina"],"acf":{"_tipo_vagas":"vagas","_numero_vagas":"","_quadro_vagas":"","_cargos":"diversos","_cargos_especificos":"","_salario_max":"R$ 19793.49","_abertura":"20260209","_encerramento":"20260301","_inscricoes":"https:\/\/portal.sctreinamentos.selecao.site","_executora_concurso":"","_instituicao_concurso":[],"_link_adicional":null,"_anexos":null,"_produtos":null,"_vagas":"42 vagas + CR","_salario_min":"R$ 1621","_instituicao":"Prefeitura de Lauro M\u00fcller","_edital":"https:\/\/www.agrobase.com.br\/concursos\/wp-content\/uploads\/sites\/4\/2026\/02\/edital-01-2026-prefeitura-de-lauro-muller-sc.pdf","_anexos_edital":"https:\/\/www.agrobase.com.br\/concursos\/wp-content\/uploads\/sites\/4\/2026\/02\/anexos-edital-01-2026-prefeitura-de-lauro-muller-sc.pdf","_fund_incompleto":"","_fund_completo":"<div>\r\n<table class=\"quadro\">\r\n<thead>\r\n<tr>\r\n<th class=\"hcargo\">Cargo<\/th>\r\n<th class=\"hvagas\">Vagas<\/th>\r\n<th class=\"hremuneracao\">Remunera\u00e7\u00e3o<\/th>\r\n<\/tr>\r\n<\/thead>\r\n    <tbody>\r\n      <td class=\"ccargos\">\r\n<span data-balloon-length=\"medium\" aria-label=\"Ensino Fundamental Completo (1\u00ba grau) ou experi\u00eancia comprovada\" data-balloon-pos=\"up\">Auxiliar de Servi\u00e7os Gerais - Operador Bra\u00e7al<\/span><\/td>\r\n<td class=\"cvagas\">05 + CR<\/td>\r\n<td class=\"cremuneracao\">R$ 1.621,00 \/40h<\/td>\r\n<\/tr><td class=\"ccargos\">\r\n<span data-balloon-length=\"medium\" aria-label=\"Ensino Fundamental Completo (1\u00ba grau) ou experi\u00eancia comprovada\" data-balloon-pos=\"up\">Auxiliar de Servi\u00e7os Gerais - GARI<\/span><\/td>\r\n<td class=\"cvagas\">03 + CR<\/td>\r\n<td class=\"cremuneracao\">R$ 1.621,00 \/40h<\/td>\r\n<\/tr><td class=\"ccargos\">\r\n<span data-balloon-length=\"medium\" aria-label=\"Ensino Fundamental Completo (1\u00ba grau) ou experi\u00eancia comprovada\" data-balloon-pos=\"up\">Eletricista<\/span><\/td>\r\n<td class=\"cvagas\">01 + CR<\/td>\r\n<td class=\"cremuneracao\">R$ 1.641,62 \/40h<\/td>\r\n<\/tr><td class=\"ccargos\">\r\n<span data-balloon-length=\"medium\" aria-label=\"Ensino Fundamental Completo e habilidades em artes manuais (pintura, croch\u00ea, etc)\" data-balloon-pos=\"up\">Instrutor de Trabalhos Manuais<\/span><\/td>\r\n<td class=\"cvagas\">03 + CR<\/td>\r\n<td class=\"cremuneracao\">R$ 1.621,00 \/30h<\/td>\r\n<\/tr><td class=\"ccargos\">\r\n<span data-balloon-length=\"medium\" aria-label=\"Ensino Fundamental Completo (1\u00ba grau) ou experi\u00eancia comprovada\" data-balloon-pos=\"up\">Mec\u00e2nico<\/span><\/td>\r\n<td class=\"cvagas\">01 + CR<\/td>\r\n<td class=\"cremuneracao\">R$ 4.722,70 \/40h<\/td>\r\n<\/tr><td class=\"ccargos\">\r\n<span data-balloon-length=\"medium\" aria-label=\"Ensino Fundamental Completo (1\u00ba grau) e CNH categoria D\" data-balloon-pos=\"up\">Motorista - Transporte Escolar<\/span><\/td>\r\n<td class=\"cvagas\">01 + CR<\/td>\r\n<td class=\"cremuneracao\">R$ 2.376,00 \/40h<\/td>\r\n<\/tr><td class=\"ccargos\">\r\n<span data-balloon-length=\"medium\" aria-label=\"Ensino Fundamental Completo (1\u00ba grau) e CNH categoria D\" data-balloon-pos=\"up\">Motorista - Caminh\u00e3o<\/span><\/td>\r\n<td class=\"cvagas\">01 + CR<\/td>\r\n<td class=\"cremuneracao\">R$ 2.376,00 \/40h<\/td>\r\n<\/tr><td class=\"ccargos\">\r\n<span data-balloon-length=\"medium\" aria-label=\"Ensino Fundamental Completo (1\u00ba grau) e CNH categoria D\" data-balloon-pos=\"up\">Motorista - VAN<\/span><\/td>\r\n<td class=\"cvagas\">01 + CR<\/td>\r\n<td class=\"cremuneracao\">R$ 2.376,00 \/40h<\/td>\r\n<\/tr><td class=\"ccargos\">\r\n<span data-balloon-length=\"medium\" aria-label=\"Ensino Fundamental Completo (1\u00ba grau) ou experi\u00eancia comprovada\" data-balloon-pos=\"up\">Pedreiro<\/span><\/td>\r\n<td class=\"cvagas\">01 + CR<\/td>\r\n<td class=\"cremuneracao\">R$ 2.050,68 \/40h<\/td>\r\n<\/tr><td class=\"ccargos\">\r\n<span data-balloon-length=\"medium\" aria-label=\"Ensino Fundamental Completo (1\u00ba grau) ou experi\u00eancia comprovada\" data-balloon-pos=\"up\">Pintor<\/span><\/td>\r\n<td class=\"cvagas\">01 + CR<\/td>\r\n<td class=\"cremuneracao\">R$ 2.328,68 \/40h<\/td>\r\n<\/tr><td class=\"ccargos\">\r\n<span data-balloon-length=\"medium\" aria-label=\"Ensino Fundamental Completo (1\u00ba grau) ou experi\u00eancia comprovada\" data-balloon-pos=\"up\">Recepcionista<\/span><\/td>\r\n<td class=\"cvagas\">04 + CR<\/td>\r\n<td class=\"cremuneracao\">R$ 1.621,00 \/40h<\/td>\r\n<\/tr><td class=\"ccargos\">\r\n<span data-balloon-length=\"medium\" aria-label=\"Ensino Fundamental Completo (1\u00ba grau) ou experi\u00eancia comprovada\" data-balloon-pos=\"up\">Soldador<\/span><\/td>\r\n<td class=\"cvagas\">01 + CR<\/td>\r\n<td class=\"cremuneracao\">R$ 1.641,62 \/40h<\/td>\r\n<\/tr><td class=\"ccargos\">\r\n<span data-balloon-length=\"medium\" aria-label=\"Ensino Fundamental Completo (1\u00ba grau) e CNH categoria B\" data-balloon-pos=\"up\">Tratorista Agr\u00edcola<\/span><\/td>\r\n<td class=\"cvagas\">02 + CR<\/td>\r\n<td class=\"cremuneracao\">R$ 2.328,76 \/40h<\/td>\r\n<\/tr><td class=\"ccargos\">\r\n<span data-balloon-length=\"medium\" aria-label=\"Ensino Fundamental Completo (1\u00ba grau) ou experi\u00eancia comprovada\" data-balloon-pos=\"up\">Vigia<\/span><\/td>\r\n<td class=\"cvagas\">02 + CR<\/td>\r\n<td class=\"cremuneracao\">R$ 1.621,00 \/40h<\/td>\r\n<\/tr>\r\n    <\/tbody>\r\n  <\/table>\r\n<\/div>","_medio":"<div>\r\n<table class=\"quadro\">\r\n<thead>\r\n<tr>\r\n<th class=\"hcargo\">Cargo<\/th>\r\n<th class=\"hvagas\">Vagas<\/th>\r\n<th class=\"hremuneracao\">Remunera\u00e7\u00e3o<\/th>\r\n<\/tr>\r\n<\/thead>\r\n    <tbody>\r\n      <td class=\"ccargos\">\r\n<span data-balloon-length=\"medium\" aria-label=\"Ensino M\u00e9dio e Curso de Qualifica\u00e7\u00e3o Profissional em TSB ou ASB com registro no CRO\" data-balloon-pos=\"up\">Auxiliar de Consult\u00f3rio Odontol\u00f3gico<\/span><\/td>\r\n<td class=\"cvagas\">04 + CR<\/td>\r\n<td class=\"cremuneracao\">R$ 1.679,04 \/40h<\/td>\r\n<\/tr>\r\n    <\/tbody>\r\n  <\/table>\r\n<\/div>","_superior":"<div>\r\n<table class=\"quadro\">\r\n<thead>\r\n<tr>\r\n<th class=\"hcargo\">Cargo<\/th>\r\n<th class=\"hvagas\">Vagas<\/th>\r\n<th class=\"hremuneracao\">Remunera\u00e7\u00e3o<\/th>\r\n<\/tr>\r\n<\/thead>\r\n    <tbody>\r\n      <tr>\r\n<td class=\"ccargos\">\r\n<span data-balloon-length=\"medium\" aria-label=\"Ensino superior em Direito com registro no conselho de classe (OAB)\" data-balloon-pos=\"up\">Advogado<\/span><\/td>\r\n<td class=\"cvagas\">01 + CR<\/td>\r\n<td class=\"cremuneracao\">R$ 4.991,20 \/40h<\/td>\r\n<\/tr><tr>\r\n<td class=\"ccargos\">\r\n<span data-balloon-length=\"medium\" aria-label=\"Ensino superior em Servi\u00e7o Social com registro no conselho de classe (CRESS)\" data-balloon-pos=\"up\">Assistente Social<\/span><\/td>\r\n<td class=\"cvagas\">02 + CR<\/td>\r\n<td class=\"cremuneracao\">R$ 4.368,56 \/30h<\/td>\r\n<\/tr><tr>\r\n<td class=\"ccargos\">\r\n<span data-balloon-length=\"medium\" aria-label=\"Ensino superior em Farm\u00e1cia com registro no conselho de classe (CRF)\" data-balloon-pos=\"up\">Farmac\u00eautico<\/span><\/td>\r\n<td class=\"cvagas\">02 + CR<\/td>\r\n<td class=\"cremuneracao\">R$ 4.368,56 \/40h<\/td>\r\n<\/tr><tr>\r\n<td class=\"ccargos\">\r\n<span data-balloon-length=\"medium\" aria-label=\"Ensino superior em Fisioterapia com registro no conselho de classe (CREFITO)\" data-balloon-pos=\"up\">Fisioterapeuta<\/span><\/td>\r\n<td class=\"cvagas\">01 + CR<\/td>\r\n<td class=\"cremuneracao\">R$ 4.368,56 \/30h<\/td>\r\n<\/tr><tr>\r\n<td class=\"ccargos\">\r\n<span data-balloon-length=\"medium\" aria-label=\"Ensino superior em Medicina com registro no conselho de classe (CRM)\" data-balloon-pos=\"up\">M\u00e9dico - ESF<\/span><\/td>\r\n<td class=\"cvagas\">03 + CR<\/td>\r\n<td class=\"cremuneracao\">R$ 19.793,49 \/40h<\/td>\r\n<\/tr><tr>\r\n<td class=\"ccargos\">\r\n<span data-balloon-length=\"medium\" aria-label=\"Ensino superior em Nutri\u00e7\u00e3o com registro no conselho de classe (CRN)\" data-balloon-pos=\"up\">Nutricionista<\/span><\/td>\r\n<td class=\"cvagas\">CR<\/td>\r\n<td class=\"cremuneracao\">R$ 4.368,56 \/40h<\/td>\r\n<\/tr><tr>\r\n<td class=\"ccargos\">\r\n<span data-balloon-length=\"medium\" aria-label=\"Ensino superior em Odontologia com registro no conselho de classe (CRO)\" data-balloon-pos=\"up\">Odont\u00f3logo - ESF<\/span><\/td>\r\n<td class=\"cvagas\">01 + CR<\/td>\r\n<td class=\"cremuneracao\">R$ 8.840,00 \/40h<\/td>\r\n<\/tr><tr>\r\n<td class=\"ccargos\">\r\n<span data-balloon-length=\"medium\" aria-label=\"Ensino superior em Psicologia com registro no conselho de classe (CRP)\" data-balloon-pos=\"up\">Psic\u00f3logo<\/span><\/td>\r\n<td class=\"cvagas\">01 + CR<\/td>\r\n<td class=\"cremuneracao\">R$ 4.368,56 \/40h<\/td>\r\n<\/tr><tr>\r\n<td class=\"ccargos\">\r\n<span data-balloon-length=\"medium\" aria-label=\"Ensino superior em Medicina Veterin\u00e1ria com registro no CRMV e experi\u00eancia em animais de grande porte\" data-balloon-pos=\"up\">Veterin\u00e1rio<\/span><\/td>\r\n<td class=\"cvagas\">01 + CR<\/td>\r\n<td class=\"cremuneracao\">R$ 4.991,20 \/40h<\/td>\r\n<\/tr>\r\n    <\/tbody>\r\n  <\/table>\r\n<\/div>"},"_links":{"self":[{"href":"https:\/\/www.agrobase.com.br\/concursos\/wp-json\/wp\/v2\/posts\/277963","targetHints":{"allow":["GET"]}}],"collection":[{"href":"https:\/\/www.agrobase.com.br\/concursos\/wp-json\/wp\/v2\/posts"}],"about":[{"href":"https:\/\/www.agrobase.com.br\/concursos\/wp-json\/wp\/v2\/types\/post"}],"author":[{"embeddable":true,"href":"https:\/\/www.agrobase.com.br\/concursos\/wp-json\/wp\/v2\/users\/7"}],"replies":[{"embeddable":true,"href":"https:\/\/www.agrobase.com.br\/concursos\/wp-json\/wp\/v2\/comments?post=277963"}],"version-history":[{"count":1,"href":"https:\/\/www.agrobase.com.br\/concursos\/wp-json\/wp\/v2\/posts\/277963\/revisions"}],"predecessor-version":[{"id":277965,"href":"https:\/\/www.agrobase.com.br\/concursos\/wp-json\/wp\/v2\/posts\/277963\/revisions\/277965"}],"wp:featuredmedia":[{"embeddable":true,"href":"https:\/\/www.agrobase.com.br\/concursos\/wp-json\/wp\/v2\/media\/277962"}],"wp:attachment":[{"href":"https:\/\/www.agrobase.com.br\/concursos\/wp-json\/wp\/v2\/media?parent=277963"}],"wp:term":[{"taxonomy":"category","embeddable":true,"href":"https:\/\/www.agrobase.com.br\/concursos\/wp-json\/wp\/v2\/categories?post=277963"},{"taxonomy":"post_tag","embeddable":true,"href":"https:\/\/www.agrobase.com.br\/concursos\/wp-json\/wp\/v2\/tags?post=277963"},{"taxonomy":"_amplo","embeddable":true,"href":"https:\/\/www.agrobase.com.br\/concursos\/wp-json\/wp\/v2\/_amplo?post=277963"},{"taxonomy":"destaque","embeddable":true,"href":"https:\/\/www.agrobase.com.br\/concursos\/wp-json\/wp\/v2\/destaque?post=277963"},{"taxonomy":"instituicoes","embeddable":true,"href":"https:\/\/www.agrobase.com.br\/concursos\/wp-json\/wp\/v2\/instituicoes?post=277963"}],"curies":[{"name":"wp","href":"https:\/\/api.w.org\/{rel}","templated":true}]}}