{"id":277958,"date":"2026-02-13T07:00:45","date_gmt":"2026-02-13T10:00:45","guid":{"rendered":"https:\/\/www.agrobase.com.br\/concursos\/?p=277958"},"modified":"2026-02-12T11:48:27","modified_gmt":"2026-02-12T14:48:27","slug":"prefeitura-sao-jose-dos-cordeiros-pb-concurso-01-2026","status":"publish","type":"post","link":"https:\/\/www.agrobase.com.br\/concursos\/2026\/prefeitura-sao-jose-dos-cordeiros-pb-concurso-01-2026\/","title":{"rendered":"Prefeitura S\u00e3o Jos\u00e9 dos Cordeiros (PB) &#8211; Concurso 01\/2026"},"content":{"rendered":"<h2>Informa\u00e7\u00f5es Gerais<\/h2>\n<p>A <strong>Prefeitura Municipal de S\u00e3o Jos\u00e9 dos Cordeiros\/PB<\/strong> publicou edital de <strong>Concurso P\u00fablico<\/strong> destinado ao preenchimento de <strong>42 vagas imediatas, al\u00e9m de forma\u00e7\u00e3o de cadastro reserva<\/strong>, para cargos efetivos em diversas \u00e1reas da administra\u00e7\u00e3o municipal. O certame \u00e9 organizado pela <strong>\u00c1pice Consultoria<\/strong> e abrange oportunidades para candidatos com n\u00edveis de escolaridade <strong>Fundamental Completo, M\u00e9dio\/T\u00e9cnico e Superior<\/strong>.<\/p>\n<p>As remunera\u00e7\u00f5es variam de <strong>R$ 1.621,00 a R$ 4.345,07<\/strong>, com carga hor\u00e1ria de 30h a 40h semanais, a depender do cargo. O regime de contrata\u00e7\u00e3o \u00e9 estatut\u00e1rio, voltado ao provimento de cargos efetivos do quadro permanente do munic\u00edpio.<\/p>\n<p>Entre os cargos de n\u00edvel fundamental, h\u00e1 vagas para Auxiliar de Servi\u00e7os Gerais, Gari, Merendeira e Motorista (categorias &#8220;B&#8221; e &#8220;D&#8221;). No n\u00edvel m\u00e9dio, destacam-se as oportunidades para Auxiliar de Professor na Educa\u00e7\u00e3o Infantil, Guarda Municipal e T\u00e9cnico em Enfermagem. J\u00e1 no n\u00edvel superior, o concurso oferece vagas em \u00e1reas como Sa\u00fade (Medicina, Fisioterapia, Fonoaudiologia, Psicologia), Assist\u00eancia Social, Educa\u00e7\u00e3o (diversas licenciaturas) e Fiscaliza\u00e7\u00e3o de Tributos.<\/p>\n<p>Merece destaque especial a vaga para <strong>Nutricionista<\/strong>, com remunera\u00e7\u00e3o de R$ 2.000,00 e carga hor\u00e1ria de 30h semanais, exigindo n\u00edvel superior em Nutri\u00e7\u00e3o com registro no conselho de classe. Al\u00e9m disso, o cargo de <strong>Professor Educa\u00e7\u00e3o B\u00e1sica II \u2013 Ci\u00eancias<\/strong> aceita graduados em <strong>Ci\u00eancias Biol\u00f3gicas<\/strong>, com remunera\u00e7\u00e3o de R$ 4.345,07.<\/p>\n<p>Continue a leitura para conferir todos os detalhes sobre inscri\u00e7\u00f5es, etapas do processo seletivo e como acompanhar os resultados deste concurso em S\u00e3o Jos\u00e9 dos Cordeiros, na Para\u00edba.<\/p>\n<h2>Inscri\u00e7\u00f5es<\/h2>\n<p>As inscri\u00e7\u00f5es para o Concurso P\u00fablico da Prefeitura de S\u00e3o Jos\u00e9 dos Cordeiros\/PB s\u00e3o realizadas <strong>exclusivamente pela internet<\/strong>, por meio do site da organizadora: <strong>www.apiceconsultoria.com<\/strong>.<\/p>\n<p>O per\u00edodo de inscri\u00e7\u00f5es vai das <strong>09h do dia 09 de fevereiro de 2026<\/strong> at\u00e9 as <strong>23h59 do dia 08 de mar\u00e7o de 2026<\/strong>. Para se inscrever, o candidato deve acessar o endere\u00e7o eletr\u00f4nico da \u00c1pice Consultoria, preencher a ficha de inscri\u00e7\u00e3o e efetuar o pagamento da taxa correspondente.<\/p>\n<p>Ap\u00f3s o preenchimento da ficha, ser\u00e3o gerados automaticamente um <strong>boleto banc\u00e1rio<\/strong> e uma <strong>chave Pix com QR Code<\/strong>. O candidato poder\u00e1 escolher a forma de pagamento que preferir, realizando-o em qualquer ag\u00eancia do banco conveniado ou por meio de aplicativos banc\u00e1rios.<\/p>\n<p><strong>Aten\u00e7\u00e3o:<\/strong> n\u00e3o ser\u00e3o aceitos pagamentos realizados por dep\u00f3sito em caixa eletr\u00f4nico, via postal, DOC, TED, transfer\u00eancia banc\u00e1ria, ordem de pagamento ou qualquer outra modalidade n\u00e3o prevista no edital.<\/p>\n<p>O prazo final para pagamento do boleto banc\u00e1rio \u00e9 o dia <strong>10 de mar\u00e7o de 2026<\/strong>, independentemente do encerramento do per\u00edodo de inscri\u00e7\u00f5es.<\/p>\n<p>Os valores das taxas de inscri\u00e7\u00e3o s\u00e3o definidos conforme o n\u00edvel de escolaridade do cargo pretendido. Consulte o edital completo para verificar o valor exato correspondente ao seu cargo de interesse, bem como os crit\u00e9rios e procedimentos para solicita\u00e7\u00e3o de <strong>isen\u00e7\u00e3o da taxa de inscri\u00e7\u00e3o<\/strong>, caso aplic\u00e1vel.<\/p>\n<p>Recomendamos que o candidato acompanhe o status de sua inscri\u00e7\u00e3o diretamente no site da \u00c1pice Consultoria e realize a leitura integral do edital para garantir o cumprimento de todos os requisitos e prazos estabelecidos.<\/p>\n<h2>Etapas e Provas<\/h2>\n<p>O Concurso P\u00fablico da Prefeitura de S\u00e3o Jos\u00e9 dos Cordeiros\/PB ser\u00e1 composto por diferentes etapas, de acordo com o n\u00edvel de escolaridade e o cargo pretendido. Confira abaixo o detalhamento de cada fase:<\/p>\n<ul>\n<li><strong>1\u00aa Etapa \u2014 Prova Escrita Objetiva (todos os cargos)<\/strong><br \/>Car\u00e1ter: <strong>eliminat\u00f3rio e classificat\u00f3rio<\/strong>.<br \/>Formato: prova escrita com quest\u00f5es de m\u00faltipla escolha, aplicada a todos os cargos dos n\u00edveis Fundamental, M\u00e9dio e Superior.<br \/>Data prevista de aplica\u00e7\u00e3o: <strong>12 de abril de 2026<\/strong>.<br \/>Para avan\u00e7ar \u00e0s etapas seguintes (quando houver), o candidato dever\u00e1 obter <strong>nota igual ou superior a 50 pontos<\/strong>.<\/li>\n<\/ul>\n<ul>\n<li><strong>2\u00aa Etapa \u2014 Prova Pr\u00e1tica (Motorista &#8220;B&#8221; e Motorista &#8220;D&#8221;)<\/strong><br \/>Car\u00e1ter: <strong>eliminat\u00f3rio e classificat\u00f3rio<\/strong>.<br \/>Destinada exclusivamente aos candidatos aos cargos de Motorista &#8220;B&#8221; \u2013 Educa\u00e7\u00e3o e Motorista &#8220;D&#8221; \u2013 Educa\u00e7\u00e3o.<br \/>Ser\u00e3o convocados os candidatos aprovados na prova escrita com nota igual ou superior a 50 pontos, respeitando a ordem de classifica\u00e7\u00e3o, at\u00e9 o limite de <strong>5 (cinco) vezes o n\u00famero total de vagas<\/strong> dispon\u00edveis para cada cargo.<\/li>\n<\/ul>\n<ul>\n<li><strong>2\u00aa Etapa \u2014 Teste de Aptid\u00e3o F\u00edsica \u2013 TAF (Guarda Municipal)<\/strong><br \/>Car\u00e1ter: <strong>eliminat\u00f3rio<\/strong>.<br \/>Destinada exclusivamente aos candidatos ao cargo de Guarda Municipal.<br \/>Ser\u00e3o convocados os candidatos aprovados na prova escrita com nota igual ou superior a 50 pontos, respeitando a ordem de classifica\u00e7\u00e3o, at\u00e9 o limite de <strong>5 (cinco) vezes o n\u00famero total de vagas<\/strong> dispon\u00edveis.<\/li>\n<\/ul>\n<ul>\n<li><strong>2\u00aa Etapa \u2014 Prova de T\u00edtulos (todos os cargos de n\u00edvel superior)<\/strong><br \/>Car\u00e1ter: <strong>classificat\u00f3rio<\/strong>.<br \/>Destinada a todos os candidatos de n\u00edvel superior que obtiverem nota igual ou superior a 50 pontos na prova escrita, seguindo a ordem de classifica\u00e7\u00e3o, at\u00e9 o limite de <strong>5 (cinco) vezes o total de vagas<\/strong> dispon\u00edveis para cada cargo.<\/li>\n<\/ul>\n<p>Para informa\u00e7\u00f5es detalhadas sobre o conte\u00fado program\u00e1tico de cada cargo, crit\u00e9rios de pontua\u00e7\u00e3o das provas de t\u00edtulos, din\u00e2mica da prova pr\u00e1tica e do teste de aptid\u00e3o f\u00edsica, consulte o edital completo dispon\u00edvel no site da \u00c1pice Consultoria.<\/p>\n<h2>Resultados e Gabarito<\/h2>\n<p>Os resultados do Concurso P\u00fablico da Prefeitura de S\u00e3o Jos\u00e9 dos Cordeiros\/PB ser\u00e3o divulgados de forma progressiva, conforme o andamento de cada etapa do certame.<\/p>\n<p>Ap\u00f3s a aplica\u00e7\u00e3o da prova escrita objetiva, ser\u00e3o publicados no site da organizadora (<strong>www.apiceconsultoria.com<\/strong>) os seguintes documentos:<\/p>\n<ul>\n<li><strong>Gabarito provis\u00f3rio<\/strong> das provas objetivas;<\/li>\n<li><strong>Gabarito oficial (definitivo)<\/strong>, ap\u00f3s an\u00e1lise de eventuais recursos;<\/li>\n<li>Resultados preliminares e definitivos de cada etapa do concurso.<\/li>\n<\/ul>\n<p>O <strong>resultado final de todas as fases<\/strong> est\u00e1 previsto para o dia <strong>18 de junho de 2026<\/strong>.<\/p>\n<p>Quanto \u00e0 <strong>homologa\u00e7\u00e3o<\/strong>, ap\u00f3s a aprecia\u00e7\u00e3o da regularidade de todo o certame, a \u00c1pice Consultoria encaminhar\u00e1 relat\u00f3rio \u00e0 Prefeitura Municipal, que homologar\u00e1 o resultado e far\u00e1 sua publica\u00e7\u00e3o no <strong>Mens\u00e1rio Oficial do Munic\u00edpio<\/strong> e em <strong>Di\u00e1rio Oficial de grande circula\u00e7\u00e3o<\/strong>. A homologa\u00e7\u00e3o representa o ato administrativo que valida oficialmente o resultado do concurso, autorizando a convoca\u00e7\u00e3o dos aprovados para posse.<\/p>\n<p>Os crit\u00e9rios de classifica\u00e7\u00e3o final e de desempate entre candidatos com a mesma pontua\u00e7\u00e3o est\u00e3o detalhados no edital. Recomenda-se a leitura atenta dessas disposi\u00e7\u00f5es para pleno conhecimento das regras aplic\u00e1veis.<\/p>\n<p>O concurso ter\u00e1 validade conforme estabelecido no edital, podendo ser prorrogado uma vez, por igual per\u00edodo, a crit\u00e9rio da administra\u00e7\u00e3o municipal.<\/p>\n<p><strong>\u00c9 de responsabilidade exclusiva do candidato acompanhar todas as publica\u00e7\u00f5es oficiais referentes a este concurso<\/strong>, incluindo convoca\u00e7\u00f5es, retifica\u00e7\u00f5es e resultados, nos canais indicados: site da \u00c1pice Consultoria, Mens\u00e1rio Oficial do Munic\u00edpio e Di\u00e1rio Oficial. N\u00e3o ser\u00e3o enviadas comunica\u00e7\u00f5es individuais, cabendo ao candidato manter-se informado durante toda a vig\u00eancia do certame.<\/p>\n","protected":false},"excerpt":{"rendered":"<p>Concurso Pref. S\u00e3o Jos\u00e9 dos Cordeiros (PB) com edital publicado! Vagas p\/ Professor e M\u00e9dico (Fund. a Sup.). Inscri\u00e7\u00f5es a partir de 09\/02. Confira detalhes!<\/p>\n","protected":false},"author":7,"featured_media":277957,"comment_status":"open","ping_status":"open","sticky":false,"template":"","format":"standard","meta":{"_acf_changed":false,"_breakdance_hide_in_design_set":false,"_breakdance_tags":"","footnotes":""},"categories":[3,6433,9,10,117,11,6434,6436,18,19,111,20,6871,116,21,23,25,26,6435,101,108],"tags":[53],"_amplo":[],"destaque":[],"instituicoes":[],"class_list":["post-277958","post","type-post","status-publish","format-standard","has-post-thumbnail","hentry","category-administracao","category-biologia-licenciatura","category-ciencias-contabeis","category-direito","category-economia","category-educacao-fisica","category-educacao-fisica-licenciatura","category-fisica-licenciatura","category-fisioterapia","category-fonoaudiologia","category-geografia","category-letras","category-letras-ingles","category-matematica","category-medicina","category-nutricao","category-pedagogia","category-psicologia","category-quimica-licenciatura","category-servico-social","category-tecnico-enfermagem","tag-paraiba"],"acf":{"_tipo_vagas":"vagas","_numero_vagas":"","_quadro_vagas":"","_cargos":"diversos","_cargos_especificos":"","_salario_max":"R$ 4345.07","_abertura":"20260209","_encerramento":"20260308","_inscricoes":"https:\/\/www.apiceconsultoria.com","_executora_concurso":"","_instituicao_concurso":[],"_link_adicional":null,"_anexos":null,"_produtos":null,"_vagas":"42 vagas + CR","_salario_min":"R$ 1621","_instituicao":"Prefeitura de S\u00e3o Jos\u00e9 dos Cordeiros","_edital":"https:\/\/www.agrobase.com.br\/concursos\/wp-content\/uploads\/sites\/4\/2026\/02\/edital-01-2026-prefeitura-de-sao-jose-dos-cordeiros-pb.pdf","_anexos_edital":"https:\/\/www.agrobase.com.br\/concursos\/wp-content\/uploads\/sites\/4\/2026\/02\/anexos-edital-01-2026-prefeitur.-sao-jose-dos-cordeiros-pb.pdf","_fund_incompleto":"","_fund_completo":"<div>\r\n<table class=\"quadro\">\r\n<thead>\r\n<tr>\r\n<th class=\"hcargo\">Cargo<\/th>\r\n<th class=\"hvagas\">Vagas<\/th>\r\n<th class=\"hremuneracao\">Remunera\u00e7\u00e3o<\/th>\r\n<\/tr>\r\n<\/thead>\r\n    <tbody>\r\n      <td class=\"ccargos\">\r\n<span data-balloon-length=\"medium\" aria-label=\"N\u00edvel fundamental completo\" data-balloon-pos=\"up\">Auxiliar de Servi\u00e7os Gerais<\/span><\/td>\r\n<td class=\"cvagas\">02 + CR<\/td>\r\n<td class=\"cremuneracao\">R$ 1.621,00 \/40h<\/td>\r\n<\/tr><td class=\"ccargos\">\r\n<span data-balloon-length=\"medium\" aria-label=\"N\u00edvel fundamental completo\" data-balloon-pos=\"up\">Gari<\/span><\/td>\r\n<td class=\"cvagas\">04 + CR<\/td>\r\n<td class=\"cremuneracao\">R$ 1.621,00 \/40h<\/td>\r\n<\/tr><td class=\"ccargos\">\r\n<span data-balloon-length=\"medium\" aria-label=\"N\u00edvel fundamental completo\" data-balloon-pos=\"up\">Merendeira<\/span><\/td>\r\n<td class=\"cvagas\">02 + CR<\/td>\r\n<td class=\"cremuneracao\">R$ 1.621,00 \/40h<\/td>\r\n<\/tr><td class=\"ccargos\">\r\n<span data-balloon-length=\"medium\" data-balloon-pos=\"up\">Motorista \"B\" - Educa\u00e7\u00e3o<\/span><\/td>\r\n<td class=\"cvagas\">02 + CR<\/td>\r\n<td class=\"cremuneracao\">R$ 1.621,00 \/40h<\/td>\r\n<\/tr><td class=\"ccargos\">\r\n<span data-balloon-length=\"medium\" data-balloon-pos=\"up\">Motorista \"D\" - Educa\u00e7\u00e3o<\/span><\/td>\r\n<td class=\"cvagas\">03 + CR<\/td>\r\n<td class=\"cremuneracao\">R$ 1.621,00 \/40h<\/td>\r\n<\/tr>\r\n    <\/tbody>\r\n  <\/table>\r\n<\/div>","_medio":"<div>\r\n<table class=\"quadro\">\r\n<thead>\r\n<tr>\r\n<th class=\"hcargo\">Cargo<\/th>\r\n<th class=\"hvagas\">Vagas<\/th>\r\n<th class=\"hremuneracao\">Remunera\u00e7\u00e3o<\/th>\r\n<\/tr>\r\n<\/thead>\r\n    <tbody>\r\n      <td class=\"ccargos\">\r\n<span data-balloon-length=\"medium\" aria-label=\"N\u00edvel m\u00e9dio completo\" data-balloon-pos=\"up\">Auxiliar de Professor - Educa\u00e7\u00e3o Infantil<\/span><\/td>\r\n<td class=\"cvagas\">06 + CR<\/td>\r\n<td class=\"cremuneracao\">R$ 1.621,00 \/40h<\/td>\r\n<\/tr><td class=\"ccargos\">\r\n<span data-balloon-length=\"medium\" aria-label=\"N\u00edvel m\u00e9dio completo\" data-balloon-pos=\"up\">Guarda Municipal<\/span><\/td>\r\n<td class=\"cvagas\">02 + CR<\/td>\r\n<td class=\"cremuneracao\">R$ 1.621,00 \/40h<\/td>\r\n<\/tr><td class=\"ccargos\">\r\n<span data-balloon-length=\"medium\" aria-label=\"N\u00edvel m\u00e9dio completo com curso de T\u00e9cnico em Enfermagem e registro no conselho profissional\" data-balloon-pos=\"up\">T\u00e9cnico em Enfermagem<\/span><\/td>\r\n<td class=\"cvagas\">02 + CR<\/td>\r\n<td class=\"cremuneracao\">R$ 1.621,00 \/40h<\/td>\r\n<\/tr>\r\n    <\/tbody>\r\n  <\/table>\r\n<\/div>","_superior":"<div>\r\n<table class=\"quadro\">\r\n<thead>\r\n<tr>\r\n<th class=\"hcargo\">Cargo<\/th>\r\n<th class=\"hvagas\">Vagas<\/th>\r\n<th class=\"hremuneracao\">Remunera\u00e7\u00e3o<\/th>\r\n<\/tr>\r\n<\/thead>\r\n    <tbody>\r\n      <tr>\r\n<td class=\"ccargos\">\r\n<span data-balloon-length=\"medium\" aria-label=\"Gradua\u00e7\u00e3o em Servi\u00e7o Social e registro no respectivo Conselho Profissional\" data-balloon-pos=\"up\">Assistente Social<\/span><\/td>\r\n<td class=\"cvagas\">01 + CR<\/td>\r\n<td class=\"cremuneracao\">R$ 2.000,00 \/30h<\/td>\r\n<\/tr><tr>\r\n<td class=\"ccargos\">\r\n<span data-balloon-length=\"medium\" aria-label=\"Bacharelado em Educa\u00e7\u00e3o f\u00edsica\" data-balloon-pos=\"up\">Educador F\u00edsico<\/span><\/td>\r\n<td class=\"cvagas\">01 + CR<\/td>\r\n<td class=\"cremuneracao\">R$ 2.000,00 \/40h<\/td>\r\n<\/tr><tr>\r\n<td class=\"ccargos\">\r\n<span data-balloon-length=\"medium\" aria-label=\"Gradua\u00e7\u00e3o em Administra\u00e7\u00e3o, Contabilidade, Economia, Direito ou Tecn\u00f3logo em Gest\u00e3o P\u00fablica e registro no conselho\" data-balloon-pos=\"up\">Fiscal de Tributos<\/span><\/td>\r\n<td class=\"cvagas\">01 + CR<\/td>\r\n<td class=\"cremuneracao\">R$ 2.000,00 \/40h<\/td>\r\n<\/tr><tr>\r\n<td class=\"ccargos\">\r\n<span data-balloon-length=\"medium\" aria-label=\"Gradua\u00e7\u00e3o em Fisioterapia e registro no respectivo conselho profissional\" data-balloon-pos=\"up\">Fisioterapeuta<\/span><\/td>\r\n<td class=\"cvagas\">02 + CR<\/td>\r\n<td class=\"cremuneracao\">R$ 2.000,00 \/30h<\/td>\r\n<\/tr><tr>\r\n<td class=\"ccargos\">\r\n<span data-balloon-length=\"medium\" aria-label=\"Gradua\u00e7\u00e3o em Fonoaudiologia e registro no respectivo conselho profissional\" data-balloon-pos=\"up\">Fonoaudi\u00f3logo<\/span><\/td>\r\n<td class=\"cvagas\">01 + CR<\/td>\r\n<td class=\"cremuneracao\">R$ 2.000,00 \/30h<\/td>\r\n<\/tr><tr>\r\n<td class=\"ccargos\">\r\n<span data-balloon-length=\"medium\" aria-label=\"Gradua\u00e7\u00e3o em Medicina e registro no respectivo Conselho Profissional\" data-balloon-pos=\"up\">M\u00e9dico - PSF<\/span><\/td>\r\n<td class=\"cvagas\">01 + CR<\/td>\r\n<td class=\"cremuneracao\">R$ 3.748,00 \/40h<\/td>\r\n<\/tr><tr>\r\n<td class=\"ccargos\">\r\n<span data-balloon-length=\"medium\" aria-label=\"N\u00edvel Superior em Nutri\u00e7\u00e3o com Registro no Conselho de Classe Espec\u00edfico\" data-balloon-pos=\"up\">Nutricionista<\/span><\/td>\r\n<td class=\"cvagas\">01 + CR<\/td>\r\n<td class=\"cremuneracao\">R$ 2.000,00 \/30h<\/td>\r\n<\/tr><tr>\r\n<td class=\"ccargos\">\r\n<span data-balloon-length=\"medium\" aria-label=\"N\u00edvel Superior com Licenciatura em Educa\u00e7\u00e3o F\u00edsica\" data-balloon-pos=\"up\">Professor Educa\u00e7\u00e3o B\u00e1sica II - Educa\u00e7\u00e3o F\u00edsica<\/span><\/td>\r\n<td class=\"cvagas\">01 + CR<\/td>\r\n<td class=\"cremuneracao\">R$ 4.345,07 \/30h<\/td>\r\n<\/tr><tr>\r\n<td class=\"ccargos\">\r\n<span data-balloon-length=\"medium\" aria-label=\"N\u00edvel Superior com Licenciatura em Ci\u00eancias Biol\u00f3gicas, F\u00edsica, Qu\u00edmica ou Ci\u00eancias\" data-balloon-pos=\"up\">Professor Educa\u00e7\u00e3o B\u00e1sica II - Ci\u00eancias<\/span><\/td>\r\n<td class=\"cvagas\">01 + CR<\/td>\r\n<td class=\"cremuneracao\">R$ 4.345,07 \/30h<\/td>\r\n<\/tr><tr>\r\n<td class=\"ccargos\">\r\n<span data-balloon-length=\"medium\" aria-label=\"Licenciatura plena em F\u00edsica ou Qu\u00edmica\" data-balloon-pos=\"up\">Professor Educa\u00e7\u00e3o B\u00e1sica II - F\u00edsica\/Qu\u00edmica<\/span><\/td>\r\n<td class=\"cvagas\">01 + CR<\/td>\r\n<td class=\"cremuneracao\">R$ 4.345,07 \/30h<\/td>\r\n<\/tr><tr>\r\n<td class=\"ccargos\">\r\n<span data-balloon-length=\"medium\" aria-label=\"N\u00edvel Superior com Licenciatura em Geografia\" data-balloon-pos=\"up\">Professor Educa\u00e7\u00e3o B\u00e1sica II - Geografia<\/span><\/td>\r\n<td class=\"cvagas\">01 + CR<\/td>\r\n<td class=\"cremuneracao\">R$ 4.345,07 \/30h<\/td>\r\n<\/tr><tr>\r\n<td class=\"ccargos\">\r\n<span data-balloon-length=\"medium\" aria-label=\"N\u00edvel Superior com Licenciatura em Letras com habilita\u00e7\u00e3o em Ingl\u00eas\" data-balloon-pos=\"up\">Professor Educa\u00e7\u00e3o B\u00e1sica II - Ingl\u00eas<\/span><\/td>\r\n<td class=\"cvagas\">01 + CR<\/td>\r\n<td class=\"cremuneracao\">R$ 4.345,07 \/30h<\/td>\r\n<\/tr><tr>\r\n<td class=\"ccargos\">\r\n<span data-balloon-length=\"medium\" aria-label=\"N\u00edvel Superior com Licenciatura em Matem\u00e1tica\" data-balloon-pos=\"up\">Professor Educa\u00e7\u00e3o B\u00e1sica II - Matem\u00e1tica<\/span><\/td>\r\n<td class=\"cvagas\">01 + CR<\/td>\r\n<td class=\"cremuneracao\">R$ 4.345,07 \/30h<\/td>\r\n<\/tr><tr>\r\n<td class=\"ccargos\">\r\n<span data-balloon-length=\"medium\" aria-label=\"N\u00edvel Superior com habilita\u00e7\u00e3o em L\u00edngua Portuguesa\" data-balloon-pos=\"up\">Professor Educa\u00e7\u00e3o B\u00e1sica II - Portugu\u00eas<\/span><\/td>\r\n<td class=\"cvagas\">01 + CR<\/td>\r\n<td class=\"cremuneracao\">R$ 4.345,07 \/30h<\/td>\r\n<\/tr><tr>\r\n<td class=\"ccargos\">\r\n<span data-balloon-length=\"medium\" aria-label=\"N\u00edvel Superior com Licenciatura em Pedagogia\" data-balloon-pos=\"up\">Professor Educa\u00e7\u00e3o B\u00e1sica - Fundamental I<\/span><\/td>\r\n<td class=\"cvagas\">01 + CR<\/td>\r\n<td class=\"cremuneracao\">R$ 3.950,07 \/30h<\/td>\r\n<\/tr><tr>\r\n<td class=\"ccargos\">\r\n<span data-balloon-length=\"medium\" aria-label=\"N\u00edvel Superior com Licenciatura em Pedagogia e especializa\u00e7\u00e3o em Educa\u00e7\u00e3o Infantil\" data-balloon-pos=\"up\">Professor da Educa\u00e7\u00e3o Infantil<\/span><\/td>\r\n<td class=\"cvagas\">01 + CR<\/td>\r\n<td class=\"cremuneracao\">R$ 3.950,07 \/30h<\/td>\r\n<\/tr><tr>\r\n<td class=\"ccargos\">\r\n<span data-balloon-length=\"medium\" aria-label=\"Gradua\u00e7\u00e3o em Psicologia e registro no respectivo conselho profissional\" data-balloon-pos=\"up\">Psic\u00f3logo<\/span><\/td>\r\n<td class=\"cvagas\">01 + CR<\/td>\r\n<td class=\"cremuneracao\">R$ 2.000,00 \/30h<\/td>\r\n<\/tr><tr>\r\n<td class=\"ccargos\">\r\n<span data-balloon-length=\"medium\" aria-label=\"Gradua\u00e7\u00e3o em Psicopedagogia ou Pedagogia\/Psicologia com especializa\u00e7\u00e3o em Psicopedagogia ou ABA\" data-balloon-pos=\"up\">Psicopedagogo<\/span><\/td>\r\n<td class=\"cvagas\">01 + CR<\/td>\r\n<td class=\"cremuneracao\">R$ 2.000,00 \/30h<\/td>\r\n<\/tr>\r\n    <\/tbody>\r\n  <\/table>\r\n<\/div>"},"_links":{"self":[{"href":"https:\/\/www.agrobase.com.br\/concursos\/wp-json\/wp\/v2\/posts\/277958","targetHints":{"allow":["GET"]}}],"collection":[{"href":"https:\/\/www.agrobase.com.br\/concursos\/wp-json\/wp\/v2\/posts"}],"about":[{"href":"https:\/\/www.agrobase.com.br\/concursos\/wp-json\/wp\/v2\/types\/post"}],"author":[{"embeddable":true,"href":"https:\/\/www.agrobase.com.br\/concursos\/wp-json\/wp\/v2\/users\/7"}],"replies":[{"embeddable":true,"href":"https:\/\/www.agrobase.com.br\/concursos\/wp-json\/wp\/v2\/comments?post=277958"}],"version-history":[{"count":1,"href":"https:\/\/www.agrobase.com.br\/concursos\/wp-json\/wp\/v2\/posts\/277958\/revisions"}],"predecessor-version":[{"id":277960,"href":"https:\/\/www.agrobase.com.br\/concursos\/wp-json\/wp\/v2\/posts\/277958\/revisions\/277960"}],"wp:featuredmedia":[{"embeddable":true,"href":"https:\/\/www.agrobase.com.br\/concursos\/wp-json\/wp\/v2\/media\/277957"}],"wp:attachment":[{"href":"https:\/\/www.agrobase.com.br\/concursos\/wp-json\/wp\/v2\/media?parent=277958"}],"wp:term":[{"taxonomy":"category","embeddable":true,"href":"https:\/\/www.agrobase.com.br\/concursos\/wp-json\/wp\/v2\/categories?post=277958"},{"taxonomy":"post_tag","embeddable":true,"href":"https:\/\/www.agrobase.com.br\/concursos\/wp-json\/wp\/v2\/tags?post=277958"},{"taxonomy":"_amplo","embeddable":true,"href":"https:\/\/www.agrobase.com.br\/concursos\/wp-json\/wp\/v2\/_amplo?post=277958"},{"taxonomy":"destaque","embeddable":true,"href":"https:\/\/www.agrobase.com.br\/concursos\/wp-json\/wp\/v2\/destaque?post=277958"},{"taxonomy":"instituicoes","embeddable":true,"href":"https:\/\/www.agrobase.com.br\/concursos\/wp-json\/wp\/v2\/instituicoes?post=277958"}],"curies":[{"name":"wp","href":"https:\/\/api.w.org\/{rel}","templated":true}]}}