{"id":277936,"date":"2026-02-12T08:10:17","date_gmt":"2026-02-12T11:10:17","guid":{"rendered":"https:\/\/www.agrobase.com.br\/concursos\/?p=277936"},"modified":"2026-02-11T15:05:21","modified_gmt":"2026-02-11T18:05:21","slug":"prefeitura-gravatal-sc-selecao-publica-01-2026","status":"publish","type":"post","link":"https:\/\/www.agrobase.com.br\/concursos\/2026\/prefeitura-gravatal-sc-selecao-publica-01-2026\/","title":{"rendered":"Prefeitura Gravatal (SC) &#8211; Sele\u00e7\u00e3o P\u00fablica 01\/2026"},"content":{"rendered":"<h2>Informa\u00e7\u00f5es Gerais<\/h2>\n<p>O <strong>Processo Seletivo da Prefeitura de Gravatal, em Santa Catarina<\/strong>, est\u00e1 com edital publicado para a contrata\u00e7\u00e3o tempor\u00e1ria de profissionais para o quadro de pessoal da Administra\u00e7\u00e3o Municipal. O certame \u00e9 realizado sob a supervis\u00e3o de comiss\u00e3o designada pela Portaria n\u00ba 360\/2023, com organiza\u00e7\u00e3o do <strong>Instituto Fucap<\/strong>, e tem como base legal o inciso IX do art. 37 da Constitui\u00e7\u00e3o Federal e a Lei Municipal Complementar n\u00ba 181\/2015.<\/p>\n<p>Ao todo, s\u00e3o ofertadas <strong>03 vagas imediatas, al\u00e9m de forma\u00e7\u00e3o de cadastro reserva (CR)<\/strong>, em regime de contrata\u00e7\u00e3o tempor\u00e1ria. As oportunidades contemplam os n\u00edveis de escolaridade <strong>Fundamental Incompleto, M\u00e9dio\/T\u00e9cnico e Superior<\/strong>, com remunera\u00e7\u00f5es que variam de <strong>R$ 1.556,18 a R$ 10.936,30<\/strong>, a depender do cargo e da carga hor\u00e1ria.<\/p>\n<p>As vagas imediatas s\u00e3o para os cargos de <strong>Enfermeiro \u2013 ESF<\/strong>, <strong>Odont\u00f3logo \u2013 ESF<\/strong> e <strong>T\u00e9cnico de Enfermagem \u2013 ESF<\/strong>. J\u00e1 o cadastro reserva abrange uma ampla gama de fun\u00e7\u00f5es na \u00e1rea da sa\u00fade e assist\u00eancia social, incluindo M\u00e9dico Cl\u00ednico Geral, M\u00e9dico Psiquiatra, Psic\u00f3logo, Fisioterapeuta, Farmac\u00eautico, Assistente Social, Fiscal de Vigil\u00e2ncia Sanit\u00e1ria, entre outros. Para os candidatos da \u00e1rea de <strong>Nutri\u00e7\u00e3o<\/strong>, h\u00e1 vaga em cadastro reserva para o cargo de <strong>Nutricionista \u2013 NASF<\/strong>, com carga hor\u00e1ria de 20h semanais e remunera\u00e7\u00e3o de R$ 2.159,07.<\/p>\n<p>No n\u00edvel m\u00e9dio\/t\u00e9cnico, destacam-se os cargos de T\u00e9cnico de Enfermagem, Auxiliar de Farm\u00e1cia e T\u00e9cnico de Vigil\u00e2ncia Epidemiol\u00f3gica. Para o n\u00edvel fundamental incompleto, h\u00e1 oportunidades para Auxiliar de Servi\u00e7os Gerais e Motorista de Ambul\u00e2ncia.<\/p>\n<p>Continue a leitura para conferir todos os detalhes sobre inscri\u00e7\u00f5es, etapas de sele\u00e7\u00e3o e como acompanhar os resultados deste processo seletivo em Gravatal\/SC.<\/p>\n<h2>Inscri\u00e7\u00f5es<\/h2>\n<p>As inscri\u00e7\u00f5es para o <strong>Processo Seletivo da Prefeitura de Gravatal\/SC<\/strong> devem ser realizadas <strong>exclusivamente pela internet<\/strong>, por meio do site do Instituto Fucap, no per\u00edodo de <strong>09 de fevereiro de 2026 a 01 de mar\u00e7o de 2026<\/strong>. N\u00e3o ser\u00e3o aceitas inscri\u00e7\u00f5es via postal, fax, e-mail ou qualquer outra forma fora do prazo ou do meio eletr\u00f4nico estabelecido.<\/p>\n<p>Para se inscrever, o candidato deve acessar o endere\u00e7o <strong>https:\/\/www.institutofucap.org.br\/concursos\/<\/strong>, localizar o processo seletivo da Prefeitura de Gravatal e seguir as orienta\u00e7\u00f5es do sistema de inscri\u00e7\u00e3o, preenchendo corretamente todos os dados solicitados.<\/p>\n<p>Os valores das taxas de inscri\u00e7\u00e3o variam conforme o n\u00edvel de escolaridade exigido para o cargo:<\/p>\n<ul>\n<li><strong>Ensino Superior:<\/strong> R$ 100,00<\/li>\n<li><strong>Ensino M\u00e9dio e T\u00e9cnico:<\/strong> R$ 80,00<\/li>\n<li><strong>Ensino Fundamental:<\/strong> R$ 60,00<\/li>\n<\/ul>\n<p>Ap\u00f3s o preenchimento do formul\u00e1rio de inscri\u00e7\u00e3o, o candidato dever\u00e1 gerar o boleto banc\u00e1rio e efetuar o pagamento dentro do prazo estabelecido no edital. Recomenda-se que o candidato acompanhe o status da sua inscri\u00e7\u00e3o diretamente no site do Instituto Fucap, verificando a confirma\u00e7\u00e3o do pagamento e a regularidade dos dados informados.<\/p>\n<p>Para informa\u00e7\u00f5es sobre possibilidade de <strong>isen\u00e7\u00e3o da taxa de inscri\u00e7\u00e3o<\/strong>, crit\u00e9rios e prazos, consulte o edital completo, dispon\u00edvel no site da banca organizadora. A leitura integral do edital \u00e9 indispens\u00e1vel para garantir o cumprimento de todos os requisitos e prazos do certame.<\/p>\n<h2>Etapas e Provas<\/h2>\n<p>O <strong>Processo Seletivo da Prefeitura de Gravatal\/SC<\/strong> ser\u00e1 composto por uma \u00fanica etapa de avalia\u00e7\u00e3o, aplic\u00e1vel a todos os cargos ofertados:<\/p>\n<ul>\n<li><strong>Prova Objetiva (Avalia\u00e7\u00e3o Escrita Objetiva)<\/strong> \u2014 de car\u00e1ter <strong>eliminat\u00f3rio e classificat\u00f3rio<\/strong>\n<ul>\n<li><strong>Data prevista de aplica\u00e7\u00e3o:<\/strong> 08 de mar\u00e7o de 2026<\/li>\n<li><strong>Formato:<\/strong> prova escrita com quest\u00f5es objetivas de m\u00faltipla escolha, cada uma contendo 5 alternativas, sendo apenas uma correta<\/li>\n<li><strong>Dura\u00e7\u00e3o:<\/strong> 2h30min (duas horas e trinta minutos), incluindo o tempo para preenchimento do cart\u00e3o-resposta<\/li>\n<li><strong>Pontua\u00e7\u00e3o m\u00e1xima:<\/strong> 10 (dez) pontos<\/li>\n<li><strong>Crit\u00e9rio de classifica\u00e7\u00e3o:<\/strong> a nota final do candidato corresponder\u00e1 ao valor obtido na Avalia\u00e7\u00e3o Escrita Objetiva<\/li>\n<\/ul>\n<\/li>\n<\/ul>\n<p>As disciplinas e os conte\u00fados cobrados na prova objetiva variam conforme o cargo pretendido. Para conhecer o conte\u00fado program\u00e1tico completo, os crit\u00e9rios de aprova\u00e7\u00e3o, a nota m\u00ednima exigida e demais detalhes sobre a aplica\u00e7\u00e3o da prova, \u00e9 fundamental consultar o edital na \u00edntegra, dispon\u00edvel no site do <strong>Instituto Fucap<\/strong>.<\/p>\n<h2>Resultados e Gabarito<\/h2>\n<p>O cronograma de divulga\u00e7\u00e3o dos resultados do <strong>Processo Seletivo da Prefeitura de Gravatal\/SC<\/strong> prev\u00ea a seguinte data principal:<\/p>\n<ul>\n<li><strong>23 de mar\u00e7o de 2026:<\/strong> publica\u00e7\u00e3o do extrato do resultado dos recursos administrativos interpostos, do <strong>resultado definitivo<\/strong> do processo seletivo e da <strong>homologa\u00e7\u00e3o do resultado definitivo<\/strong>.<\/li>\n<\/ul>\n<p>A <strong>classifica\u00e7\u00e3o final<\/strong> dos candidatos ser\u00e1 determinada pela nota obtida na Avalia\u00e7\u00e3o Escrita Objetiva, que possui valor m\u00e1ximo de 10 (dez) pontos. O resultado do certame corresponder\u00e1 integralmente \u00e0 pontua\u00e7\u00e3o alcan\u00e7ada nessa prova.<\/p>\n<p>A <strong>homologa\u00e7\u00e3o<\/strong> \u00e9 o ato oficial que valida e encerra o processo seletivo, tornando p\u00fablicos os resultados definitivos. Ap\u00f3s a homologa\u00e7\u00e3o, a Prefeitura de Gravatal poder\u00e1 convocar os candidatos aprovados conforme a necessidade da Administra\u00e7\u00e3o Municipal.<\/p>\n<p>Os resultados, editais complementares e demais publica\u00e7\u00f5es oficiais ser\u00e3o divulgados no site do <strong>Instituto Fucap<\/strong> (<strong>https:\/\/www.institutofucap.org.br\/concursos\/<\/strong>) e nos canais oficiais da Prefeitura de Gravatal. Para informa\u00e7\u00f5es sobre crit\u00e9rios de desempate e validade do processo seletivo, consulte o edital completo.<\/p>\n<p><strong>Aten\u00e7\u00e3o:<\/strong> o acompanhamento de todas as publica\u00e7\u00f5es, convoca\u00e7\u00f5es e prazos relacionados ao processo seletivo \u00e9 de <strong>responsabilidade exclusiva do candidato<\/strong>. Recomenda-se verificar periodicamente os canais oficiais para n\u00e3o perder nenhuma etapa ou prazo importante.<\/p>\n","protected":false},"excerpt":{"rendered":"<p>Proc. Seletivo Pref. Gravatal (SC) p\/ Enfermeiro e Odont\u00f3logo (Fund. a Sup.). Inscri\u00e7\u00f5es a partir de 09\/02. Sal\u00e1rios at\u00e9 R$10.9k. Confira detalhes!<\/p>\n","protected":false},"author":7,"featured_media":277935,"comment_status":"open","ping_status":"open","sticky":false,"template":"","format":"standard","meta":{"_acf_changed":false,"_breakdance_hide_in_design_set":false,"_breakdance_tags":"","footnotes":""},"categories":[11,12,17,18,21,23,24,26,101,108],"tags":[61],"_amplo":[],"destaque":[],"instituicoes":[],"class_list":["post-277936","post","type-post","status-publish","format-standard","has-post-thumbnail","hentry","category-educacao-fisica","category-enfermagem","category-farmacia","category-fisioterapia","category-medicina","category-nutricao","category-odontologia","category-psicologia","category-servico-social","category-tecnico-enfermagem","tag-santa-catarina"],"acf":{"_tipo_vagas":"vagas","_numero_vagas":"","_quadro_vagas":"","_cargos":"diversos","_cargos_especificos":"","_salario_max":"R$ 10936.3","_abertura":"20260209","_encerramento":"20260301","_inscricoes":"https:\/\/www.institutofucap.org.br\/concursos\/","_executora_concurso":"","_instituicao_concurso":[],"_link_adicional":null,"_anexos":null,"_produtos":null,"_vagas":"03 vagas + CR","_salario_min":"R$ 1556.18","_instituicao":"Prefeitura de Gravatal","_edital":"https:\/\/www.agrobase.com.br\/concursos\/wp-content\/uploads\/sites\/4\/2026\/02\/edital-01-2026-prefeitura-de-gravatal-sc.pdf","_anexos_edital":"","_fund_incompleto":"<div>\r\n<table class=\"quadro\">\r\n<thead>\r\n<tr>\r\n<th class=\"hcargo\">Cargo<\/th>\r\n<th class=\"hvagas\">Vagas<\/th>\r\n<th class=\"hremuneracao\">Remunera\u00e7\u00e3o<\/th>\r\n<\/tr>\r\n<\/thead>\r\n    <tbody>\r\n      <td class=\"ccargos\">\r\n<span data-balloon-length=\"medium\" aria-label=\"Alfabetizado\" data-balloon-pos=\"up\">Auxiliar de Servi\u00e7os Gerais \u2013 Feminino<\/span><\/td>\r\n<td class=\"cvagas\">CR<\/td>\r\n<td class=\"cremuneracao\">R$ 1.556,18 \/40h<\/td>\r\n<\/tr><td class=\"ccargos\">\r\n<span data-balloon-length=\"medium\" aria-label=\"4\u00aa S\u00e9rie do 1\u00ba Grau, CNH categoria D e curso de condu\u00e7\u00e3o de ve\u00edculo de emerg\u00eancia\" data-balloon-pos=\"up\">Motorista \u2013 Ambul\u00e2ncia<\/span><\/td>\r\n<td class=\"cvagas\">CR<\/td>\r\n<td class=\"cremuneracao\">R$ 1.719,22 \/40h<\/td>\r\n<\/tr>\r\n    <\/tbody>\r\n  <\/table>\r\n<\/div>","_fund_completo":"","_medio":"<div>\r\n<table class=\"quadro\">\r\n<thead>\r\n<tr>\r\n<th class=\"hcargo\">Cargo<\/th>\r\n<th class=\"hvagas\">Vagas<\/th>\r\n<th class=\"hremuneracao\">Remunera\u00e7\u00e3o<\/th>\r\n<\/tr>\r\n<\/thead>\r\n    <tbody>\r\n      <td class=\"ccargos\">\r\n<span data-balloon-length=\"medium\" aria-label=\"2\u00ba Grau Completo e Conhecimento em inform\u00e1tica\" data-balloon-pos=\"up\">Auxiliar de Farm\u00e1cia<\/span><\/td>\r\n<td class=\"cvagas\">CR<\/td>\r\n<td class=\"cremuneracao\">R$ 1.630,29 \/40h<\/td>\r\n<\/tr><td class=\"ccargos\">\r\n<span data-balloon-length=\"medium\" aria-label=\"Curso regular de T\u00e9cnico em Enfermagem com registro no COREN\" data-balloon-pos=\"up\">T\u00e9cnico de Enfermagem<\/span><\/td>\r\n<td class=\"cvagas\">CR<\/td>\r\n<td class=\"cremuneracao\">R$ 2.296,63 \/40h<\/td>\r\n<\/tr><td class=\"ccargos\">\r\n<span data-balloon-length=\"medium\" aria-label=\"Curso regular de T\u00e9cnico em Enfermagem com registro no COREN\" data-balloon-pos=\"up\">T\u00e9cnico de Enfermagem - ESF<\/span><\/td>\r\n<td class=\"cvagas\">01 + CR<\/td>\r\n<td class=\"cremuneracao\">R$ 2.296,63 \/40h<\/td>\r\n<\/tr><td class=\"ccargos\">\r\n<span data-balloon-length=\"medium\" aria-label=\"Certificado ou Diploma de T\u00e9cnico em Enfermagem com registro no COREN\" data-balloon-pos=\"up\">T\u00e9cnico de Vigil\u00e2ncia Epidemiol\u00f3gica<\/span><\/td>\r\n<td class=\"cvagas\">CR<\/td>\r\n<td class=\"cremuneracao\">R$ 2.374,99 \/40h<\/td>\r\n<\/tr>\r\n    <\/tbody>\r\n  <\/table>\r\n<\/div>","_superior":"<div>\r\n<table class=\"quadro\">\r\n<thead>\r\n<tr>\r\n<th class=\"hcargo\">Cargo<\/th>\r\n<th class=\"hvagas\">Vagas<\/th>\r\n<th class=\"hremuneracao\">Remunera\u00e7\u00e3o<\/th>\r\n<\/tr>\r\n<\/thead>\r\n    <tbody>\r\n      <tr>\r\n<td class=\"ccargos\">\r\n<span data-balloon-length=\"medium\" aria-label=\"Curso Superior de Assist\u00eancia Social com registro no CRESS\" data-balloon-pos=\"up\">Assistente Social<\/span><\/td>\r\n<td class=\"cvagas\">CR<\/td>\r\n<td class=\"cremuneracao\">R$ 2.626,43 \/30h<\/td>\r\n<\/tr><tr>\r\n<td class=\"ccargos\">\r\n<span data-balloon-length=\"medium\" aria-label=\"Bacharel em Educa\u00e7\u00e3o F\u00edsica com registro no conselho competente\" data-balloon-pos=\"up\">Educador F\u00edsico - NASF<\/span><\/td>\r\n<td class=\"cvagas\">CR<\/td>\r\n<td class=\"cremuneracao\">R$ 1.826,93 \/20h<\/td>\r\n<\/tr><tr>\r\n<td class=\"ccargos\">\r\n<span data-balloon-length=\"medium\" aria-label=\"Ensino Superior em Enfermagem e registro no respectivo Conselho\" data-balloon-pos=\"up\">Enfermeiro<\/span><\/td>\r\n<td class=\"cvagas\">CR<\/td>\r\n<td class=\"cremuneracao\">R$ 3.980,81 \/40h<\/td>\r\n<\/tr><tr>\r\n<td class=\"ccargos\">\r\n<span data-balloon-length=\"medium\" aria-label=\"Ensino Superior em Enfermagem e registro no respectivo Conselho\" data-balloon-pos=\"up\">Enfermeiro - ESF<\/span><\/td>\r\n<td class=\"cvagas\">01 + CR<\/td>\r\n<td class=\"cremuneracao\">R$ 3.980,81 \/40h<\/td>\r\n<\/tr><tr>\r\n<td class=\"ccargos\">\r\n<span data-balloon-length=\"medium\" aria-label=\"Curso Superior em Farm\u00e1cia e registro no respectivo Conselho\" data-balloon-pos=\"up\">Farmac\u00eautico<\/span><\/td>\r\n<td class=\"cvagas\">CR<\/td>\r\n<td class=\"cremuneracao\">R$ 3.827,70 \/40h<\/td>\r\n<\/tr><tr>\r\n<td class=\"ccargos\">\r\n<span data-balloon-length=\"medium\" aria-label=\"N\u00edvel Superior em Fisioterapia e registro no respectivo Conselho\" data-balloon-pos=\"up\">Fisioterapeuta - NASF<\/span><\/td>\r\n<td class=\"cvagas\">CR<\/td>\r\n<td class=\"cremuneracao\">R$ 2.159,07 \/20h<\/td>\r\n<\/tr><tr>\r\n<td class=\"ccargos\">\r\n<span data-balloon-length=\"medium\" aria-label=\"N\u00edvel Superior na \u00c1rea da Sa\u00fade com registro profissional no conselho competente\" data-balloon-pos=\"up\">Fiscal de Vigil\u00e2ncia Sanit\u00e1ria<\/span><\/td>\r\n<td class=\"cvagas\">CR<\/td>\r\n<td class=\"cremuneracao\">R$ 3.626,27 \/40h<\/td>\r\n<\/tr><tr>\r\n<td class=\"ccargos\">\r\n<span data-balloon-length=\"medium\" aria-label=\"N\u00edvel Superior em Medicina e registro no CRM\" data-balloon-pos=\"up\">M\u00e9dico Cl\u00ednico Geral - ESF<\/span><\/td>\r\n<td class=\"cvagas\">CR<\/td>\r\n<td class=\"cremuneracao\">R$ 10.936,30 \/40h<\/td>\r\n<\/tr><tr>\r\n<td class=\"ccargos\">\r\n<span data-balloon-length=\"medium\" aria-label=\"Curso Superior em Medicina e registro no Conselho ou \u00d3rg\u00e3o competente\" data-balloon-pos=\"up\">M\u00e9dico Cl\u00ednico Geral 10hs<\/span><\/td>\r\n<td class=\"cvagas\">CR<\/td>\r\n<td class=\"cremuneracao\">R$ 3.499,61 \/10h<\/td>\r\n<\/tr><tr>\r\n<td class=\"ccargos\">\r\n<span data-balloon-length=\"medium\" aria-label=\"Curso Superior em Medicina e registro no Conselho ou \u00d3rg\u00e3o competente\" data-balloon-pos=\"up\">M\u00e9dico Cl\u00ednico Geral 20hs<\/span><\/td>\r\n<td class=\"cvagas\">CR<\/td>\r\n<td class=\"cremuneracao\">R$ 6.999,22 \/20h<\/td>\r\n<\/tr><tr>\r\n<td class=\"ccargos\">\r\n<span data-balloon-length=\"medium\" aria-label=\"Curso superior completo em medicina e especializa\u00e7\u00e3o em Psiquiatria com registro no CRM\" data-balloon-pos=\"up\">M\u00e9dico Psiquiatra<\/span><\/td>\r\n<td class=\"cvagas\">CR<\/td>\r\n<td class=\"cremuneracao\">R$ 6.999,22 \/20h<\/td>\r\n<\/tr><tr>\r\n<td class=\"ccargos\">\r\n<span data-balloon-length=\"medium\" aria-label=\"Ensino Superior em Nutri\u00e7\u00e3o e registro no respectivo Conselho\" data-balloon-pos=\"up\">Nutricionista - NASF<\/span><\/td>\r\n<td class=\"cvagas\">CR<\/td>\r\n<td class=\"cremuneracao\">R$ 2.159,07 \/20h<\/td>\r\n<\/tr><tr>\r\n<td class=\"ccargos\">\r\n<span data-balloon-length=\"medium\" aria-label=\"Ensino Superior em Odontologia\" data-balloon-pos=\"up\">Odont\u00f3logo - ESF<\/span><\/td>\r\n<td class=\"cvagas\">01 + CR<\/td>\r\n<td class=\"cremuneracao\">R$ 5.103,62 \/40h<\/td>\r\n<\/tr><tr>\r\n<td class=\"ccargos\">\r\n<span data-balloon-length=\"medium\" aria-label=\"Ensino Superior em Psicologia e registro no respectivo Conselho\" data-balloon-pos=\"up\">Psic\u00f3logo<\/span><\/td>\r\n<td class=\"cvagas\">CR<\/td>\r\n<td class=\"cremuneracao\">R$ 3.336,30 \/30h<\/td>\r\n<\/tr><tr>\r\n<td class=\"ccargos\">\r\n<span data-balloon-length=\"medium\" aria-label=\"Ensino Superior em Psicologia e registro no respectivo Conselho\" data-balloon-pos=\"up\">Psic\u00f3logo - ESF<\/span><\/td>\r\n<td class=\"cvagas\">CR<\/td>\r\n<td class=\"cremuneracao\">R$ 2.159,07 \/20h<\/td>\r\n<\/tr><tr>\r\n<td class=\"ccargos\">\r\n<span data-balloon-length=\"medium\" aria-label=\"Ensino Superior em Psicologia e registro no respectivo Conselho\" data-balloon-pos=\"up\">Psic\u00f3logo - NASF<\/span><\/td>\r\n<td class=\"cvagas\">CR<\/td>\r\n<td class=\"cremuneracao\">R$ 2.159,07 \/20h<\/td>\r\n<\/tr>\r\n    <\/tbody>\r\n  <\/table>\r\n<\/div>"},"_links":{"self":[{"href":"https:\/\/www.agrobase.com.br\/concursos\/wp-json\/wp\/v2\/posts\/277936","targetHints":{"allow":["GET"]}}],"collection":[{"href":"https:\/\/www.agrobase.com.br\/concursos\/wp-json\/wp\/v2\/posts"}],"about":[{"href":"https:\/\/www.agrobase.com.br\/concursos\/wp-json\/wp\/v2\/types\/post"}],"author":[{"embeddable":true,"href":"https:\/\/www.agrobase.com.br\/concursos\/wp-json\/wp\/v2\/users\/7"}],"replies":[{"embeddable":true,"href":"https:\/\/www.agrobase.com.br\/concursos\/wp-json\/wp\/v2\/comments?post=277936"}],"version-history":[{"count":1,"href":"https:\/\/www.agrobase.com.br\/concursos\/wp-json\/wp\/v2\/posts\/277936\/revisions"}],"predecessor-version":[{"id":277938,"href":"https:\/\/www.agrobase.com.br\/concursos\/wp-json\/wp\/v2\/posts\/277936\/revisions\/277938"}],"wp:featuredmedia":[{"embeddable":true,"href":"https:\/\/www.agrobase.com.br\/concursos\/wp-json\/wp\/v2\/media\/277935"}],"wp:attachment":[{"href":"https:\/\/www.agrobase.com.br\/concursos\/wp-json\/wp\/v2\/media?parent=277936"}],"wp:term":[{"taxonomy":"category","embeddable":true,"href":"https:\/\/www.agrobase.com.br\/concursos\/wp-json\/wp\/v2\/categories?post=277936"},{"taxonomy":"post_tag","embeddable":true,"href":"https:\/\/www.agrobase.com.br\/concursos\/wp-json\/wp\/v2\/tags?post=277936"},{"taxonomy":"_amplo","embeddable":true,"href":"https:\/\/www.agrobase.com.br\/concursos\/wp-json\/wp\/v2\/_amplo?post=277936"},{"taxonomy":"destaque","embeddable":true,"href":"https:\/\/www.agrobase.com.br\/concursos\/wp-json\/wp\/v2\/destaque?post=277936"},{"taxonomy":"instituicoes","embeddable":true,"href":"https:\/\/www.agrobase.com.br\/concursos\/wp-json\/wp\/v2\/instituicoes?post=277936"}],"curies":[{"name":"wp","href":"https:\/\/api.w.org\/{rel}","templated":true}]}}