{"id":277918,"date":"2026-02-12T07:30:04","date_gmt":"2026-02-12T10:30:04","guid":{"rendered":"https:\/\/www.agrobase.com.br\/concursos\/?p=277918"},"modified":"2026-02-11T12:04:31","modified_gmt":"2026-02-11T15:04:31","slug":"prefeitura-tres-lagoas-ms-selecao-publica-01-2026","status":"publish","type":"post","link":"https:\/\/www.agrobase.com.br\/concursos\/2026\/prefeitura-tres-lagoas-ms-selecao-publica-01-2026\/","title":{"rendered":"Prefeitura Tr\u00eas Lagoas (MS) &#8211; Sele\u00e7\u00e3o P\u00fablica 01\/2026"},"content":{"rendered":"<h2>Informa\u00e7\u00f5es Gerais<\/h2>\n<p>A <strong>Prefeitura Municipal de Tr\u00eas Lagoas<\/strong>, no estado do <strong>Mato Grosso do Sul<\/strong>, publicou edital de <strong>Processo Seletivo<\/strong> visando \u00e0 contrata\u00e7\u00e3o por tempo determinado para atender necessidade tempor\u00e1ria de excepcional interesse p\u00fablico, nos termos do art. 37, inciso IX, da Constitui\u00e7\u00e3o Federal.<\/p>\n<p>O certame oferece <strong>302 vagas imediatas<\/strong>, al\u00e9m de forma\u00e7\u00e3o de <strong>cadastro reserva (CR)<\/strong> para diversos cargos. As oportunidades contemplam profissionais de <strong>n\u00edvel fundamental, m\u00e9dio\/t\u00e9cnico e superior<\/strong>, com remunera\u00e7\u00f5es que variam de <strong>R$ 188,63 a R$ 10.375,76<\/strong>, conforme o cargo e a carga hor\u00e1ria.<\/p>\n<p>As vagas abrangem diversas \u00e1reas de atua\u00e7\u00e3o, com destaque para a <strong>\u00e1rea da sa\u00fade<\/strong> \u2014 incluindo m\u00e9dicos de diversas especialidades, enfermeiros, t\u00e9cnicos em enfermagem, farmac\u00eauticos e fisioterapeutas \u2014, al\u00e9m de oportunidades nas \u00e1reas <strong>administrativa, social e ambiental<\/strong>. Para profissionais da \u00e1rea de ci\u00eancias agr\u00e1rias e ambientais, o edital contempla vagas para <strong>Nutricionista<\/strong>, <strong>Fiscal Ambiental<\/strong>, <strong>Auxiliar de Fiscal Ambiental<\/strong> e <strong>Fiscal do Meio Ambiente<\/strong>.<\/p>\n<p>A execu\u00e7\u00e3o do Processo Seletivo est\u00e1 sob responsabilidade do <strong>Instituto Avalia<\/strong>. Continue a leitura para conhecer todos os detalhes sobre inscri\u00e7\u00f5es, etapas de sele\u00e7\u00e3o e como acompanhar os resultados.<\/p>\n<h2>Inscri\u00e7\u00f5es<\/h2>\n<p>As <strong>inscri\u00e7\u00f5es para o Processo Seletivo da Prefeitura de Tr\u00eas Lagoas\/MS<\/strong> ser\u00e3o realizadas <strong>exclusivamente pela internet<\/strong>, n\u00e3o sendo aceitas inscri\u00e7\u00f5es efetuadas de forma diversa.<\/p>\n<p>O per\u00edodo de inscri\u00e7\u00f5es ser\u00e1 das <strong>10h00 do dia 05 de fevereiro de 2026<\/strong> at\u00e9 as <strong>19h00 do dia 04 de mar\u00e7o de 2026<\/strong>, observado o hor\u00e1rio oficial de Mato Grosso do Sul.<\/p>\n<p>Para se inscrever, o candidato dever\u00e1 acessar o endere\u00e7o eletr\u00f4nico <strong>www.avalia.org.br<\/strong> e seguir os seguintes passos:<\/p>\n<ul>\n<li>Acessar o site do Instituto Avalia e localizar o Processo Seletivo da Prefeitura de Tr\u00eas Lagoas;<\/li>\n<li>Ler e aceitar as disposi\u00e7\u00f5es contidas no edital;<\/li>\n<li>Preencher o Formul\u00e1rio de Solicita\u00e7\u00e3o de Inscri\u00e7\u00e3o com seus dados pessoais e escolher o cargo desejado;<\/li>\n<li>Gerar e imprimir o boleto banc\u00e1rio;<\/li>\n<li>Efetuar o pagamento da taxa de inscri\u00e7\u00e3o at\u00e9 a data limite estabelecida no edital.<\/li>\n<\/ul>\n<p>Os valores das taxas de inscri\u00e7\u00e3o variam conforme o n\u00edvel de escolaridade do cargo pretendido. Consulte a Tabela 2.1 do edital para verificar o valor correspondente ao seu cargo de interesse.<\/p>\n<p>Candidatos que preencherem os requisitos legais poder\u00e3o solicitar <strong>isen\u00e7\u00e3o da taxa de inscri\u00e7\u00e3o<\/strong>, conforme crit\u00e9rios e prazos estabelecidos no edital. Recomenda-se a leitura atenta das condi\u00e7\u00f5es para isen\u00e7\u00e3o.<\/p>\n<p>Ap\u00f3s efetuar a inscri\u00e7\u00e3o, acompanhe regularmente sua situa\u00e7\u00e3o atrav\u00e9s da <strong>\u00e1rea restrita do candidato<\/strong> no site do Instituto Avalia. Para informa\u00e7\u00f5es completas sobre procedimentos, documenta\u00e7\u00e3o e prazos, consulte o edital na \u00edntegra.<\/p>\n<h2>Etapas e Provas<\/h2>\n<p>O Processo Seletivo da Prefeitura de Tr\u00eas Lagoas\/MS ser\u00e1 composto pelas seguintes etapas de avalia\u00e7\u00e3o:<\/p>\n<ul>\n<li><strong>Prova Objetiva<\/strong> \u2014 aplicada a todos os cargos de n\u00edvel fundamental, m\u00e9dio, t\u00e9cnico e superior. Possui <strong>car\u00e1ter eliminat\u00f3rio e classificat\u00f3rio<\/strong>;<\/li>\n<li><strong>Prova de T\u00edtulos<\/strong> \u2014 exclusiva para os cargos de <strong>n\u00edvel superior<\/strong>. Possui <strong>car\u00e1ter classificat\u00f3rio<\/strong>.<\/li>\n<\/ul>\n<p><strong>Prova Objetiva:<\/strong><\/p>\n<p>A Prova Objetiva est\u00e1 prevista para ser aplicada na <strong>data prov\u00e1vel de 29 de mar\u00e7o de 2026<\/strong>, na cidade de <strong>Tr\u00eas Lagoas\/MS<\/strong>. Caso o n\u00famero de inscritos exceda a capacidade de aloca\u00e7\u00e3o do munic\u00edpio, a prova poder\u00e1 ser aplicada tamb\u00e9m em cidades vizinhas.<\/p>\n<p>A prova ter\u00e1 <strong>dura\u00e7\u00e3o de 3 (tr\u00eas) horas<\/strong>. O hor\u00e1rio e local espec\u00edficos de realiza\u00e7\u00e3o ser\u00e3o informados atrav\u00e9s de edital complementar, disponibilizado no endere\u00e7o eletr\u00f4nico <strong>www.avalia.org.br<\/strong>, e no <strong>Cart\u00e3o de Informa\u00e7\u00e3o do Candidato<\/strong>.<\/p>\n<p>As quest\u00f5es ser\u00e3o de m\u00faltipla escolha, abrangendo disciplinas de conhecimentos b\u00e1sicos e espec\u00edficos conforme o cargo. Consulte o edital para verificar o conte\u00fado program\u00e1tico, n\u00famero de quest\u00f5es, pontua\u00e7\u00e3o e crit\u00e9rios de aprova\u00e7\u00e3o aplic\u00e1veis ao seu cargo de interesse.<\/p>\n<p><strong>Prova de T\u00edtulos:<\/strong><\/p>\n<p>Os candidatos aos cargos de n\u00edvel superior que forem aprovados na Prova Objetiva ser\u00e3o convocados para a Prova de T\u00edtulos. Esta etapa avalia a forma\u00e7\u00e3o acad\u00eamica complementar do candidato, como p\u00f3s-gradua\u00e7\u00e3o, mestrado e doutorado, conforme crit\u00e9rios definidos no edital.<\/p>\n<p>Para informa\u00e7\u00f5es detalhadas sobre conte\u00fado program\u00e1tico, crit\u00e9rios de pontua\u00e7\u00e3o, notas m\u00ednimas e cronograma completo das etapas, consulte o edital oficial do certame.<\/p>\n<h2>Resultados e Gabarito<\/h2>\n<p>A divulga\u00e7\u00e3o dos resultados do Processo Seletivo da Prefeitura de Tr\u00eas Lagoas\/MS seguir\u00e1 o cronograma estabelecido pelo Instituto Avalia, com publica\u00e7\u00f5es no endere\u00e7o eletr\u00f4nico <strong>www.avalia.org.br<\/strong>.<\/p>\n<p><strong>Gabarito e Caderno de Quest\u00f5es:<\/strong><\/p>\n<p>O <strong>Gabarito Preliminar<\/strong> e o <strong>caderno de quest\u00f5es<\/strong> da Prova Objetiva ser\u00e3o divulgados <strong>1 (um) dia ap\u00f3s a aplica\u00e7\u00e3o da prova<\/strong>, no site do Instituto Avalia. Os candidatos poder\u00e3o interpor recursos contra o gabarito preliminar dentro do prazo estabelecido no edital. Ap\u00f3s an\u00e1lise dos recursos, ser\u00e1 publicado o <strong>Gabarito Definitivo<\/strong>.<\/p>\n<p><strong>Resultado Final:<\/strong><\/p>\n<p>O resultado final do Processo Seletivo ser\u00e1 publicado por meio de <strong>tr\u00eas listagens distintas<\/strong>:<\/p>\n<ul>\n<li>Lista Geral (ampla concorr\u00eancia);<\/li>\n<li>Lista de Pessoas com Defici\u00eancia;<\/li>\n<li>Lista de candidatos negros e ind\u00edgenas.<\/li>\n<\/ul>\n<p><strong>Crit\u00e9rios de Desempate:<\/strong><\/p>\n<p>Em caso de empate na pontua\u00e7\u00e3o final, ser\u00e3o aplicados os crit\u00e9rios de desempate previstos no edital, que geralmente consideram fatores como idade, desempenho em disciplinas espec\u00edficas, entre outros. Consulte o edital para conhecer a ordem de aplica\u00e7\u00e3o dos crit\u00e9rios.<\/p>\n<p><strong>Homologa\u00e7\u00e3o:<\/strong><\/p>\n<p>Ap\u00f3s decididos todos os recursos interpostos, o resultado final ser\u00e1 <strong>homologado pela Prefeitura Municipal de Tr\u00eas Lagoas<\/strong> e publicado no <strong>Di\u00e1rio Oficial<\/strong> e no site <strong>www.avalia.org.br<\/strong>. A homologa\u00e7\u00e3o representa o ato oficial que valida todo o processo seletivo e autoriza a convoca\u00e7\u00e3o dos aprovados.<\/p>\n<p>\u00c9 de <strong>responsabilidade exclusiva do candidato<\/strong> acompanhar todas as publica\u00e7\u00f5es oficiais referentes ao certame, incluindo convoca\u00e7\u00f5es, retifica\u00e7\u00f5es e comunicados. Mantenha seus dados cadastrais atualizados e consulte regularmente os canais oficiais de divulga\u00e7\u00e3o.<\/p>\n","protected":false},"excerpt":{"rendered":"<p>Processo Seletivo Pref. Tr\u00eas Lagoas (MS) com edital publicado! Vagas p\/ M\u00e9dico, Assist. Social (Fund. a Sup.). Inscri\u00e7\u00f5es a partir de 05\/02. Confira detalhes!<\/p>\n","protected":false},"author":7,"featured_media":277917,"comment_status":"open","ping_status":"open","sticky":false,"template":"","format":"standard","meta":{"_acf_changed":false,"_breakdance_hide_in_design_set":false,"_breakdance_tags":"","footnotes":""},"categories":[5,7,11,6434,12,14,152,17,18,21,23,24,26,101,31,108,143,157,134],"tags":[48],"_amplo":[],"destaque":[],"instituicoes":[],"class_list":["post-277918","post","type-post","status-publish","format-standard","has-post-thumbnail","hentry","category-arquitetura","category-biomedicina","category-educacao-fisica","category-educacao-fisica-licenciatura","category-enfermagem","category-engenharia","category-engenharia-seguranca-trabalho","category-farmacia","category-fisioterapia","category-medicina","category-nutricao","category-odontologia","category-psicologia","category-servico-social","category-tecnico-ambiental","category-tecnico-enfermagem","category-tecnico-odontologia","category-tecnico-seguranca-trabalho","category-terapia-ocupacional","tag-mato-grosso-do-sul"],"acf":{"_tipo_vagas":"vagas","_numero_vagas":"","_quadro_vagas":"","_cargos":"diversos","_cargos_especificos":"","_salario_max":"R$ 10375.76","_abertura":"20260205","_encerramento":"20260304","_inscricoes":"https:\/\/www.avalia.org.br","_executora_concurso":"","_instituicao_concurso":[],"_link_adicional":null,"_anexos":null,"_produtos":null,"_vagas":"302 vagas + CR","_salario_min":"R$ 188.63","_instituicao":"Prefeitura de Tr\u00eas Lagoas","_edital":"https:\/\/www.agrobase.com.br\/concursos\/wp-content\/uploads\/sites\/4\/2026\/02\/edital-01-2026-prefeitura-de-tres-lagoas-ms.pdf","_anexos_edital":"https:\/\/www.agrobase.com.br\/concursos\/wp-content\/uploads\/sites\/4\/2026\/02\/anexos-edital-01-2026-prefeitura-de-tres-lagoas-ms.pdf","_fund_incompleto":"","_fund_completo":"<div>\r\n<table class=\"quadro\">\r\n<thead>\r\n<tr>\r\n<th class=\"hcargo\">Cargo<\/th>\r\n<th class=\"hvagas\">Vagas<\/th>\r\n<th class=\"hremuneracao\">Remunera\u00e7\u00e3o<\/th>\r\n<\/tr>\r\n<\/thead>\r\n    <tbody>\r\n      <td class=\"ccargos\">\r\n<span data-balloon-length=\"medium\" aria-label=\"Ensino Fundamental Completo\" data-balloon-pos=\"up\">Artes\u00e3o<\/span><\/td>\r\n<td class=\"cvagas\">01 + CR<\/td>\r\n<td class=\"cremuneracao\">R$ 2.452,44 \/40h<\/td>\r\n<\/tr><td class=\"ccargos\">\r\n<span data-balloon-length=\"medium\" aria-label=\"Ensino Fundamental Completo\" data-balloon-pos=\"up\">Cozinheira<\/span><\/td>\r\n<td class=\"cvagas\">01 + CR<\/td>\r\n<td class=\"cremuneracao\">R$ 2.452,44 \/40h<\/td>\r\n<\/tr>\r\n    <\/tbody>\r\n  <\/table>\r\n<\/div>","_medio":"<div>\r\n<table class=\"quadro\">\r\n<thead>\r\n<tr>\r\n<th class=\"hcargo\">Cargo<\/th>\r\n<th class=\"hvagas\">Vagas<\/th>\r\n<th class=\"hremuneracao\">Remunera\u00e7\u00e3o<\/th>\r\n<\/tr>\r\n<\/thead>\r\n    <tbody>\r\n      <td class=\"ccargos\">\r\n<span data-balloon-length=\"medium\" aria-label=\"Ensino M\u00e9dio Completo e Curso T\u00e9cnico em Seguran\u00e7a do Trabalho\" data-balloon-pos=\"up\">T\u00e9cnico em Seguran\u00e7a do Trabalho<\/span><\/td>\r\n<td class=\"cvagas\">01 + CR<\/td>\r\n<td class=\"cremuneracao\">R$ 2.829,75 \/40h<\/td>\r\n<\/tr><td class=\"ccargos\">\r\n<span data-balloon-length=\"medium\" aria-label=\"Ensino M\u00e9dio Completo\" data-balloon-pos=\"up\">Cuidador Plantonista<\/span><\/td>\r\n<td class=\"cvagas\">24 + CR<\/td>\r\n<td class=\"cremuneracao\">R$ 2.452,44 \/12x36h<\/td>\r\n<\/tr><td class=\"ccargos\">\r\n<span data-balloon-length=\"medium\" aria-label=\"Ensino M\u00e9dio Completo\" data-balloon-pos=\"up\">T\u00e9cnico Administrativo<\/span><\/td>\r\n<td class=\"cvagas\">17 + CR<\/td>\r\n<td class=\"cremuneracao\">R$ 2.829,75 \/40h<\/td>\r\n<\/tr><td class=\"ccargos\">\r\n<span data-balloon-length=\"medium\" aria-label=\"Ensino M\u00e9dio Completo\" data-balloon-pos=\"up\">Profissional de Atendimento de Inclus\u00e3o Social<\/span><\/td>\r\n<td class=\"cvagas\">14 + CR<\/td>\r\n<td class=\"cremuneracao\">R$ 2.452,44 \/40h<\/td>\r\n<\/tr><td class=\"ccargos\">\r\n<span data-balloon-length=\"medium\" aria-label=\"Ensino M\u00e9dio Completo e Curso T\u00e9cnico na \u00e1rea\" data-balloon-pos=\"up\">Auxiliar de Sa\u00fade Bucal<\/span><\/td>\r\n<td class=\"cvagas\">05 + CR<\/td>\r\n<td class=\"cremuneracao\">R$ 2.829,75 \/40h<\/td>\r\n<\/tr><td class=\"ccargos\">\r\n<span data-balloon-length=\"medium\" aria-label=\"Ensino M\u00e9dio Completo\" data-balloon-pos=\"up\">Agente de Endemias - Mutir\u00e3o<\/span><\/td>\r\n<td class=\"cvagas\">08 + CR<\/td>\r\n<td class=\"cremuneracao\">R$ 3.242,00 \/40h<\/td>\r\n<\/tr><td class=\"ccargos\">\r\n<span data-balloon-length=\"medium\" aria-label=\"Ensino M\u00e9dio Completo\" data-balloon-pos=\"up\">Agente de Endemias - Borrifa\u00e7\u00e3o<\/span><\/td>\r\n<td class=\"cvagas\">08 + CR<\/td>\r\n<td class=\"cremuneracao\">R$ 3.242,00 \/40h<\/td>\r\n<\/tr><td class=\"ccargos\">\r\n<span data-balloon-length=\"medium\" aria-label=\"Ensino M\u00e9dio Completo\" data-balloon-pos=\"up\">T\u00e9cnico Administrativo Plantonista<\/span><\/td>\r\n<td class=\"cvagas\">01 + CR<\/td>\r\n<td class=\"cremuneracao\">R$ 188,63 \/12x36h<\/td>\r\n<\/tr><td class=\"ccargos\">\r\n<span data-balloon-length=\"medium\" aria-label=\"Ensino M\u00e9dio Completo\" data-balloon-pos=\"up\">T\u00e9cnico em Atendimento de Regula\u00e7\u00e3o M\u00e9dica e Emerg\u00eancia (TARM)<\/span><\/td>\r\n<td class=\"cvagas\">02 + CR<\/td>\r\n<td class=\"cremuneracao\">R$ 188,63 \/12x36h<\/td>\r\n<\/tr><td class=\"ccargos\">\r\n<span data-balloon-length=\"medium\" aria-label=\"Ensino M\u00e9dio Completo e CNH C, D ou E\" data-balloon-pos=\"up\">Motorista<\/span><\/td>\r\n<td class=\"cvagas\">25 + CR<\/td>\r\n<td class=\"cremuneracao\">R$ 2.829,75 \/40h<\/td>\r\n<\/tr><td class=\"ccargos\">\r\n<span data-balloon-length=\"medium\" aria-label=\"Ensino M\u00e9dio Completo e CNH D ou E\" data-balloon-pos=\"up\">Motorista Socorrista<\/span><\/td>\r\n<td class=\"cvagas\">02 + CR<\/td>\r\n<td class=\"cremuneracao\">R$ 266,74 \/12x36h<\/td>\r\n<\/tr><td class=\"ccargos\">\r\n<span data-balloon-length=\"medium\" aria-label=\"Ensino M\u00e9dio Completo e Curso T\u00e9cnico em Farm\u00e1cia\" data-balloon-pos=\"up\">Atendente de Farm\u00e1cia<\/span><\/td>\r\n<td class=\"cvagas\">06 + CR<\/td>\r\n<td class=\"cremuneracao\">R$ 2.452,44 \/40h<\/td>\r\n<\/tr><td class=\"ccargos\">\r\n<span data-balloon-length=\"medium\" aria-label=\"Ensino M\u00e9dio Completo e T\u00e9cnico em Enfermagem\" data-balloon-pos=\"up\">T\u00e9cnico em Enfermagem Plantonista<\/span><\/td>\r\n<td class=\"cvagas\">01 + CR<\/td>\r\n<td class=\"cremuneracao\">R$ 251,53 \/12x36h<\/td>\r\n<\/tr><td class=\"ccargos\">\r\n<span data-balloon-length=\"medium\" aria-label=\"Ensino M\u00e9dio Completo e T\u00e9cnico em Enfermagem\" data-balloon-pos=\"up\">T\u00e9cnico em Enfermagem<\/span><\/td>\r\n<td class=\"cvagas\">17 + CR<\/td>\r\n<td class=\"cremuneracao\">R$ 2.829,75 \/40h<\/td>\r\n<\/tr><td class=\"ccargos\">\r\n<span data-balloon-length=\"medium\" aria-label=\"Ensino M\u00e9dio Completo e T\u00e9cnico em Radiologia\" data-balloon-pos=\"up\">T\u00e9cnico em Raio-X<\/span><\/td>\r\n<td class=\"cvagas\">03 + CR<\/td>\r\n<td class=\"cremuneracao\">R$ 3.242,00 \/24h<\/td>\r\n<\/tr><td class=\"ccargos\">\r\n<span data-balloon-length=\"medium\" aria-label=\"Ensino M\u00e9dio Completo e T\u00e9cnico em Laborat\u00f3rio\" data-balloon-pos=\"up\">T\u00e9cnico de Laborat\u00f3rio Plantonista<\/span><\/td>\r\n<td class=\"cvagas\">01 + CR<\/td>\r\n<td class=\"cremuneracao\">R$ 188,63 \/12x36h<\/td>\r\n<\/tr><td class=\"ccargos\">\r\n<span data-balloon-length=\"medium\" aria-label=\"Ensino M\u00e9dio Completo e Curso T\u00e9cnico na \u00e1rea\" data-balloon-pos=\"up\">Auxiliar de Fiscal Ambiental<\/span><\/td>\r\n<td class=\"cvagas\">CR<\/td>\r\n<td class=\"cremuneracao\">R$ 2.452,44 \/40h<\/td>\r\n<\/tr><td class=\"ccargos\">\r\n<span data-balloon-length=\"medium\" aria-label=\"Ensino M\u00e9dio Completo e Curso T\u00e9cnico na \u00e1rea\" data-balloon-pos=\"up\">Fiscal do Meio Ambiente<\/span><\/td>\r\n<td class=\"cvagas\">CR<\/td>\r\n<td class=\"cremuneracao\">R$ 3.773,03 \/40h<\/td>\r\n<\/tr>\r\n    <\/tbody>\r\n  <\/table>\r\n<\/div>","_superior":"<div>\r\n<table class=\"quadro\">\r\n<thead>\r\n<tr>\r\n<th class=\"hcargo\">Cargo<\/th>\r\n<th class=\"hvagas\">Vagas<\/th>\r\n<th class=\"hremuneracao\">Remunera\u00e7\u00e3o<\/th>\r\n<\/tr>\r\n<\/thead>\r\n    <tbody>\r\n      <tr>\r\n<td class=\"ccargos\">\r\n<span data-balloon-length=\"medium\" aria-label=\"Gradua\u00e7\u00e3o em Servi\u00e7o Social e Registro no CRESS\" data-balloon-pos=\"up\">Assistente Social<\/span><\/td>\r\n<td class=\"cvagas\">26 + CR<\/td>\r\n<td class=\"cremuneracao\">R$ 5.659,50 \/30h<\/td>\r\n<\/tr><tr>\r\n<td class=\"ccargos\">\r\n<span data-balloon-length=\"medium\" aria-label=\"Gradua\u00e7\u00e3o em Engenharia com P\u00f3s-gradua\u00e7\u00e3o em Eng. de Seguran\u00e7a do Trabalho e Registro no CREA\" data-balloon-pos=\"up\">Engenheiro de Seguran\u00e7a do Trabalho<\/span><\/td>\r\n<td class=\"cvagas\">01 + CR<\/td>\r\n<td class=\"cremuneracao\">R$ 7.546,00 \/40h<\/td>\r\n<\/tr><tr>\r\n<td class=\"ccargos\">\r\n<span data-balloon-length=\"medium\" aria-label=\"Gradua\u00e7\u00e3o em Enfermagem com Especializa\u00e7\u00e3o em Enfermagem do Trabalho e Registro no COREN\" data-balloon-pos=\"up\">Enfermeiro do Trabalho<\/span><\/td>\r\n<td class=\"cvagas\">02 + CR<\/td>\r\n<td class=\"cremuneracao\">R$ 5.659,50 \/40h<\/td>\r\n<\/tr><tr>\r\n<td class=\"ccargos\">\r\n<span data-balloon-length=\"medium\" aria-label=\"Gradua\u00e7\u00e3o em Pedagogia, Educa\u00e7\u00e3o F\u00edsica ou Letras\" data-balloon-pos=\"up\">Educador Social<\/span><\/td>\r\n<td class=\"cvagas\">21 + CR<\/td>\r\n<td class=\"cremuneracao\">R$ 5.659,50 \/40h<\/td>\r\n<\/tr><tr>\r\n<td class=\"ccargos\">\r\n<span data-balloon-length=\"medium\" aria-label=\"Gradua\u00e7\u00e3o em Educa\u00e7\u00e3o F\u00edsica e Registro no CONFEF\/CREF\" data-balloon-pos=\"up\">Educador F\u00edsico<\/span><\/td>\r\n<td class=\"cvagas\">16 + CR<\/td>\r\n<td class=\"cremuneracao\">R$ 2.829,75 \/20h<\/td>\r\n<\/tr><tr>\r\n<td class=\"ccargos\">\r\n<span data-balloon-length=\"medium\" aria-label=\"Gradua\u00e7\u00e3o em Psicologia e Registro no CRP\" data-balloon-pos=\"up\">Psic\u00f3logo<\/span><\/td>\r\n<td class=\"cvagas\">16 + CR<\/td>\r\n<td class=\"cremuneracao\">R$ 5.659,50 \/40h<\/td>\r\n<\/tr><tr>\r\n<td class=\"ccargos\">\r\n<span data-balloon-length=\"medium\" aria-label=\"Gradua\u00e7\u00e3o em Biomedicina e Registro no Conselho\" data-balloon-pos=\"up\">Biom\u00e9dico Plantonista<\/span><\/td>\r\n<td class=\"cvagas\">04 + CR<\/td>\r\n<td class=\"cremuneracao\">R$ 377,30 \/12x36h<\/td>\r\n<\/tr><tr>\r\n<td class=\"ccargos\">\r\n<span data-balloon-length=\"medium\" aria-label=\"Gradua\u00e7\u00e3o em Odontologia e Registro no CRO\" data-balloon-pos=\"up\">Cirurgi\u00e3o Dentista<\/span><\/td>\r\n<td class=\"cvagas\">02 + CR<\/td>\r\n<td class=\"cremuneracao\">R$ 9.432,52 \/40h<\/td>\r\n<\/tr><tr>\r\n<td class=\"ccargos\">\r\n<span data-balloon-length=\"medium\" aria-label=\"Gradua\u00e7\u00e3o em Odontologia com Especialidade em Endodontia\" data-balloon-pos=\"up\">Cirurgi\u00e3o Dentista - Endodontista<\/span><\/td>\r\n<td class=\"cvagas\">01 + CR<\/td>\r\n<td class=\"cremuneracao\">R$ 4.716,26 \/20h<\/td>\r\n<\/tr><tr>\r\n<td class=\"ccargos\">\r\n<span data-balloon-length=\"medium\" aria-label=\"Gradua\u00e7\u00e3o em Odontologia com Especialidade em Odontopediatria\" data-balloon-pos=\"up\">Cirurgi\u00e3o Dentista - Odontopediatra<\/span><\/td>\r\n<td class=\"cvagas\">01 + CR<\/td>\r\n<td class=\"cremuneracao\">R$ 4.716,26 \/20h<\/td>\r\n<\/tr><tr>\r\n<td class=\"ccargos\">\r\n<span data-balloon-length=\"medium\" aria-label=\"Gradua\u00e7\u00e3o em Enfermagem e Registro no COREN\" data-balloon-pos=\"up\">Enfermeiro<\/span><\/td>\r\n<td class=\"cvagas\">23 + CR<\/td>\r\n<td class=\"cremuneracao\">R$ 5.659,50 \/40h<\/td>\r\n<\/tr><tr>\r\n<td class=\"ccargos\">\r\n<span data-balloon-length=\"medium\" aria-label=\"Gradua\u00e7\u00e3o em Enfermagem e Registro no COREN\" data-balloon-pos=\"up\">Enfermeiro Plantonista<\/span><\/td>\r\n<td class=\"cvagas\">01 + CR<\/td>\r\n<td class=\"cremuneracao\">R$ 527,28 \/12x36h<\/td>\r\n<\/tr><tr>\r\n<td class=\"ccargos\">\r\n<span data-balloon-length=\"medium\" aria-label=\"Gradua\u00e7\u00e3o em Farm\u00e1cia e Registro no CRF\" data-balloon-pos=\"up\">Farmac\u00eautico<\/span><\/td>\r\n<td class=\"cvagas\">02 + CR<\/td>\r\n<td class=\"cremuneracao\">R$ 5.659,50 \/40h<\/td>\r\n<\/tr><tr>\r\n<td class=\"ccargos\">\r\n<span data-balloon-length=\"medium\" aria-label=\"Gradua\u00e7\u00e3o em Farm\u00e1cia e Registro no CRF\" data-balloon-pos=\"up\">Farmac\u00eautico Plantonista<\/span><\/td>\r\n<td class=\"cvagas\">02 + CR<\/td>\r\n<td class=\"cremuneracao\">R$ 5.659,50 \/12x36h<\/td>\r\n<\/tr><tr>\r\n<td class=\"ccargos\">\r\n<span data-balloon-length=\"medium\" aria-label=\"Gradua\u00e7\u00e3o em Fisioterapia e Registro no CREFITO\" data-balloon-pos=\"up\">Fisioterapeuta<\/span><\/td>\r\n<td class=\"cvagas\">06 + CR<\/td>\r\n<td class=\"cremuneracao\">R$ 5.659,50 \/30h<\/td>\r\n<\/tr><tr>\r\n<td class=\"ccargos\">\r\n<span data-balloon-length=\"medium\" aria-label=\"Gradua\u00e7\u00e3o em Medicina e Registro no CRM\" data-balloon-pos=\"up\">M\u00e9dico Cl\u00ednico Geral<\/span><\/td>\r\n<td class=\"cvagas\">14 + CR<\/td>\r\n<td class=\"cremuneracao\">R$ 6.602,77 \/20h<\/td>\r\n<\/tr><tr>\r\n<td class=\"ccargos\">\r\n<span data-balloon-length=\"medium\" aria-label=\"Gradua\u00e7\u00e3o em Medicina e Registro no CRM\" data-balloon-pos=\"up\">M\u00e9dico da Fam\u00edlia<\/span><\/td>\r\n<td class=\"cvagas\">02 + CR<\/td>\r\n<td class=\"cremuneracao\">R$ 10.375,76 \/40h<\/td>\r\n<\/tr><tr>\r\n<td class=\"ccargos\">\r\n<span data-balloon-length=\"medium\" aria-label=\"Gradua\u00e7\u00e3o em Medicina com Especialidade na \u00e1rea\" data-balloon-pos=\"up\">M\u00e9dico Anestesiologista<\/span><\/td>\r\n<td class=\"cvagas\">02 + CR<\/td>\r\n<td class=\"cremuneracao\">R$ 4.716,26 \/15h<\/td>\r\n<\/tr><tr>\r\n<td class=\"ccargos\">\r\n<span data-balloon-length=\"medium\" aria-label=\"Gradua\u00e7\u00e3o em Medicina com Registro no CRM\" data-balloon-pos=\"up\">M\u00e9dico Auditor<\/span><\/td>\r\n<td class=\"cvagas\">01 + CR<\/td>\r\n<td class=\"cremuneracao\">R$ 6.602,77 \/20h<\/td>\r\n<\/tr><tr>\r\n<td class=\"ccargos\">\r\n<span data-balloon-length=\"medium\" aria-label=\"Gradua\u00e7\u00e3o em Medicina com Especialidade na \u00e1rea\" data-balloon-pos=\"up\">M\u00e9dico Cardiologista<\/span><\/td>\r\n<td class=\"cvagas\">CR<\/td>\r\n<td class=\"cremuneracao\">R$ 6.602,77 \/20h<\/td>\r\n<\/tr><tr>\r\n<td class=\"ccargos\">\r\n<span data-balloon-length=\"medium\" aria-label=\"Gradua\u00e7\u00e3o em Medicina com Especialidade na \u00e1rea\" data-balloon-pos=\"up\">M\u00e9dico Endocrinologista<\/span><\/td>\r\n<td class=\"cvagas\">02 + CR<\/td>\r\n<td class=\"cremuneracao\">R$ 6.602,77 \/15h<\/td>\r\n<\/tr><tr>\r\n<td class=\"ccargos\">\r\n<span data-balloon-length=\"medium\" aria-label=\"Gradua\u00e7\u00e3o em Medicina com Especialidade na \u00e1rea\" data-balloon-pos=\"up\">M\u00e9dico Endocrinopediatra<\/span><\/td>\r\n<td class=\"cvagas\">01 + CR<\/td>\r\n<td class=\"cremuneracao\">R$ 6.602,77 \/20h<\/td>\r\n<\/tr><tr>\r\n<td class=\"ccargos\">\r\n<span data-balloon-length=\"medium\" aria-label=\"Gradua\u00e7\u00e3o em Medicina com Especialidade na \u00e1rea\" data-balloon-pos=\"up\">M\u00e9dico Geriatra<\/span><\/td>\r\n<td class=\"cvagas\">01<\/td>\r\n<td class=\"cremuneracao\">R$ 6.602,77 \/20h<\/td>\r\n<\/tr><tr>\r\n<td class=\"ccargos\">\r\n<span data-balloon-length=\"medium\" aria-label=\"Gradua\u00e7\u00e3o em Medicina com Especialidade na \u00e1rea\" data-balloon-pos=\"up\">M\u00e9dico Ginecologista<\/span><\/td>\r\n<td class=\"cvagas\">CR<\/td>\r\n<td class=\"cremuneracao\">R$ 6.602,77 \/20h<\/td>\r\n<\/tr><tr>\r\n<td class=\"ccargos\">\r\n<span data-balloon-length=\"medium\" aria-label=\"Gradua\u00e7\u00e3o em Medicina com Registro no CRM\" data-balloon-pos=\"up\">M\u00e9dico Intervencionista<\/span><\/td>\r\n<td class=\"cvagas\">03 + CR<\/td>\r\n<td class=\"cremuneracao\">R$ 1.853,94 \/12x36h<\/td>\r\n<\/tr><tr>\r\n<td class=\"ccargos\">\r\n<span data-balloon-length=\"medium\" aria-label=\"Gradua\u00e7\u00e3o em Medicina com Especialidade na \u00e1rea\" data-balloon-pos=\"up\">M\u00e9dico Neuropediatra<\/span><\/td>\r\n<td class=\"cvagas\">01 + CR<\/td>\r\n<td class=\"cremuneracao\">R$ 6.602,77 \/20h<\/td>\r\n<\/tr><tr>\r\n<td class=\"ccargos\">\r\n<span data-balloon-length=\"medium\" aria-label=\"Gradua\u00e7\u00e3o em Medicina com Especialidade na \u00e1rea\" data-balloon-pos=\"up\">M\u00e9dico Pediatra<\/span><\/td>\r\n<td class=\"cvagas\">CR<\/td>\r\n<td class=\"cremuneracao\">R$ 6.602,77 \/20h<\/td>\r\n<\/tr><tr>\r\n<td class=\"ccargos\">\r\n<span data-balloon-length=\"medium\" aria-label=\"Gradua\u00e7\u00e3o em Medicina com Especialidade na \u00e1rea\" data-balloon-pos=\"up\">M\u00e9dico Pediatra Plantonista<\/span><\/td>\r\n<td class=\"cvagas\">02 + CR<\/td>\r\n<td class=\"cremuneracao\">R$ 1.853,94 \/12x36h<\/td>\r\n<\/tr><tr>\r\n<td class=\"ccargos\">\r\n<span data-balloon-length=\"medium\" aria-label=\"Gradua\u00e7\u00e3o em Medicina com Registro no CRM\" data-balloon-pos=\"up\">M\u00e9dico Plantonista<\/span><\/td>\r\n<td class=\"cvagas\">05 + CR<\/td>\r\n<td class=\"cremuneracao\">R$ 1.853,94 \/12x36h<\/td>\r\n<\/tr><tr>\r\n<td class=\"ccargos\">\r\n<span data-balloon-length=\"medium\" aria-label=\"Gradua\u00e7\u00e3o em Medicina com Especialidade na \u00e1rea\" data-balloon-pos=\"up\">M\u00e9dico Reumatologista<\/span><\/td>\r\n<td class=\"cvagas\">01 + CR<\/td>\r\n<td class=\"cremuneracao\">R$ 4.716,26 \/10h<\/td>\r\n<\/tr><tr>\r\n<td class=\"ccargos\">\r\n<span data-balloon-length=\"medium\" aria-label=\"Gradua\u00e7\u00e3o em Medicina com Especialidade na \u00e1rea\" data-balloon-pos=\"up\">M\u00e9dico Urologista<\/span><\/td>\r\n<td class=\"cvagas\">CR<\/td>\r\n<td class=\"cremuneracao\">R$ 6.602,77 \/20h<\/td>\r\n<\/tr><tr>\r\n<td class=\"ccargos\">\r\n<span data-balloon-length=\"medium\" aria-label=\"Gradua\u00e7\u00e3o em Nutri\u00e7\u00e3o e Registro no CRN\" data-balloon-pos=\"up\">Nutricionista<\/span><\/td>\r\n<td class=\"cvagas\">03 + CR<\/td>\r\n<td class=\"cremuneracao\">R$ 5.659,50 \/40h<\/td>\r\n<\/tr><tr>\r\n<td class=\"ccargos\">\r\n<span data-balloon-length=\"medium\" aria-label=\"Gradua\u00e7\u00e3o em Medicina com Especialidade na \u00e1rea\" data-balloon-pos=\"up\">Psiquiatra<\/span><\/td>\r\n<td class=\"cvagas\">03 + CR<\/td>\r\n<td class=\"cremuneracao\">R$ 6.602,77 \/20h<\/td>\r\n<\/tr><tr>\r\n<td class=\"ccargos\">\r\n<span data-balloon-length=\"medium\" aria-label=\"Gradua\u00e7\u00e3o em Terapia Ocupacional e Registro no Conselho\" data-balloon-pos=\"up\">Terapeuta Ocupacional<\/span><\/td>\r\n<td class=\"cvagas\">01 + CR<\/td>\r\n<td class=\"cremuneracao\">R$ 5.659,50 \/30h<\/td>\r\n<\/tr><tr>\r\n<td class=\"ccargos\">\r\n<span data-balloon-length=\"medium\" aria-label=\"Gradua\u00e7\u00e3o em Geologia e Registro no Conselho\" data-balloon-pos=\"up\">Fiscal Ambiental<\/span><\/td>\r\n<td class=\"cvagas\">CR<\/td>\r\n<td class=\"cremuneracao\">R$ 5.659,50 \/40h<\/td>\r\n<\/tr><tr>\r\n<td class=\"ccargos\">\r\n<span data-balloon-length=\"medium\" aria-label=\"Gradua\u00e7\u00e3o em Arquitetura e Urbanismo e Registro no CAU\" data-balloon-pos=\"up\">Arquiteto<\/span><\/td>\r\n<td class=\"cvagas\">CR<\/td>\r\n<td class=\"cremuneracao\">R$ 7.546,00 \/40h<\/td>\r\n<\/tr><tr>\r\n<td class=\"ccargos\">\r\n<span data-balloon-length=\"medium\" aria-label=\"Gradua\u00e7\u00e3o em Engenharia Civil e Registro no CREA\" data-balloon-pos=\"up\">Engenheiro Civil<\/span><\/td>\r\n<td class=\"cvagas\">CR<\/td>\r\n<td class=\"cremuneracao\">R$ 7.546,00 \/40h<\/td>\r\n<\/tr>\r\n    <\/tbody>\r\n  <\/table>\r\n<\/div>"},"_links":{"self":[{"href":"https:\/\/www.agrobase.com.br\/concursos\/wp-json\/wp\/v2\/posts\/277918","targetHints":{"allow":["GET"]}}],"collection":[{"href":"https:\/\/www.agrobase.com.br\/concursos\/wp-json\/wp\/v2\/posts"}],"about":[{"href":"https:\/\/www.agrobase.com.br\/concursos\/wp-json\/wp\/v2\/types\/post"}],"author":[{"embeddable":true,"href":"https:\/\/www.agrobase.com.br\/concursos\/wp-json\/wp\/v2\/users\/7"}],"replies":[{"embeddable":true,"href":"https:\/\/www.agrobase.com.br\/concursos\/wp-json\/wp\/v2\/comments?post=277918"}],"version-history":[{"count":1,"href":"https:\/\/www.agrobase.com.br\/concursos\/wp-json\/wp\/v2\/posts\/277918\/revisions"}],"predecessor-version":[{"id":277920,"href":"https:\/\/www.agrobase.com.br\/concursos\/wp-json\/wp\/v2\/posts\/277918\/revisions\/277920"}],"wp:featuredmedia":[{"embeddable":true,"href":"https:\/\/www.agrobase.com.br\/concursos\/wp-json\/wp\/v2\/media\/277917"}],"wp:attachment":[{"href":"https:\/\/www.agrobase.com.br\/concursos\/wp-json\/wp\/v2\/media?parent=277918"}],"wp:term":[{"taxonomy":"category","embeddable":true,"href":"https:\/\/www.agrobase.com.br\/concursos\/wp-json\/wp\/v2\/categories?post=277918"},{"taxonomy":"post_tag","embeddable":true,"href":"https:\/\/www.agrobase.com.br\/concursos\/wp-json\/wp\/v2\/tags?post=277918"},{"taxonomy":"_amplo","embeddable":true,"href":"https:\/\/www.agrobase.com.br\/concursos\/wp-json\/wp\/v2\/_amplo?post=277918"},{"taxonomy":"destaque","embeddable":true,"href":"https:\/\/www.agrobase.com.br\/concursos\/wp-json\/wp\/v2\/destaque?post=277918"},{"taxonomy":"instituicoes","embeddable":true,"href":"https:\/\/www.agrobase.com.br\/concursos\/wp-json\/wp\/v2\/instituicoes?post=277918"}],"curies":[{"name":"wp","href":"https:\/\/api.w.org\/{rel}","templated":true}]}}