{"id":277913,"date":"2026-02-12T07:20:50","date_gmt":"2026-02-12T10:20:50","guid":{"rendered":"https:\/\/www.agrobase.com.br\/concursos\/?p=277913"},"modified":"2026-02-11T11:41:56","modified_gmt":"2026-02-11T14:41:56","slug":"prefeitura-jacarei-sp-concurso-03-2026","status":"publish","type":"post","link":"https:\/\/www.agrobase.com.br\/concursos\/2026\/prefeitura-jacarei-sp-concurso-03-2026\/","title":{"rendered":"Prefeitura Jacare\u00ed (SP) &#8211; Concurso 03\/2026"},"content":{"rendered":"<h2>Informa\u00e7\u00f5es Gerais<\/h2>\n<p>A <strong>Prefeitura de Jacare\u00ed<\/strong>, no Estado de S\u00e3o Paulo, publicou o <strong>Edital n\u00ba 3\/2026<\/strong> do Concurso P\u00fablico destinado ao provimento de cargos efetivos sob regime estatut\u00e1rio. O certame oferece <strong>38 vagas imediatas<\/strong>, al\u00e9m de forma\u00e7\u00e3o de cadastro reserva para diversas \u00e1reas da sa\u00fade p\u00fablica municipal.<\/p>\n<p>As oportunidades contemplam profissionais de <strong>n\u00edvel m\u00e9dio\/t\u00e9cnico e superior<\/strong>, com remunera\u00e7\u00f5es que variam de <strong>R$ 2.606,37 a R$ 10.986,31<\/strong>, conforme o cargo e a carga hor\u00e1ria. As jornadas de trabalho v\u00e3o de 12 a 40 horas semanais.<\/p>\n<p>Para candidatos de <strong>n\u00edvel m\u00e9dio e t\u00e9cnico<\/strong>, h\u00e1 vagas para Agente Comunit\u00e1rio de Sa\u00fade, Agente de Combate \u00e0s Endemias, Auxiliar em Sa\u00fade Bucal e Fiscal Sanit\u00e1rio. J\u00e1 para <strong>n\u00edvel superior<\/strong>, o concurso abrange diversas especialidades m\u00e9dicas, odontol\u00f3gicas e \u00e1reas como Farm\u00e1cia, Fisioterapia, Fonoaudiologia, Psicologia e Terapia Ocupacional.<\/p>\n<p>Destaque para a vaga de <strong>Nutricionista<\/strong>, que exige gradua\u00e7\u00e3o em Nutri\u00e7\u00e3o e registro no CRN, com remunera\u00e7\u00e3o de R$ 4.321,03 para jornada de 30 horas semanais.<\/p>\n<p>Continue a leitura para conhecer todos os detalhes sobre inscri\u00e7\u00f5es, etapas de sele\u00e7\u00e3o e como acompanhar os resultados deste concurso.<\/p>\n<h2>Inscri\u00e7\u00f5es<\/h2>\n<p>As inscri\u00e7\u00f5es para o Concurso P\u00fablico n\u00ba 3\/2026 da Prefeitura de Jacare\u00ed estar\u00e3o <strong>abertas de 05 a 26 de fevereiro de 2026, at\u00e9 as 21h<\/strong>, exclusivamente pela internet.<\/p>\n<p>Para se inscrever, o candidato deve acessar o site <strong>www.publiconsult.com.br<\/strong> e seguir os seguintes passos:<\/p>\n<ul>\n<li>Acessar o <em>Painel do Candidato<\/em><\/li>\n<li>Selecionar a op\u00e7\u00e3o &#8220;J\u00e1 sou cadastrado&#8221; ou &#8220;Quero me cadastrar&#8221; (para novos usu\u00e1rios)<\/li>\n<li>Na guia &#8220;Inscri\u00e7\u00f5es Abertas&#8221;, selecionar o Concurso P\u00fablico n\u00ba 3\/2026 da Prefeitura Municipal de Jacare\u00ed<\/li>\n<li>Escolher o cargo desejado e preencher o formul\u00e1rio de inscri\u00e7\u00e3o<\/li>\n<li>Gerar e imprimir o boleto banc\u00e1rio para pagamento da taxa de inscri\u00e7\u00e3o<\/li>\n<\/ul>\n<p>O pagamento do boleto deve ser efetuado dentro do prazo de inscri\u00e7\u00f5es para que a participa\u00e7\u00e3o seja confirmada. Recomenda-se que o candidato acompanhe o status da sua inscri\u00e7\u00e3o atrav\u00e9s da \u00e1rea restrita no site da banca organizadora.<\/p>\n<p>Para informa\u00e7\u00f5es sobre <strong>valores das taxas de inscri\u00e7\u00e3o<\/strong>, possibilidade de <strong>isen\u00e7\u00e3o<\/strong> e demais procedimentos, consulte o edital completo dispon\u00edvel nos sites www.publiconsult.com.br e www.jacarei.sp.gov.br.<\/p>\n<h2>Etapas e Provas<\/h2>\n<p>O Concurso P\u00fablico n\u00ba 3\/2026 da Prefeitura de Jacare\u00ed ser\u00e1 composto pelas seguintes fases de avalia\u00e7\u00e3o:<\/p>\n<ul>\n<li><strong>Prova Objetiva<\/strong> \u2013 de car\u00e1ter <em>eliminat\u00f3rio e classificat\u00f3rio<\/em>, ser\u00e1 aplicada a todos os cargos. A data prevista para realiza\u00e7\u00e3o \u00e9 <strong>29 de mar\u00e7o de 2026 (domingo)<\/strong>, no munic\u00edpio de Jacare\u00ed\/SP.<\/li>\n<li><strong>Prova Dissertativa<\/strong> \u2013 de car\u00e1ter <em>eliminat\u00f3rio e classificat\u00f3rio<\/em>, destinada exclusivamente aos candidatos inscritos para cargos de <strong>n\u00edvel superior<\/strong>. Ser\u00e1 realizada no mesmo dia da prova objetiva.<\/li>\n<li><strong>Prova de T\u00edtulos<\/strong> \u2013 de car\u00e1ter <em>classificat\u00f3rio<\/em>, tamb\u00e9m destinada aos cargos de n\u00edvel superior. A entrega dos documentos ocorrer\u00e1 concomitantemente \u00e0 aplica\u00e7\u00e3o da prova objetiva.<\/li>\n<\/ul>\n<p>Os candidatos de n\u00edvel m\u00e9dio\/t\u00e9cnico participar\u00e3o apenas da prova objetiva, enquanto os de n\u00edvel superior ser\u00e3o avaliados nas tr\u00eas etapas descritas.<\/p>\n<p>Para informa\u00e7\u00f5es detalhadas sobre <strong>conte\u00fado program\u00e1tico<\/strong>, n\u00famero de quest\u00f5es, pontua\u00e7\u00e3o, crit\u00e9rios de aprova\u00e7\u00e3o e dura\u00e7\u00e3o das provas, consulte o edital completo do concurso.<\/p>\n<h2>Resultados e Gabarito<\/h2>\n<p>Os resultados do Concurso P\u00fablico n\u00ba 3\/2026 da Prefeitura de Jacare\u00ed ser\u00e3o divulgados de forma progressiva, conforme o andamento das etapas de avalia\u00e7\u00e3o.<\/p>\n<p>O <strong>Edital de Classifica\u00e7\u00e3o Provis\u00f3ria<\/strong> de cada fase ser\u00e1 publicado nos sites www.publiconsult.com.br e www.jacarei.sp.gov.br, organizado da seguinte forma:<\/p>\n<ul>\n<li>Anexo I \u2013 Classifica\u00e7\u00e3o Provis\u00f3ria Geral<\/li>\n<li>Anexo II \u2013 Classifica\u00e7\u00e3o Provis\u00f3ria dos Candidatos com Defici\u00eancia<\/li>\n<li>Anexo III \u2013 Candidatos N\u00e3o Classificados (com n\u00famero de inscri\u00e7\u00e3o e pontua\u00e7\u00e3o)<\/li>\n<\/ul>\n<p>Ap\u00f3s a an\u00e1lise de eventuais recursos, ser\u00e1 publicado o <strong>Edital de Classifica\u00e7\u00e3o Final<\/strong>, juntamente com a <strong>homologa\u00e7\u00e3o do concurso<\/strong>. Essa publica\u00e7\u00e3o ocorrer\u00e1 nos sites oficiais da banca e da Prefeitura, al\u00e9m do <strong>Boletim Oficial do Munic\u00edpio de Jacare\u00ed<\/strong>, dispon\u00edvel em https:\/\/boletinsoficiais.geosiap.net\/pmjacarei\/public\/publicacoes.<\/p>\n<p>A homologa\u00e7\u00e3o representa o encerramento oficial do certame e autoriza a convoca\u00e7\u00e3o dos aprovados para nomea\u00e7\u00e3o, conforme a necessidade da administra\u00e7\u00e3o municipal.<\/p>\n<p><strong>Aten\u00e7\u00e3o:<\/strong> o acompanhamento de todas as publica\u00e7\u00f5es, convoca\u00e7\u00f5es e prazos \u00e9 de responsabilidade exclusiva do candidato. Recomenda-se consultar regularmente os canais oficiais para n\u00e3o perder nenhuma etapa importante.<\/p>\n","protected":false},"excerpt":{"rendered":"<p>Concurso Pref. Jacare\u00ed (SP) com edital publicado! Vagas p\/ Agente Sa\u00fade e M\u00e9dico (M\u00e9dio\/Sup.). Inscri\u00e7\u00f5es a partir de 05\/02. Sal\u00e1rios at\u00e9 R$10.9k. Confira!<\/p>\n","protected":false},"author":7,"featured_media":277912,"comment_status":"open","ping_status":"open","sticky":false,"template":"","format":"standard","meta":{"_acf_changed":false,"_breakdance_hide_in_design_set":false,"_breakdance_tags":"","footnotes":""},"categories":[17,18,19,21,23,24,26,143,134],"tags":[62],"_amplo":[],"destaque":[],"instituicoes":[],"class_list":["post-277913","post","type-post","status-publish","format-standard","has-post-thumbnail","hentry","category-farmacia","category-fisioterapia","category-fonoaudiologia","category-medicina","category-nutricao","category-odontologia","category-psicologia","category-tecnico-odontologia","category-terapia-ocupacional","tag-sao-paulo"],"acf":{"_tipo_vagas":"vagas","_numero_vagas":"","_quadro_vagas":"","_cargos":"diversos","_cargos_especificos":"","_salario_max":"R$ 10986.31","_abertura":"20260205","_encerramento":"20260226","_inscricoes":"http:\/\/www.publiconsult.com.br","_executora_concurso":"","_instituicao_concurso":[],"_link_adicional":null,"_anexos":null,"_produtos":null,"_vagas":"38 vagas + CR","_salario_min":"R$ 2606.37","_instituicao":"Prefeitura de Jacare\u00ed","_edital":"https:\/\/www.agrobase.com.br\/concursos\/wp-content\/uploads\/sites\/4\/2026\/02\/edital-03-2026-prefeitura-de-jacarei-sp.pdf","_anexos_edital":"https:\/\/www.agrobase.com.br\/concursos\/wp-content\/uploads\/sites\/4\/2026\/02\/anexos-edital-03-2026-prefeitura-de-jacarei-sp.pdf","_fund_incompleto":"","_fund_completo":"","_medio":"<div>\r\n<table class=\"quadro\">\r\n<thead>\r\n<tr>\r\n<th class=\"hcargo\">Cargo<\/th>\r\n<th class=\"hvagas\">Vagas<\/th>\r\n<th class=\"hremuneracao\">Remunera\u00e7\u00e3o<\/th>\r\n<\/tr>\r\n<\/thead>\r\n    <tbody>\r\n      <td class=\"ccargos\">\r\n<span data-balloon-length=\"medium\" aria-label=\"Ensino M\u00e9dio completo, residir na \u00e1rea de atua\u00e7\u00e3o e curso de forma\u00e7\u00e3o inicial\" data-balloon-pos=\"up\">Agente Comunit\u00e1rio de Sa\u00fade<\/span><\/td>\r\n<td class=\"cvagas\">05 + CR<\/td>\r\n<td class=\"cremuneracao\">R$ 3.036,00 \/40h<\/td>\r\n<\/tr><td class=\"ccargos\">\r\n<span data-balloon-length=\"medium\" aria-label=\"Ensino M\u00e9dio completo e curso de forma\u00e7\u00e3o inicial\" data-balloon-pos=\"up\">Agente de Combate \u00e0s Endemias<\/span><\/td>\r\n<td class=\"cvagas\">02 + CR<\/td>\r\n<td class=\"cremuneracao\">R$ 3.036,00 \/40h<\/td>\r\n<\/tr><td class=\"ccargos\">\r\n<span data-balloon-length=\"medium\" aria-label=\"Curso T\u00e9cnico de Auxiliar em Sa\u00fade Bucal e Registro no CRO\" data-balloon-pos=\"up\">Auxiliar em Sa\u00fade Bucal<\/span><\/td>\r\n<td class=\"cvagas\">02 + CR<\/td>\r\n<td class=\"cremuneracao\">R$ 2.606,37 \/40h<\/td>\r\n<\/tr><td class=\"ccargos\">\r\n<span data-balloon-length=\"medium\" aria-label=\"Ensino M\u00e9dio Completo\" data-balloon-pos=\"up\">Fiscal Sanit\u00e1rio<\/span><\/td>\r\n<td class=\"cvagas\">01 + CR<\/td>\r\n<td class=\"cremuneracao\">R$ 2.949,92 \/40h<\/td>\r\n<\/tr>\r\n    <\/tbody>\r\n  <\/table>\r\n<\/div>","_superior":"<div>\r\n<table class=\"quadro\">\r\n<thead>\r\n<tr>\r\n<th class=\"hcargo\">Cargo<\/th>\r\n<th class=\"hvagas\">Vagas<\/th>\r\n<th class=\"hremuneracao\">Remunera\u00e7\u00e3o<\/th>\r\n<\/tr>\r\n<\/thead>\r\n    <tbody>\r\n      <tr>\r\n<td class=\"ccargos\">\r\n<span data-balloon-length=\"medium\" aria-label=\"Ensino Superior em Odontologia, Especializa\u00e7\u00e3o e Registro no CRO\" data-balloon-pos=\"up\">Dentista 20h - Cirurgia e Traumatologia Bucomaxilofacial<\/span><\/td>\r\n<td class=\"cvagas\">01 + CR<\/td>\r\n<td class=\"cremuneracao\">R$ 5.607,09 \/20h<\/td>\r\n<\/tr><tr>\r\n<td class=\"ccargos\">\r\n<span data-balloon-length=\"medium\" aria-label=\"Ensino Superior em Odontologia, Especializa\u00e7\u00e3o e Registro no CRO\" data-balloon-pos=\"up\">Dentista 20h - Endodontia<\/span><\/td>\r\n<td class=\"cvagas\">CR<\/td>\r\n<td class=\"cremuneracao\">R$ 5.607,09 \/20h<\/td>\r\n<\/tr><tr>\r\n<td class=\"ccargos\">\r\n<span data-balloon-length=\"medium\" aria-label=\"Ensino Superior em Odontologia, Especializa\u00e7\u00e3o e Registro no CRO\" data-balloon-pos=\"up\">Dentista 20h - Especialidade em PCD<\/span><\/td>\r\n<td class=\"cvagas\">CR<\/td>\r\n<td class=\"cremuneracao\">R$ 5.607,09 \/20h<\/td>\r\n<\/tr><tr>\r\n<td class=\"ccargos\">\r\n<span data-balloon-length=\"medium\" aria-label=\"Ensino Superior em Odontologia, Especializa\u00e7\u00e3o e Registro no CRO\" data-balloon-pos=\"up\">Dentista 20h - Especialidade em Pr\u00f3tese<\/span><\/td>\r\n<td class=\"cvagas\">01 + CR<\/td>\r\n<td class=\"cremuneracao\">R$ 5.607,09 \/20h<\/td>\r\n<\/tr><tr>\r\n<td class=\"ccargos\">\r\n<span data-balloon-length=\"medium\" aria-label=\"Ensino Superior em Odontologia, Especializa\u00e7\u00e3o e Registro no CRO\" data-balloon-pos=\"up\">Dentista 20h - Odontopediatria<\/span><\/td>\r\n<td class=\"cvagas\">CR<\/td>\r\n<td class=\"cremuneracao\">R$ 5.607,09 \/20h<\/td>\r\n<\/tr><tr>\r\n<td class=\"ccargos\">\r\n<span data-balloon-length=\"medium\" aria-label=\"Ensino Superior em Odontologia, Especializa\u00e7\u00e3o e Registro no CRO\" data-balloon-pos=\"up\">Dentista 20h - Periodontia<\/span><\/td>\r\n<td class=\"cvagas\">CR<\/td>\r\n<td class=\"cremuneracao\">R$ 5.607,09 \/20h<\/td>\r\n<\/tr><tr>\r\n<td class=\"ccargos\">\r\n<span data-balloon-length=\"medium\" aria-label=\"Ensino Superior em Odontologia e Registro no CRO\" data-balloon-pos=\"up\">Dentista 40 horas<\/span><\/td>\r\n<td class=\"cvagas\">01 + CR<\/td>\r\n<td class=\"cremuneracao\">R$ 10.986,30 \/40h<\/td>\r\n<\/tr><tr>\r\n<td class=\"ccargos\">\r\n<span data-balloon-length=\"medium\" aria-label=\"Ensino Superior em Farm\u00e1cia, Registro no CRF e 1 ano de experi\u00eancia em manipula\u00e7\u00e3o\" data-balloon-pos=\"up\">Farmac\u00eautico<\/span><\/td>\r\n<td class=\"cvagas\">CR<\/td>\r\n<td class=\"cremuneracao\">R$ 3.800,52 \/20h<\/td>\r\n<\/tr><tr>\r\n<td class=\"ccargos\">\r\n<span data-balloon-length=\"medium\" aria-label=\"Ensino Superior em Fisioterapia, Registro no CREFITO e 1 ano de experi\u00eancia\" data-balloon-pos=\"up\">Fisioterapeuta<\/span><\/td>\r\n<td class=\"cvagas\">CR<\/td>\r\n<td class=\"cremuneracao\">R$ 4.321,03 \/30h<\/td>\r\n<\/tr><tr>\r\n<td class=\"ccargos\">\r\n<span data-balloon-length=\"medium\" aria-label=\"Ensino Superior em Fonoaudiologia, Registro no CRFA e 2 anos de experi\u00eancia\" data-balloon-pos=\"up\">Fonoaudi\u00f3logo<\/span><\/td>\r\n<td class=\"cvagas\">01 + CR<\/td>\r\n<td class=\"cremuneracao\">R$ 4.321,03 \/30h<\/td>\r\n<\/tr><tr>\r\n<td class=\"ccargos\">\r\n<span data-balloon-length=\"medium\" aria-label=\"Ensino Superior em Medicina e Registro no CRM\" data-balloon-pos=\"up\">M\u00e9dico 20 horas - Auditor<\/span><\/td>\r\n<td class=\"cvagas\">01 + CR<\/td>\r\n<td class=\"cremuneracao\">R$ 4.919,90 \/20h<\/td>\r\n<\/tr><tr>\r\n<td class=\"ccargos\">\r\n<span data-balloon-length=\"medium\" aria-label=\"Ensino Superior em Medicina e Registro no CRM\" data-balloon-pos=\"up\">M\u00e9dico 12 horas - Autorizador<\/span><\/td>\r\n<td class=\"cvagas\">01 + CR<\/td>\r\n<td class=\"cremuneracao\">R$ 2.949,92 \/12h<\/td>\r\n<\/tr><tr>\r\n<td class=\"ccargos\">\r\n<span data-balloon-length=\"medium\" aria-label=\"Ensino Superior em Medicina e Registro no CRM\" data-balloon-pos=\"up\">M\u00e9dico 20 horas - Cl\u00ednico Geral<\/span><\/td>\r\n<td class=\"cvagas\">01 + CR<\/td>\r\n<td class=\"cremuneracao\">R$ 4.919,90 \/20h<\/td>\r\n<\/tr><tr>\r\n<td class=\"ccargos\">\r\n<span data-balloon-length=\"medium\" aria-label=\"Ensino Superior em Medicina, Especializa\u00e7\u00e3o e Registro no CRM\" data-balloon-pos=\"up\">M\u00e9dico 20 horas - Dermatologista<\/span><\/td>\r\n<td class=\"cvagas\">01 + CR<\/td>\r\n<td class=\"cremuneracao\">R$ 4.919,90 \/20h<\/td>\r\n<\/tr><tr>\r\n<td class=\"ccargos\">\r\n<span data-balloon-length=\"medium\" aria-label=\"Ensino Superior em Medicina, Especializa\u00e7\u00e3o e Registro no CRM\" data-balloon-pos=\"up\">M\u00e9dico 20 horas - Endocrinologista<\/span><\/td>\r\n<td class=\"cvagas\">01 + CR<\/td>\r\n<td class=\"cremuneracao\">R$ 4.919,90 \/20h<\/td>\r\n<\/tr><tr>\r\n<td class=\"ccargos\">\r\n<span data-balloon-length=\"medium\" aria-label=\"Ensino Superior em Medicina, Especializa\u00e7\u00e3o e Registro no CRM\" data-balloon-pos=\"up\">M\u00e9dico 20 horas - Fisiatria<\/span><\/td>\r\n<td class=\"cvagas\">01 + CR<\/td>\r\n<td class=\"cremuneracao\">R$ 4.919,90 \/20h<\/td>\r\n<\/tr><tr>\r\n<td class=\"ccargos\">\r\n<span data-balloon-length=\"medium\" aria-label=\"Ensino Superior em Medicina, Especializa\u00e7\u00e3o e Registro no CRM\" data-balloon-pos=\"up\">M\u00e9dico 20 horas - Ginecologista<\/span><\/td>\r\n<td class=\"cvagas\">01 + CR<\/td>\r\n<td class=\"cremuneracao\">R$ 4.919,90 \/20h<\/td>\r\n<\/tr><tr>\r\n<td class=\"ccargos\">\r\n<span data-balloon-length=\"medium\" aria-label=\"Ensino Superior em Medicina, Especializa\u00e7\u00e3o e Registro no CRM\" data-balloon-pos=\"up\">M\u00e9dico 20 horas - Infectologista<\/span><\/td>\r\n<td class=\"cvagas\">01 + CR<\/td>\r\n<td class=\"cremuneracao\">R$ 4.919,90 \/20h<\/td>\r\n<\/tr><tr>\r\n<td class=\"ccargos\">\r\n<span data-balloon-length=\"medium\" aria-label=\"Ensino Superior em Medicina, Especializa\u00e7\u00e3o e Registro no CRM\" data-balloon-pos=\"up\">M\u00e9dico 20 horas - Pediatria<\/span><\/td>\r\n<td class=\"cvagas\">01 + CR<\/td>\r\n<td class=\"cremuneracao\">R$ 4.919,90 \/20h<\/td>\r\n<\/tr><tr>\r\n<td class=\"ccargos\">\r\n<span data-balloon-length=\"medium\" aria-label=\"Ensino Superior em Medicina, Especializa\u00e7\u00e3o e Registro no CRM\" data-balloon-pos=\"up\">M\u00e9dico 20 horas - Psiquiatria Adulto<\/span><\/td>\r\n<td class=\"cvagas\">01 + CR<\/td>\r\n<td class=\"cremuneracao\">R$ 4.919,90 \/20h<\/td>\r\n<\/tr><tr>\r\n<td class=\"ccargos\">\r\n<span data-balloon-length=\"medium\" aria-label=\"Ensino Superior em Medicina, Especializa\u00e7\u00e3o e Registro no CRM\" data-balloon-pos=\"up\">M\u00e9dico 20 horas - Psiquiatria Infantil<\/span><\/td>\r\n<td class=\"cvagas\">01 + CR<\/td>\r\n<td class=\"cremuneracao\">R$ 4.919,90 \/20h<\/td>\r\n<\/tr><tr>\r\n<td class=\"ccargos\">\r\n<span data-balloon-length=\"medium\" aria-label=\"Ensino Superior em Medicina, Especializa\u00e7\u00e3o e Registro no CRM\" data-balloon-pos=\"up\">M\u00e9dico 20 horas - Regulador<\/span><\/td>\r\n<td class=\"cvagas\">01 + CR<\/td>\r\n<td class=\"cremuneracao\">R$ 4.919,90 \/20h<\/td>\r\n<\/tr><tr>\r\n<td class=\"ccargos\">\r\n<span data-balloon-length=\"medium\" aria-label=\"Ensino Superior em Medicina e Registro no CRM\" data-balloon-pos=\"up\">M\u00e9dico 12 horas - Plantonista<\/span><\/td>\r\n<td class=\"cvagas\">01 + CR<\/td>\r\n<td class=\"cremuneracao\">R$ 2.949,92 \/12h<\/td>\r\n<\/tr><tr>\r\n<td class=\"ccargos\">\r\n<span data-balloon-length=\"medium\" aria-label=\"Ensino Superior em Medicina e Registro no CRM\" data-balloon-pos=\"up\">M\u00e9dico Generalista - 40 horas<\/span><\/td>\r\n<td class=\"cvagas\">01 + CR<\/td>\r\n<td class=\"cremuneracao\">R$ 10.986,31 \/40h<\/td>\r\n<\/tr><tr>\r\n<td class=\"ccargos\">\r\n<span data-balloon-length=\"medium\" aria-label=\"Ensino Superior em Nutri\u00e7\u00e3o e Registro no CRN\" data-balloon-pos=\"up\">Nutricionista<\/span><\/td>\r\n<td class=\"cvagas\">01 + CR<\/td>\r\n<td class=\"cremuneracao\">R$ 4.321,03 \/30h<\/td>\r\n<\/tr><tr>\r\n<td class=\"ccargos\">\r\n<span data-balloon-length=\"medium\" aria-label=\"Ensino Superior em Psicologia e Registro no CRP\" data-balloon-pos=\"up\">Psic\u00f3logo<\/span><\/td>\r\n<td class=\"cvagas\">03 + CR<\/td>\r\n<td class=\"cremuneracao\">R$ 4.321,03 \/30h<\/td>\r\n<\/tr><tr>\r\n<td class=\"ccargos\">\r\n<span data-balloon-length=\"medium\" aria-label=\"Ensino Superior em Terapia Ocupacional, Registro no CREFITO e 2 anos de experi\u00eancia\" data-balloon-pos=\"up\">Terapeuta Ocupacional<\/span><\/td>\r\n<td class=\"cvagas\">03 + CR<\/td>\r\n<td class=\"cremuneracao\">R$ 4.321,03 \/30h<\/td>\r\n<\/tr>\r\n    <\/tbody>\r\n  <\/table>\r\n<\/div>"},"_links":{"self":[{"href":"https:\/\/www.agrobase.com.br\/concursos\/wp-json\/wp\/v2\/posts\/277913","targetHints":{"allow":["GET"]}}],"collection":[{"href":"https:\/\/www.agrobase.com.br\/concursos\/wp-json\/wp\/v2\/posts"}],"about":[{"href":"https:\/\/www.agrobase.com.br\/concursos\/wp-json\/wp\/v2\/types\/post"}],"author":[{"embeddable":true,"href":"https:\/\/www.agrobase.com.br\/concursos\/wp-json\/wp\/v2\/users\/7"}],"replies":[{"embeddable":true,"href":"https:\/\/www.agrobase.com.br\/concursos\/wp-json\/wp\/v2\/comments?post=277913"}],"version-history":[{"count":1,"href":"https:\/\/www.agrobase.com.br\/concursos\/wp-json\/wp\/v2\/posts\/277913\/revisions"}],"predecessor-version":[{"id":277915,"href":"https:\/\/www.agrobase.com.br\/concursos\/wp-json\/wp\/v2\/posts\/277913\/revisions\/277915"}],"wp:featuredmedia":[{"embeddable":true,"href":"https:\/\/www.agrobase.com.br\/concursos\/wp-json\/wp\/v2\/media\/277912"}],"wp:attachment":[{"href":"https:\/\/www.agrobase.com.br\/concursos\/wp-json\/wp\/v2\/media?parent=277913"}],"wp:term":[{"taxonomy":"category","embeddable":true,"href":"https:\/\/www.agrobase.com.br\/concursos\/wp-json\/wp\/v2\/categories?post=277913"},{"taxonomy":"post_tag","embeddable":true,"href":"https:\/\/www.agrobase.com.br\/concursos\/wp-json\/wp\/v2\/tags?post=277913"},{"taxonomy":"_amplo","embeddable":true,"href":"https:\/\/www.agrobase.com.br\/concursos\/wp-json\/wp\/v2\/_amplo?post=277913"},{"taxonomy":"destaque","embeddable":true,"href":"https:\/\/www.agrobase.com.br\/concursos\/wp-json\/wp\/v2\/destaque?post=277913"},{"taxonomy":"instituicoes","embeddable":true,"href":"https:\/\/www.agrobase.com.br\/concursos\/wp-json\/wp\/v2\/instituicoes?post=277913"}],"curies":[{"name":"wp","href":"https:\/\/api.w.org\/{rel}","templated":true}]}}