{"id":277885,"date":"2026-02-11T07:50:32","date_gmt":"2026-02-11T10:50:32","guid":{"rendered":"https:\/\/www.agrobase.com.br\/concursos\/?p=277885"},"modified":"2026-02-10T12:49:24","modified_gmt":"2026-02-10T15:49:24","slug":"prefeitura-agrolandia-sc-concurso-01-2026","status":"publish","type":"post","link":"https:\/\/www.agrobase.com.br\/concursos\/2026\/prefeitura-agrolandia-sc-concurso-01-2026\/","title":{"rendered":"Prefeitura Agrol\u00e2ndia (SC) &#8211; Concurso 01\/2026"},"content":{"rendered":"<h2>Informa\u00e7\u00f5es Gerais<\/h2>\n<p>A <strong>Prefeitura Municipal de Agrol\u00e2ndia<\/strong>, em Santa Catarina, publicou o <strong>Edital n\u00ba 001\/2026<\/strong> para a realiza\u00e7\u00e3o de Concurso P\u00fablico destinado ao preenchimento de vagas efetivas e forma\u00e7\u00e3o de cadastro de reserva na Administra\u00e7\u00e3o Direta do munic\u00edpio.<\/p>\n<p>O certame oferece <strong>22 vagas imediatas<\/strong>, al\u00e9m de cadastro de reserva para diversos cargos, com remunera\u00e7\u00f5es que variam de <strong>R$ 1.735,16 a R$ 20.433,29<\/strong>. O regime de contrata\u00e7\u00e3o \u00e9 estatut\u00e1rio, conforme a Lei Complementar n\u00ba 002\/1990.<\/p>\n<p>As oportunidades contemplam todos os n\u00edveis de escolaridade: <strong>Fundamental Incompleto e Completo<\/strong>, <strong>M\u00e9dio\/T\u00e9cnico<\/strong> e <strong>Superior<\/strong>. Entre as \u00e1reas com vagas dispon\u00edveis, destacam-se cargos na sa\u00fade (Enfermeiro, M\u00e9dico da Fam\u00edlia, Fisioterapeuta, Fonoaudi\u00f3logo, T\u00e9cnico em Enfermagem), assist\u00eancia social, educa\u00e7\u00e3o (Professores e Monitor Escolar), al\u00e9m de fun\u00e7\u00f5es operacionais como Motoristas, Operador de M\u00e1quinas e Agente de Servi\u00e7os Gerais.<\/p>\n<p>Para os profissionais da \u00e1rea de alimenta\u00e7\u00e3o e sa\u00fade, o concurso oferece vaga para <strong>Nutricionista<\/strong>, com remunera\u00e7\u00e3o de R$ 4.700,65 e carga hor\u00e1ria de 40 horas semanais.<\/p>\n<p>Continue a leitura para conhecer todos os detalhes sobre inscri\u00e7\u00f5es, etapas do processo seletivo e como acompanhar os resultados.<\/p>\n<h2>Inscri\u00e7\u00f5es<\/h2>\n<p>As inscri\u00e7\u00f5es para o Concurso P\u00fablico da Prefeitura de Agrol\u00e2ndia estar\u00e3o <strong>abertas<\/strong> no per\u00edodo de <strong>12h do dia 12 de fevereiro de 2026<\/strong> at\u00e9 <strong>23h59min do dia 15 de mar\u00e7o de 2026<\/strong>.<\/p>\n<p>As inscri\u00e7\u00f5es ser\u00e3o realizadas <strong>exclusivamente pela internet<\/strong>, por meio do endere\u00e7o eletr\u00f4nico <strong>concursos.unidavi.edu.br<\/strong>. Para efetuar a inscri\u00e7\u00e3o, o candidato dever\u00e1:<\/p>\n<ul>\n<li>Acessar o site e selecionar este certame;<\/li>\n<li>Informar o CPF e criar senha de acesso exclusiva (ou fazer login, caso j\u00e1 possua cadastro);<\/li>\n<li>Preencher ou atualizar as informa\u00e7\u00f5es pessoais no formul\u00e1rio eletr\u00f4nico;<\/li>\n<li>Selecionar o cargo pretendido;<\/li>\n<li>Anexar os documentos exigidos, quando aplic\u00e1vel;<\/li>\n<li>Conferir os dados e finalizar a inscri\u00e7\u00e3o;<\/li>\n<li>Efetuar o pagamento da taxa via boleto banc\u00e1rio ou PIX gerado pelo sistema.<\/li>\n<\/ul>\n<p>O candidato tamb\u00e9m poder\u00e1 solicitar <strong>isen\u00e7\u00e3o da taxa de inscri\u00e7\u00e3o<\/strong>, observando os prazos e condi\u00e7\u00f5es estabelecidos no edital.<\/p>\n<p><strong>Importante:<\/strong> Antes de realizar a inscri\u00e7\u00e3o, certifique-se de que atende a todos os requisitos exigidos para o cargo escolhido. Recomenda-se a leitura integral do edital para conhecer todas as regras, valores das taxas por cargo e procedimentos detalhados.<\/p>\n<p>O valor da taxa de inscri\u00e7\u00e3o por cargo, fica firmado em:<\/p>\n<p>N\u00edvel Fundamental: <strong>R$ 60,00 (sessenta reais)<\/strong>;<br \/>\nN\u00edvel M\u00e9dio\/T\u00e9cnico: <strong>R$ 80,00 (oitenta reais)<\/strong>;<br \/>\nN\u00edvel Superior: <strong>R$ 120,00 (cento e vinte reais)<\/strong>.<\/p>\n<h2>Etapas e Provas<\/h2>\n<p>O Concurso P\u00fablico da Prefeitura de Agrol\u00e2ndia ser\u00e1 composto pelas seguintes etapas:<\/p>\n<ul>\n<li><strong>Prova Objetiva<\/strong> \u2013 Car\u00e1ter <em>eliminat\u00f3rio e classificat\u00f3rio<\/em>, aplic\u00e1vel a todos os cargos. Ser\u00e1 realizada no dia <strong>12 de abril de 2026<\/strong>.<\/li>\n<li><strong>Prova de T\u00edtulos<\/strong> \u2013 Car\u00e1ter <em>facultativo e classificat\u00f3rio<\/em>, destinada exclusivamente aos cargos de n\u00edvel superior: Analista de Inform\u00e1tica, Assistente Social, Assistente Social Educacional, Enfermeiro, Fisioterapeuta, Fonoaudi\u00f3logo, M\u00e9dico da Fam\u00edlia, Nutricionista, Professor de Apoio \u2013 Habilitado em Libras, Professor de Ensino Fundamental \u2013 Artes (anos iniciais), Professor de Ensino Fundamental \u2013 L\u00edngua Portuguesa (anos iniciais), Professor de Educa\u00e7\u00e3o Infantil, Psic\u00f3logo, Terapeuta Ocupacional e Tesoureiro I. O envio dos t\u00edtulos dever\u00e1 ser feito pela <strong>\u00c1rea do Candidato<\/strong> no site concursos.unidavi.edu.br, no per\u00edodo de <strong>8h do dia 02 de abril de 2026<\/strong> at\u00e9 <strong>23h59min do dia 07 de abril de 2026<\/strong>.<\/li>\n<li><strong>Prova Pr\u00e1tica<\/strong> \u2013 Car\u00e1ter <em>eliminat\u00f3rio e classificat\u00f3rio<\/em>, aplic\u00e1vel aos cargos de Agente de Servi\u00e7os Gerais, Coveiro, Motorista de Servi\u00e7os, Motorista de Ve\u00edculos Leves, Motorista III, Motorista IV, Oper\u00e1rio Bra\u00e7al e Operador de M\u00e1quina e Equipamentos. Ser\u00e1 realizada no dia <strong>17 de maio de 2026<\/strong>.<\/li>\n<\/ul>\n<p>Para informa\u00e7\u00f5es detalhadas sobre conte\u00fado program\u00e1tico, crit\u00e9rios de pontua\u00e7\u00e3o, notas m\u00ednimas para aprova\u00e7\u00e3o e dura\u00e7\u00e3o das provas, consulte o edital completo.<\/p>\n<h2>Resultados e Gabarito<\/h2>\n<p>O <strong>resultado preliminar<\/strong> do Concurso P\u00fablico ser\u00e1 divulgado no dia <strong>28 de maio de 2026<\/strong>, no endere\u00e7o eletr\u00f4nico <strong>concursos.unidavi.edu.br<\/strong>. Os candidatos poder\u00e3o interpor recursos conforme os procedimentos e prazos estabelecidos no edital.<\/p>\n<p>O <strong>resultado final<\/strong> ser\u00e1 publicado no dia <strong>09 de junho de 2026<\/strong>, apresentando a classifica\u00e7\u00e3o em ordem decrescente de nota, com n\u00famero de inscri\u00e7\u00e3o, nome do candidato, data de nascimento, classifica\u00e7\u00e3o e cargo.<\/p>\n<p>A <strong>homologa\u00e7\u00e3o<\/strong> do Concurso P\u00fablico ser\u00e1 publicada no <strong>Di\u00e1rio Oficial do Munic\u00edpio<\/strong> a partir do dia <strong>12 de junho de 2026<\/strong>, sob responsabilidade do Poder Executivo Municipal. A homologa\u00e7\u00e3o representa o ato oficial que valida todo o processo seletivo e autoriza a convoca\u00e7\u00e3o dos aprovados.<\/p>\n<p>Para acompanhar todas as publica\u00e7\u00f5es, gabaritos, resultados por etapa e eventuais retifica\u00e7\u00f5es, acesse regularmente o site da banca organizadora (concursos.unidavi.edu.br) e o Di\u00e1rio Oficial do Munic\u00edpio de Agrol\u00e2ndia.<\/p>\n<p><strong>Aten\u00e7\u00e3o:<\/strong> O acompanhamento das publica\u00e7\u00f5es oficiais \u00e9 de responsabilidade exclusiva do candidato. Mantenha seus dados cadastrais atualizados e consulte periodicamente os canais oficiais para n\u00e3o perder nenhum prazo importante.<\/p>\n","protected":false},"excerpt":{"rendered":"<p>Concurso Pref. Agrol\u00e2ndia (SC) com edital publicado! Vagas p\/ M\u00e9dico, Enfermeiro (Fund. a Sup.). Inscri\u00e7\u00f5es a partir de 12\/02. Sal\u00e1rios at\u00e9 R$20,4k. Confira!<\/p>\n","protected":false},"author":7,"featured_media":277884,"comment_status":"open","ping_status":"open","sticky":false,"template":"","format":"standard","meta":{"_acf_changed":false,"_breakdance_hide_in_design_set":false,"_breakdance_tags":"","footnotes":""},"categories":[3,9,117,141,12,18,19,20,21,23,25,26,101,108,134],"tags":[61],"_amplo":[],"destaque":[],"instituicoes":[],"class_list":["post-277885","post","type-post","status-publish","format-standard","has-post-thumbnail","hentry","category-administracao","category-ciencias-contabeis","category-economia","category-educacao-artistica","category-enfermagem","category-fisioterapia","category-fonoaudiologia","category-letras","category-medicina","category-nutricao","category-pedagogia","category-psicologia","category-servico-social","category-tecnico-enfermagem","category-terapia-ocupacional","tag-santa-catarina"],"acf":{"_tipo_vagas":"vagas","_numero_vagas":"","_quadro_vagas":"","_cargos":"diversos","_cargos_especificos":"","_salario_max":"R$ 20433.29","_abertura":"20260212","_encerramento":"20260315","_inscricoes":"https:\/\/concursos.unidavi.edu.br","_executora_concurso":"","_instituicao_concurso":[],"_link_adicional":null,"_anexos":null,"_produtos":null,"_vagas":"22 vagas + CR","_salario_min":"R$ 1735.16","_instituicao":"Prefeitura de Agrol\u00e2ndia","_edital":"https:\/\/www.agrobase.com.br\/concursos\/wp-content\/uploads\/sites\/4\/2026\/02\/edital-01-2026-prefeitura-de-agrolandia-sc.pdf","_anexos_edital":"https:\/\/www.agrobase.com.br\/concursos\/wp-content\/uploads\/sites\/4\/2026\/02\/anexos-edital-01-2026-prefeitura-de-agrolandia-sc.pdf","_fund_incompleto":"<div>\r\n<table class=\"quadro\">\r\n<thead>\r\n<tr>\r\n<th class=\"hcargo\">Cargo<\/th>\r\n<th class=\"hvagas\">Vagas<\/th>\r\n<th class=\"hremuneracao\">Remunera\u00e7\u00e3o<\/th>\r\n<\/tr>\r\n<\/thead>\r\n    <tbody>\r\n      <td class=\"ccargos\">\r\n<span data-balloon-length=\"medium\" aria-label=\"Alfabetizado\" data-balloon-pos=\"up\">Agente de Servi\u00e7os Gerais<\/span><\/td>\r\n<td class=\"cvagas\">05 + CR<\/td>\r\n<td class=\"cremuneracao\">R$ 1.846,24 \/40h<\/td>\r\n<\/tr><td class=\"ccargos\">\r\n<span data-balloon-length=\"medium\" aria-label=\"Alfabetizado e Carteira Nacional de Habilita\u00e7\u00e3o (CNH) na categoria C\" data-balloon-pos=\"up\">Motorista de Servi\u00e7os<\/span><\/td>\r\n<td class=\"cvagas\">01 + CR<\/td>\r\n<td class=\"cremuneracao\">R$ 3.278,37 \/40h<\/td>\r\n<\/tr><td class=\"ccargos\">\r\n<span data-balloon-length=\"medium\" aria-label=\"Alfabetizado e Carteira Nacional de Habilita\u00e7\u00e3o (CNH) na categoria B\" data-balloon-pos=\"up\">Motorista de Ve\u00edculos Leves<\/span><\/td>\r\n<td class=\"cvagas\">CR<\/td>\r\n<td class=\"cremuneracao\">R$ 2.329,87 \/40h<\/td>\r\n<\/tr><td class=\"ccargos\">\r\n<span data-balloon-length=\"medium\" aria-label=\"Alfabetizado, CNH categoria D e Curso Transporte Escolar (CETE)\" data-balloon-pos=\"up\">Motorista III<\/span><\/td>\r\n<td class=\"cvagas\">CR<\/td>\r\n<td class=\"cremuneracao\">R$ 3.278,37 \/40h<\/td>\r\n<\/tr><td class=\"ccargos\">\r\n<span data-balloon-length=\"medium\" aria-label=\"Alfabetizado, CNH categoria D, curso de Ve\u00edculo de Emerg\u00eancia e curso de Transporte Coletivo de Passageiros\" data-balloon-pos=\"up\">Motorista IV<\/span><\/td>\r\n<td class=\"cvagas\">CR<\/td>\r\n<td class=\"cremuneracao\">R$ 2.831,98 \/40h<\/td>\r\n<\/tr><td class=\"ccargos\">\r\n<span data-balloon-length=\"medium\" aria-label=\"Alfabetizado\" data-balloon-pos=\"up\">Oper\u00e1rio Bra\u00e7al<\/span><\/td>\r\n<td class=\"cvagas\">03 + CR<\/td>\r\n<td class=\"cremuneracao\">R$ 1.846,24 \/40h<\/td>\r\n<\/tr><td class=\"ccargos\">\r\n<span data-balloon-length=\"medium\" aria-label=\"Alfabetizado, CNH categoria D e Curso de Operador de M\u00e1quinas e Equipamentos ou similar\" data-balloon-pos=\"up\">Operador de M\u00e1quina e Equipamentos<\/span><\/td>\r\n<td class=\"cvagas\">01 + CR<\/td>\r\n<td class=\"cremuneracao\">R$ 2.831,98 \/40h<\/td>\r\n<\/tr>\r\n    <\/tbody>\r\n  <\/table>\r\n<\/div>","_fund_completo":"<div>\r\n<table class=\"quadro\">\r\n<thead>\r\n<tr>\r\n<th class=\"hcargo\">Cargo<\/th>\r\n<th class=\"hvagas\">Vagas<\/th>\r\n<th class=\"hremuneracao\">Remunera\u00e7\u00e3o<\/th>\r\n<\/tr>\r\n<\/thead>\r\n    <tbody>\r\n      <td class=\"ccargos\">\r\n<span data-balloon-length=\"medium\" aria-label=\"Ensino Fundamental Completo\" data-balloon-pos=\"up\">Coveiro<\/span><\/td>\r\n<td class=\"cvagas\">01 + CR<\/td>\r\n<td class=\"cremuneracao\">R$ 2.535,39 \/40h<\/td>\r\n<\/tr>\r\n    <\/tbody>\r\n  <\/table>\r\n<\/div>","_medio":"<div>\r\n<table class=\"quadro\">\r\n<thead>\r\n<tr>\r\n<th class=\"hcargo\">Cargo<\/th>\r\n<th class=\"hvagas\">Vagas<\/th>\r\n<th class=\"hremuneracao\">Remunera\u00e7\u00e3o<\/th>\r\n<\/tr>\r\n<\/thead>\r\n    <tbody>\r\n      <td class=\"ccargos\">\r\n<span data-balloon-length=\"medium\" aria-label=\"Ensino M\u00e9dio Completo, Curso de forma\u00e7\u00e3o inicial e residir na \u00e1rea da comunidade de atua\u00e7\u00e3o\" data-balloon-pos=\"up\">Agente Comunit\u00e1rio de Sa\u00fade<\/span><\/td>\r\n<td class=\"cvagas\">03 + CR<\/td>\r\n<td class=\"cremuneracao\">R$ 3.242,00 \/40h<\/td>\r\n<\/tr><td class=\"ccargos\">\r\n<span data-balloon-length=\"medium\" aria-label=\"Ensino M\u00e9dio Completo e CNH categoria B\" data-balloon-pos=\"up\">Fiscal Sanit\u00e1rio II<\/span><\/td>\r\n<td class=\"cvagas\">CR<\/td>\r\n<td class=\"cremuneracao\">R$ 3.866,80 \/35h<\/td>\r\n<\/tr><td class=\"ccargos\">\r\n<span data-balloon-length=\"medium\" aria-label=\"Ensino M\u00e9dio Completo\" data-balloon-pos=\"up\">Monitor Escolar<\/span><\/td>\r\n<td class=\"cvagas\">01 + CR<\/td>\r\n<td class=\"cremuneracao\">R$ 1.735,16 \/30h<\/td>\r\n<\/tr><td class=\"ccargos\">\r\n<span data-balloon-length=\"medium\" aria-label=\"Curso T\u00e9cnico em Enfermagem com registro no COREN\" data-balloon-pos=\"up\">T\u00e9cnico em Enfermagem<\/span><\/td>\r\n<td class=\"cvagas\">CR<\/td>\r\n<td class=\"cremuneracao\">R$ 4.045,35 \/40h<\/td>\r\n<\/tr>\r\n    <\/tbody>\r\n  <\/table>\r\n<\/div>","_superior":"<div>\r\n<table class=\"quadro\">\r\n<thead>\r\n<tr>\r\n<th class=\"hcargo\">Cargo<\/th>\r\n<th class=\"hvagas\">Vagas<\/th>\r\n<th class=\"hremuneracao\">Remunera\u00e7\u00e3o<\/th>\r\n<\/tr>\r\n<\/thead>\r\n    <tbody>\r\n      <tr>\r\n<td class=\"ccargos\">\r\n<span data-balloon-length=\"medium\" aria-label=\"Superior Completo em An\u00e1lise e Desenvolvimento de Sistemas, Inform\u00e1tica, Sistemas de Informa\u00e7\u00e3o, Engenharia de Software ou Ci\u00eancias da Computa\u00e7\u00e3o\" data-balloon-pos=\"up\">Analista de Inform\u00e1tica<\/span><\/td>\r\n<td class=\"cvagas\">CR<\/td>\r\n<td class=\"cremuneracao\">R$ 4.700,65 \/40h<\/td>\r\n<\/tr><tr>\r\n<td class=\"ccargos\">\r\n<span data-balloon-length=\"medium\" aria-label=\"Superior Completo em Servi\u00e7o Social com registro no CRESS\" data-balloon-pos=\"up\">Assistente Social<\/span><\/td>\r\n<td class=\"cvagas\">02 + CR<\/td>\r\n<td class=\"cremuneracao\">R$ 4.700,65 \/30h<\/td>\r\n<\/tr><tr>\r\n<td class=\"ccargos\">\r\n<span data-balloon-length=\"medium\" aria-label=\"Superior Completo em Servi\u00e7o Social com registro no CRESS\" data-balloon-pos=\"up\">Assistente Social Educacional<\/span><\/td>\r\n<td class=\"cvagas\">01 + CR<\/td>\r\n<td class=\"cremuneracao\">R$ 4.700,65 \/30h<\/td>\r\n<\/tr><tr>\r\n<td class=\"ccargos\">\r\n<span data-balloon-length=\"medium\" aria-label=\"Superior Completo em Enfermagem com registro no COREN\" data-balloon-pos=\"up\">Enfermeiro<\/span><\/td>\r\n<td class=\"cvagas\">01 + CR<\/td>\r\n<td class=\"cremuneracao\">R$ 6.085,60 \/40h<\/td>\r\n<\/tr><tr>\r\n<td class=\"ccargos\">\r\n<span data-balloon-length=\"medium\" aria-label=\"Superior Completo em Fisioterapia com registro no CREFITO\" data-balloon-pos=\"up\">Fisioterapeuta<\/span><\/td>\r\n<td class=\"cvagas\">01 + CR<\/td>\r\n<td class=\"cremuneracao\">R$ 4.700,65 \/30h<\/td>\r\n<\/tr><tr>\r\n<td class=\"ccargos\">\r\n<span data-balloon-length=\"medium\" aria-label=\"Superior Completo em Fonoaudiologia com registro no CREFONO\" data-balloon-pos=\"up\">Fonoaudi\u00f3logo<\/span><\/td>\r\n<td class=\"cvagas\">01 + CR<\/td>\r\n<td class=\"cremuneracao\">R$ 4.700,65 \/40h<\/td>\r\n<\/tr><tr>\r\n<td class=\"ccargos\">\r\n<span data-balloon-length=\"medium\" aria-label=\"Superior Completo em Medicina com registro no CRM\" data-balloon-pos=\"up\">M\u00e9dico da Fam\u00edlia<\/span><\/td>\r\n<td class=\"cvagas\">CR<\/td>\r\n<td class=\"cremuneracao\">R$ 20.433,29 \/40h<\/td>\r\n<\/tr><tr>\r\n<td class=\"ccargos\">\r\n<span data-balloon-length=\"medium\" aria-label=\"Superior Completo em Nutri\u00e7\u00e3o com registro no CRN\" data-balloon-pos=\"up\">Nutricionista<\/span><\/td>\r\n<td class=\"cvagas\">01 + CR<\/td>\r\n<td class=\"cremuneracao\">R$ 4.700,65 \/40h<\/td>\r\n<\/tr><tr>\r\n<td class=\"ccargos\">\r\n<span data-balloon-length=\"medium\" aria-label=\"Superior Completo: Licenciatura em Artes\" data-balloon-pos=\"up\">Professor de Ensino Fundamental - Artes (anos iniciais)<\/span><\/td>\r\n<td class=\"cvagas\">CR<\/td>\r\n<td class=\"cremuneracao\">R$ 4.678,78 \/40h<\/td>\r\n<\/tr><tr>\r\n<td class=\"ccargos\">\r\n<span data-balloon-length=\"medium\" aria-label=\"Superior Completo: Licenciatura Plena em Pedagogia\" data-balloon-pos=\"up\">Professor de Educa\u00e7\u00e3o Infantil<\/span><\/td>\r\n<td class=\"cvagas\">CR<\/td>\r\n<td class=\"cremuneracao\">R$ 4.678,78 \/40h<\/td>\r\n<\/tr><tr>\r\n<td class=\"ccargos\">\r\n<span data-balloon-length=\"medium\" aria-label=\"Superior Completo: Licenciatura Plena em Pedagogia ou Licenciatura em Educa\u00e7\u00e3o Especial + Forma\u00e7\u00e3o de Instrutor de Libras\" data-balloon-pos=\"up\">Professor de Apoio - Habilitado em Libras<\/span><\/td>\r\n<td class=\"cvagas\">CR<\/td>\r\n<td class=\"cremuneracao\">R$ 4.678,78 \/40h<\/td>\r\n<\/tr><tr>\r\n<td class=\"ccargos\">\r\n<span data-balloon-length=\"medium\" aria-label=\"Superior Completo: Licenciatura em Letras Portugu\u00eas\" data-balloon-pos=\"up\">Professor de Ensino Fundamental - L\u00edngua Portuguesa (anos iniciais)<\/span><\/td>\r\n<td class=\"cvagas\">CR<\/td>\r\n<td class=\"cremuneracao\">R$ 4.678,78 \/40h<\/td>\r\n<\/tr><tr>\r\n<td class=\"ccargos\">\r\n<span data-balloon-length=\"medium\" aria-label=\"Superior Completo em Psicologia com registro no CRP\" data-balloon-pos=\"up\">Psic\u00f3logo<\/span><\/td>\r\n<td class=\"cvagas\">CR<\/td>\r\n<td class=\"cremuneracao\">R$ 4.700,65 \/40h<\/td>\r\n<\/tr><tr>\r\n<td class=\"ccargos\">\r\n<span data-balloon-length=\"medium\" aria-label=\"Superior Completo em Administra\u00e7\u00e3o, Gest\u00e3o P\u00fablica, Economia e\/ou Ci\u00eancias Cont\u00e1beis\" data-balloon-pos=\"up\">Tesoureiro I<\/span><\/td>\r\n<td class=\"cvagas\">CR<\/td>\r\n<td class=\"cremuneracao\">R$ 4.700,65 \/35h<\/td>\r\n<\/tr><tr>\r\n<td class=\"ccargos\">\r\n<span data-balloon-length=\"medium\" aria-label=\"Superior Completo em Terapia Ocupacional com registro no \u00f3rg\u00e3o competente\" data-balloon-pos=\"up\">Terapeuta Ocupacional<\/span><\/td>\r\n<td class=\"cvagas\">CR<\/td>\r\n<td class=\"cremuneracao\">R$ 4.700,65 \/40h<\/td>\r\n<\/tr>\r\n    <\/tbody>\r\n  <\/table>\r\n<\/div>"},"_links":{"self":[{"href":"https:\/\/www.agrobase.com.br\/concursos\/wp-json\/wp\/v2\/posts\/277885","targetHints":{"allow":["GET"]}}],"collection":[{"href":"https:\/\/www.agrobase.com.br\/concursos\/wp-json\/wp\/v2\/posts"}],"about":[{"href":"https:\/\/www.agrobase.com.br\/concursos\/wp-json\/wp\/v2\/types\/post"}],"author":[{"embeddable":true,"href":"https:\/\/www.agrobase.com.br\/concursos\/wp-json\/wp\/v2\/users\/7"}],"replies":[{"embeddable":true,"href":"https:\/\/www.agrobase.com.br\/concursos\/wp-json\/wp\/v2\/comments?post=277885"}],"version-history":[{"count":2,"href":"https:\/\/www.agrobase.com.br\/concursos\/wp-json\/wp\/v2\/posts\/277885\/revisions"}],"predecessor-version":[{"id":277889,"href":"https:\/\/www.agrobase.com.br\/concursos\/wp-json\/wp\/v2\/posts\/277885\/revisions\/277889"}],"wp:featuredmedia":[{"embeddable":true,"href":"https:\/\/www.agrobase.com.br\/concursos\/wp-json\/wp\/v2\/media\/277884"}],"wp:attachment":[{"href":"https:\/\/www.agrobase.com.br\/concursos\/wp-json\/wp\/v2\/media?parent=277885"}],"wp:term":[{"taxonomy":"category","embeddable":true,"href":"https:\/\/www.agrobase.com.br\/concursos\/wp-json\/wp\/v2\/categories?post=277885"},{"taxonomy":"post_tag","embeddable":true,"href":"https:\/\/www.agrobase.com.br\/concursos\/wp-json\/wp\/v2\/tags?post=277885"},{"taxonomy":"_amplo","embeddable":true,"href":"https:\/\/www.agrobase.com.br\/concursos\/wp-json\/wp\/v2\/_amplo?post=277885"},{"taxonomy":"destaque","embeddable":true,"href":"https:\/\/www.agrobase.com.br\/concursos\/wp-json\/wp\/v2\/destaque?post=277885"},{"taxonomy":"instituicoes","embeddable":true,"href":"https:\/\/www.agrobase.com.br\/concursos\/wp-json\/wp\/v2\/instituicoes?post=277885"}],"curies":[{"name":"wp","href":"https:\/\/api.w.org\/{rel}","templated":true}]}}