{"id":277862,"date":"2026-02-11T07:00:26","date_gmt":"2026-02-11T10:00:26","guid":{"rendered":"https:\/\/www.agrobase.com.br\/concursos\/?p=277862"},"modified":"2026-02-10T10:22:03","modified_gmt":"2026-02-10T13:22:03","slug":"prefeitura-gravata-pe-selecao-simplificada-01-2026","status":"publish","type":"post","link":"https:\/\/www.agrobase.com.br\/concursos\/2026\/prefeitura-gravata-pe-selecao-simplificada-01-2026\/","title":{"rendered":"Prefeitura Gravat\u00e1 (PE) &#8211; Sele\u00e7\u00e3o Simplificada 01\/2026"},"content":{"rendered":"<h2>Informa\u00e7\u00f5es Gerais<\/h2>\n<p>A <strong>Prefeitura Municipal de Gravat\u00e1<\/strong>, em Pernambuco, por meio das Secretarias de Administra\u00e7\u00e3o e Educa\u00e7\u00e3o, publicou edital de <strong>Processo Seletivo P\u00fablico Simplificado<\/strong> destinado \u00e0 contrata\u00e7\u00e3o tempor\u00e1ria de profissionais para atuar na Secretaria Municipal de Educa\u00e7\u00e3o.<\/p>\n<p>O certame oferece <strong>77 vagas imediatas<\/strong>, al\u00e9m de forma\u00e7\u00e3o de <strong>cadastro reserva<\/strong>, exclusivamente para cargos de <strong>n\u00edvel superior<\/strong>. A remunera\u00e7\u00e3o \u00e9 de <strong>R$ 5.000,00<\/strong> para todos os cargos, com carga hor\u00e1ria de 40 horas semanais.<\/p>\n<p>As oportunidades s\u00e3o voltadas para a \u00e1rea da <strong>Educa\u00e7\u00e3o<\/strong>, contemplando vagas para Professor de Educa\u00e7\u00e3o Infantil (Creche e Pr\u00e9-Escola), Professor de Anos Iniciais do Ensino Fundamental, al\u00e9m de diversas especialidades para os Anos Finais, incluindo L\u00edngua Portuguesa, L\u00edngua Inglesa, Educa\u00e7\u00e3o F\u00edsica, Artes, Matem\u00e1tica, Hist\u00f3ria, Geografia e <strong>Ci\u00eancias Biol\u00f3gicas<\/strong>. H\u00e1 tamb\u00e9m vagas para Coordenador de Biblioteca.<\/p>\n<p>As inscri\u00e7\u00f5es s\u00e3o <strong>gratuitas<\/strong> e realizadas exclusivamente pela internet. Continue a leitura para conhecer todos os detalhes sobre como participar deste processo seletivo em Gravat\u00e1-PE.<\/p>\n<h2>Inscri\u00e7\u00f5es<\/h2>\n<p>As inscri\u00e7\u00f5es para o Processo Seletivo Simplificado da Prefeitura de Gravat\u00e1-PE est\u00e3o sendo realizadas <strong>exclusivamente pela internet<\/strong>, de forma totalmente <strong>gratuita<\/strong>.<\/p>\n<p>O per\u00edodo de inscri\u00e7\u00f5es vai do <strong>dia 06 de fevereiro de 2026 at\u00e9 as 23h59 do dia 16 de fevereiro de 2026<\/strong>.<\/p>\n<p>Para se inscrever, o candidato deve acessar o endere\u00e7o eletr\u00f4nico oficial do certame e preencher o formul\u00e1rio de inscri\u00e7\u00e3o com seus dados pessoais e informa\u00e7\u00f5es acad\u00eamicas e profissionais.<\/p>\n<p><strong>Procedimentos para inscri\u00e7\u00e3o:<\/strong><\/p>\n<ul>\n<li>Acessar o site oficial de inscri\u00e7\u00f5es<\/li>\n<li>Preencher corretamente todos os campos do formul\u00e1rio eletr\u00f4nico<\/li>\n<li>Conferir as informa\u00e7\u00f5es antes de finalizar<\/li>\n<li>Guardar o comprovante de inscri\u00e7\u00e3o<\/li>\n<\/ul>\n<p>Por se tratar de inscri\u00e7\u00e3o gratuita, n\u00e3o h\u00e1 necessidade de pagamento de taxa ou emiss\u00e3o de boleto banc\u00e1rio.<\/p>\n<p>Recomendamos a leitura integral do edital para conhecer todos os requisitos e documentos necess\u00e1rios para cada cargo.<\/p>\n<h2>Etapas e Provas<\/h2>\n<p>O Processo Seletivo Simplificado da Prefeitura de Gravat\u00e1-PE ser\u00e1 realizado em <strong>duas etapas<\/strong>:<\/p>\n<ul>\n<li><strong>Primeira Etapa: An\u00e1lise Curricular<\/strong> \u2014 Consiste na avalia\u00e7\u00e3o da experi\u00eancia profissional, cursos complementares e forma\u00e7\u00e3o acad\u00eamica do candidato. Os documentos comprobat\u00f3rios ser\u00e3o analisados conforme crit\u00e9rios estabelecidos no edital, gerando pontua\u00e7\u00e3o para classifica\u00e7\u00e3o.<\/li>\n<li><strong>Segunda Etapa: Microaula e Entrevista<\/strong> \u2014 Os candidatos aprovados na primeira etapa ser\u00e3o convocados para apresenta\u00e7\u00e3o de microaula e participa\u00e7\u00e3o em entrevista, conforme cronograma e orienta\u00e7\u00f5es espec\u00edficas do edital.<\/li>\n<\/ul>\n<p>Ambas as etapas s\u00e3o importantes para a classifica\u00e7\u00e3o final do candidato. A pontua\u00e7\u00e3o obtida em cada fase ser\u00e1 somada para composi\u00e7\u00e3o da nota final.<\/p>\n<p>Consulte o edital completo e o Anexo III (cronograma) para verificar as datas previstas de realiza\u00e7\u00e3o de cada etapa, bem como os crit\u00e9rios detalhados de pontua\u00e7\u00e3o e avalia\u00e7\u00e3o.<\/p>\n<h2>Resultados e Gabarito<\/h2>\n<p>O <strong>Resultado Preliminar<\/strong> do Processo Seletivo ser\u00e1 divulgado conforme cronograma estabelecido no Anexo III do edital.<\/p>\n<p><strong>Canais oficiais de divulga\u00e7\u00e3o:<\/strong><\/p>\n<ul>\n<li>Di\u00e1rio Oficial da AMUPE (Associa\u00e7\u00e3o Municipalista de Pernambuco)<\/li>\n<li>Portal de Transpar\u00eancia do Munic\u00edpio de Gravat\u00e1<\/li>\n<li>Site oficial: https:\/\/ti.gravata.pe.gov.br\/educacao\/<\/li>\n<\/ul>\n<p>O <strong>Resultado Final<\/strong> contemplar\u00e1 todos os candidatos que cumprirem as exig\u00eancias m\u00ednimas para aprova\u00e7\u00e3o no certame, considerando a pontua\u00e7\u00e3o obtida nas duas etapas do processo seletivo.<\/p>\n<p>Ap\u00f3s a divulga\u00e7\u00e3o do resultado preliminar, os candidatos poder\u00e3o interpor recursos dentro do prazo estabelecido no cronograma. O resultado definitivo ser\u00e1 publicado ap\u00f3s an\u00e1lise dos recursos.<\/p>\n<p><strong>Importante:<\/strong> O acompanhamento de todas as publica\u00e7\u00f5es, convoca\u00e7\u00f5es e comunicados oficiais \u00e9 de <strong>responsabilidade exclusiva do candidato<\/strong>. Recomenda-se consultar regularmente os canais oficiais para n\u00e3o perder nenhum prazo ou informa\u00e7\u00e3o relevante.<\/p>\n","protected":false},"excerpt":{"rendered":"<p>Inscri\u00e7\u00f5es abrem 06\/02! Sel. Simplificada Pref. Gravat\u00e1 (PE) p\/ Professores e Coord. (Superior). 77+CR vagas. Sal\u00e1rio R$5k. Prepare-se e veja o edital!<\/p>\n","protected":false},"author":7,"featured_media":277861,"comment_status":"open","ping_status":"open","sticky":false,"template":"","format":"standard","meta":{"_acf_changed":false,"_breakdance_hide_in_design_set":false,"_breakdance_tags":"","footnotes":""},"categories":[94,6433,6434,111,100,20,6871,116,25],"tags":[54],"_amplo":[],"destaque":[],"instituicoes":[],"class_list":["post-277862","post","type-post","status-publish","format-standard","has-post-thumbnail","hentry","category-biblioteconomia","category-biologia-licenciatura","category-educacao-fisica-licenciatura","category-geografia","category-historia","category-letras","category-letras-ingles","category-matematica","category-pedagogia","tag-pernambuco"],"acf":{"_tipo_vagas":"vagas","_numero_vagas":"","_quadro_vagas":"","_cargos":"diversos","_cargos_especificos":"","_salario_max":"R$ 5000","_abertura":"20260206","_encerramento":"20260216","_inscricoes":"https:\/\/www.e-inscricao.com\/selecoesgravatape\/selecaosmeintegral\/","_executora_concurso":"","_instituicao_concurso":[],"_link_adicional":null,"_anexos":null,"_produtos":null,"_vagas":"77 vagas + CR","_salario_min":"R$ 5000","_instituicao":"Prefeitura de Gravat\u00e1","_edital":"https:\/\/www.agrobase.com.br\/concursos\/wp-content\/uploads\/sites\/4\/2026\/02\/edital-01-2026-prefeitura-de-gravata-pe.pdf","_anexos_edital":"","_fund_incompleto":"","_fund_completo":"","_medio":"","_superior":"<div>\r\n<table class=\"quadro\">\r\n<thead>\r\n<tr>\r\n<th class=\"hcargo\">Cargo<\/th>\r\n<th class=\"hvagas\">Vagas<\/th>\r\n<th class=\"hremuneracao\">Remunera\u00e7\u00e3o<\/th>\r\n<\/tr>\r\n<\/thead>\r\n    <tbody>\r\n      <tr>\r\n<td class=\"ccargos\">\r\n<span data-balloon-length=\"medium\" aria-label=\"Licenciatura plena em Pedagogia\" data-balloon-pos=\"up\">Professor de Educa\u00e7\u00e3o Infantil - Creche e Pr\u00e9-Escola<\/span><\/td>\r\n<td class=\"cvagas\">35 + CR<\/td>\r\n<td class=\"cremuneracao\">R$ 5.000,00 \/40h<\/td>\r\n<\/tr><tr>\r\n<td class=\"ccargos\">\r\n<span data-balloon-length=\"medium\" aria-label=\"Licenciatura plena em Pedagogia\" data-balloon-pos=\"up\">Professor de Anos Iniciais - Ensino Fundamental<\/span><\/td>\r\n<td class=\"cvagas\">17 + CR<\/td>\r\n<td class=\"cremuneracao\">R$ 5.000,00 \/40h<\/td>\r\n<\/tr><tr>\r\n<td class=\"ccargos\">\r\n<span data-balloon-length=\"medium\" aria-label=\"Licenciatura Plena em L\u00edngua Portuguesa e\/ou Bacharelado em Biblioteconomia\" data-balloon-pos=\"up\">Coordenador de Biblioteca<\/span><\/td>\r\n<td class=\"cvagas\">02 + CR<\/td>\r\n<td class=\"cremuneracao\">R$ 5.000,00 \/40h<\/td>\r\n<\/tr><tr>\r\n<td class=\"ccargos\">\r\n<span data-balloon-length=\"medium\" aria-label=\"Licenciatura Plena em Letras com habilita\u00e7\u00e3o em L\u00edngua Portuguesa\" data-balloon-pos=\"up\">Professor de Anos Finais - L\u00edngua Portuguesa<\/span><\/td>\r\n<td class=\"cvagas\">03 + CR<\/td>\r\n<td class=\"cremuneracao\">R$ 5.000,00 \/40h<\/td>\r\n<\/tr><tr>\r\n<td class=\"ccargos\">\r\n<span data-balloon-length=\"medium\" aria-label=\"Licenciatura Plena em Letras com habilita\u00e7\u00e3o em L\u00edngua Inglesa\" data-balloon-pos=\"up\">Professor de Anos Finais - L\u00edngua Inglesa<\/span><\/td>\r\n<td class=\"cvagas\">02 + CR<\/td>\r\n<td class=\"cremuneracao\">R$ 5.000,00 \/40h<\/td>\r\n<\/tr><tr>\r\n<td class=\"ccargos\">\r\n<span data-balloon-length=\"medium\" aria-label=\"Licenciatura Plena em Educa\u00e7\u00e3o F\u00edsica\" data-balloon-pos=\"up\">Professor de Anos Finais - Educa\u00e7\u00e3o F\u00edsica e Esportes<\/span><\/td>\r\n<td class=\"cvagas\">02 + CR<\/td>\r\n<td class=\"cremuneracao\">R$ 5.000,00 \/40h<\/td>\r\n<\/tr><tr>\r\n<td class=\"ccargos\">\r\n<span data-balloon-length=\"medium\" aria-label=\"Licenciatura Plena em Artes\" data-balloon-pos=\"up\">Professor de Anos Finais - Artes<\/span><\/td>\r\n<td class=\"cvagas\">02 + CR<\/td>\r\n<td class=\"cremuneracao\">R$ 5.000,00 \/40h<\/td>\r\n<\/tr><tr>\r\n<td class=\"ccargos\">\r\n<span data-balloon-length=\"medium\" aria-label=\"Licenciatura Plena em Ci\u00eancias Biol\u00f3gicas\" data-balloon-pos=\"up\">Professor de Anos Finais - Ci\u00eancias e Pr\u00e1ticas Experimentais<\/span><\/td>\r\n<td class=\"cvagas\">03 + CR<\/td>\r\n<td class=\"cremuneracao\">R$ 5.000,00 \/40h<\/td>\r\n<\/tr><tr>\r\n<td class=\"ccargos\">\r\n<span data-balloon-length=\"medium\" aria-label=\"Licenciatura Plena em Matem\u00e1tica\" data-balloon-pos=\"up\">Professor de Anos Finais - Matem\u00e1tica<\/span><\/td>\r\n<td class=\"cvagas\">03 + CR<\/td>\r\n<td class=\"cremuneracao\">R$ 5.000,00 \/40h<\/td>\r\n<\/tr><tr>\r\n<td class=\"ccargos\">\r\n<span data-balloon-length=\"medium\" aria-label=\"Licenciatura Plena em Hist\u00f3ria\" data-balloon-pos=\"up\">Professor de Anos Finais - Hist\u00f3ria e Turismo<\/span><\/td>\r\n<td class=\"cvagas\">02 + CR<\/td>\r\n<td class=\"cremuneracao\">R$ 5.000,00 \/40h<\/td>\r\n<\/tr><tr>\r\n<td class=\"ccargos\">\r\n<span data-balloon-length=\"medium\" aria-label=\"Licenciatura Plena em Geografia\" data-balloon-pos=\"up\">Professor de Anos Finais - Geografia e Turismo<\/span><\/td>\r\n<td class=\"cvagas\">02 + CR<\/td>\r\n<td class=\"cremuneracao\">R$ 5.000,00 \/40h<\/td>\r\n<\/tr><tr>\r\n<td class=\"ccargos\">\r\n<span data-balloon-length=\"medium\" aria-label=\"Licenciatura Plena nas \u00e1reas de Letras, Hist\u00f3ria, Geografia, Ci\u00eancias ou Matem\u00e1tica\" data-balloon-pos=\"up\">Professor de Anos Finais - Estudo Orientado e Pensamento Cient\u00edfico<\/span><\/td>\r\n<td class=\"cvagas\">02 + CR<\/td>\r\n<td class=\"cremuneracao\">R$ 5.000,00 \/40h<\/td>\r\n<\/tr><tr>\r\n<td class=\"ccargos\">\r\n<span data-balloon-length=\"medium\" aria-label=\"Licenciatura Plena nas \u00e1reas de Letras, Hist\u00f3ria, Geografia, Ci\u00eancias ou Matem\u00e1tica\" data-balloon-pos=\"up\">Professor de Anos Finais - Projeto de Vida e Protagonismo<\/span><\/td>\r\n<td class=\"cvagas\">02 + CR<\/td>\r\n<td class=\"cremuneracao\">R$ 5.000,00 \/40h<\/td>\r\n<\/tr>\r\n    <\/tbody>\r\n  <\/table>\r\n<\/div>"},"_links":{"self":[{"href":"https:\/\/www.agrobase.com.br\/concursos\/wp-json\/wp\/v2\/posts\/277862","targetHints":{"allow":["GET"]}}],"collection":[{"href":"https:\/\/www.agrobase.com.br\/concursos\/wp-json\/wp\/v2\/posts"}],"about":[{"href":"https:\/\/www.agrobase.com.br\/concursos\/wp-json\/wp\/v2\/types\/post"}],"author":[{"embeddable":true,"href":"https:\/\/www.agrobase.com.br\/concursos\/wp-json\/wp\/v2\/users\/7"}],"replies":[{"embeddable":true,"href":"https:\/\/www.agrobase.com.br\/concursos\/wp-json\/wp\/v2\/comments?post=277862"}],"version-history":[{"count":1,"href":"https:\/\/www.agrobase.com.br\/concursos\/wp-json\/wp\/v2\/posts\/277862\/revisions"}],"predecessor-version":[{"id":277864,"href":"https:\/\/www.agrobase.com.br\/concursos\/wp-json\/wp\/v2\/posts\/277862\/revisions\/277864"}],"wp:featuredmedia":[{"embeddable":true,"href":"https:\/\/www.agrobase.com.br\/concursos\/wp-json\/wp\/v2\/media\/277861"}],"wp:attachment":[{"href":"https:\/\/www.agrobase.com.br\/concursos\/wp-json\/wp\/v2\/media?parent=277862"}],"wp:term":[{"taxonomy":"category","embeddable":true,"href":"https:\/\/www.agrobase.com.br\/concursos\/wp-json\/wp\/v2\/categories?post=277862"},{"taxonomy":"post_tag","embeddable":true,"href":"https:\/\/www.agrobase.com.br\/concursos\/wp-json\/wp\/v2\/tags?post=277862"},{"taxonomy":"_amplo","embeddable":true,"href":"https:\/\/www.agrobase.com.br\/concursos\/wp-json\/wp\/v2\/_amplo?post=277862"},{"taxonomy":"destaque","embeddable":true,"href":"https:\/\/www.agrobase.com.br\/concursos\/wp-json\/wp\/v2\/destaque?post=277862"},{"taxonomy":"instituicoes","embeddable":true,"href":"https:\/\/www.agrobase.com.br\/concursos\/wp-json\/wp\/v2\/instituicoes?post=277862"}],"curies":[{"name":"wp","href":"https:\/\/api.w.org\/{rel}","templated":true}]}}