{"id":277856,"date":"2026-02-24T08:50:06","date_gmt":"2026-02-24T11:50:06","guid":{"rendered":"https:\/\/www.agrobase.com.br\/concursos\/?p=277856"},"modified":"2026-02-23T14:50:17","modified_gmt":"2026-02-23T17:50:17","slug":"prefeitura-canudos-ba-selecao-simplificada-01-2025","status":"publish","type":"post","link":"https:\/\/www.agrobase.com.br\/concursos\/2026\/prefeitura-canudos-ba-selecao-simplificada-01-2025\/","title":{"rendered":"Prefeitura Canudos (BA) &#8211; Sele\u00e7\u00e3o Simplificada 01\/2025 [prorrogado]"},"content":{"rendered":"<h2>Informa\u00e7\u00f5es Gerais<\/h2>\n<p>A <strong>Prefeitura Municipal de Canudos<\/strong>, no interior da Bahia, publicou edital de <strong>Processo Seletivo Simplificado<\/strong> para contrata\u00e7\u00e3o tempor\u00e1ria e forma\u00e7\u00e3o de cadastro reserva. O certame visa suprir demandas das Secretarias de Desenvolvimento Social e Combate \u00e0 Pobreza, Educa\u00e7\u00e3o, Meio Ambiente e Recursos H\u00eddricos e Sa\u00fade.<\/p>\n<p>S\u00e3o oferecidas <strong>173 vagas imediatas<\/strong>, al\u00e9m de cadastro reserva, distribu\u00eddas entre os n\u00edveis fundamental, m\u00e9dio\/t\u00e9cnico e superior. Os sal\u00e1rios variam de <strong>R$ 1.621,00 a R$ 5.000,00<\/strong>, com cargas hor\u00e1rias de 20h a 44h semanais, conforme o cargo.<\/p>\n<p>As oportunidades abrangem diversas \u00e1reas, com destaque para profissionais da <strong>Educa\u00e7\u00e3o<\/strong> (professores de Educa\u00e7\u00e3o Infantil, Anos Iniciais e Finais), <strong>Sa\u00fade<\/strong> (Enfermeiro, T\u00e9cnico em Enfermagem, Fonoaudi\u00f3logo, Terapeuta Ocupacional, Psic\u00f3logo), <strong>Assist\u00eancia Social<\/strong> (Assistente Social, Orientador Social) e \u00e1rea administrativa.<\/p>\n<p>Para candidatos das \u00e1reas ambiental e biol\u00f3gica, o processo seletivo oferece vagas para <strong>Engenheiro Ambiental<\/strong>, <strong>T\u00e9cnico em Meio Ambiente<\/strong>, <strong>Fiscal do Meio Ambiente<\/strong> e <strong>Professor de Ci\u00eancias Biol\u00f3gicas<\/strong> \u2014 oportunidades relevantes para quem busca atua\u00e7\u00e3o no setor p\u00fablico nessas \u00e1reas.<\/p>\n<p>Continue a leitura para conhecer os prazos de inscri\u00e7\u00e3o, etapas do processo seletivo e como acompanhar os resultados.<\/p>\n<h2>Inscri\u00e7\u00f5es<\/h2>\n<p>As inscri\u00e7\u00f5es para o Processo Seletivo Simplificado da Prefeitura de Canudos\/BA est\u00e3o <strong>abertas<\/strong> e devem ser realizadas <strong>exclusivamente pela internet<\/strong>, no per\u00edodo das <strong>00h00 do dia 05 de fevereiro de 2026 at\u00e9 as 23h59 do dia <del datetime=\"2026-02-23T17:48:02+00:00\">17<\/del>24 de fevereiro de 2026<\/strong>.<\/p>\n<p>Para se inscrever, o candidato deve acessar o site oficial da banca organizadora e seguir os procedimentos abaixo:<\/p>\n<ul>\n<li>Ler e aceitar integralmente o edital de abertura;<\/li>\n<li>Preencher o formul\u00e1rio de inscri\u00e7\u00e3o online e transmitir os dados;<\/li>\n<li>Gerar e imprimir o boleto banc\u00e1rio para pagamento da taxa (exceto candidatos com isen\u00e7\u00e3o deferida);<\/li>\n<li>Efetuar o pagamento do boleto <strong>at\u00e9 o dia 18 de fevereiro de 2026<\/strong>, respeitando os hor\u00e1rios de funcionamento banc\u00e1rio.<\/li>\n<\/ul>\n<p>Os valores das taxas de inscri\u00e7\u00e3o variam conforme o n\u00edvel de escolaridade do cargo:<\/p>\n<ul>\n<li><strong>N\u00edvel Superior:<\/strong> R$ 100,00<\/li>\n<li><strong>N\u00edvel M\u00e9dio\/T\u00e9cnico:<\/strong> R$ 70,00<\/li>\n<li><strong>N\u00edvel Fundamental:<\/strong> R$ 50,00<\/li>\n<\/ul>\n<p>Candidatos que desejarem solicitar isen\u00e7\u00e3o da taxa devem observar os crit\u00e9rios e prazos estabelecidos no edital. Aqueles que tiverem o pedido indeferido dever\u00e3o gerar o boleto e efetuar o pagamento dentro do prazo.<\/p>\n<p>Recomenda-se acompanhar o status da inscri\u00e7\u00e3o diretamente no site da banca organizadora e realizar a leitura integral do edital para esclarecer eventuais d\u00favidas sobre o processo.<\/p>\n<h2>Etapas e Provas<\/h2>\n<p>O Processo Seletivo Simplificado da Prefeitura de Canudos\/BA ser\u00e1 composto por tr\u00eas etapas:<\/p>\n<ul>\n<li><strong>Prova Objetiva<\/strong> \u2014 car\u00e1ter <em>eliminat\u00f3rio e classificat\u00f3rio<\/em>, aplicada a todos os cargos;<\/li>\n<li><strong>Prova de T\u00edtulos<\/strong> \u2014 car\u00e1ter <em>classificat\u00f3rio<\/em>, aplicada a todos os candidatos aprovados na prova objetiva;<\/li>\n<li><strong>Procedimentos Pr\u00e9-Admissionais<\/strong> \u2014 car\u00e1ter <em>eliminat\u00f3rio<\/em>, consistindo na entrega de documenta\u00e7\u00e3o comprobat\u00f3ria e avalia\u00e7\u00e3o de aptid\u00e3o f\u00edsica e mental por meio de exames admissionais realizados pela Prefeitura.<\/li>\n<\/ul>\n<p><strong>Prova Objetiva:<\/strong><\/p>\n<p>A prova objetiva avaliar\u00e1 conhecimentos te\u00f3ricos, capacidade de compreens\u00e3o e interpreta\u00e7\u00e3o de textos, racioc\u00ednio l\u00f3gico e dom\u00ednio dos conte\u00fados program\u00e1ticos espec\u00edficos de cada cargo. A aplica\u00e7\u00e3o est\u00e1 prevista para o dia <strong><del datetime=\"2026-02-23T17:48:02+00:00\">15<\/del>22 de mar\u00e7o de 2026<\/strong>, na cidade de Canudos\/BA, em local e hor\u00e1rio a serem divulgados oportunamente. A dura\u00e7\u00e3o total ser\u00e1 de <strong>3 (tr\u00eas) horas<\/strong>, incluindo o tempo para transcri\u00e7\u00e3o das respostas para o cart\u00e3o de resposta.<\/p>\n<p><strong>Prova de T\u00edtulos:<\/strong><\/p>\n<p>Destinada a todos os candidatos classificados na etapa anterior, a prova de t\u00edtulos ter\u00e1 sua pontua\u00e7\u00e3o somada \u00e0 nota da prova objetiva para composi\u00e7\u00e3o da classifica\u00e7\u00e3o final.<\/p>\n<p>Para informa\u00e7\u00f5es detalhadas sobre conte\u00fado program\u00e1tico, crit\u00e9rios de pontua\u00e7\u00e3o e notas m\u00ednimas para aprova\u00e7\u00e3o, consulte o edital completo.<\/p>\n<h2>Resultados e Gabarito<\/h2>\n<p>Os candidatos aprovados no Processo Seletivo Simplificado da Prefeitura de Canudos\/BA ser\u00e3o classificados em <strong>ordem decrescente da nota final<\/strong>, considerando a soma das pontua\u00e7\u00f5es obtidas na prova objetiva e na prova de t\u00edtulos. A classifica\u00e7\u00e3o ser\u00e1 organizada de acordo com a modalidade de concorr\u00eancia declarada no ato da inscri\u00e7\u00e3o.<\/p>\n<p>A divulga\u00e7\u00e3o dos resultados \u2014 incluindo gabaritos preliminar e definitivo, resultados parciais e finais \u2014 ser\u00e1 realizada nos canais oficiais: site da banca organizadora e <strong>Di\u00e1rio Oficial do Munic\u00edpio<\/strong>.<\/p>\n<p>Ap\u00f3s a conclus\u00e3o de todas as etapas, a Prefeitura Municipal publicar\u00e1 o <strong>Resultado Final<\/strong> e a <strong>Homologa\u00e7\u00e3o<\/strong> do processo seletivo no Di\u00e1rio Oficial. A homologa\u00e7\u00e3o representa o ato administrativo que valida oficialmente o certame e autoriza a convoca\u00e7\u00e3o dos aprovados, ocorrendo conforme a necessidade da Administra\u00e7\u00e3o P\u00fablica.<\/p>\n<p>Os crit\u00e9rios de desempate e demais regras de classifica\u00e7\u00e3o est\u00e3o detalhados no edital e devem ser consultados pelo candidato.<\/p>\n<p><strong>Importante:<\/strong> O acompanhamento de todas as publica\u00e7\u00f5es, convoca\u00e7\u00f5es e prazos \u00e9 de <strong>responsabilidade exclusiva do candidato<\/strong>. Recomenda-se verificar periodicamente o site da banca organizadora e o Di\u00e1rio Oficial do Munic\u00edpio para n\u00e3o perder nenhuma etapa ou comunicado.<\/p>\n","protected":false},"excerpt":{"rendered":"<p>Proc. Seletivo Pref. Canudos (BA) com edital publicado! Vagas p\/ Professor e T\u00e9cnico Enfermagem (Fund. a Sup.). Inscri\u00e7\u00f5es a partir de 05\/02. Confira detalhes!<\/p>\n","protected":false},"author":7,"featured_media":277855,"comment_status":"open","ping_status":"open","sticky":false,"template":"","format":"standard","meta":{"_acf_changed":false,"_breakdance_hide_in_design_set":false,"_breakdance_tags":"","footnotes":""},"categories":[6433,6434,12,13,19,6871,116,25,26,101,31,108,157,134],"tags":[42],"_amplo":[],"destaque":[],"instituicoes":[],"class_list":["post-277856","post","type-post","status-publish","format-standard","has-post-thumbnail","hentry","category-biologia-licenciatura","category-educacao-fisica-licenciatura","category-enfermagem","category-engenharia-ambiental","category-fonoaudiologia","category-letras-ingles","category-matematica","category-pedagogia","category-psicologia","category-servico-social","category-tecnico-ambiental","category-tecnico-enfermagem","category-tecnico-seguranca-trabalho","category-terapia-ocupacional","tag-bahia"],"acf":{"_tipo_vagas":"vagas","_numero_vagas":"","_quadro_vagas":"","_cargos":"diversos","_cargos_especificos":"","_salario_max":"R$ 5000","_abertura":"20260205","_encerramento":"20260224","_inscricoes":"https:\/\/iset.selecao.net.br\/","_executora_concurso":"","_instituicao_concurso":[],"_link_adicional":null,"_anexos":[{"_arquivo_anexo":278280,"_titulo_anexo":"Edital de Prorroga\u00e7\u00e3o"}],"_produtos":null,"_vagas":"173 vagas + CR","_salario_min":"R$ 1621","_instituicao":"Prefeitura de Canudos","_edital":"https:\/\/www.agrobase.com.br\/concursos\/wp-content\/uploads\/sites\/4\/2026\/02\/edital-01-2025-prefeitura-de-canudos-ba.pdf","_anexos_edital":"https:\/\/www.agrobase.com.br\/concursos\/wp-content\/uploads\/sites\/4\/2026\/02\/anexos-edital-01-2025-prefeitura-de-canudos-ba.pdf","_fund_incompleto":"","_fund_completo":"<div>\r\n<table class=\"quadro\">\r\n<thead>\r\n<tr>\r\n<th class=\"hcargo\">Cargo<\/th>\r\n<th class=\"hvagas\">Vagas<\/th>\r\n<th class=\"hremuneracao\">Remunera\u00e7\u00e3o<\/th>\r\n<\/tr>\r\n<\/thead>\r\n    <tbody>\r\n      <td class=\"ccargos\">\r\n<span data-balloon-length=\"medium\" data-balloon-pos=\"up\">Motorista<\/span><\/td>\r\n<td class=\"cvagas\">06 + CR<\/td>\r\n<td class=\"cremuneracao\">R$ 2.200,00 \/40h<\/td>\r\n<\/tr>\r\n    <\/tbody>\r\n  <\/table>\r\n<\/div>","_medio":"<div>\r\n<table class=\"quadro\">\r\n<thead>\r\n<tr>\r\n<th class=\"hcargo\">Cargo<\/th>\r\n<th class=\"hvagas\">Vagas<\/th>\r\n<th class=\"hremuneracao\">Remunera\u00e7\u00e3o<\/th>\r\n<\/tr>\r\n<\/thead>\r\n    <tbody>\r\n      <td class=\"ccargos\">\r\n<span data-balloon-length=\"medium\" aria-label=\"Ensino m\u00e9dio completo\" data-balloon-pos=\"up\">Assistente Administrativo<\/span><\/td>\r\n<td class=\"cvagas\">27 + CR<\/td>\r\n<td class=\"cremuneracao\">R$ 1.621,00 \/40h<\/td>\r\n<\/tr><td class=\"ccargos\">\r\n<span data-balloon-length=\"medium\" aria-label=\"Ensino m\u00e9dio completo\" data-balloon-pos=\"up\">Atendente de Classe<\/span><\/td>\r\n<td class=\"cvagas\">54 + CR<\/td>\r\n<td class=\"cremuneracao\">R$ 1.621,00 \/40h<\/td>\r\n<\/tr><td class=\"ccargos\">\r\n<span data-balloon-length=\"medium\" aria-label=\"Ensino m\u00e9dio completo acrescido de curso de Interprete de Libras\" data-balloon-pos=\"up\">Tradutor e Interpretes de Libras<\/span><\/td>\r\n<td class=\"cvagas\">02 + CR<\/td>\r\n<td class=\"cremuneracao\">R$ 1.621,00 \/20h<\/td>\r\n<\/tr><td class=\"ccargos\">\r\n<span data-balloon-length=\"medium\" aria-label=\"Ensino m\u00e9dio completo\" data-balloon-pos=\"up\">Orientador Social<\/span><\/td>\r\n<td class=\"cvagas\">08 + CR<\/td>\r\n<td class=\"cremuneracao\">R$ 1.621,00 \/40h<\/td>\r\n<\/tr><td class=\"ccargos\">\r\n<span data-balloon-length=\"medium\" aria-label=\"Ensino m\u00e9dio completo acrescido de Curso T\u00e9cnico em Enfermagem com o devido registro no Conselho\" data-balloon-pos=\"up\">T\u00e9cnico em Enfermagem<\/span><\/td>\r\n<td class=\"cvagas\">08 + CR<\/td>\r\n<td class=\"cremuneracao\">R$ 3.325,00 \/44h<\/td>\r\n<\/tr><td class=\"ccargos\">\r\n<span data-balloon-length=\"medium\" aria-label=\"Ensino m\u00e9dio completo acrescido de Curso T\u00e9cnico em Meio Ambiente acrescido do registro no Conselho\" data-balloon-pos=\"up\">T\u00e9cnico em Meio Ambiente<\/span><\/td>\r\n<td class=\"cvagas\">01 + CR<\/td>\r\n<td class=\"cremuneracao\">R$ 1.621,00 \/40h<\/td>\r\n<\/tr><td class=\"ccargos\">\r\n<span data-balloon-length=\"medium\" aria-label=\"Ensino m\u00e9dio completo acrescido de Curso T\u00e9cnico em Seguran\u00e7a do Trabalho acrescido do registro no Conselho\" data-balloon-pos=\"up\">T\u00e9cnico em Seguran\u00e7a do Trabalho<\/span><\/td>\r\n<td class=\"cvagas\">01 + CR<\/td>\r\n<td class=\"cremuneracao\">R$ 1.621,00 \/40h<\/td>\r\n<\/tr><td class=\"ccargos\">\r\n<span data-balloon-length=\"medium\" aria-label=\"Ensino m\u00e9dio completo acrescido de Curso T\u00e9cnico em Meio Ambiente acrescido do registro no Conselho\" data-balloon-pos=\"up\">Fiscal do Meio Ambiente<\/span><\/td>\r\n<td class=\"cvagas\">01 + CR<\/td>\r\n<td class=\"cremuneracao\">R$ 1.621,00 \/40h<\/td>\r\n<\/tr>\r\n    <\/tbody>\r\n  <\/table>\r\n<\/div>","_superior":"<div>\r\n<table class=\"quadro\">\r\n<thead>\r\n<tr>\r\n<th class=\"hcargo\">Cargo<\/th>\r\n<th class=\"hvagas\">Vagas<\/th>\r\n<th class=\"hremuneracao\">Remunera\u00e7\u00e3o<\/th>\r\n<\/tr>\r\n<\/thead>\r\n    <tbody>\r\n      <tr>\r\n<td class=\"ccargos\">\r\n<span data-balloon-length=\"medium\" aria-label=\"Licenciatura em Pedagogia\" data-balloon-pos=\"up\">Professor Educa\u00e7\u00e3o Infantil Anos Iniciais (Ensino Fundamental)<\/span><\/td>\r\n<td class=\"cvagas\">22 + CR<\/td>\r\n<td class=\"cremuneracao\">R$ 2.565,31 \/20h<\/td>\r\n<\/tr><tr>\r\n<td class=\"ccargos\">\r\n<span data-balloon-length=\"medium\" aria-label=\"Licenciatura em Matem\u00e1tica\" data-balloon-pos=\"up\">Professor Anos Finais - Matem\u00e1tica<\/span><\/td>\r\n<td class=\"cvagas\">06 + CR<\/td>\r\n<td class=\"cremuneracao\">R$ 2.565,31 \/20h<\/td>\r\n<\/tr><tr>\r\n<td class=\"ccargos\">\r\n<span data-balloon-length=\"medium\" aria-label=\"Licenciatura em Educa\u00e7\u00e3o F\u00edsica\" data-balloon-pos=\"up\">Professor Anos Finais - Educa\u00e7\u00e3o F\u00edsica<\/span><\/td>\r\n<td class=\"cvagas\">02 + CR<\/td>\r\n<td class=\"cremuneracao\">R$ 2.565,31 \/20h<\/td>\r\n<\/tr><tr>\r\n<td class=\"ccargos\">\r\n<span data-balloon-length=\"medium\" aria-label=\"Licenciatura plena em Pedagogia ou em outra Licenciatura da \u00e1rea educacional ou tecnol\u00f3gica, acrescido de P\u00f3s-Gradua\u00e7\u00e3o em Educa\u00e7\u00e3o Digital, Tecnologias Educacionais, Pensamento Computacional, Cultura Digital, Computa\u00e7\u00e3o na Educa\u00e7\u00e3o, IA Educacional, Rob\u00f3tica Educacional ou \u00e1reas afins, com certifica\u00e7\u00e3o reconhecida\" data-balloon-pos=\"up\">Professor Anos Finais - Educa\u00e7\u00e3o Digital<\/span><\/td>\r\n<td class=\"cvagas\">02 + CR<\/td>\r\n<td class=\"cremuneracao\">R$ 2.565,31 \/20h<\/td>\r\n<\/tr><tr>\r\n<td class=\"ccargos\">\r\n<span data-balloon-length=\"medium\" aria-label=\"Licenciatura em Letras com Ingl\u00eas\" data-balloon-pos=\"up\">Professor Anos Finais - Letras com Ingl\u00eas<\/span><\/td>\r\n<td class=\"cvagas\">01 + CR<\/td>\r\n<td class=\"cremuneracao\">R$ 2.565,31 \/20h<\/td>\r\n<\/tr><tr>\r\n<td class=\"ccargos\">\r\n<span data-balloon-length=\"medium\" aria-label=\"Licenciatura plena em Pedagogia ou em outra Licenciatura da \u00e1rea educacional ou tecnol\u00f3gica, acrescido de P\u00f3s-Gradua\u00e7\u00e3o em Educa\u00e7\u00e3o Digital, Tecnologias Educacionais, Pensamento Computacional, Cultura Digital, Computa\u00e7\u00e3o na Educa\u00e7\u00e3o, IA Educacional, Rob\u00f3tica Educacional ou \u00e1reas afins, com certifica\u00e7\u00e3o reconhecida\" data-balloon-pos=\"up\">Professor de Ensino Fundamental - Educa\u00e7\u00e3o Digital<\/span><\/td>\r\n<td class=\"cvagas\">02 + CR<\/td>\r\n<td class=\"cremuneracao\">R$ 2.565,31 \/20h<\/td>\r\n<\/tr><tr>\r\n<td class=\"ccargos\">\r\n<span data-balloon-length=\"medium\" aria-label=\"Licenciatura em Ci\u00eancias Biol\u00f3gicas\" data-balloon-pos=\"up\">Professor de Ensino Fundamental - Ci\u00eancias Biol\u00f3gicas<\/span><\/td>\r\n<td class=\"cvagas\">01 + CR<\/td>\r\n<td class=\"cremuneracao\">R$ 2.565,31 \/20h<\/td>\r\n<\/tr><tr>\r\n<td class=\"ccargos\">\r\n<span data-balloon-length=\"medium\" aria-label=\"Ensino superior em Servi\u00e7o Social acrescido do registro no Conselho\" data-balloon-pos=\"up\">Assistente Social<\/span><\/td>\r\n<td class=\"cvagas\">06 + CR<\/td>\r\n<td class=\"cremuneracao\">R$ 2.600,00 \/30h<\/td>\r\n<\/tr><tr>\r\n<td class=\"ccargos\">\r\n<span data-balloon-length=\"medium\" aria-label=\"Ensino superior em Psicopedagogia acrescido do registro no Conselho, se houver\" data-balloon-pos=\"up\">Psicopedagogo<\/span><\/td>\r\n<td class=\"cvagas\">03 + CR<\/td>\r\n<td class=\"cremuneracao\">R$ 2.600,00 \/30h<\/td>\r\n<\/tr><tr>\r\n<td class=\"ccargos\">\r\n<span data-balloon-length=\"medium\" aria-label=\"Ensino superior em Psicologia acrescido do registro no Conselho\" data-balloon-pos=\"up\">Psic\u00f3logo<\/span><\/td>\r\n<td class=\"cvagas\">08 + CR<\/td>\r\n<td class=\"cremuneracao\">R$ 2.600,00 \/30h<\/td>\r\n<\/tr><tr>\r\n<td class=\"ccargos\">\r\n<span data-balloon-length=\"medium\" aria-label=\"Ensino superior em Fonoaudiologia acrescido do registro no Conselho\" data-balloon-pos=\"up\">Fonoaudi\u00f3logo<\/span><\/td>\r\n<td class=\"cvagas\">02 + CR<\/td>\r\n<td class=\"cremuneracao\">R$ 5.000,00 \/30h<\/td>\r\n<\/tr><tr>\r\n<td class=\"ccargos\">\r\n<span data-balloon-length=\"medium\" aria-label=\"Ensino superior em Terapia Ocupacional acrescido do registro no Conselho\" data-balloon-pos=\"up\">Terapeuta Ocupacional<\/span><\/td>\r\n<td class=\"cvagas\">01 + CR<\/td>\r\n<td class=\"cremuneracao\">R$ 3.000,00 \/30h<\/td>\r\n<\/tr><tr>\r\n<td class=\"ccargos\">\r\n<span data-balloon-length=\"medium\" aria-label=\"Ensino superior em Enfermagem acrescido do registro no Conselho\" data-balloon-pos=\"up\">Enfermeiro<\/span><\/td>\r\n<td class=\"cvagas\">08 + CR<\/td>\r\n<td class=\"cremuneracao\">R$ 4.750,00 \/44h<\/td>\r\n<\/tr><tr>\r\n<td class=\"ccargos\">\r\n<span data-balloon-length=\"medium\" aria-label=\"Ensino superior em Engenharia Ambiental acrescido do registro no Conselho\" data-balloon-pos=\"up\">Engenheiro Ambiental<\/span><\/td>\r\n<td class=\"cvagas\">01 + CR<\/td>\r\n<td class=\"cremuneracao\">R$ 2.600,00 \/40h<\/td>\r\n<\/tr>\r\n    <\/tbody>\r\n  <\/table>\r\n<\/div>"},"_links":{"self":[{"href":"https:\/\/www.agrobase.com.br\/concursos\/wp-json\/wp\/v2\/posts\/277856","targetHints":{"allow":["GET"]}}],"collection":[{"href":"https:\/\/www.agrobase.com.br\/concursos\/wp-json\/wp\/v2\/posts"}],"about":[{"href":"https:\/\/www.agrobase.com.br\/concursos\/wp-json\/wp\/v2\/types\/post"}],"author":[{"embeddable":true,"href":"https:\/\/www.agrobase.com.br\/concursos\/wp-json\/wp\/v2\/users\/7"}],"replies":[{"embeddable":true,"href":"https:\/\/www.agrobase.com.br\/concursos\/wp-json\/wp\/v2\/comments?post=277856"}],"version-history":[{"count":3,"href":"https:\/\/www.agrobase.com.br\/concursos\/wp-json\/wp\/v2\/posts\/277856\/revisions"}],"predecessor-version":[{"id":278282,"href":"https:\/\/www.agrobase.com.br\/concursos\/wp-json\/wp\/v2\/posts\/277856\/revisions\/278282"}],"wp:featuredmedia":[{"embeddable":true,"href":"https:\/\/www.agrobase.com.br\/concursos\/wp-json\/wp\/v2\/media\/277855"}],"wp:attachment":[{"href":"https:\/\/www.agrobase.com.br\/concursos\/wp-json\/wp\/v2\/media?parent=277856"}],"wp:term":[{"taxonomy":"category","embeddable":true,"href":"https:\/\/www.agrobase.com.br\/concursos\/wp-json\/wp\/v2\/categories?post=277856"},{"taxonomy":"post_tag","embeddable":true,"href":"https:\/\/www.agrobase.com.br\/concursos\/wp-json\/wp\/v2\/tags?post=277856"},{"taxonomy":"_amplo","embeddable":true,"href":"https:\/\/www.agrobase.com.br\/concursos\/wp-json\/wp\/v2\/_amplo?post=277856"},{"taxonomy":"destaque","embeddable":true,"href":"https:\/\/www.agrobase.com.br\/concursos\/wp-json\/wp\/v2\/destaque?post=277856"},{"taxonomy":"instituicoes","embeddable":true,"href":"https:\/\/www.agrobase.com.br\/concursos\/wp-json\/wp\/v2\/instituicoes?post=277856"}],"curies":[{"name":"wp","href":"https:\/\/api.w.org\/{rel}","templated":true}]}}