{"id":277822,"date":"2026-02-10T07:20:45","date_gmt":"2026-02-10T10:20:45","guid":{"rendered":"https:\/\/www.agrobase.com.br\/concursos\/?p=277822"},"modified":"2026-02-09T12:00:03","modified_gmt":"2026-02-09T15:00:03","slug":"prefeitura-juscimeira-mt-selecao-simplificada-01-2026","status":"publish","type":"post","link":"https:\/\/www.agrobase.com.br\/concursos\/2026\/prefeitura-juscimeira-mt-selecao-simplificada-01-2026\/","title":{"rendered":"Prefeitura Juscimeira (MT) &#8211; Sele\u00e7\u00e3o Simplificada 01\/2026"},"content":{"rendered":"<h2>Informa\u00e7\u00f5es Gerais<\/h2>\n<p>A <strong>Prefeitura Municipal de Juscimeira<\/strong>, no estado de Mato Grosso, publicou edital de <strong>Processo Seletivo Simplificado<\/strong> destinado \u00e0 contrata\u00e7\u00e3o tempor\u00e1ria e forma\u00e7\u00e3o de <strong>cadastro reserva<\/strong> para diversas fun\u00e7\u00f5es do quadro de pessoal municipal. O certame \u00e9 regido pelas Leis Municipais n\u00ba 199\/1991, 860\/2012, 1.031\/2016 e 1694\/2025.<\/p>\n<p>O processo seletivo oferece oportunidades para profissionais de <strong>todos os n\u00edveis de escolaridade<\/strong>: Fundamental Completo, M\u00e9dio\/T\u00e9cnico e Superior. As remunera\u00e7\u00f5es variam de <strong>R$ 1.639,33 a R$ 14.000,00<\/strong>, conforme a fun\u00e7\u00e3o pretendida, com cargas hor\u00e1rias entre 30 e 44 horas semanais.<\/p>\n<p>Entre as \u00e1reas contempladas, destacam-se vagas de interesse para profissionais de <strong>Engenharia Agron\u00f4mica<\/strong>, <strong>Medicina Veterin\u00e1ria<\/strong>, <strong>Engenharia Ambiental ou Florestal<\/strong> e <strong>Nutri\u00e7\u00e3o<\/strong>. O certame tamb\u00e9m abrange fun\u00e7\u00f5es nas \u00e1reas de Sa\u00fade (M\u00e9dico, Enfermeiro, Fisioterapeuta, Psic\u00f3logo, Odont\u00f3logo), Educa\u00e7\u00e3o (Professores e Auxiliar de Desenvolvimento Infantil), Engenharia e Arquitetura, al\u00e9m de cargos t\u00e9cnicos e operacionais como Motorista de Ve\u00edculos Grandes e Operador de M\u00e1quinas.<\/p>\n<p>O regime de contrata\u00e7\u00e3o \u00e9 <strong>tempor\u00e1rio<\/strong>, conforme previsto no art. 37, inciso IX da Constitui\u00e7\u00e3o Federal. Continue a leitura para conhecer todos os detalhes sobre inscri\u00e7\u00f5es, etapas de sele\u00e7\u00e3o e como acompanhar os resultados.<\/p>\n<h2>Inscri\u00e7\u00f5es<\/h2>\n<p>As inscri\u00e7\u00f5es para o Processo Seletivo Simplificado da Prefeitura de Juscimeira\/MT estar\u00e3o <strong>abertas das 08h do dia 06 de fevereiro de 2026 at\u00e9 as 17h do dia 19 de fevereiro de 2026<\/strong>, exclusivamente pela internet.<\/p>\n<p>Para se inscrever, o candidato deve acessar o site da banca organizadora <strong>W2 Auditores e Consultores<\/strong> (www.w2consultores.com.br) e seguir os procedimentos:<\/p>\n<ul>\n<li>Acessar o link de inscri\u00e7\u00e3o correspondente ao Processo Seletivo;<\/li>\n<li>Escolher a fun\u00e7\u00e3o desejada (\u00e9 permitida apenas <strong>uma \u00fanica inscri\u00e7\u00e3o<\/strong> por candidato);<\/li>\n<li>Preencher o requerimento de inscri\u00e7\u00e3o;<\/li>\n<li>Imprimir e pagar o boleto banc\u00e1rio at\u00e9 a data de vencimento constante no documento.<\/li>\n<\/ul>\n<p><strong>Aten\u00e7\u00e3o:<\/strong> a inscri\u00e7\u00e3o s\u00f3 ser\u00e1 efetivada ap\u00f3s a confirma\u00e7\u00e3o do pagamento do boleto banc\u00e1rio. O pagamento ap\u00f3s a data de vencimento implica o <strong>cancelamento autom\u00e1tico<\/strong> da inscri\u00e7\u00e3o. N\u00e3o haver\u00e1 inscri\u00e7\u00f5es na forma presencial.<\/p>\n<p>Os valores das taxas de inscri\u00e7\u00e3o variam conforme o n\u00edvel de escolaridade da fun\u00e7\u00e3o pretendida, devendo o candidato consultar o Anexo I do edital (Cronograma) para verificar os valores espec\u00edficos e a data-limite para pagamento.<\/p>\n<p>Caso o candidato realize mais de uma inscri\u00e7\u00e3o, ser\u00e1 considerada v\u00e1lida <strong>somente a \u00faltima inscri\u00e7\u00e3o efetivada<\/strong> no sistema. Recomenda-se a leitura integral do edital para conhecer todos os procedimentos, eventuais crit\u00e9rios de isen\u00e7\u00e3o e demais orienta\u00e7\u00f5es.<\/p>\n<h2>Etapas e Provas<\/h2>\n<p>O Processo Seletivo Simplificado da Prefeitura de Juscimeira\/MT ser\u00e1 realizado em <strong>duas etapas<\/strong>, sob responsabilidade da W2 Auditores e Consultores:<\/p>\n<ul>\n<li><strong>1\u00aa Etapa:<\/strong> Provas Objetivas, Provas Pr\u00e1ticas e Avalia\u00e7\u00e3o de T\u00edtulos;<\/li>\n<li><strong>2\u00aa Etapa:<\/strong> Comprova\u00e7\u00e3o de requisitos e solicita\u00e7\u00e3o de exames m\u00e9dicos (car\u00e1ter eliminat\u00f3rio).<\/li>\n<\/ul>\n<p><strong>Prova Objetiva<\/strong> \u2014 Car\u00e1ter eliminat\u00f3rio e classificat\u00f3rio:<\/p>\n<ul>\n<li>Aplica\u00e7\u00e3o prevista para o dia <strong>01 de mar\u00e7o de 2026 (domingo)<\/strong>, na cidade de Juscimeira\/MT;<\/li>\n<li>Dura\u00e7\u00e3o m\u00e1xima de <strong>3 horas<\/strong>, considerando o hor\u00e1rio oficial de Cuiab\u00e1;<\/li>\n<li>As disciplinas e conte\u00fados program\u00e1ticos est\u00e3o descritos no Anexo II do edital.<\/li>\n<\/ul>\n<p><strong>Prova Pr\u00e1tica<\/strong> \u2014 Car\u00e1ter eliminat\u00f3rio e classificat\u00f3rio:<\/p>\n<ul>\n<li>Destinada exclusivamente \u00e0s fun\u00e7\u00f5es de <strong>Motorista de Ve\u00edculos Grandes<\/strong> e <strong>Operador de M\u00e1quinas<\/strong>;<\/li>\n<li>Totaliza 100 pontos, sendo necess\u00e1rio obter no m\u00ednimo <strong>50% de aproveitamento<\/strong> para classifica\u00e7\u00e3o;<\/li>\n<li>Data prevista: <strong>01 de mar\u00e7o de 2026 (domingo)<\/strong>, em hor\u00e1rio a ser divulgado. Caso necess\u00e1rio, poder\u00e3o ser designadas novas datas conforme o n\u00famero de candidatos.<\/li>\n<\/ul>\n<p><strong>Avalia\u00e7\u00e3o de T\u00edtulos<\/strong> \u2014 Car\u00e1ter exclusivamente classificat\u00f3rio:<\/p>\n<ul>\n<li>Destinada apenas \u00e0s <strong>fun\u00e7\u00f5es de n\u00edvel superior<\/strong>;<\/li>\n<li>Pontua\u00e7\u00e3o m\u00e1xima: <strong>10 pontos<\/strong>, que ser\u00e3o somados \u00e0 nota final;<\/li>\n<li>A apresenta\u00e7\u00e3o de t\u00edtulos \u00e9 <strong>facultativa<\/strong>;<\/li>\n<li>Envio da documenta\u00e7\u00e3o comprobat\u00f3ria exclusivamente pelo site, mediante login e senha, no per\u00edodo de <strong>00h01 do dia 06 de fevereiro de 2026 at\u00e9 as 23h59 do dia 01 de mar\u00e7o de 2026<\/strong>.<\/li>\n<\/ul>\n<p>Consulte o edital completo para conhecer o conte\u00fado program\u00e1tico detalhado, os crit\u00e9rios de pontua\u00e7\u00e3o e o cronograma oficial de cada etapa.<\/p>\n<h2>Resultados e Gabarito<\/h2>\n<p>Os resultados do Processo Seletivo Simplificado da Prefeitura de Juscimeira\/MT ser\u00e3o divulgados nos seguintes canais oficiais:<\/p>\n<ul>\n<li>Site da banca organizadora: <strong>www.w2consultores.com.br<\/strong>;<\/li>\n<li>Di\u00e1rio Oficial Eletr\u00f4nico dos Munic\u00edpios do Estado de Mato Grosso: <strong>https:\/\/diariomunicipal.org\/mt\/amm\/publicacoes\/<\/strong>.<\/li>\n<\/ul>\n<p>A publica\u00e7\u00e3o do <strong>resultado final<\/strong> ser\u00e1 feita em ordem decrescente de pontua\u00e7\u00e3o obtida pelos candidatos. Ap\u00f3s a conclus\u00e3o de todas as etapas, o resultado ser\u00e1 <strong>homologado pelo Prefeito Municipal<\/strong> e divulgado nos endere\u00e7os eletr\u00f4nicos mencionados.<\/p>\n<p>O gabarito preliminar, gabarito definitivo, resultados preliminares e definitivos de cada etapa tamb\u00e9m ser\u00e3o publicados nos mesmos canais, conforme cronograma estabelecido no Anexo I do edital.<\/p>\n<p>A <strong>validade do Processo Seletivo Simplificado \u00e9 de 01 (um) ano<\/strong>, contado a partir da data de homologa\u00e7\u00e3o do resultado final, podendo ser <strong>prorrogado uma \u00fanica vez por igual per\u00edodo<\/strong>, a crit\u00e9rio do Prefeito Municipal.<\/p>\n<p><strong>Importante:<\/strong> \u00e9 de responsabilidade exclusiva do candidato acompanhar todas as publica\u00e7\u00f5es oficiais referentes ao certame, incluindo convoca\u00e7\u00f5es, retifica\u00e7\u00f5es e demais comunicados. Mantenha seus dados atualizados e consulte regularmente os canais oficiais.<\/p>\n","protected":false},"excerpt":{"rendered":"<p>Proc. Seletivo Pref. Juscimeira (MT) com edital publicado! Vagas p\/ M\u00e9dico e Professor (Fund. a Sup.). Inscri\u00e7\u00f5es a partir de 06\/02. Sal\u00e1rios at\u00e9 R$14k. Confira!<\/p>\n","protected":false},"author":7,"featured_media":277821,"comment_status":"open","ping_status":"open","sticky":false,"template":"","format":"standard","meta":{"_acf_changed":false,"_breakdance_hide_in_design_set":false,"_breakdance_tags":"","footnotes":""},"categories":[4,5,106,6434,12,13,14,15,16,17,18,19,6871,21,22,23,24,25,26,108],"tags":[47],"_amplo":[],"destaque":[],"instituicoes":[],"class_list":["post-277822","post","type-post","status-publish","format-standard","has-post-thumbnail","hentry","category-agronomia","category-arquitetura","category-bioquimica","category-educacao-fisica-licenciatura","category-enfermagem","category-engenharia-ambiental","category-engenharia","category-engenharia-florestal","category-engenharia-sanitaria","category-farmacia","category-fisioterapia","category-fonoaudiologia","category-letras-ingles","category-medicina","category-veterinaria","category-nutricao","category-odontologia","category-pedagogia","category-psicologia","category-tecnico-enfermagem","tag-mato-grosso"],"acf":{"_tipo_vagas":"vagas","_numero_vagas":"","_quadro_vagas":"","_cargos":"diversos","_cargos_especificos":"","_salario_max":"R$ 14000","_abertura":"20260206","_encerramento":"20260219","_inscricoes":"https:\/\/www.w2consultores.com.br","_executora_concurso":"","_instituicao_concurso":[],"_link_adicional":null,"_anexos":null,"_produtos":null,"_vagas":"Cadastro Reserva","_salario_min":"R$ 1639.33","_instituicao":"Prefeitura de Juscimeira","_edital":"https:\/\/www.agrobase.com.br\/concursos\/wp-content\/uploads\/sites\/4\/2026\/02\/edital-01-2026-prefeitura-de-juscimeira-mt.pdf","_anexos_edital":"https:\/\/www.agrobase.com.br\/concursos\/wp-content\/uploads\/sites\/4\/2026\/02\/anexos-edital-01-2026-prefeitura-de-juscimeira-mt.pdf","_fund_incompleto":"","_fund_completo":"<div>\r\n<table class=\"quadro\">\r\n<thead>\r\n<tr>\r\n<th class=\"hcargo\">Cargo<\/th>\r\n<th class=\"hvagas\">Vagas<\/th>\r\n<th class=\"hremuneracao\">Remunera\u00e7\u00e3o<\/th>\r\n<\/tr>\r\n<\/thead>\r\n    <tbody>\r\n      <td class=\"ccargos\">\r\n<span data-balloon-length=\"medium\" aria-label=\"Ensino Fundamental Completo + Curso de Auxiliar de Consult\u00f3rio Dent\u00e1rio, com registro no CRO.\" data-balloon-pos=\"up\">Auxiliar de Consult\u00f3rio Dent\u00e1rio<\/span><\/td>\r\n<td class=\"cvagas\">CR<\/td>\r\n<td class=\"cremuneracao\">R$ 1.985,17 \/40h<\/td>\r\n<\/tr><td class=\"ccargos\">\r\n<span data-balloon-length=\"medium\" aria-label=\"Ensino Fundamental Completo + CNH na Categoria 'D'.\" data-balloon-pos=\"up\">Motorista de Ve\u00edculos Grandes<\/span><\/td>\r\n<td class=\"cvagas\">CR<\/td>\r\n<td class=\"cremuneracao\">R$ 2.974,48 \/44h<\/td>\r\n<\/tr><td class=\"ccargos\">\r\n<span data-balloon-length=\"medium\" aria-label=\"Ensino Fundamental Completo + CNH na Categoria 'D'.\" data-balloon-pos=\"up\">Operador de M\u00e1quinas<\/span><\/td>\r\n<td class=\"cvagas\">CR<\/td>\r\n<td class=\"cremuneracao\">R$ 3.346,30 \/44h<\/td>\r\n<\/tr>\r\n    <\/tbody>\r\n  <\/table>\r\n<\/div>","_medio":"<div>\r\n<table class=\"quadro\">\r\n<thead>\r\n<tr>\r\n<th class=\"hcargo\">Cargo<\/th>\r\n<th class=\"hvagas\">Vagas<\/th>\r\n<th class=\"hremuneracao\">Remunera\u00e7\u00e3o<\/th>\r\n<\/tr>\r\n<\/thead>\r\n    <tbody>\r\n      <td class=\"ccargos\">\r\n<span data-balloon-length=\"medium\" aria-label=\"Ensino M\u00e9dio de Magist\u00e9rio e\/ou superior em Pedagogia.\" data-balloon-pos=\"up\">Auxiliar de Desenvolvimento Infantil - ADI<\/span><\/td>\r\n<td class=\"cvagas\">CR<\/td>\r\n<td class=\"cremuneracao\">R$ 2.087,57 \/30h<\/td>\r\n<\/tr><td class=\"ccargos\">\r\n<span data-balloon-length=\"medium\" aria-label=\"Ensino M\u00e9dio Completo.\" data-balloon-pos=\"up\">Auxiliar de Inspe\u00e7\u00e3o<\/span><\/td>\r\n<td class=\"cvagas\">CR<\/td>\r\n<td class=\"cremuneracao\">R$ 2.474,10 \/40h<\/td>\r\n<\/tr><td class=\"ccargos\">\r\n<span data-balloon-length=\"medium\" aria-label=\"Ensino M\u00e9dio Completo.\" data-balloon-pos=\"up\">Fiscal Sanit\u00e1rio<\/span><\/td>\r\n<td class=\"cvagas\">CR<\/td>\r\n<td class=\"cremuneracao\">R$ 2.452,38 \/30h<\/td>\r\n<\/tr><td class=\"ccargos\">\r\n<span data-balloon-length=\"medium\" aria-label=\"Ensino M\u00e9dio Completo.\" data-balloon-pos=\"up\">Oficial Administrativo<\/span><\/td>\r\n<td class=\"cvagas\">CR<\/td>\r\n<td class=\"cremuneracao\">R$ 2.452,38 \/30h<\/td>\r\n<\/tr><td class=\"ccargos\">\r\n<span data-balloon-length=\"medium\" aria-label=\"Ensino M\u00e9dio Completo.\" data-balloon-pos=\"up\">T\u00e9cnico Administrativo Educacional<\/span><\/td>\r\n<td class=\"cvagas\">CR<\/td>\r\n<td class=\"cremuneracao\">R$ 2.339,23 \/30h<\/td>\r\n<\/tr><td class=\"ccargos\">\r\n<span data-balloon-length=\"medium\" aria-label=\"Ensino M\u00e9dio Completo com curso de T\u00e9cnico em Enfermagem, com registro no COREN.\" data-balloon-pos=\"up\">T\u00e9cnico em Enfermagem<\/span><\/td>\r\n<td class=\"cvagas\">CR<\/td>\r\n<td class=\"cremuneracao\">R$ 2.185,77 \/40h<\/td>\r\n<\/tr><td class=\"ccargos\">\r\n<span data-balloon-length=\"medium\" aria-label=\"Ensino M\u00e9dio Completo com registro no CRO.\" data-balloon-pos=\"up\">T\u00e9cnico em Higiene Dent\u00e1ria<\/span><\/td>\r\n<td class=\"cvagas\">CR<\/td>\r\n<td class=\"cremuneracao\">R$ 2.185,73 \/40h<\/td>\r\n<\/tr><td class=\"ccargos\">\r\n<span data-balloon-length=\"medium\" aria-label=\"Ensino M\u00e9dio Completo com Forma\u00e7\u00e3o T\u00e9cnica, com registro no CRO.\" data-balloon-pos=\"up\">T\u00e9cnico em Pr\u00f3tese<\/span><\/td>\r\n<td class=\"cvagas\">CR<\/td>\r\n<td class=\"cremuneracao\">R$ 1.639,33 \/30h<\/td>\r\n<\/tr>\r\n    <\/tbody>\r\n  <\/table>\r\n<\/div>","_superior":"<div>\r\n<table class=\"quadro\">\r\n<thead>\r\n<tr>\r\n<th class=\"hcargo\">Cargo<\/th>\r\n<th class=\"hvagas\">Vagas<\/th>\r\n<th class=\"hremuneracao\">Remunera\u00e7\u00e3o<\/th>\r\n<\/tr>\r\n<\/thead>\r\n    <tbody>\r\n      <tr>\r\n<td class=\"ccargos\">\r\n<span data-balloon-length=\"medium\" aria-label=\"Ensino Superior Completo em Arquitetura e Urbanismo e Registro no Conselho Regional.\" data-balloon-pos=\"up\">Arquiteto<\/span><\/td>\r\n<td class=\"cvagas\">CR<\/td>\r\n<td class=\"cremuneracao\">R$ 5.500,00 \/40h<\/td>\r\n<\/tr><tr>\r\n<td class=\"ccargos\">\r\n<span data-balloon-length=\"medium\" aria-label=\"Ensino Superior em Enfermagem, com registro no COREN.\" data-balloon-pos=\"up\">Enfermeiro<\/span><\/td>\r\n<td class=\"cvagas\">CR<\/td>\r\n<td class=\"cremuneracao\">R$ 4.907,21 \/40h<\/td>\r\n<\/tr><tr>\r\n<td class=\"ccargos\">\r\n<span data-balloon-length=\"medium\" aria-label=\"Ensino Superior em Agronomia, com registro no CREA.\" data-balloon-pos=\"up\">Engenheiro Agr\u00f4nomo<\/span><\/td>\r\n<td class=\"cvagas\">CR<\/td>\r\n<td class=\"cremuneracao\">R$ 3.680,50 \/30h<\/td>\r\n<\/tr><tr>\r\n<td class=\"ccargos\">\r\n<span data-balloon-length=\"medium\" aria-label=\"Curso Superior em Engenharia Ambiental ou Florestal.\" data-balloon-pos=\"up\">Engenheiro Ambiental ou Florestal<\/span><\/td>\r\n<td class=\"cvagas\">CR<\/td>\r\n<td class=\"cremuneracao\">R$ 3.680,50 \/30h<\/td>\r\n<\/tr><tr>\r\n<td class=\"ccargos\">\r\n<span data-balloon-length=\"medium\" aria-label=\"Ensino Superior em Engenharia Civil, com registro no CREA.\" data-balloon-pos=\"up\">Engenheiro Civil<\/span><\/td>\r\n<td class=\"cvagas\">CR<\/td>\r\n<td class=\"cremuneracao\">R$ 5.500,00 \/30h<\/td>\r\n<\/tr><tr>\r\n<td class=\"ccargos\">\r\n<span data-balloon-length=\"medium\" aria-label=\"Ensino Superior Completo em Farm\u00e1cia, com especializa\u00e7\u00e3o em An\u00e1lises Cl\u00ednicas + com registro no CRF.\" data-balloon-pos=\"up\">Farmac\u00eautico\/Bioqu\u00edmico<\/span><\/td>\r\n<td class=\"cvagas\">CR<\/td>\r\n<td class=\"cremuneracao\">R$ 3.680,50 \/30h<\/td>\r\n<\/tr><tr>\r\n<td class=\"ccargos\">\r\n<span data-balloon-length=\"medium\" aria-label=\"Ensino Superior em Fisioterapia, com registro no Conselho Regional de Fisioterapia e Terapia Ocupacional (CREFITO).\" data-balloon-pos=\"up\">Fisioterapeuta<\/span><\/td>\r\n<td class=\"cvagas\">CR<\/td>\r\n<td class=\"cremuneracao\">R$ 3.680,50 \/30h<\/td>\r\n<\/tr><tr>\r\n<td class=\"ccargos\">\r\n<span data-balloon-length=\"medium\" aria-label=\"Ensino Superior em Fonoaudiologia, com registro no CREFONO.\" data-balloon-pos=\"up\">Fonoaudi\u00f3logo<\/span><\/td>\r\n<td class=\"cvagas\">CR<\/td>\r\n<td class=\"cremuneracao\">R$ 4.907,21 \/40h<\/td>\r\n<\/tr><tr>\r\n<td class=\"ccargos\">\r\n<span data-balloon-length=\"medium\" aria-label=\"Ensino Superior em Medicina, com registro no CRM.\" data-balloon-pos=\"up\">M\u00e9dico<\/span><\/td>\r\n<td class=\"cvagas\">CR<\/td>\r\n<td class=\"cremuneracao\">R$ 14.000,00 \/40h<\/td>\r\n<\/tr><tr>\r\n<td class=\"ccargos\">\r\n<span data-balloon-length=\"medium\" aria-label=\"Ensino Superior em Medicina Veterin\u00e1ria, com registro no CRMV.\" data-balloon-pos=\"up\">M\u00e9dico Veterin\u00e1rio<\/span><\/td>\r\n<td class=\"cvagas\">CR<\/td>\r\n<td class=\"cremuneracao\">R$ 4.907,21 \/40h<\/td>\r\n<\/tr><tr>\r\n<td class=\"ccargos\">\r\n<span data-balloon-length=\"medium\" aria-label=\"Ensino Superior em Nutri\u00e7\u00e3o, com registro no CRN.\" data-balloon-pos=\"up\">Nutricionista<\/span><\/td>\r\n<td class=\"cvagas\">CR<\/td>\r\n<td class=\"cremuneracao\">R$ 3.680,50 \/30h<\/td>\r\n<\/tr><tr>\r\n<td class=\"ccargos\">\r\n<span data-balloon-length=\"medium\" aria-label=\"Ensino Superior em Odontologia, com registro no CRO.\" data-balloon-pos=\"up\">Odont\u00f3logo<\/span><\/td>\r\n<td class=\"cvagas\">CR<\/td>\r\n<td class=\"cremuneracao\">R$ 4.907,21 \/40h<\/td>\r\n<\/tr><tr>\r\n<td class=\"ccargos\">\r\n<span data-balloon-length=\"medium\" aria-label=\"Ensino Superior em Licenciatura Plena em Educa\u00e7\u00e3o F\u00edsica, com registro no CREF\/MT.\" data-balloon-pos=\"up\">Professor - Educa\u00e7\u00e3o F\u00edsica<\/span><\/td>\r\n<td class=\"cvagas\">CR<\/td>\r\n<td class=\"cremuneracao\">R$ 5.351,28 \/30h<\/td>\r\n<\/tr><tr>\r\n<td class=\"ccargos\">\r\n<span data-balloon-length=\"medium\" aria-label=\"Licenciatura Plena em Letras - habilita\u00e7\u00e3o em L\u00edngua Inglesa.\" data-balloon-pos=\"up\">Professor - Ingl\u00eas<\/span><\/td>\r\n<td class=\"cvagas\">CR<\/td>\r\n<td class=\"cremuneracao\">R$ 5.351,28 \/30h<\/td>\r\n<\/tr><tr>\r\n<td class=\"ccargos\">\r\n<span data-balloon-length=\"medium\" aria-label=\"Ensino Superior em Licenciatura Plena em Pedagogia.\" data-balloon-pos=\"up\">Professor Pedagogo<\/span><\/td>\r\n<td class=\"cvagas\">CR<\/td>\r\n<td class=\"cremuneracao\">R$ 5.351,28 \/30h<\/td>\r\n<\/tr><tr>\r\n<td class=\"ccargos\">\r\n<span data-balloon-length=\"medium\" aria-label=\"Ensino Superior em Psicologia, com registro no CRP.\" data-balloon-pos=\"up\">Psic\u00f3logo<\/span><\/td>\r\n<td class=\"cvagas\">CR<\/td>\r\n<td class=\"cremuneracao\">R$ 4.907,21 \/40h<\/td>\r\n<\/tr><tr>\r\n<td class=\"ccargos\">\r\n<span data-balloon-length=\"medium\" aria-label=\"N\u00edvel superior completo nas seguintes \u00e1reas de atua\u00e7\u00e3o: m\u00e9dico (a), m\u00e9dico (a) veterin\u00e1rio, farmac\u00eautico\/bioqu\u00edmico (a), engenheiro (a) sanit\u00e1rio (a), Odont\u00f3logo(a), enfermeiro (a).\" data-balloon-pos=\"up\">T\u00e9cnico em Fiscaliza\u00e7\u00e3o Sanit\u00e1ria<\/span><\/td>\r\n<td class=\"cvagas\">CR<\/td>\r\n<td class=\"cremuneracao\">R$ 4.907,21 \/40h<\/td>\r\n<\/tr>\r\n    <\/tbody>\r\n  <\/table>\r\n<\/div>"},"_links":{"self":[{"href":"https:\/\/www.agrobase.com.br\/concursos\/wp-json\/wp\/v2\/posts\/277822","targetHints":{"allow":["GET"]}}],"collection":[{"href":"https:\/\/www.agrobase.com.br\/concursos\/wp-json\/wp\/v2\/posts"}],"about":[{"href":"https:\/\/www.agrobase.com.br\/concursos\/wp-json\/wp\/v2\/types\/post"}],"author":[{"embeddable":true,"href":"https:\/\/www.agrobase.com.br\/concursos\/wp-json\/wp\/v2\/users\/7"}],"replies":[{"embeddable":true,"href":"https:\/\/www.agrobase.com.br\/concursos\/wp-json\/wp\/v2\/comments?post=277822"}],"version-history":[{"count":1,"href":"https:\/\/www.agrobase.com.br\/concursos\/wp-json\/wp\/v2\/posts\/277822\/revisions"}],"predecessor-version":[{"id":277824,"href":"https:\/\/www.agrobase.com.br\/concursos\/wp-json\/wp\/v2\/posts\/277822\/revisions\/277824"}],"wp:featuredmedia":[{"embeddable":true,"href":"https:\/\/www.agrobase.com.br\/concursos\/wp-json\/wp\/v2\/media\/277821"}],"wp:attachment":[{"href":"https:\/\/www.agrobase.com.br\/concursos\/wp-json\/wp\/v2\/media?parent=277822"}],"wp:term":[{"taxonomy":"category","embeddable":true,"href":"https:\/\/www.agrobase.com.br\/concursos\/wp-json\/wp\/v2\/categories?post=277822"},{"taxonomy":"post_tag","embeddable":true,"href":"https:\/\/www.agrobase.com.br\/concursos\/wp-json\/wp\/v2\/tags?post=277822"},{"taxonomy":"_amplo","embeddable":true,"href":"https:\/\/www.agrobase.com.br\/concursos\/wp-json\/wp\/v2\/_amplo?post=277822"},{"taxonomy":"destaque","embeddable":true,"href":"https:\/\/www.agrobase.com.br\/concursos\/wp-json\/wp\/v2\/destaque?post=277822"},{"taxonomy":"instituicoes","embeddable":true,"href":"https:\/\/www.agrobase.com.br\/concursos\/wp-json\/wp\/v2\/instituicoes?post=277822"}],"curies":[{"name":"wp","href":"https:\/\/api.w.org\/{rel}","templated":true}]}}