{"id":277815,"date":"2026-02-10T07:10:25","date_gmt":"2026-02-10T10:10:25","guid":{"rendered":"https:\/\/www.agrobase.com.br\/concursos\/?p=277815"},"modified":"2026-02-09T11:21:30","modified_gmt":"2026-02-09T14:21:30","slug":"prefeitura-lages-sc-selecao-publica-01-2026","status":"publish","type":"post","link":"https:\/\/www.agrobase.com.br\/concursos\/2026\/prefeitura-lages-sc-selecao-publica-01-2026\/","title":{"rendered":"Prefeitura Lages (SC) &#8211; Sele\u00e7\u00e3o P\u00fablica 01\/2026"},"content":{"rendered":"<h2>Informa\u00e7\u00f5es Gerais<\/h2>\n<p>O <strong>Munic\u00edpio de Lages<\/strong>, por meio da Secretaria da Administra\u00e7\u00e3o, abriu <strong>Processo Seletivo<\/strong> para preenchimento de <strong>85 vagas tempor\u00e1rias<\/strong> em seu quadro de pessoal. O certame \u00e9 regido pela Lei Complementar n\u00ba 497\/2017 e tem coordena\u00e7\u00e3o t\u00e9cnico-administrativa do <strong>IBAM \u2013 Instituto Brasileiro de Administra\u00e7\u00e3o Municipal<\/strong>.<\/p>\n<p>As oportunidades contemplam candidatos de <strong>todos os n\u00edveis de escolaridade<\/strong>: Fundamental Incompleto, M\u00e9dio\/T\u00e9cnico e Superior. Os sal\u00e1rios variam de <strong>R$ 1.549,55 a R$ 3.034,54<\/strong>, com carga hor\u00e1ria entre 20h e 40h semanais, conforme a fun\u00e7\u00e3o.<\/p>\n<p>Entre as vagas de <strong>n\u00edvel superior<\/strong>, h\u00e1 oportunidades para Enfermeiro, Farmac\u00eautico\/Bioqu\u00edmico, Muse\u00f3logo e Terapeuta Ocupacional. No <strong>n\u00edvel m\u00e9dio\/t\u00e9cnico<\/strong>, destaca-se a oferta de <strong>50 vagas para Auxiliar de Sala<\/strong>, al\u00e9m de fun\u00e7\u00f5es como T\u00e9cnico em Enfermagem, T\u00e9cnico em Higiene Dental e Top\u00f3grafo. Para candidatos de <strong>n\u00edvel fundamental<\/strong>, h\u00e1 vagas para Motorista de Ve\u00edculos Pesados, Operador de M\u00e1quinas Pesadas, Auxiliar de Servi\u00e7os Gerais, Cozinheiro, Pedreiro, Encanador e Soldador.<\/p>\n<p>Continue a leitura para conferir todos os detalhes sobre inscri\u00e7\u00f5es, etapas do processo seletivo e como acompanhar os resultados.<\/p>\n<h2>Inscri\u00e7\u00f5es<\/h2>\n<p>As inscri\u00e7\u00f5es para o Processo Seletivo do Munic\u00edpio de Lages\/SC estar\u00e3o abertas no per\u00edodo de <strong>06h do dia 02 de fevereiro de 2026 at\u00e9 as 18h do dia 02 de mar\u00e7o de 2026<\/strong>.<\/p>\n<p>Para se inscrever, o candidato dever\u00e1:<\/p>\n<ul>\n<li>Acessar o site do Munic\u00edpio de Lages (<strong>www.lages.sc.gov.br<\/strong>) e identificar o link para o Processo Seletivo, ou acessar diretamente o site do IBAM (<strong>www.ibam-concursos.org.br<\/strong>);<\/li>\n<li>Clicar no link da fun\u00e7\u00e3o escolhida;<\/li>\n<li>Preencher a ficha de inscri\u00e7\u00e3o com aten\u00e7\u00e3o;<\/li>\n<li>Conferir todos os dados, inclusive a denomina\u00e7\u00e3o da fun\u00e7\u00e3o e seu respectivo c\u00f3digo, antes de confirmar a inscri\u00e7\u00e3o.<\/li>\n<\/ul>\n<p>No site do IBAM, o candidato ter\u00e1 acesso ao Edital completo, anexos, ficha de inscri\u00e7\u00e3o e todos os procedimentos necess\u00e1rios para efetiva\u00e7\u00e3o da inscri\u00e7\u00e3o.<\/p>\n<p>Recomendamos a leitura integral do edital para verificar informa\u00e7\u00f5es sobre taxas de inscri\u00e7\u00e3o, possibilidade de isen\u00e7\u00e3o e demais orienta\u00e7\u00f5es espec\u00edficas para cada fun\u00e7\u00e3o.<\/p>\n<h2>Etapas e Provas<\/h2>\n<p>O Processo Seletivo do Munic\u00edpio de Lages\/SC ser\u00e1 composto por at\u00e9 tr\u00eas etapas, conforme a fun\u00e7\u00e3o pretendida:<\/p>\n<ul>\n<li><strong>Prova Escrita Objetiva<\/strong> \u2013 Car\u00e1ter <strong>eliminat\u00f3rio e classificat\u00f3rio<\/strong>, aplicada a todos os candidatos. Ser\u00e1 composta por quest\u00f5es objetivas de m\u00faltipla escolha, conforme conte\u00fado program\u00e1tico descrito nos Anexos II e III do edital. A prova ser\u00e1 realizada no dia <strong>22 de mar\u00e7o de 2026, \u00e0s 09h<\/strong>, com dura\u00e7\u00e3o de <strong>2 horas e 30 minutos<\/strong>.<\/li>\n<li><strong>Prova de T\u00edtulos<\/strong> \u2013 Car\u00e1ter <strong>classificat\u00f3rio<\/strong>, exclusiva para candidatos \u00e0 fun\u00e7\u00e3o de <strong>Auxiliar de Sala<\/strong>. A pontua\u00e7\u00e3o ser\u00e1 atribu\u00edda mediante apresenta\u00e7\u00e3o de t\u00edtulos na \u00e1rea de Magist\u00e9rio. Os documentos dever\u00e3o ser enviados pelo site <strong>www.ibam-concursos.org.br<\/strong> nos dias <strong>23 e 24 de mar\u00e7o de 2026<\/strong>, no hor\u00e1rio das 8h \u00e0s 20h.<\/li>\n<li><strong>Prova Pr\u00e1tica<\/strong> \u2013 Car\u00e1ter <strong>eliminat\u00f3rio e classificat\u00f3rio<\/strong>, destinada exclusivamente aos candidatos \u00e0s fun\u00e7\u00f5es de <strong>Motorista de Ve\u00edculos Pesados<\/strong> e <strong>Operador de M\u00e1quinas Pesadas<\/strong>. Ser\u00e1 realizada no dia <strong>19 de abril de 2026<\/strong>, em local e hor\u00e1rio a serem divulgados em edital pr\u00f3prio, com pelo menos cinco dias de anteced\u00eancia.<\/li>\n<\/ul>\n<p>Consulte o edital completo para verificar o conte\u00fado program\u00e1tico detalhado, crit\u00e9rios de pontua\u00e7\u00e3o e notas m\u00ednimas exigidas para aprova\u00e7\u00e3o em cada etapa.<\/p>\n<h2>Resultados e Gabarito<\/h2>\n<p>A divulga\u00e7\u00e3o dos resultados do Processo Seletivo do Munic\u00edpio de Lages\/SC seguir\u00e1 o seguinte cronograma:<\/p>\n<ul>\n<li><strong>Gabarito Preliminar:<\/strong> 23 de mar\u00e7o de 2026 \u2013 dispon\u00edvel em <strong>www.ibam-concursos.org.br<\/strong><\/li>\n<li><strong>Gabarito Definitivo:<\/strong> 13 de abril de 2026 \u2013 dispon\u00edvel em <strong>www.ibam-concursos.org.br<\/strong><\/li>\n<li><strong>Classifica\u00e7\u00e3o Preliminar:<\/strong> 13 de abril de 2026 \u2013 publica\u00e7\u00e3o no site do IBAM com o desempenho de todos os candidatos inscritos, por fun\u00e7\u00e3o, em ordem decrescente de pontua\u00e7\u00e3o<\/li>\n<\/ul>\n<p>Ap\u00f3s a an\u00e1lise de todos os recursos, ser\u00e1 publicada a <strong>rela\u00e7\u00e3o final<\/strong> com os candidatos aprovados por fun\u00e7\u00e3o, em ordem de classifica\u00e7\u00e3o.<\/p>\n<p>O <strong>resultado final<\/strong> do Processo Seletivo ser\u00e1 homologado pela Prefeita Municipal e publicado nos seguintes canais oficiais:<\/p>\n<ul>\n<li>Site do Munic\u00edpio de Lages: <strong>www.lages.sc.gov.br<\/strong><\/li>\n<li>Di\u00e1rio Oficial dos Munic\u00edpios: <strong>www.diariomunicipal.sc.gov.br<\/strong><\/li>\n<\/ul>\n<p>\u00c9 de <strong>responsabilidade exclusiva do candidato<\/strong> acompanhar todas as publica\u00e7\u00f5es oficiais referentes ao certame, incluindo convoca\u00e7\u00f5es, retifica\u00e7\u00f5es e demais comunicados. Recomendamos consultar periodicamente os sites indicados para n\u00e3o perder nenhum prazo importante.<\/p>\n","protected":false},"excerpt":{"rendered":"<p>Processo Seletivo Pref. Lages (SC) com edital publicado! Vagas p\/ Enfermeiro e Aux. de Sala (Fund. a Sup.). Inscri\u00e7\u00f5es a partir de 02\/02. Confira detalhes!<\/p>\n","protected":false},"author":7,"featured_media":277814,"comment_status":"open","ping_status":"open","sticky":false,"template":"","format":"standard","meta":{"_acf_changed":false,"_breakdance_hide_in_design_set":false,"_breakdance_tags":"","footnotes":""},"categories":[106,12,17,108,143,134],"tags":[61],"_amplo":[],"destaque":[],"instituicoes":[],"class_list":["post-277815","post","type-post","status-publish","format-standard","has-post-thumbnail","hentry","category-bioquimica","category-enfermagem","category-farmacia","category-tecnico-enfermagem","category-tecnico-odontologia","category-terapia-ocupacional","tag-santa-catarina"],"acf":{"_tipo_vagas":"vagas","_numero_vagas":"","_quadro_vagas":"","_cargos":"diversos","_cargos_especificos":"","_salario_max":"R$ 3034.54","_abertura":"20260202","_encerramento":"20260302","_inscricoes":"https:\/\/www.ibam-concursos.org.br","_executora_concurso":"","_instituicao_concurso":[],"_link_adicional":null,"_anexos":null,"_produtos":null,"_vagas":"85 vagas","_salario_min":"R$ 1549.55","_instituicao":"Prefeitura de Lages","_edital":"https:\/\/www.agrobase.com.br\/concursos\/wp-content\/uploads\/sites\/4\/2026\/02\/edital-01-2026-prefeitura-de-lages-sc.pdf","_anexos_edital":"https:\/\/www.agrobase.com.br\/concursos\/wp-content\/uploads\/sites\/4\/2026\/02\/anexos-edital-01-2026-prefeitura-de-lages-sc.pdf","_fund_incompleto":"<div>\r\n<table class=\"quadro\">\r\n<thead>\r\n<tr>\r\n<th class=\"hcargo\">Cargo<\/th>\r\n<th class=\"hvagas\">Vagas<\/th>\r\n<th class=\"hremuneracao\">Remunera\u00e7\u00e3o<\/th>\r\n<\/tr>\r\n<\/thead>\r\n    <tbody>\r\n      <td class=\"ccargos\">\r\n<span data-balloon-length=\"medium\" aria-label=\"Certificado de 4\u00ba ano do Ensino Fundamental.\" data-balloon-pos=\"up\">ENCANADOR<\/span><\/td>\r\n<td class=\"cvagas\">01<\/td>\r\n<td class=\"cremuneracao\">R$ 1.621,00 \/40h<\/td>\r\n<\/tr><td class=\"ccargos\">\r\n<span data-balloon-length=\"medium\" aria-label=\"Certificado de 4\u00ba ano do Ensino Fundamental e CNH, categoria 'C'.\" data-balloon-pos=\"up\">MOTORISTA DE VE\u00cdCULOS PESADOS<\/span><\/td>\r\n<td class=\"cvagas\">01<\/td>\r\n<td class=\"cremuneracao\">R$ 2.453,45 \/40h<\/td>\r\n<\/tr><td class=\"ccargos\">\r\n<span data-balloon-length=\"medium\" aria-label=\"Certificado de 4\u00ba ano do Ensino Fundamental e CNH, categoria 'D'.\" data-balloon-pos=\"up\">OPERADOR DE M\u00c1QUINAS PESADAS<\/span><\/td>\r\n<td class=\"cvagas\">01<\/td>\r\n<td class=\"cremuneracao\">R$ 2.453,45 \/40h<\/td>\r\n<\/tr><td class=\"ccargos\">\r\n<span data-balloon-length=\"medium\" aria-label=\"Certificado de 4\u00ba ano do Ensino Fundamental.\" data-balloon-pos=\"up\">PEDREIRO<\/span><\/td>\r\n<td class=\"cvagas\">01<\/td>\r\n<td class=\"cremuneracao\">R$ 1.621,00 \/40h<\/td>\r\n<\/tr><td class=\"ccargos\">\r\n<span data-balloon-length=\"medium\" aria-label=\"Certificado de 4\u00ba ano do Ensino Fundamental.\" data-balloon-pos=\"up\">SOLDADOR<\/span><\/td>\r\n<td class=\"cvagas\">01<\/td>\r\n<td class=\"cremuneracao\">R$ 1.621,00 \/40h<\/td>\r\n<\/tr><td class=\"ccargos\">\r\n<span data-balloon-length=\"medium\" aria-label=\"Alfabetizado (capacidade de leitura e escrita).\" data-balloon-pos=\"up\">AUXILIAR DE SERVI\u00c7OS GERAIS<\/span><\/td>\r\n<td class=\"cvagas\">08<\/td>\r\n<td class=\"cremuneracao\">R$ 1.621,00 \/40h<\/td>\r\n<\/tr><td class=\"ccargos\">\r\n<span data-balloon-length=\"medium\" aria-label=\"Alfabetizado (capacidade de leitura e escrita).\" data-balloon-pos=\"up\">COZINHEIRO<\/span><\/td>\r\n<td class=\"cvagas\">08<\/td>\r\n<td class=\"cremuneracao\">R$ 1.621,00 \/40h<\/td>\r\n<\/tr>\r\n    <\/tbody>\r\n  <\/table>\r\n<\/div>","_fund_completo":"","_medio":"<div>\r\n<table class=\"quadro\">\r\n<thead>\r\n<tr>\r\n<th class=\"hcargo\">Cargo<\/th>\r\n<th class=\"hvagas\">Vagas<\/th>\r\n<th class=\"hremuneracao\">Remunera\u00e7\u00e3o<\/th>\r\n<\/tr>\r\n<\/thead>\r\n    <tbody>\r\n      <td class=\"ccargos\">\r\n<span data-balloon-length=\"medium\" aria-label=\"Diploma ou Certificado de conclus\u00e3o do Ensino M\u00e9dio.\" data-balloon-pos=\"up\">AUXILIAR DE SALA<\/span><\/td>\r\n<td class=\"cvagas\">50<\/td>\r\n<td class=\"cremuneracao\">R$ 1.936,93 \/40h<\/td>\r\n<\/tr><td class=\"ccargos\">\r\n<span data-balloon-length=\"medium\" aria-label=\"Diploma ou Certificado de conclus\u00e3o do Ensino M\u00e9dio, com disponibilidade para atuar em regime de plant\u00e3o.\" data-balloon-pos=\"up\">CUIDADOR - FEMININO<\/span><\/td>\r\n<td class=\"cvagas\">01<\/td>\r\n<td class=\"cremuneracao\">R$ 1.621,00 \/40h em regime de plant\u00e3o - escala 12\/36h<\/td>\r\n<\/tr><td class=\"ccargos\">\r\n<span data-balloon-length=\"medium\" aria-label=\"Diploma ou Certificado de conclus\u00e3o do Ensino M\u00e9dio, com disponibilidade para atuar em regime de plant\u00e3o.\" data-balloon-pos=\"up\">CUIDADOR - MASCULINO<\/span><\/td>\r\n<td class=\"cvagas\">01<\/td>\r\n<td class=\"cremuneracao\">R$ 1.621,00 \/40h em regime de plant\u00e3o - escala 12\/36h<\/td>\r\n<\/tr><td class=\"ccargos\">\r\n<span data-balloon-length=\"medium\" aria-label=\"Diploma ou Certificado de conclus\u00e3o do Ensino M\u00e9dio.\" data-balloon-pos=\"up\">FACILITADOR DE OFICINAS<\/span><\/td>\r\n<td class=\"cvagas\">01<\/td>\r\n<td class=\"cremuneracao\">R$ 1.621,00 \/40h<\/td>\r\n<\/tr><td class=\"ccargos\">\r\n<span data-balloon-length=\"medium\" aria-label=\"Diploma ou Certificado de conclus\u00e3o do Ensino M\u00e9dio, com disponibilidade para atuar em regime de plant\u00e3o.\" data-balloon-pos=\"up\">CUIDADOR SOCIAL DE CRIAN\u00c7A E ADOLESCENTE - MASCULINO<\/span><\/td>\r\n<td class=\"cvagas\">01<\/td>\r\n<td class=\"cremuneracao\">R$ 1.621,00 \/40h em regime de plant\u00e3o - escala 12\/36h<\/td>\r\n<\/tr><td class=\"ccargos\">\r\n<span data-balloon-length=\"medium\" aria-label=\"Diploma ou Certificado de conclus\u00e3o do Ensino M\u00e9dio, com disponibilidade para atuar em regime de plant\u00e3o.\" data-balloon-pos=\"up\">CUIDADOR SOCIAL DE CRIAN\u00c7A E ADOLESCENTE - FEMININO<\/span><\/td>\r\n<td class=\"cvagas\">01<\/td>\r\n<td class=\"cremuneracao\">R$ 1.621,00 \/40h em regime de plant\u00e3o - escala 12\/36h<\/td>\r\n<\/tr><td class=\"ccargos\">\r\n<span data-balloon-length=\"medium\" aria-label=\"Curso T\u00e9cnico em n\u00edvel de Ensino M\u00e9dio em Enfermagem e registro no COREN.\" data-balloon-pos=\"up\">T\u00c9CNICO EM ENFERMAGEM<\/span><\/td>\r\n<td class=\"cvagas\">01<\/td>\r\n<td class=\"cremuneracao\">R$ 2.453,45 \/40h<\/td>\r\n<\/tr><td class=\"ccargos\">\r\n<span data-balloon-length=\"medium\" aria-label=\"Curso T\u00e9cnico em n\u00edvel de Ensino M\u00e9dio em Higiene Bucal ou Sa\u00fade Bucal e registro no CRO.\" data-balloon-pos=\"up\">T\u00c9CNICO EM HIGIENE DENTAL DE PROGRAMAS DA SA\u00daDE<\/span><\/td>\r\n<td class=\"cvagas\">01<\/td>\r\n<td class=\"cremuneracao\">R$ 2.286,86 \/40h<\/td>\r\n<\/tr><td class=\"ccargos\">\r\n<span data-balloon-length=\"medium\" aria-label=\"Curso T\u00e9cnico em n\u00edvel de Ensino M\u00e9dio em Agrimensura ou Topografia e registro no CREA.\" data-balloon-pos=\"up\">TOP\u00d3GRAFO<\/span><\/td>\r\n<td class=\"cvagas\">01<\/td>\r\n<td class=\"cremuneracao\">R$ 2.453,45 \/40h<\/td>\r\n<\/tr>\r\n    <\/tbody>\r\n  <\/table>\r\n<\/div>","_superior":"<div>\r\n<table class=\"quadro\">\r\n<thead>\r\n<tr>\r\n<th class=\"hcargo\">Cargo<\/th>\r\n<th class=\"hvagas\">Vagas<\/th>\r\n<th class=\"hremuneracao\">Remunera\u00e7\u00e3o<\/th>\r\n<\/tr>\r\n<\/thead>\r\n    <tbody>\r\n      <tr>\r\n<td class=\"ccargos\">\r\n<span data-balloon-length=\"medium\" aria-label=\"Diploma de curso superior em Enfermagem e certificado de registro no COREN.\" data-balloon-pos=\"up\">ENFERMEIRO<\/span><\/td>\r\n<td class=\"cvagas\">01<\/td>\r\n<td class=\"cremuneracao\">R$ 3.034,54 \/40h<\/td>\r\n<\/tr><tr>\r\n<td class=\"ccargos\">\r\n<span data-balloon-length=\"medium\" aria-label=\"Diploma de curso superior em Farm\u00e1cia\/Bioqu\u00edmica ou Farm\u00e1cia.\" data-balloon-pos=\"up\">FARMAC\u00caUTICO\/BIOQU\u00cdMICO<\/span><\/td>\r\n<td class=\"cvagas\">01<\/td>\r\n<td class=\"cremuneracao\">R$ 3.034,54 \/40h<\/td>\r\n<\/tr><tr>\r\n<td class=\"ccargos\">\r\n<span data-balloon-length=\"medium\" aria-label=\"Diploma de curso superior em Farm\u00e1cia\/Bioqu\u00edmica ou Farm\u00e1cia.\" data-balloon-pos=\"up\">FARMAC\u00caUTICO\/BIOQU\u00cdMICO EM PROGRAMAS DA SA\u00daDE<\/span><\/td>\r\n<td class=\"cvagas\">01<\/td>\r\n<td class=\"cremuneracao\">R$ 2.828,52 \/40h<\/td>\r\n<\/tr><tr>\r\n<td class=\"ccargos\">\r\n<span data-balloon-length=\"medium\" aria-label=\"Diploma de conclus\u00e3o de gradua\u00e7\u00e3o em Museologia.\" data-balloon-pos=\"up\">MUSE\u00d3LOGO<\/span><\/td>\r\n<td class=\"cvagas\">01<\/td>\r\n<td class=\"cremuneracao\">R$ 1.549,55 \/20h<\/td>\r\n<\/tr><tr>\r\n<td class=\"ccargos\">\r\n<span data-balloon-length=\"medium\" aria-label=\"Diploma de n\u00edvel superior em Terapia Ocupacional.\" data-balloon-pos=\"up\">TERAPEUTA OCUPACIONAL<\/span><\/td>\r\n<td class=\"cvagas\">01<\/td>\r\n<td class=\"cremuneracao\">R$ 3.034,54 \/30h<\/td>\r\n<\/tr><tr>\r\n<td class=\"ccargos\">\r\n<span data-balloon-length=\"medium\" aria-label=\"Diploma de n\u00edvel superior em Terapia Ocupacional.\" data-balloon-pos=\"up\">TERAPEUTA OCUPACIONAL EM PROGRAMAS DA SA\u00daDE<\/span><\/td>\r\n<td class=\"cvagas\">01<\/td>\r\n<td class=\"cremuneracao\">R$ 2.828,52 \/30h<\/td>\r\n<\/tr>\r\n    <\/tbody>\r\n  <\/table>\r\n<\/div>"},"_links":{"self":[{"href":"https:\/\/www.agrobase.com.br\/concursos\/wp-json\/wp\/v2\/posts\/277815","targetHints":{"allow":["GET"]}}],"collection":[{"href":"https:\/\/www.agrobase.com.br\/concursos\/wp-json\/wp\/v2\/posts"}],"about":[{"href":"https:\/\/www.agrobase.com.br\/concursos\/wp-json\/wp\/v2\/types\/post"}],"author":[{"embeddable":true,"href":"https:\/\/www.agrobase.com.br\/concursos\/wp-json\/wp\/v2\/users\/7"}],"replies":[{"embeddable":true,"href":"https:\/\/www.agrobase.com.br\/concursos\/wp-json\/wp\/v2\/comments?post=277815"}],"version-history":[{"count":1,"href":"https:\/\/www.agrobase.com.br\/concursos\/wp-json\/wp\/v2\/posts\/277815\/revisions"}],"predecessor-version":[{"id":277817,"href":"https:\/\/www.agrobase.com.br\/concursos\/wp-json\/wp\/v2\/posts\/277815\/revisions\/277817"}],"wp:featuredmedia":[{"embeddable":true,"href":"https:\/\/www.agrobase.com.br\/concursos\/wp-json\/wp\/v2\/media\/277814"}],"wp:attachment":[{"href":"https:\/\/www.agrobase.com.br\/concursos\/wp-json\/wp\/v2\/media?parent=277815"}],"wp:term":[{"taxonomy":"category","embeddable":true,"href":"https:\/\/www.agrobase.com.br\/concursos\/wp-json\/wp\/v2\/categories?post=277815"},{"taxonomy":"post_tag","embeddable":true,"href":"https:\/\/www.agrobase.com.br\/concursos\/wp-json\/wp\/v2\/tags?post=277815"},{"taxonomy":"_amplo","embeddable":true,"href":"https:\/\/www.agrobase.com.br\/concursos\/wp-json\/wp\/v2\/_amplo?post=277815"},{"taxonomy":"destaque","embeddable":true,"href":"https:\/\/www.agrobase.com.br\/concursos\/wp-json\/wp\/v2\/destaque?post=277815"},{"taxonomy":"instituicoes","embeddable":true,"href":"https:\/\/www.agrobase.com.br\/concursos\/wp-json\/wp\/v2\/instituicoes?post=277815"}],"curies":[{"name":"wp","href":"https:\/\/api.w.org\/{rel}","templated":true}]}}