{"id":277772,"date":"2026-02-09T07:10:05","date_gmt":"2026-02-09T10:10:05","guid":{"rendered":"https:\/\/www.agrobase.com.br\/concursos\/?p=277772"},"modified":"2026-02-06T11:05:17","modified_gmt":"2026-02-06T14:05:17","slug":"ufsm-rs-selecao-simplificada-28-2026","status":"publish","type":"post","link":"https:\/\/www.agrobase.com.br\/concursos\/2026\/ufsm-rs-selecao-simplificada-28-2026\/","title":{"rendered":"UFSM (RS) &#8211; Sele\u00e7\u00e3o Simplificada 28\/2026"},"content":{"rendered":"<h2>Informa\u00e7\u00f5es Gerais<\/h2>\n<p>A <strong>Universidade Federal de Santa Maria (UFSM)<\/strong> publicou edital para realiza\u00e7\u00e3o de <strong>Processo Seletivo Simplificado para Professor Visitante Estrangeiro (PVE)<\/strong>, com vaga para atua\u00e7\u00e3o na cidade de Santa Maria, no Rio Grande do Sul.<\/p>\n<p>O certame oferece <strong>01 vaga<\/strong> para profissional com t\u00edtulo de Doutor, obtido h\u00e1 no m\u00ednimo 05 anos, na \u00e1rea <strong>Multidisciplinar\/Interdisciplinar<\/strong>, com foco em <strong>Aplica\u00e7\u00e3o de Modelo Global de Carbono e \u00c1gua na Agropecu\u00e1ria Brasileira<\/strong> \u2014 tema de grande relev\u00e2ncia para profissionais das ci\u00eancias agr\u00e1rias, ambientais e \u00e1reas correlatas.<\/p>\n<p>A contrata\u00e7\u00e3o ser\u00e1 em regime de <strong>Dedica\u00e7\u00e3o Exclusiva<\/strong>, com remunera\u00e7\u00e3o de <strong>R$ 24.802,62<\/strong>. O processo seletivo \u00e9 regido pela Lei N. 8.745\/1993, que trata da contrata\u00e7\u00e3o por tempo determinado para atender necessidade tempor\u00e1ria de excepcional interesse p\u00fablico.<\/p>\n<p>Esta \u00e9 uma oportunidade diferenciada para pesquisadores estrangeiros com atua\u00e7\u00e3o em <strong>Agronomia, Engenharia Ambiental, Zootecnia<\/strong> e \u00e1reas afins que desejam contribuir com a pesquisa e p\u00f3s-gradua\u00e7\u00e3o em uma das principais universidades federais do pa\u00eds. Continue a leitura para conhecer todos os detalhes sobre inscri\u00e7\u00f5es, etapas e resultados.<\/p>\n<h2>Inscri\u00e7\u00f5es<\/h2>\n<p>As inscri\u00e7\u00f5es para o Processo Seletivo Simplificado para Professor Visitante Estrangeiro da UFSM estar\u00e3o <strong>abertas das 09h do dia 03 de fevereiro de 2026 at\u00e9 as 23h59min do dia 04 de mar\u00e7o de 2026<\/strong>, observando o hor\u00e1rio oficial de Bras\u00edlia.<\/p>\n<p>A inscri\u00e7\u00e3o ser\u00e1 realizada <strong>exclusivamente pela internet<\/strong>, por meio do endere\u00e7o eletr\u00f4nico <strong>www.ufsm.br\/trabalhe-na-ufsm\/<\/strong>. <strong>N\u00e3o haver\u00e1 cobran\u00e7a de taxa de inscri\u00e7\u00e3o.<\/strong><\/p>\n<p>Para efetuar a inscri\u00e7\u00e3o, o candidato dever\u00e1:<\/p>\n<ul>\n<li>Acessar o endere\u00e7o eletr\u00f4nico www.ufsm.br\/trabalhe-na-ufsm\/ durante o per\u00edodo de inscri\u00e7\u00f5es;<\/li>\n<li>Selecionar a op\u00e7\u00e3o &#8220;Portal de Inscri\u00e7\u00f5es&#8221;;<\/li>\n<li>Acessar a p\u00e1gina do Edital e ler atentamente todas as orienta\u00e7\u00f5es;<\/li>\n<li>Clicar no link &#8220;Inscri\u00e7\u00f5es online&#8221; e preencher os dados solicitados.<\/li>\n<\/ul>\n<p>Recomenda-se a leitura integral do edital antes de realizar a inscri\u00e7\u00e3o, para verificar todos os requisitos e documentos necess\u00e1rios para participa\u00e7\u00e3o no processo seletivo.<\/p>\n<h2>Etapas e Provas<\/h2>\n<p>O processo seletivo simplificado para Professor Visitante Estrangeiro da UFSM ser\u00e1 composto pelas seguintes etapas:<\/p>\n<ul>\n<li><strong>An\u00e1lise do Curriculum Vitae (Quadro de Pontua\u00e7\u00e3o da Produ\u00e7\u00e3o)<\/strong> \u2014 Etapa obrigat\u00f3ria, de car\u00e1ter <strong>eliminat\u00f3rio e classificat\u00f3rio<\/strong>, com peso 10 (dez). O candidato dever\u00e1 obter <strong>nota m\u00ednima de 7,0 (sete)<\/strong> para aprova\u00e7\u00e3o. A avalia\u00e7\u00e3o seguir\u00e1 os crit\u00e9rios estabelecidos no Anexo II do edital.<\/li>\n<li><strong>Entrevista<\/strong> \u2014 Etapa de car\u00e1ter <strong>apenas classificat\u00f3rio<\/strong>, com peso 1,0 (um), que poder\u00e1 ser realizada de forma presencial ou \u00e0 dist\u00e2ncia (on-line), conforme previsto nas Instru\u00e7\u00f5es Espec\u00edficas (Anexo I). A convoca\u00e7\u00e3o para entrevista ser\u00e1 publicada na p\u00e1gina do processo seletivo com anteced\u00eancia m\u00ednima de 5 dias corridos.<\/li>\n<\/ul>\n<p>Quando o processo seletivo for constitu\u00eddo apenas da an\u00e1lise do Quadro de Pontua\u00e7\u00e3o da Produ\u00e7\u00e3o, esta etapa ter\u00e1 peso 10, mantendo-se a exig\u00eancia de nota m\u00ednima 7,0 para aprova\u00e7\u00e3o.<\/p>\n<p>Consulte o edital completo para verificar se haver\u00e1 entrevista para a vaga ofertada e para conhecer os crit\u00e9rios detalhados de pontua\u00e7\u00e3o do curr\u00edculo.<\/p>\n<h2>Resultados e Gabarito<\/h2>\n<p>A classifica\u00e7\u00e3o dos candidatos obedecer\u00e1 \u00e0 <strong>ordem decrescente da nota final<\/strong>, observada a nota m\u00ednima de 7,00 (sete) na etapa de an\u00e1lise do Quadro de Pontua\u00e7\u00e3o da Produ\u00e7\u00e3o para aprova\u00e7\u00e3o no certame.<\/p>\n<p>Ap\u00f3s ser divulgado em sess\u00e3o p\u00fablica, o resultado da sele\u00e7\u00e3o ser\u00e1 publicado na p\u00e1gina do processo seletivo simplificado, dispon\u00edvel em <strong>https:\/\/www.ufsm.br\/trabalhe-na-ufsm<\/strong>.<\/p>\n<p>O resultado final definitivo, ap\u00f3s an\u00e1lise de eventuais recursos, ser\u00e1 encaminhado pelo Programa de P\u00f3s-gradua\u00e7\u00e3o \u00e0 Coordenadoria de Concursos\/PROGEP para publica\u00e7\u00e3o na p\u00e1gina do edital.<\/p>\n<p><strong>Homologa\u00e7\u00e3o:<\/strong> O resultado do processo seletivo ser\u00e1 homologado pelo Colegiado do Programa de P\u00f3s-gradua\u00e7\u00e3o respons\u00e1vel pela sele\u00e7\u00e3o, pelo Conselho da Unidade Universit\u00e1ria e pelo Conselho de Ensino, Pesquisa e Extens\u00e3o, sendo posteriormente encaminhado \u00e0 PROGEP para as provid\u00eancias de contrata\u00e7\u00e3o.<\/p>\n<p>\u00c9 de <strong>responsabilidade exclusiva do candidato<\/strong> acompanhar todas as publica\u00e7\u00f5es oficiais referentes a este processo seletivo, incluindo convoca\u00e7\u00f5es, resultados e eventuais retifica\u00e7\u00f5es, por meio do site oficial da UFSM.<\/p>\n","protected":false},"excerpt":{"rendered":"<p>Sel. Simplificada UFSM (RS) p\/ Prof. Visitante Estrangeiro (Superior). Inscri\u00e7\u00f5es a partir de 03\/02. Sal\u00e1rio R$ 24,8k. Confira detalhes!<\/p>\n","protected":false},"author":7,"featured_media":277771,"comment_status":"open","ping_status":"open","sticky":false,"template":"","format":"standard","meta":{"_acf_changed":false,"_breakdance_hide_in_design_set":false,"_breakdance_tags":"","footnotes":""},"categories":[4,13],"tags":[58],"_amplo":[],"destaque":[],"instituicoes":[],"class_list":["post-277772","post","type-post","status-publish","format-standard","has-post-thumbnail","hentry","category-agronomia","category-engenharia-ambiental","tag-rio-grande-sul"],"acf":{"_tipo_vagas":"vagas","_numero_vagas":"","_quadro_vagas":"","_cargos":"diversos","_cargos_especificos":"","_salario_max":"R$ 24802.62","_abertura":"20260203","_encerramento":"20260304","_inscricoes":"https:\/\/www.ufsm.br\/trabalhe-na-ufsm\/","_executora_concurso":"","_instituicao_concurso":[],"_link_adicional":null,"_anexos":null,"_produtos":null,"_vagas":"01 vaga","_salario_min":"R$ 24802.62","_instituicao":"UFSM","_edital":"https:\/\/www.agrobase.com.br\/concursos\/wp-content\/uploads\/sites\/4\/2026\/02\/edital-28-2026-ufsm-rs.pdf","_anexos_edital":"","_fund_incompleto":"","_fund_completo":"","_medio":"","_superior":"<div>\r\n<table class=\"quadro\">\r\n<thead>\r\n<tr>\r\n<th class=\"hcargo\">Cargo<\/th>\r\n<th class=\"hvagas\">Vagas<\/th>\r\n<th class=\"hremuneracao\">Remunera\u00e7\u00e3o<\/th>\r\n<\/tr>\r\n<\/thead>\r\n    <tbody>\r\n      <tr>\r\n<td class=\"ccargos\">\r\n<span data-balloon-length=\"medium\" aria-label=\"Ser portador do t\u00edtulo de Doutor, no m\u00ednimo, h\u00e1 05 (cinco) anos.\" data-balloon-pos=\"up\">Professor Visitante Estrangeiro - Multidisciplinar\/ Interdisciplinar\/ Aplica\u00e7\u00e3o de Modelo Global de Carbono e \u00c1gua na Agropecu\u00e1ria Brasileira<\/span><\/td>\r\n<td class=\"cvagas\">01<\/td>\r\n<td class=\"cremuneracao\">R$ 24.802,62 \/Dedica\u00e7\u00e3o Exclusiva<\/td>\r\n<\/tr>\r\n    <\/tbody>\r\n  <\/table>\r\n<\/div>"},"_links":{"self":[{"href":"https:\/\/www.agrobase.com.br\/concursos\/wp-json\/wp\/v2\/posts\/277772","targetHints":{"allow":["GET"]}}],"collection":[{"href":"https:\/\/www.agrobase.com.br\/concursos\/wp-json\/wp\/v2\/posts"}],"about":[{"href":"https:\/\/www.agrobase.com.br\/concursos\/wp-json\/wp\/v2\/types\/post"}],"author":[{"embeddable":true,"href":"https:\/\/www.agrobase.com.br\/concursos\/wp-json\/wp\/v2\/users\/7"}],"replies":[{"embeddable":true,"href":"https:\/\/www.agrobase.com.br\/concursos\/wp-json\/wp\/v2\/comments?post=277772"}],"version-history":[{"count":1,"href":"https:\/\/www.agrobase.com.br\/concursos\/wp-json\/wp\/v2\/posts\/277772\/revisions"}],"predecessor-version":[{"id":277774,"href":"https:\/\/www.agrobase.com.br\/concursos\/wp-json\/wp\/v2\/posts\/277772\/revisions\/277774"}],"wp:featuredmedia":[{"embeddable":true,"href":"https:\/\/www.agrobase.com.br\/concursos\/wp-json\/wp\/v2\/media\/277771"}],"wp:attachment":[{"href":"https:\/\/www.agrobase.com.br\/concursos\/wp-json\/wp\/v2\/media?parent=277772"}],"wp:term":[{"taxonomy":"category","embeddable":true,"href":"https:\/\/www.agrobase.com.br\/concursos\/wp-json\/wp\/v2\/categories?post=277772"},{"taxonomy":"post_tag","embeddable":true,"href":"https:\/\/www.agrobase.com.br\/concursos\/wp-json\/wp\/v2\/tags?post=277772"},{"taxonomy":"_amplo","embeddable":true,"href":"https:\/\/www.agrobase.com.br\/concursos\/wp-json\/wp\/v2\/_amplo?post=277772"},{"taxonomy":"destaque","embeddable":true,"href":"https:\/\/www.agrobase.com.br\/concursos\/wp-json\/wp\/v2\/destaque?post=277772"},{"taxonomy":"instituicoes","embeddable":true,"href":"https:\/\/www.agrobase.com.br\/concursos\/wp-json\/wp\/v2\/instituicoes?post=277772"}],"curies":[{"name":"wp","href":"https:\/\/api.w.org\/{rel}","templated":true}]}}