{"id":277742,"date":"2026-02-06T07:50:05","date_gmt":"2026-02-06T10:50:05","guid":{"rendered":"https:\/\/www.agrobase.com.br\/concursos\/?p=277742"},"modified":"2026-02-05T13:22:45","modified_gmt":"2026-02-05T16:22:45","slug":"prefeitura-aracruz-es-selecao-publica-01-2026","status":"publish","type":"post","link":"https:\/\/www.agrobase.com.br\/concursos\/2026\/prefeitura-aracruz-es-selecao-publica-01-2026\/","title":{"rendered":"Prefeitura Aracruz (ES) &#8211; Sele\u00e7\u00e3o P\u00fablica 01\/2026"},"content":{"rendered":"<h2>Informa\u00e7\u00f5es Gerais<\/h2>\n<p>O <strong>Processo Seletivo n\u00ba 001\/2026 da Prefeitura de Aracruz\/ES<\/strong>, promovido pela Secretaria de Desenvolvimento Social (SEMDS), est\u00e1 com edital publicado para preenchimento de <strong>101 vagas imediatas<\/strong>, al\u00e9m de forma\u00e7\u00e3o de cadastro de reserva. O certame \u00e9 destinado \u00e0 contrata\u00e7\u00e3o tempor\u00e1ria de profissionais para atua\u00e7\u00e3o na \u00e1rea de assist\u00eancia social do munic\u00edpio.<\/p>\n<p>As oportunidades contemplam os tr\u00eas n\u00edveis de escolaridade: <strong>Fundamental Completo<\/strong>, <strong>M\u00e9dio\/T\u00e9cnico<\/strong> e <strong>Superior<\/strong>. Os sal\u00e1rios variam de <strong>R$ 2.133,47 a R$ 3.075,83<\/strong>, com cargas hor\u00e1rias entre 30 e 40 horas semanais, al\u00e9m de regime de escala para alguns cargos.<\/p>\n<p>Entre as vagas de n\u00edvel superior, destaca-se a oportunidade para <strong>Nutricionista<\/strong>, cargo que exige diploma na \u00e1rea, registro ativo no CRN\/ES e curso de inform\u00e1tica com carga m\u00ednima de 100 horas. H\u00e1 tamb\u00e9m vagas para Assistente Social (46 vagas + CR), Psic\u00f3logo (13 vagas + CR), Pedagogo e Arte Educador.<\/p>\n<p>Para n\u00edvel m\u00e9dio, s\u00e3o oferecidas vagas de Agente Cadastrador, Agente de Triagem e Educador Social. J\u00e1 para n\u00edvel fundamental, h\u00e1 oportunidades para Cuidador Social, com exig\u00eancia de ser do sexo feminino e atua\u00e7\u00e3o em regime de escala 48\/72.<\/p>\n<p>O processo seletivo ser\u00e1 executado pelo <strong>Instituto de Desenvolvimento e Capacita\u00e7\u00e3o (IDCAP)<\/strong> e regido pelas Leis Municipais n\u00ba 4.641\/2023, n\u00ba 4.633\/2023 e n\u00ba 4.690\/2024. Continue a leitura para conhecer todos os detalhes sobre inscri\u00e7\u00f5es, etapas e cronograma do certame.<\/p>\n<h2>Inscri\u00e7\u00f5es<\/h2>\n<p>As <strong>inscri\u00e7\u00f5es para o Processo Seletivo de Aracruz\/ES<\/strong> estar\u00e3o abertas no per\u00edodo de <strong>06 de fevereiro de 2026 a 19 de fevereiro de 2026<\/strong>, conforme cronograma previsto no Anexo I do edital. O procedimento deve ser realizado <strong>exclusivamente pela internet<\/strong>, por meio do site oficial da banca organizadora.<\/p>\n<p>Para efetuar a inscri\u00e7\u00e3o, o candidato dever\u00e1:<\/p>\n<ul>\n<li>Acessar o site <strong>www.idcap.org.br<\/strong> e localizar a \u00e1rea destinada ao processo seletivo;<\/li>\n<li>Ler e concordar com todas as normas estabelecidas no edital;<\/li>\n<li>Preencher corretamente a ficha de inscri\u00e7\u00e3o e envi\u00e1-la conforme as instru\u00e7\u00f5es do sistema;<\/li>\n<li>Gerar o boleto banc\u00e1rio e efetuar o pagamento at\u00e9 a data de vencimento.<\/li>\n<\/ul>\n<p>O pagamento da taxa de inscri\u00e7\u00e3o poder\u00e1 ser realizado em qualquer ag\u00eancia banc\u00e1ria ou por meio eletr\u00f4nico, respeitando o hor\u00e1rio de funcionamento banc\u00e1rio. \u00c9 de <strong>inteira responsabilidade do candidato<\/strong> a impress\u00e3o e guarda do comprovante de pagamento e do cart\u00e3o de confirma\u00e7\u00e3o de inscri\u00e7\u00e3o.<\/p>\n<p>O edital prev\u00ea reserva de vagas para pessoas com defici\u00eancia (PcD), candidatos autodeclarados pretos e participantes do Programa Municipal de Oportunidades (primeiro emprego). Os interessados nessas modalidades devem encaminhar a documenta\u00e7\u00e3o espec\u00edfica exigida no edital.<\/p>\n<p>Recomenda-se a leitura integral do edital para verificar os valores das taxas de inscri\u00e7\u00e3o por cargo, procedimentos para solicita\u00e7\u00e3o de isen\u00e7\u00e3o e demais orienta\u00e7\u00f5es espec\u00edficas.<\/p>\n<h2>Etapas e Provas<\/h2>\n<p>O <strong>Processo Seletivo da Prefeitura de Aracruz\/ES<\/strong> ser\u00e1 composto por tr\u00eas etapas distintas, com car\u00e1ter classificat\u00f3rio e verificat\u00f3rio. N\u00e3o haver\u00e1 aplica\u00e7\u00e3o de prova objetiva neste certame.<\/p>\n<ul>\n<li><strong>Prova de T\u00edtulos e Experi\u00eancia Profissional<\/strong> \u2014 Etapa de car\u00e1ter <strong>classificat\u00f3rio<\/strong>, aplicada a todos os candidatos com inscri\u00e7\u00f5es deferidas. A pontua\u00e7\u00e3o ser\u00e1 atribu\u00edda com base na an\u00e1lise da documenta\u00e7\u00e3o comprobat\u00f3ria de forma\u00e7\u00e3o acad\u00eamica e experi\u00eancia profissional na \u00e1rea do cargo pretendido.<\/li>\n<li><strong>Avalia\u00e7\u00e3o Biopsicossocial e Heteroidentifica\u00e7\u00e3o<\/strong> \u2014 Etapa de car\u00e1ter <strong>verificat\u00f3rio<\/strong>, destinada exclusivamente aos candidatos que concorrem \u00e0s vagas reservadas para pessoas com defici\u00eancia (PcD) e aos autodeclarados pretos. Ser\u00e3o convocados apenas os candidatos que tenham encaminhado a documenta\u00e7\u00e3o exigida e possuam inscri\u00e7\u00e3o deferida para participa\u00e7\u00e3o nessas modalidades.<\/li>\n<li><strong>Comprova\u00e7\u00e3o de Oportunidades<\/strong> \u2014 Etapa de car\u00e1ter <strong>verificat\u00f3rio<\/strong>, aplicada aos candidatos inscritos no Programa Municipal de Oportunidades (primeiro emprego). Visa confirmar o enquadramento do candidato nos crit\u00e9rios estabelecidos pela legisla\u00e7\u00e3o municipal.<\/li>\n<\/ul>\n<p>A classifica\u00e7\u00e3o final ser\u00e1 determinada pela pontua\u00e7\u00e3o obtida na prova de t\u00edtulos e experi\u00eancia profissional, observados os crit\u00e9rios de desempate previstos no edital.<\/p>\n<p>Consulte o edital completo para conhecer os crit\u00e9rios de pontua\u00e7\u00e3o da prova de t\u00edtulos, documentos aceitos para comprova\u00e7\u00e3o e demais informa\u00e7\u00f5es sobre cada etapa do processo.<\/p>\n<h2>Resultados e Gabarito<\/h2>\n<p>Os resultados do <strong>Processo Seletivo de Aracruz\/ES<\/strong> ser\u00e3o divulgados no site da banca organizadora (<strong>www.idcap.org.br<\/strong>) e no Di\u00e1rio Oficial do Munic\u00edpio, conforme cronograma estabelecido no Anexo I do edital.<\/p>\n<p>A divulga\u00e7\u00e3o do resultado final ser\u00e1 realizada em duas listagens distintas:<\/p>\n<ul>\n<li><strong>Resultado final da ampla concorr\u00eancia:<\/strong> listagem com todos os candidatos aprovados, incluindo aqueles que optaram por concorrer \u00e0s reservas de vagas, desde que classificados pelos crit\u00e9rios gerais;<\/li>\n<li><strong>Resultado final das reservas de vagas (cotistas):<\/strong> listagens espec\u00edficas para candidatos aprovados em cada modalidade \u2014 pretos, pessoas com defici\u00eancia e participantes do Programa Municipal de Oportunidades (primeiro emprego).<\/li>\n<\/ul>\n<p>A <strong>homologa\u00e7\u00e3o do resultado final<\/strong> ser\u00e1 publicada no Di\u00e1rio Oficial do Munic\u00edpio, momento a partir do qual se inicia a contagem do prazo de validade do certame. A homologa\u00e7\u00e3o oficializa a conclus\u00e3o do processo seletivo e autoriza a convoca\u00e7\u00e3o dos aprovados.<\/p>\n<p>O processo seletivo ter\u00e1 <strong>validade de 24 (vinte e quatro) meses<\/strong>, contados a partir da data de homologa\u00e7\u00e3o do resultado final, conforme estabelecido no art. 2\u00ba, incisos VIII e XIV da Lei Municipal n\u00ba 4.641\/2023.<\/p>\n<p>\u00c9 de <strong>responsabilidade exclusiva do candidato<\/strong> acompanhar todas as publica\u00e7\u00f5es oficiais referentes ao certame, incluindo convoca\u00e7\u00f5es, retifica\u00e7\u00f5es e demais comunicados. Recomenda-se consulta frequente aos canais oficiais de divulga\u00e7\u00e3o.<\/p>\n","protected":false},"excerpt":{"rendered":"<p>Proc. Seletivo Pref. Aracruz (ES) com edital publicado! Vagas p\/ Assistente e Psic\u00f3logo (Fund. a Sup.). Inscri\u00e7\u00f5es a partir de 06\/02. Sal\u00e1rios at\u00e9 R$3.1k. Confira!<\/p>\n","protected":false},"author":7,"featured_media":277741,"comment_status":"open","ping_status":"open","sticky":false,"template":"","format":"standard","meta":{"_acf_changed":false,"_breakdance_hide_in_design_set":false,"_breakdance_tags":"","footnotes":""},"categories":[140,23,25,26,101],"tags":[45],"_amplo":[],"destaque":[],"instituicoes":[],"class_list":["post-277742","post","type-post","status-publish","format-standard","has-post-thumbnail","hentry","category-artes-plasticas","category-nutricao","category-pedagogia","category-psicologia","category-servico-social","tag-espirito-santo"],"acf":{"_tipo_vagas":"vagas","_numero_vagas":"","_quadro_vagas":"","_cargos":"diversos","_cargos_especificos":"","_salario_max":"R$ 3075.83","_abertura":"20260206","_encerramento":"20260219","_inscricoes":"https:\/\/www.idcap.org.br","_executora_concurso":"","_instituicao_concurso":[],"_link_adicional":null,"_anexos":null,"_produtos":null,"_vagas":"101 vagas + CR","_salario_min":"R$ 2133.47","_instituicao":"Prefeitura de Aracruz","_edital":"https:\/\/www.agrobase.com.br\/concursos\/wp-content\/uploads\/sites\/4\/2026\/02\/edital-01-2026-prefeitura-de-aracruz-es.pdf","_anexos_edital":"https:\/\/www.agrobase.com.br\/concursos\/wp-content\/uploads\/sites\/4\/2026\/02\/anexos-edital-01-2026-prefeitura-de-aracruz-es.pdf","_fund_incompleto":"","_fund_completo":"<div>\r\n<table class=\"quadro\">\r\n<thead>\r\n<tr>\r\n<th class=\"hcargo\">Cargo<\/th>\r\n<th class=\"hvagas\">Vagas<\/th>\r\n<th class=\"hremuneracao\">Remunera\u00e7\u00e3o<\/th>\r\n<\/tr>\r\n<\/thead>\r\n    <tbody>\r\n      <td class=\"ccargos\">\r\n<span data-balloon-length=\"medium\" aria-label=\"Certificado de conclus\u00e3o ou diploma de Curso de Fundamental. Ser do Sexo Feminino.\" data-balloon-pos=\"up\">Cuidador Social<\/span><\/td>\r\n<td class=\"cvagas\">12 + CR<\/td>\r\n<td class=\"cremuneracao\">R$ 2.133,47 \/Escala 48\/72<\/td>\r\n<\/tr>\r\n    <\/tbody>\r\n  <\/table>\r\n<\/div>","_medio":"<div>\r\n<table class=\"quadro\">\r\n<thead>\r\n<tr>\r\n<th class=\"hcargo\">Cargo<\/th>\r\n<th class=\"hvagas\">Vagas<\/th>\r\n<th class=\"hremuneracao\">Remunera\u00e7\u00e3o<\/th>\r\n<\/tr>\r\n<\/thead>\r\n    <tbody>\r\n      <td class=\"ccargos\">\r\n<span data-balloon-length=\"medium\" aria-label=\"N\u00edvel M\u00e9dio e Curso de Inform\u00e1tica (m\u00ednimo 100h).\" data-balloon-pos=\"up\">Agente de Triagem<\/span><\/td>\r\n<td class=\"cvagas\">01 + CR<\/td>\r\n<td class=\"cremuneracao\">R$ 2.295,85 \/40h<\/td>\r\n<\/tr><td class=\"ccargos\">\r\n<span data-balloon-length=\"medium\" aria-label=\"N\u00edvel M\u00e9dio e Curso de Inform\u00e1tica (m\u00ednimo 100h).\" data-balloon-pos=\"up\">Agente Cadastrador<\/span><\/td>\r\n<td class=\"cvagas\">15 + CR<\/td>\r\n<td class=\"cremuneracao\">R$ 2.295,85 \/40h<\/td>\r\n<\/tr><td class=\"ccargos\">\r\n<span data-balloon-length=\"medium\" aria-label=\"N\u00edvel M\u00e9dio e Curso de Inform\u00e1tica (m\u00ednimo 100h).\" data-balloon-pos=\"up\">Educador Social<\/span><\/td>\r\n<td class=\"cvagas\">11 + CR<\/td>\r\n<td class=\"cremuneracao\">R$ 2.295,85 \/40h<\/td>\r\n<\/tr>\r\n    <\/tbody>\r\n  <\/table>\r\n<\/div>","_superior":"<div>\r\n<table class=\"quadro\">\r\n<thead>\r\n<tr>\r\n<th class=\"hcargo\">Cargo<\/th>\r\n<th class=\"hvagas\">Vagas<\/th>\r\n<th class=\"hremuneracao\">Remunera\u00e7\u00e3o<\/th>\r\n<\/tr>\r\n<\/thead>\r\n    <tbody>\r\n      <tr>\r\n<td class=\"ccargos\">\r\n<span data-balloon-length=\"medium\" aria-label=\"Diploma de Servi\u00e7o Social, registro no CRESS\/ES e Curso de Inform\u00e1tica (m\u00ednimo 100h).\" data-balloon-pos=\"up\">Assistente Social<\/span><\/td>\r\n<td class=\"cvagas\">46 + CR<\/td>\r\n<td class=\"cremuneracao\">R$ 3.075,83 \/30h<\/td>\r\n<\/tr><tr>\r\n<td class=\"ccargos\">\r\n<span data-balloon-length=\"medium\" aria-label=\"Diploma de Artes Visuais\/Pl\u00e1sticas e Curso de Inform\u00e1tica (m\u00ednimo 100h).\" data-balloon-pos=\"up\">Arte Educador<\/span><\/td>\r\n<td class=\"cvagas\">01 + CR<\/td>\r\n<td class=\"cremuneracao\">R$ 3.075,83 \/30h<\/td>\r\n<\/tr><tr>\r\n<td class=\"ccargos\">\r\n<span data-balloon-length=\"medium\" aria-label=\"Diploma de Nutri\u00e7\u00e3o, registro no CRN\/ES e Curso de Inform\u00e1tica (m\u00ednimo 100h).\" data-balloon-pos=\"up\">Nutricionista<\/span><\/td>\r\n<td class=\"cvagas\">01 + CR<\/td>\r\n<td class=\"cremuneracao\">R$ 3.075,83 \/30h<\/td>\r\n<\/tr><tr>\r\n<td class=\"ccargos\">\r\n<span data-balloon-length=\"medium\" aria-label=\"Diploma de Pedagogia e Curso de Inform\u00e1tica (m\u00ednimo 100h).\" data-balloon-pos=\"up\">Pedagogo<\/span><\/td>\r\n<td class=\"cvagas\">01 + CR<\/td>\r\n<td class=\"cremuneracao\">R$ 3.075,83 \/30h<\/td>\r\n<\/tr><tr>\r\n<td class=\"ccargos\">\r\n<span data-balloon-length=\"medium\" aria-label=\"Diploma de Psicologia, registro no CRP\/ES e Curso de Inform\u00e1tica (m\u00ednimo 100h).\" data-balloon-pos=\"up\">Psic\u00f3logo<\/span><\/td>\r\n<td class=\"cvagas\">13 + CR<\/td>\r\n<td class=\"cremuneracao\">R$ 3.075,83 \/30h<\/td>\r\n<\/tr>\r\n    <\/tbody>\r\n  <\/table>\r\n<\/div>"},"_links":{"self":[{"href":"https:\/\/www.agrobase.com.br\/concursos\/wp-json\/wp\/v2\/posts\/277742","targetHints":{"allow":["GET"]}}],"collection":[{"href":"https:\/\/www.agrobase.com.br\/concursos\/wp-json\/wp\/v2\/posts"}],"about":[{"href":"https:\/\/www.agrobase.com.br\/concursos\/wp-json\/wp\/v2\/types\/post"}],"author":[{"embeddable":true,"href":"https:\/\/www.agrobase.com.br\/concursos\/wp-json\/wp\/v2\/users\/7"}],"replies":[{"embeddable":true,"href":"https:\/\/www.agrobase.com.br\/concursos\/wp-json\/wp\/v2\/comments?post=277742"}],"version-history":[{"count":1,"href":"https:\/\/www.agrobase.com.br\/concursos\/wp-json\/wp\/v2\/posts\/277742\/revisions"}],"predecessor-version":[{"id":277744,"href":"https:\/\/www.agrobase.com.br\/concursos\/wp-json\/wp\/v2\/posts\/277742\/revisions\/277744"}],"wp:featuredmedia":[{"embeddable":true,"href":"https:\/\/www.agrobase.com.br\/concursos\/wp-json\/wp\/v2\/media\/277741"}],"wp:attachment":[{"href":"https:\/\/www.agrobase.com.br\/concursos\/wp-json\/wp\/v2\/media?parent=277742"}],"wp:term":[{"taxonomy":"category","embeddable":true,"href":"https:\/\/www.agrobase.com.br\/concursos\/wp-json\/wp\/v2\/categories?post=277742"},{"taxonomy":"post_tag","embeddable":true,"href":"https:\/\/www.agrobase.com.br\/concursos\/wp-json\/wp\/v2\/tags?post=277742"},{"taxonomy":"_amplo","embeddable":true,"href":"https:\/\/www.agrobase.com.br\/concursos\/wp-json\/wp\/v2\/_amplo?post=277742"},{"taxonomy":"destaque","embeddable":true,"href":"https:\/\/www.agrobase.com.br\/concursos\/wp-json\/wp\/v2\/destaque?post=277742"},{"taxonomy":"instituicoes","embeddable":true,"href":"https:\/\/www.agrobase.com.br\/concursos\/wp-json\/wp\/v2\/instituicoes?post=277742"}],"curies":[{"name":"wp","href":"https:\/\/api.w.org\/{rel}","templated":true}]}}