{"id":277705,"date":"2026-02-05T08:40:44","date_gmt":"2026-02-05T11:40:44","guid":{"rendered":"https:\/\/www.agrobase.com.br\/concursos\/?p=277705"},"modified":"2026-02-04T15:08:39","modified_gmt":"2026-02-04T18:08:39","slug":"prefeitura-jacarei-sp-concurso-01-2026","status":"publish","type":"post","link":"https:\/\/www.agrobase.com.br\/concursos\/2026\/prefeitura-jacarei-sp-concurso-01-2026\/","title":{"rendered":"Prefeitura Jacare\u00ed (SP) &#8211; Concurso 01\/2026"},"content":{"rendered":"<h2>Informa\u00e7\u00f5es Gerais<\/h2>\n<p>A <strong>Prefeitura de Jacare\u00ed<\/strong>, no Estado de S\u00e3o Paulo, publicou o <strong>Edital n\u00ba 1\/2026<\/strong> do Concurso P\u00fablico destinado ao provimento de cargos efetivos sob regime estatut\u00e1rio, conforme a Lei Complementar n\u00ba 13\/1993. O certame oferece <strong>53 vagas imediatas<\/strong>, al\u00e9m de forma\u00e7\u00e3o de cadastro reserva para diversas \u00e1reas da administra\u00e7\u00e3o municipal.<\/p>\n<p>As oportunidades contemplam candidatos com <strong>n\u00edvel m\u00e9dio\/t\u00e9cnico e superior<\/strong>, com remunera\u00e7\u00f5es que variam de <strong>R$ 2.606,37 a R$ 8.230,14<\/strong>, para jornadas de 20 a 40 horas semanais.<\/p>\n<p>Entre os cargos dispon\u00edveis, destacam-se vagas de interesse para profissionais das ci\u00eancias agr\u00e1rias e ambientais: <strong>Engenheiro Ambiental<\/strong> (2 vagas + CR), <strong>T\u00e9cnico de Agropecu\u00e1ria<\/strong> (2 vagas + CR) e <strong>Fiscal Ambiental<\/strong> (2 vagas + CR) \u2014 este \u00faltimo exigindo qualifica\u00e7\u00e3o t\u00e9cnica em Gest\u00e3o Ambiental, T\u00e9cnico Florestal ou T\u00e9cnico em Meio Ambiente.<\/p>\n<p>O concurso tamb\u00e9m oferece vagas para T\u00e9cnico em Gest\u00e3o Municipal (30 vagas + CR), Professor de Educa\u00e7\u00e3o F\u00edsica (10 vagas + CR), Agente Social, Comprador e T\u00e9cnico de Contabilidade.<\/p>\n<p>Continue a leitura para conhecer os prazos de inscri\u00e7\u00e3o, etapas do processo seletivo e como acompanhar os resultados.<\/p>\n<h2>Inscri\u00e7\u00f5es<\/h2>\n<p>As inscri\u00e7\u00f5es para o Concurso P\u00fablico n\u00ba 1\/2026 da Prefeitura de Jacare\u00ed\/SP estar\u00e3o abertas no per\u00edodo de <strong>31 de janeiro a 19 de fevereiro de 2026, at\u00e9 as 21h00<\/strong>, exclusivamente pela internet.<\/p>\n<p>Para se inscrever, o candidato deve acessar o site <strong>www.publiconsult.com.br<\/strong> e seguir os seguintes passos:<\/p>\n<ul>\n<li>Acessar o <em>Painel do Candidato<\/em>;<\/li>\n<li>Selecionar a op\u00e7\u00e3o &#8220;J\u00e1 sou cadastrado&#8221; ou &#8220;Quero me cadastrar&#8221; (neste caso, preencher os dados de cadastramento);<\/li>\n<li>Na guia &#8220;Inscri\u00e7\u00f5es Abertas&#8221;, selecionar o Concurso P\u00fablico n\u00ba 1\/2026 da Prefeitura Municipal de Jacare\u00ed;<\/li>\n<li>Escolher o cargo desejado e preencher corretamente o formul\u00e1rio de inscri\u00e7\u00e3o;<\/li>\n<li>Ap\u00f3s finalizar o preenchimento, clicar em &#8220;Gerar Boleto&#8221; para visualizar ou imprimir o boleto banc\u00e1rio.<\/li>\n<\/ul>\n<p>O pagamento da taxa de inscri\u00e7\u00e3o deve ser efetuado dentro do prazo de inscri\u00e7\u00f5es por meio do boleto gerado no sistema. Recomenda-se que o candidato acompanhe a confirma\u00e7\u00e3o do pagamento e o status da inscri\u00e7\u00e3o diretamente na \u00e1rea restrita do Painel do Candidato.<\/p>\n<p>Para informa\u00e7\u00f5es sobre valores das taxas de inscri\u00e7\u00e3o e possibilidade de isen\u00e7\u00e3o, consulte o edital completo dispon\u00edvel no site da banca organizadora.<\/p>\n<h2>Etapas e Provas<\/h2>\n<p>O Concurso P\u00fablico n\u00ba 1\/2026 da Prefeitura de Jacare\u00ed ser\u00e1 composto pelas seguintes fases de avalia\u00e7\u00e3o:<\/p>\n<ul>\n<li><strong>Prova Objetiva<\/strong> \u2014 Car\u00e1ter <em>eliminat\u00f3rio e classificat\u00f3rio<\/em>, aplicada a todos os cargos;<\/li>\n<li><strong>Prova Dissertativa<\/strong> \u2014 Car\u00e1ter <em>eliminat\u00f3rio e classificat\u00f3rio<\/em>, exclusiva para os cargos de <strong>Engenheiro Ambiental<\/strong> e <strong>Professor de Educa\u00e7\u00e3o F\u00edsica<\/strong>, realizada no mesmo dia da prova objetiva;<\/li>\n<li><strong>Prova de T\u00edtulos<\/strong> \u2014 Car\u00e1ter <em>classificat\u00f3rio<\/em>, exclusiva para os cargos de <strong>Engenheiro Ambiental<\/strong> e <strong>Professor de Educa\u00e7\u00e3o F\u00edsica<\/strong>, realizada concomitantemente \u00e0 prova objetiva.<\/li>\n<\/ul>\n<p>A <strong>Prova Objetiva<\/strong> est\u00e1 prevista para o dia <strong>22 de mar\u00e7o de 2026 (domingo)<\/strong>, no munic\u00edpio de Jacare\u00ed\/SP, em dois turnos:<\/p>\n<ul>\n<li><strong>Manh\u00e3 (09h00):<\/strong> Agente Social, Comprador, Engenheiro Ambiental e T\u00e9cnico em Gest\u00e3o Municipal;<\/li>\n<li><strong>Tarde (14h00):<\/strong> Fiscal Ambiental, T\u00e9cnico de Agropecu\u00e1ria, T\u00e9cnico de Contabilidade e Professor de Educa\u00e7\u00e3o F\u00edsica.<\/li>\n<\/ul>\n<p>Para os cargos de Engenheiro Ambiental e Professor de Educa\u00e7\u00e3o F\u00edsica, a Prova Dissertativa e a entrega dos documentos para a Prova de T\u00edtulos ocorrer\u00e3o no mesmo dia e turno da Prova Objetiva.<\/p>\n<p>Consulte o edital completo para informa\u00e7\u00f5es detalhadas sobre conte\u00fado program\u00e1tico, n\u00famero de quest\u00f5es, pontua\u00e7\u00e3o, crit\u00e9rios de aprova\u00e7\u00e3o e cronograma oficial.<\/p>\n<h2>Resultados e Gabarito<\/h2>\n<p>Os resultados do Concurso P\u00fablico n\u00ba 1\/2026 da Prefeitura de Jacare\u00ed ser\u00e3o divulgados de forma progressiva, conforme a conclus\u00e3o de cada etapa do certame.<\/p>\n<p>Os candidatos poder\u00e3o acompanhar as seguintes publica\u00e7\u00f5es:<\/p>\n<ul>\n<li><strong>Resultado da An\u00e1lise de T\u00edtulos:<\/strong> divulgado nos sites www.publiconsult.com.br e www.jacarei.sp.gov.br, contendo a pontua\u00e7\u00e3o dos t\u00edtulos deferidos e os indeferidos com as respectivas justificativas;<\/li>\n<li><strong>Resultado da Prova Dissertativa:<\/strong> publicado no site www.publiconsult.com.br, com a rela\u00e7\u00e3o de candidatos classificados e n\u00e3o classificados, n\u00famero de inscri\u00e7\u00e3o e pontua\u00e7\u00e3o;<\/li>\n<li><strong>Classifica\u00e7\u00e3o Provis\u00f3ria:<\/strong> dispon\u00edvel nos sites www.publiconsult.com.br e www.jacarei.sp.gov.br, apresentando classifica\u00e7\u00e3o geral, classifica\u00e7\u00e3o de candidatos com defici\u00eancia e rela\u00e7\u00e3o de candidatos n\u00e3o classificados;<\/li>\n<li><strong>Classifica\u00e7\u00e3o Final e Homologa\u00e7\u00e3o:<\/strong> publicadas nos sites oficiais e no Boletim Oficial do Munic\u00edpio de Jacare\u00ed (https:\/\/boletinsoficiais.geosiap.net\/pmjacarei\/public\/publicacoes).<\/li>\n<\/ul>\n<p>A homologa\u00e7\u00e3o do concurso p\u00fablico \u00e9 de compet\u00eancia da Secretaria de Administra\u00e7\u00e3o e Recursos Humanos e ser\u00e1 publicada no Boletim Oficial do Munic\u00edpio.<\/p>\n<p>Os prazos para interposi\u00e7\u00e3o de recursos contra os resultados de cada fase est\u00e3o previstos no edital. <strong>\u00c9 responsabilidade exclusiva do candidato acompanhar todas as publica\u00e7\u00f5es oficiais, convoca\u00e7\u00f5es e demais comunicados referentes ao certame.<\/strong><\/p>\n","protected":false},"excerpt":{"rendered":"<p>Concurso Pref. Jacare\u00ed (SP) com edital publicado! Vagas p\/ Eng. Ambiental e Professor (M\u00e9dio\/T\u00e9c. e Sup.). Inscri\u00e7\u00f5es a partir de 31\/01. Confira detalhes!<\/p>\n","protected":false},"author":7,"featured_media":277704,"comment_status":"open","ping_status":"open","sticky":false,"template":"","format":"standard","meta":{"_acf_changed":false,"_breakdance_hide_in_design_set":false,"_breakdance_tags":"","footnotes":""},"categories":[6434,13,30,31,128,139],"tags":[62],"_amplo":[],"destaque":[],"instituicoes":[],"class_list":["post-277705","post","type-post","status-publish","format-standard","has-post-thumbnail","hentry","category-educacao-fisica-licenciatura","category-engenharia-ambiental","category-tecnico-agropecuaria","category-tecnico-ambiental","category-tecnico-em-contabilidade","category-tecnico-florestal","tag-sao-paulo"],"acf":{"_tipo_vagas":"vagas","_numero_vagas":"","_quadro_vagas":"","_cargos":"diversos","_cargos_especificos":"","_salario_max":"R$ 8230.14","_abertura":"20260131","_encerramento":"20260219","_inscricoes":"https:\/\/www.publiconsult.com.br","_executora_concurso":"","_instituicao_concurso":[],"_link_adicional":null,"_anexos":null,"_produtos":null,"_vagas":"53 vagas + CR","_salario_min":"R$ 2606.37","_instituicao":"Prefeitura de Jacare\u00ed","_edital":"https:\/\/www.agrobase.com.br\/concursos\/wp-content\/uploads\/sites\/4\/2026\/02\/edital-01-2026-prefeitura-de-jacarei-sp.pdf","_anexos_edital":"","_fund_incompleto":"","_fund_completo":"","_medio":"<div>\r\n<table class=\"quadro\">\r\n<thead>\r\n<tr>\r\n<th class=\"hcargo\">Cargo<\/th>\r\n<th class=\"hvagas\">Vagas<\/th>\r\n<th class=\"hremuneracao\">Remunera\u00e7\u00e3o<\/th>\r\n<\/tr>\r\n<\/thead>\r\n    <tbody>\r\n      <td class=\"ccargos\">\r\n<span data-balloon-length=\"medium\" aria-label=\"Ensino M\u00e9dio completo; Experi\u00eancia m\u00ednima de 1 (um) ano de trabalho socioeducativo com crian\u00e7as e ou adolescentes.\" data-balloon-pos=\"up\">Agente Social<\/span><\/td>\r\n<td class=\"cvagas\">03 + CR<\/td>\r\n<td class=\"cremuneracao\">R$ 2.606,37 \/40h<\/td>\r\n<\/tr><td class=\"ccargos\">\r\n<span data-balloon-length=\"medium\" aria-label=\"Ensino M\u00e9dio completo; Experi\u00eancia m\u00ednima de 2 (dois) anos na fun\u00e7\u00e3o.\" data-balloon-pos=\"up\">Comprador<\/span><\/td>\r\n<td class=\"cvagas\">02 + CR<\/td>\r\n<td class=\"cremuneracao\">R$ 2.949,92 \/40h<\/td>\r\n<\/tr><td class=\"ccargos\">\r\n<span data-balloon-length=\"medium\" aria-label=\"Ensino M\u00e9dio Completo, com qualifica\u00e7\u00e3o T\u00e9cnica em Gest\u00e3o Ambiental, T\u00e9cnico Florestal ou T\u00e9cnico em Meio Ambiente; Possuir CNH categoria 'B' ou superior.\" data-balloon-pos=\"up\">Fiscal Ambiental<\/span><\/td>\r\n<td class=\"cvagas\">02 + CR<\/td>\r\n<td class=\"cremuneracao\">R$ 2.949,92 \/40h<\/td>\r\n<\/tr><td class=\"ccargos\">\r\n<span data-balloon-length=\"medium\" aria-label=\"Ensino M\u00e9dio Completo, com qualifica\u00e7\u00e3o T\u00e9cnica em Agropecu\u00e1ria; Experi\u00eancia m\u00ednima de 1 (um) ano na \u00e1rea.\" data-balloon-pos=\"up\">T\u00e9cnico de Agropecu\u00e1ria<\/span><\/td>\r\n<td class=\"cvagas\">02 + CR<\/td>\r\n<td class=\"cremuneracao\">R$ 2.606,37 \/40h<\/td>\r\n<\/tr><td class=\"ccargos\">\r\n<span data-balloon-length=\"medium\" aria-label=\"Ensino M\u00e9dio Completo, com qualifica\u00e7\u00e3o T\u00e9cnica em Contabilidade.\" data-balloon-pos=\"up\">T\u00e9cnico de Contabilidade<\/span><\/td>\r\n<td class=\"cvagas\">02 + CR<\/td>\r\n<td class=\"cremuneracao\">R$ 2.606,37 \/40h<\/td>\r\n<\/tr><td class=\"ccargos\">\r\n<span data-balloon-length=\"medium\" aria-label=\"Ensino T\u00e9cnico Completo na \u00e1rea administrativa (Administra\u00e7\u00e3o, Contabilidade, Finan\u00e7as, Recursos Humanos, Servi\u00e7os P\u00fablicos ou Jur\u00eddicos).\" data-balloon-pos=\"up\">T\u00e9cnico em Gest\u00e3o Municipal<\/span><\/td>\r\n<td class=\"cvagas\">30 + CR<\/td>\r\n<td class=\"cremuneracao\">R$ 2.606,37 \/40h<\/td>\r\n<\/tr>\r\n    <\/tbody>\r\n  <\/table>\r\n<\/div>","_superior":"<div>\r\n<table class=\"quadro\">\r\n<thead>\r\n<tr>\r\n<th class=\"hcargo\">Cargo<\/th>\r\n<th class=\"hvagas\">Vagas<\/th>\r\n<th class=\"hremuneracao\">Remunera\u00e7\u00e3o<\/th>\r\n<\/tr>\r\n<\/thead>\r\n    <tbody>\r\n      <tr>\r\n<td class=\"ccargos\">\r\n<span data-balloon-length=\"medium\" aria-label=\"Ensino Superior completo em Engenharia Ambiental; Registro no Conselho Regional de Engenharia e Agronomia.\" data-balloon-pos=\"up\">Engenheiro Ambiental<\/span><\/td>\r\n<td class=\"cvagas\">02 + CR<\/td>\r\n<td class=\"cremuneracao\">R$ 8.230,14 \/40h<\/td>\r\n<\/tr><tr>\r\n<td class=\"ccargos\">\r\n<span data-balloon-length=\"medium\" aria-label=\"Ensino Superior completo em Educa\u00e7\u00e3o F\u00edsica; Registro no Conselho Regional de Educa\u00e7\u00e3o F\u00edsica.\" data-balloon-pos=\"up\">Professor de Educa\u00e7\u00e3o F\u00edsica<\/span><\/td>\r\n<td class=\"cvagas\">10 + CR<\/td>\r\n<td class=\"cremuneracao\">R$ 2.606,37 \/20h<\/td>\r\n<\/tr>\r\n    <\/tbody>\r\n  <\/table>\r\n<\/div>"},"_links":{"self":[{"href":"https:\/\/www.agrobase.com.br\/concursos\/wp-json\/wp\/v2\/posts\/277705","targetHints":{"allow":["GET"]}}],"collection":[{"href":"https:\/\/www.agrobase.com.br\/concursos\/wp-json\/wp\/v2\/posts"}],"about":[{"href":"https:\/\/www.agrobase.com.br\/concursos\/wp-json\/wp\/v2\/types\/post"}],"author":[{"embeddable":true,"href":"https:\/\/www.agrobase.com.br\/concursos\/wp-json\/wp\/v2\/users\/7"}],"replies":[{"embeddable":true,"href":"https:\/\/www.agrobase.com.br\/concursos\/wp-json\/wp\/v2\/comments?post=277705"}],"version-history":[{"count":1,"href":"https:\/\/www.agrobase.com.br\/concursos\/wp-json\/wp\/v2\/posts\/277705\/revisions"}],"predecessor-version":[{"id":277707,"href":"https:\/\/www.agrobase.com.br\/concursos\/wp-json\/wp\/v2\/posts\/277705\/revisions\/277707"}],"wp:featuredmedia":[{"embeddable":true,"href":"https:\/\/www.agrobase.com.br\/concursos\/wp-json\/wp\/v2\/media\/277704"}],"wp:attachment":[{"href":"https:\/\/www.agrobase.com.br\/concursos\/wp-json\/wp\/v2\/media?parent=277705"}],"wp:term":[{"taxonomy":"category","embeddable":true,"href":"https:\/\/www.agrobase.com.br\/concursos\/wp-json\/wp\/v2\/categories?post=277705"},{"taxonomy":"post_tag","embeddable":true,"href":"https:\/\/www.agrobase.com.br\/concursos\/wp-json\/wp\/v2\/tags?post=277705"},{"taxonomy":"_amplo","embeddable":true,"href":"https:\/\/www.agrobase.com.br\/concursos\/wp-json\/wp\/v2\/_amplo?post=277705"},{"taxonomy":"destaque","embeddable":true,"href":"https:\/\/www.agrobase.com.br\/concursos\/wp-json\/wp\/v2\/destaque?post=277705"},{"taxonomy":"instituicoes","embeddable":true,"href":"https:\/\/www.agrobase.com.br\/concursos\/wp-json\/wp\/v2\/instituicoes?post=277705"}],"curies":[{"name":"wp","href":"https:\/\/api.w.org\/{rel}","templated":true}]}}