{"id":277559,"date":"2026-02-03T07:30:42","date_gmt":"2026-02-03T10:30:42","guid":{"rendered":"https:\/\/www.agrobase.com.br\/concursos\/?p=277559"},"modified":"2026-02-02T12:01:42","modified_gmt":"2026-02-02T15:01:42","slug":"prefeitura-goiana-pe-selecao-simplificada-01-2026","status":"publish","type":"post","link":"https:\/\/www.agrobase.com.br\/concursos\/2026\/prefeitura-goiana-pe-selecao-simplificada-01-2026\/","title":{"rendered":"Prefeitura Goiana (PE) &#8211; Sele\u00e7\u00e3o Simplificada 01\/2026"},"content":{"rendered":"<h2>Informa\u00e7\u00f5es Gerais<\/h2>\n<p>A <strong>Prefeitura de Goiana<\/strong>, no Estado de Pernambuco, publicou edital de <strong>Sele\u00e7\u00e3o P\u00fablica Simplificada<\/strong> para contrata\u00e7\u00e3o tempor\u00e1ria de profissionais na \u00e1rea da Educa\u00e7\u00e3o. O certame oferece <strong>717 vagas imediatas<\/strong>, al\u00e9m de forma\u00e7\u00e3o de cadastro de reserva, distribu\u00eddas em 20 fun\u00e7\u00f5es vinculadas \u00e0 <strong>Secretaria de Educa\u00e7\u00e3o e Inova\u00e7\u00e3o<\/strong> do munic\u00edpio.<\/p>\n<p>As oportunidades contemplam candidatos com <strong>n\u00edveis m\u00e9dio e superior<\/strong>, com remunera\u00e7\u00f5es que variam de <strong>R$ 1.621,00 a R$ 8.926,43<\/strong>, conforme a fun\u00e7\u00e3o. O regime de contrata\u00e7\u00e3o \u00e9 <strong>tempor\u00e1rio<\/strong>, por excepcional interesse p\u00fablico.<\/p>\n<p>Entre as fun\u00e7\u00f5es dispon\u00edveis, destacam-se vagas para <strong>Nutricionista<\/strong>, al\u00e9m de oportunidades para Professores de diversas \u00e1reas, incluindo <strong>Ci\u00eancias\/Ci\u00eancias Biol\u00f3gicas<\/strong>. O certame tamb\u00e9m oferece vagas para Arquiteto, Engenheiro Civil, Engenheiro El\u00e9trico, Assistente de Desenvolvimento de Alfabetiza\u00e7\u00e3o (ADA), Assistente de Desenvolvimento \u00e0 Inclus\u00e3o (ADI), Int\u00e9rprete Educacional de Libras e diversas especialidades de Professor para Educa\u00e7\u00e3o Infantil e Ensino Fundamental.<\/p>\n<p>A organiza\u00e7\u00e3o e execu\u00e7\u00e3o da sele\u00e7\u00e3o ficar\u00e1 a cargo do <strong>Instituto IGEDUC<\/strong>. Continue a leitura para conhecer todos os detalhes sobre inscri\u00e7\u00f5es, etapas de sele\u00e7\u00e3o e como acompanhar os resultados.<\/p>\n<h2>Inscri\u00e7\u00f5es<\/h2>\n<p>As <strong>inscri\u00e7\u00f5es est\u00e3o abertas<\/strong> e devem ser realizadas <strong>exclusivamente pela internet<\/strong>, por meio do Portal do Candidato do Instituto IGEDUC.<\/p>\n<p>O per\u00edodo de inscri\u00e7\u00e3o ocorre de <strong>28 de janeiro de 2026 a 08 de fevereiro de 2026<\/strong>, conforme cronograma estabelecido no Anexo I do edital.<\/p>\n<p>As <strong>taxas de inscri\u00e7\u00e3o<\/strong> s\u00e3o:<\/p>\n<ul>\n<li><strong>Fun\u00e7\u00f5es de N\u00edvel M\u00e9dio:<\/strong> R$ 57,00<\/li>\n<li><strong>Fun\u00e7\u00f5es de N\u00edvel Superior:<\/strong> R$ 67,00<\/li>\n<\/ul>\n<p>Para efetuar a inscri\u00e7\u00e3o, o candidato deve acessar o endere\u00e7o eletr\u00f4nico <strong>https:\/\/igeduc.selecao.net.br\/informacoes\/150\/<\/strong> ou o link disponibilizado na p\u00e1gina oficial do Munic\u00edpio de Goiana, preencher o formul\u00e1rio de inscri\u00e7\u00e3o e efetuar o pagamento da taxa correspondente \u00e0 fun\u00e7\u00e3o escolhida.<\/p>\n<p><strong>Aten\u00e7\u00e3o:<\/strong> \u00c9 vedada a transfer\u00eancia do valor pago para terceiros, para outra fun\u00e7\u00e3o ou para outro certame. Cada candidato poder\u00e1 se inscrever para apenas uma fun\u00e7\u00e3o.<\/p>\n<p>Recomenda-se a leitura integral do edital para verificar os procedimentos completos de inscri\u00e7\u00e3o, eventuais crit\u00e9rios de isen\u00e7\u00e3o da taxa e prazos espec\u00edficos para pagamento do boleto banc\u00e1rio.<\/p>\n<h2>Etapas e Provas<\/h2>\n<p>A Sele\u00e7\u00e3o P\u00fablica Simplificada ser\u00e1 composta por <strong>etapa \u00fanica<\/strong>, denominada <strong>Avalia\u00e7\u00e3o de T\u00edtulos, Forma\u00e7\u00e3o Educacional e Experi\u00eancia Profissional<\/strong>.<\/p>\n<p>Esta etapa possui car\u00e1ter <strong>classificat\u00f3rio e eliminat\u00f3rio<\/strong>, sendo aplicada a todos os candidatos inscritos, independentemente da fun\u00e7\u00e3o escolhida.<\/p>\n<p>A avalia\u00e7\u00e3o considerar\u00e1:<\/p>\n<ul>\n<li><strong>T\u00edtulos:<\/strong> certificados e diplomas de forma\u00e7\u00e3o acad\u00eamica<\/li>\n<li><strong>Forma\u00e7\u00e3o Educacional:<\/strong> escolaridade e qualifica\u00e7\u00f5es complementares<\/li>\n<li><strong>Experi\u00eancia Profissional:<\/strong> tempo de atua\u00e7\u00e3o comprovada na \u00e1rea<\/li>\n<\/ul>\n<p><strong>Importante:<\/strong> Por se tratar de sele\u00e7\u00e3o baseada exclusivamente em an\u00e1lise documental, <strong>n\u00e3o haver\u00e1 aplica\u00e7\u00e3o de prova objetiva, prova pr\u00e1tica ou qualquer outra avalia\u00e7\u00e3o presencial<\/strong>.<\/p>\n<p>Consulte o edital completo para conhecer os crit\u00e9rios de pontua\u00e7\u00e3o, documentos aceitos para comprova\u00e7\u00e3o, pontua\u00e7\u00e3o m\u00ednima para aprova\u00e7\u00e3o e demais detalhes sobre a avalia\u00e7\u00e3o.<\/p>\n<h2>Resultados e Gabarito<\/h2>\n<p>Os resultados da Sele\u00e7\u00e3o P\u00fablica Simplificada ser\u00e3o divulgados em <strong>listas classificat\u00f3rias espec\u00edficas por fun\u00e7\u00e3o<\/strong>, contemplando tanto os candidatos classificados quanto os eliminados, com indica\u00e7\u00e3o do motivo da elimina\u00e7\u00e3o, quando houver.<\/p>\n<p>A divulga\u00e7\u00e3o seguir\u00e1 as seguintes etapas:<\/p>\n<ul>\n<li><strong>Resultado Preliminar:<\/strong> lista inicial com a pontua\u00e7\u00e3o obtida por cada candidato<\/li>\n<li><strong>Resultado Definitivo:<\/strong> lista final ap\u00f3s an\u00e1lise de eventuais recursos<\/li>\n<li><strong>Homologa\u00e7\u00e3o:<\/strong> publica\u00e7\u00e3o oficial pelo Munic\u00edpio de Goiana na imprensa oficial, validando o resultado definitivo do certame<\/li>\n<\/ul>\n<p>Os candidatos devem acompanhar todas as publica\u00e7\u00f5es por meio do <strong>Portal do Candidato do Instituto IGEDUC<\/strong> (https:\/\/igeduc.selecao.net.br\/informacoes\/150\/) e da <strong>p\u00e1gina oficial do Munic\u00edpio de Goiana<\/strong>, al\u00e9m da <strong>imprensa oficial<\/strong> do munic\u00edpio.<\/p>\n<p>Consulte o edital para verificar a validade do processo seletivo e possibilidade de prorroga\u00e7\u00e3o.<\/p>\n<p><strong>Aten\u00e7\u00e3o:<\/strong> O acompanhamento das publica\u00e7\u00f5es oficiais, bem como o cumprimento de todos os prazos estabelecidos no cronograma, \u00e9 de <strong>responsabilidade exclusiva do candidato<\/strong>. N\u00e3o ser\u00e3o enviadas notifica\u00e7\u00f5es individuais sobre resultados ou convoca\u00e7\u00f5es.<\/p>\n","protected":false},"excerpt":{"rendered":"<p>Sel. Simplificada Pref. Goiana (PE) com edital publicado! Vagas p\/ ADI e Professor (M\u00e9dio\/Sup.). Inscri\u00e7\u00f5es a partir de 28\/01. Sal\u00e1rios at\u00e9 R$ 8.9k. Confira!<\/p>\n","protected":false},"author":7,"featured_media":277558,"comment_status":"open","ping_status":"open","sticky":false,"template":"","format":"standard","meta":{"_acf_changed":false,"_breakdance_hide_in_design_set":false,"_breakdance_tags":"","footnotes":""},"categories":[5,6433,141,6434,14,103,111,100,20,6871,116,23,25],"tags":[54],"_amplo":[],"destaque":[],"instituicoes":[],"class_list":["post-277559","post","type-post","status-publish","format-standard","has-post-thumbnail","hentry","category-arquitetura","category-biologia-licenciatura","category-educacao-artistica","category-educacao-fisica-licenciatura","category-engenharia","category-engenharia-eletrica","category-geografia","category-historia","category-letras","category-letras-ingles","category-matematica","category-nutricao","category-pedagogia","tag-pernambuco"],"acf":{"_tipo_vagas":"vagas","_numero_vagas":"","_quadro_vagas":"","_cargos":"diversos","_cargos_especificos":"","_salario_max":"R$ 8926.43","_abertura":"20260128","_encerramento":"20260208","_inscricoes":"https:\/\/igeduc.selecao.net.br\/informacoes\/150\/","_executora_concurso":"","_instituicao_concurso":[],"_link_adicional":null,"_anexos":null,"_produtos":null,"_vagas":"717 vagas + CR","_salario_min":"R$ 1621","_instituicao":"Prefeitura de Goiana","_edital":"https:\/\/www.agrobase.com.br\/concursos\/wp-content\/uploads\/sites\/4\/2026\/02\/edital-01-2026-prefeitura-de-goiana-pe.pdf","_anexos_edital":"https:\/\/www.agrobase.com.br\/concursos\/wp-content\/uploads\/sites\/4\/2026\/02\/anexos-edital-01-2026-prefeitura-de-goiana-pe.pdf","_fund_incompleto":"","_fund_completo":"","_medio":"<div>\r\n<table class=\"quadro\">\r\n<thead>\r\n<tr>\r\n<th class=\"hcargo\">Cargo<\/th>\r\n<th class=\"hvagas\">Vagas<\/th>\r\n<th class=\"hremuneracao\">Remunera\u00e7\u00e3o<\/th>\r\n<\/tr>\r\n<\/thead>\r\n    <tbody>\r\n      <td class=\"ccargos\">\r\n<span data-balloon-length=\"medium\" aria-label=\"Ensino M\u00e9dio completo na modalidade Normal\/Magist\u00e9rio.\" data-balloon-pos=\"up\">Assistente de Desenvolvimento de Alfabetiza\u00e7\u00e3o (ADA)<\/span><\/td>\r\n<td class=\"cvagas\">200 + CR<\/td>\r\n<td class=\"cremuneracao\">R$ 1.621,00 \/20 horas semanais<\/td>\r\n<\/tr><td class=\"ccargos\">\r\n<span data-balloon-length=\"medium\" aria-label=\"Ensino M\u00e9dio completo.\" data-balloon-pos=\"up\">Assistente de Desenvolvimento \u00e0 Inclus\u00e3o (ADI)<\/span><\/td>\r\n<td class=\"cvagas\">400 + CR<\/td>\r\n<td class=\"cremuneracao\">R$ 1.621,00 \/20 horas semanais<\/td>\r\n<\/tr><td class=\"ccargos\">\r\n<span data-balloon-length=\"medium\" aria-label=\"Ensino M\u00e9dio completo na modalidade Normal\/Magist\u00e9rio; certificado de curso de Int\u00e9rprete de Libras.\" data-balloon-pos=\"up\">Int\u00e9rprete Educacional de Libras<\/span><\/td>\r\n<td class=\"cvagas\">10 + CR<\/td>\r\n<td class=\"cremuneracao\">R$ 2.800,00 \/20 horas semanais<\/td>\r\n<\/tr><td class=\"ccargos\">\r\n<span data-balloon-length=\"medium\" aria-label=\"Ensino M\u00e9dio completo, acrescido de certificado de curso de Braille.\" data-balloon-pos=\"up\">Professor - Ensino Fundamental - Brailista<\/span><\/td>\r\n<td class=\"cvagas\">CR<\/td>\r\n<td class=\"cremuneracao\">R$ 3.228,06 \/150 horas mensais<\/td>\r\n<\/tr>\r\n    <\/tbody>\r\n  <\/table>\r\n<\/div>","_superior":"<div>\r\n<table class=\"quadro\">\r\n<thead>\r\n<tr>\r\n<th class=\"hcargo\">Cargo<\/th>\r\n<th class=\"hvagas\">Vagas<\/th>\r\n<th class=\"hremuneracao\">Remunera\u00e7\u00e3o<\/th>\r\n<\/tr>\r\n<\/thead>\r\n    <tbody>\r\n      <tr>\r\n<td class=\"ccargos\">\r\n<span data-balloon-length=\"medium\" aria-label=\"Gradua\u00e7\u00e3o em Arquitetura e Urbanismo; registro ativo no CAU.\" data-balloon-pos=\"up\">Arquiteto<\/span><\/td>\r\n<td class=\"cvagas\">06 + CR<\/td>\r\n<td class=\"cremuneracao\">R$ 8.926,43 \/40 horas semanais<\/td>\r\n<\/tr><tr>\r\n<td class=\"ccargos\">\r\n<span data-balloon-length=\"medium\" aria-label=\"Gradua\u00e7\u00e3o em Engenharia Civil; registro ativo no CREA.\" data-balloon-pos=\"up\">Engenheiro Civil<\/span><\/td>\r\n<td class=\"cvagas\">05 + CR<\/td>\r\n<td class=\"cremuneracao\">R$ 8.926,43 \/40 horas semanais<\/td>\r\n<\/tr><tr>\r\n<td class=\"ccargos\">\r\n<span data-balloon-length=\"medium\" aria-label=\"Gradua\u00e7\u00e3o em Engenharia El\u00e9trica; registro ativo no CREA.\" data-balloon-pos=\"up\">Engenheiro El\u00e9trico<\/span><\/td>\r\n<td class=\"cvagas\">01 + CR<\/td>\r\n<td class=\"cremuneracao\">R$ 8.926,43 \/40 horas semanais<\/td>\r\n<\/tr><tr>\r\n<td class=\"ccargos\">\r\n<span data-balloon-length=\"medium\" aria-label=\"Gradua\u00e7\u00e3o em Nutri\u00e7\u00e3o; registro ativo no CRN.\" data-balloon-pos=\"up\">Nutricionista<\/span><\/td>\r\n<td class=\"cvagas\">05 + CR<\/td>\r\n<td class=\"cremuneracao\">R$ 3.863,94 \/40 horas semanais<\/td>\r\n<\/tr><tr>\r\n<td class=\"ccargos\">\r\n<span data-balloon-length=\"medium\" aria-label=\"Licenciatura em Pedagogia.\" data-balloon-pos=\"up\">Professor - Educa\u00e7\u00e3o Infantil \/ Ensino Fundamental I<\/span><\/td>\r\n<td class=\"cvagas\">272 + CR<\/td>\r\n<td class=\"cremuneracao\">R$ 3.228,06 \/150 horas mensais<\/td>\r\n<\/tr><tr>\r\n<td class=\"ccargos\">\r\n<span data-balloon-length=\"medium\" aria-label=\"Licenciatura em Pedagogia ou em \u00e1rea afim, acrescida de especializa\u00e7\u00e3o.\" data-balloon-pos=\"up\">Professor - Ensino Fundamental - Atendimento Educacional Especializado (AEE)<\/span><\/td>\r\n<td class=\"cvagas\">CR<\/td>\r\n<td class=\"cremuneracao\">R$ 3.228,06 \/150 horas mensais<\/td>\r\n<\/tr><tr>\r\n<td class=\"ccargos\">\r\n<span data-balloon-length=\"medium\" aria-label=\"Licenciatura em Artes.\" data-balloon-pos=\"up\">Professor - Ensino Fundamental - Anos Finais - Arte<\/span><\/td>\r\n<td class=\"cvagas\">03 + CR<\/td>\r\n<td class=\"cremuneracao\">R$ 3.228,06 \/150 horas mensais<\/td>\r\n<\/tr><tr>\r\n<td class=\"ccargos\">\r\n<span data-balloon-length=\"medium\" aria-label=\"Licenciatura em Ci\u00eancias ou Ci\u00eancias Biol\u00f3gicas.\" data-balloon-pos=\"up\">Professor - Ensino Fundamental - Anos Finais - Ci\u00eancias<\/span><\/td>\r\n<td class=\"cvagas\">10 + CR<\/td>\r\n<td class=\"cremuneracao\">R$ 3.228,06 \/150 horas mensais<\/td>\r\n<\/tr><tr>\r\n<td class=\"ccargos\">\r\n<span data-balloon-length=\"medium\" aria-label=\"Licenciatura em Educa\u00e7\u00e3o F\u00edsica; registro no CREF.\" data-balloon-pos=\"up\">Professor - Ensino Fundamental - Anos Finais - Educa\u00e7\u00e3o F\u00edsica<\/span><\/td>\r\n<td class=\"cvagas\">10 + CR<\/td>\r\n<td class=\"cremuneracao\">R$ 3.228,06 \/150 horas mensais<\/td>\r\n<\/tr><tr>\r\n<td class=\"ccargos\">\r\n<span data-balloon-length=\"medium\" aria-label=\"Licenciatura em Geografia.\" data-balloon-pos=\"up\">Professor - Ensino Fundamental - Anos Finais - Geografia<\/span><\/td>\r\n<td class=\"cvagas\">15<\/td>\r\n<td class=\"cremuneracao\">R$ 3.228,06 \/150 horas mensais<\/td>\r\n<\/tr><tr>\r\n<td class=\"ccargos\">\r\n<span data-balloon-length=\"medium\" aria-label=\"Licenciatura em Hist\u00f3ria.\" data-balloon-pos=\"up\">Professor - Ensino Fundamental - Anos Finais - Hist\u00f3ria<\/span><\/td>\r\n<td class=\"cvagas\">15 + CR<\/td>\r\n<td class=\"cremuneracao\">R$ 3.228,06 \/150 horas mensais<\/td>\r\n<\/tr><tr>\r\n<td class=\"ccargos\">\r\n<span data-balloon-length=\"medium\" aria-label=\"Licenciatura em Letras - Ingl\u00eas.\" data-balloon-pos=\"up\">Professor - Ensino Fundamental - Anos Finais - Ingl\u00eas<\/span><\/td>\r\n<td class=\"cvagas\">04 + CR<\/td>\r\n<td class=\"cremuneracao\">R$ 3.228,06 \/150 horas mensais<\/td>\r\n<\/tr><tr>\r\n<td class=\"ccargos\">\r\n<span data-balloon-length=\"medium\" aria-label=\"Licenciatura em Letras-Libras ou Licenciatura em Libras.\" data-balloon-pos=\"up\">Professor - Ensino Fundamental - Anos Finais - Libras<\/span><\/td>\r\n<td class=\"cvagas\">CR<\/td>\r\n<td class=\"cremuneracao\">R$ 3.228,06 \/150 horas mensais<\/td>\r\n<\/tr><tr>\r\n<td class=\"ccargos\">\r\n<span data-balloon-length=\"medium\" aria-label=\"Licenciatura em Matem\u00e1tica.\" data-balloon-pos=\"up\">Professor - Ensino Fundamental - Anos Finais - Matem\u00e1tica<\/span><\/td>\r\n<td class=\"cvagas\">30 + CR<\/td>\r\n<td class=\"cremuneracao\">R$ 3.228,06 \/150 horas mensais<\/td>\r\n<\/tr><tr>\r\n<td class=\"ccargos\">\r\n<span data-balloon-length=\"medium\" aria-label=\"Licenciatura em Pedagogia.\" data-balloon-pos=\"up\">Professor - Ensino Fundamental - Anos Finais - Pedagogia<\/span><\/td>\r\n<td class=\"cvagas\">CR<\/td>\r\n<td class=\"cremuneracao\">R$ 3.228,06 \/150 horas mensais<\/td>\r\n<\/tr><tr>\r\n<td class=\"ccargos\">\r\n<span data-balloon-length=\"medium\" aria-label=\"Licenciatura em Letras - Portugu\u00eas.\" data-balloon-pos=\"up\">Professor - Ensino Fundamental - Anos Finais - Portugu\u00eas<\/span><\/td>\r\n<td class=\"cvagas\">35 + CR<\/td>\r\n<td class=\"cremuneracao\">R$ 3.228,06 \/150 horas mensais<\/td>\r\n<\/tr>\r\n    <\/tbody>\r\n  <\/table>\r\n<\/div>"},"_links":{"self":[{"href":"https:\/\/www.agrobase.com.br\/concursos\/wp-json\/wp\/v2\/posts\/277559","targetHints":{"allow":["GET"]}}],"collection":[{"href":"https:\/\/www.agrobase.com.br\/concursos\/wp-json\/wp\/v2\/posts"}],"about":[{"href":"https:\/\/www.agrobase.com.br\/concursos\/wp-json\/wp\/v2\/types\/post"}],"author":[{"embeddable":true,"href":"https:\/\/www.agrobase.com.br\/concursos\/wp-json\/wp\/v2\/users\/7"}],"replies":[{"embeddable":true,"href":"https:\/\/www.agrobase.com.br\/concursos\/wp-json\/wp\/v2\/comments?post=277559"}],"version-history":[{"count":1,"href":"https:\/\/www.agrobase.com.br\/concursos\/wp-json\/wp\/v2\/posts\/277559\/revisions"}],"predecessor-version":[{"id":277561,"href":"https:\/\/www.agrobase.com.br\/concursos\/wp-json\/wp\/v2\/posts\/277559\/revisions\/277561"}],"wp:featuredmedia":[{"embeddable":true,"href":"https:\/\/www.agrobase.com.br\/concursos\/wp-json\/wp\/v2\/media\/277558"}],"wp:attachment":[{"href":"https:\/\/www.agrobase.com.br\/concursos\/wp-json\/wp\/v2\/media?parent=277559"}],"wp:term":[{"taxonomy":"category","embeddable":true,"href":"https:\/\/www.agrobase.com.br\/concursos\/wp-json\/wp\/v2\/categories?post=277559"},{"taxonomy":"post_tag","embeddable":true,"href":"https:\/\/www.agrobase.com.br\/concursos\/wp-json\/wp\/v2\/tags?post=277559"},{"taxonomy":"_amplo","embeddable":true,"href":"https:\/\/www.agrobase.com.br\/concursos\/wp-json\/wp\/v2\/_amplo?post=277559"},{"taxonomy":"destaque","embeddable":true,"href":"https:\/\/www.agrobase.com.br\/concursos\/wp-json\/wp\/v2\/destaque?post=277559"},{"taxonomy":"instituicoes","embeddable":true,"href":"https:\/\/www.agrobase.com.br\/concursos\/wp-json\/wp\/v2\/instituicoes?post=277559"}],"curies":[{"name":"wp","href":"https:\/\/api.w.org\/{rel}","templated":true}]}}