{"id":277555,"date":"2026-02-03T07:20:50","date_gmt":"2026-02-03T10:20:50","guid":{"rendered":"https:\/\/www.agrobase.com.br\/concursos\/?p=277555"},"modified":"2026-02-02T11:20:02","modified_gmt":"2026-02-02T14:20:02","slug":"prefeitura-vitoria-es-selecao-simplificada-03-2026","status":"publish","type":"post","link":"https:\/\/www.agrobase.com.br\/concursos\/2026\/prefeitura-vitoria-es-selecao-simplificada-03-2026\/","title":{"rendered":"Prefeitura Vit\u00f3ria (ES) &#8211; Sele\u00e7\u00e3o Simplificada 03\/2026"},"content":{"rendered":"<h2>Informa\u00e7\u00f5es Gerais<\/h2>\n<p>A <strong>Prefeitura de Vit\u00f3ria<\/strong>, no Esp\u00edrito Santo, por meio da Secretaria de Gest\u00e3o e Planejamento (SEGES), abriu <strong>Processo Seletivo Simplificado<\/strong> em car\u00e1ter de urg\u00eancia para contrata\u00e7\u00e3o tempor\u00e1ria de profissionais da \u00e1rea da sa\u00fade. O certame visa atender \u00e0s necessidades de excepcional interesse p\u00fablico da Secretaria Municipal de Sa\u00fade (SEMUS), conforme autoriza\u00e7\u00e3o no Processo N\u00b0 10905018\/2025.<\/p>\n<p>S\u00e3o oferecidas <strong>04 vagas imediatas<\/strong>, al\u00e9m de forma\u00e7\u00e3o de <strong>cadastro reserva (CR)<\/strong>, exclusivamente para cargos de <strong>n\u00edvel superior<\/strong>. As oportunidades contemplam as fun\u00e7\u00f5es de Farmac\u00eautico (nas especialidades Bioqu\u00edmico e Farm\u00e1cia), Fisioterapeuta e <strong>Nutricionista<\/strong> \u2014 esta \u00faltima de especial interesse para profissionais da \u00e1rea de alimenta\u00e7\u00e3o e sa\u00fade.<\/p>\n<p>A remunera\u00e7\u00e3o varia de <strong>R$ 3.082,14 a R$ 4.109,52<\/strong>, com carga hor\u00e1ria de 30 a 40 horas semanais, conforme o cargo. A contrata\u00e7\u00e3o ser\u00e1 por tempo determinado, nos termos da Lei Municipal n.\u00ba 7.534\/2008.<\/p>\n<p>Continue a leitura para conhecer os detalhes sobre inscri\u00e7\u00f5es, etapas do processo e como acompanhar os resultados.<\/p>\n<h2>Inscri\u00e7\u00f5es<\/h2>\n<p>As <strong>inscri\u00e7\u00f5es est\u00e3o abertas<\/strong> e devem ser realizadas <strong>exclusivamente pela internet<\/strong>, por meio do site oficial da sele\u00e7\u00e3o.<\/p>\n<p>O per\u00edodo de inscri\u00e7\u00e3o vai das <strong>08h do dia 28 de janeiro de 2026<\/strong> at\u00e9 as <strong>23h59 do dia 06 de fevereiro de 2026<\/strong>, considerando o hor\u00e1rio oficial de Bras\u00edlia\/DF. O sistema permanecer\u00e1 dispon\u00edvel de forma ininterrupta durante todo o per\u00edodo.<\/p>\n<p><strong>Como se inscrever:<\/strong><\/p>\n<ul>\n<li>Acesse o endere\u00e7o eletr\u00f4nico <strong>selecao.vitoria.es.gov.br<\/strong><\/li>\n<li>Realize o login no sistema<\/li>\n<li>Preencha a Ficha de Inscri\u00e7\u00e3o Online com todos os dados solicitados<\/li>\n<\/ul>\n<p>O edital n\u00e3o menciona cobran\u00e7a de taxa de inscri\u00e7\u00e3o para este processo seletivo simplificado. Recomenda-se que o candidato acompanhe o status de sua inscri\u00e7\u00e3o diretamente na \u00e1rea restrita do sistema.<\/p>\n<p>Para garantir que sua inscri\u00e7\u00e3o seja efetivada corretamente e conhecer todos os requisitos exigidos para cada cargo, leia atentamente o edital completo antes de iniciar o preenchimento.<\/p>\n<h2>Etapas e Provas<\/h2>\n<p>O Processo Seletivo Simplificado da Prefeitura de Vit\u00f3ria ser\u00e1 realizado em <strong>duas etapas<\/strong>:<\/p>\n<ul>\n<li><strong>1\u00aa Etapa \u2013 Inscri\u00e7\u00e3o:<\/strong> Consiste no preenchimento da Ficha de Inscri\u00e7\u00e3o no site selecao.vitoria.es.gov.br. Possui <strong>car\u00e1ter classificat\u00f3rio<\/strong>, sendo avaliados os requisitos estabelecidos para cada cargo.<\/li>\n<li><strong>2\u00aa Etapa \u2013 Comprova\u00e7\u00e3o das Informa\u00e7\u00f5es e Documentos para Admiss\u00e3o:<\/strong> Os candidatos ser\u00e3o convocados para comprovar os requisitos para contrata\u00e7\u00e3o, o tempo de exerc\u00edcio profissional e a qualifica\u00e7\u00e3o profissional, al\u00e9m de apresentar a documenta\u00e7\u00e3o necess\u00e1ria para admiss\u00e3o. Esta etapa possui <strong>car\u00e1ter eliminat\u00f3rio e classificat\u00f3rio<\/strong>, podendo resultar na elimina\u00e7\u00e3o ou reclassifica\u00e7\u00e3o dos candidatos.<\/li>\n<\/ul>\n<p><strong>Crit\u00e9rios de pontua\u00e7\u00e3o da 2\u00aa Etapa:<\/strong><\/p>\n<ul>\n<li>Pontua\u00e7\u00e3o m\u00e1xima: <strong>100 pontos<\/strong><\/li>\n<li>Exerc\u00edcio Profissional: at\u00e9 <strong>60 pontos<\/strong><\/li>\n<li>Qualifica\u00e7\u00e3o Profissional: at\u00e9 <strong>40 pontos<\/strong><\/li>\n<\/ul>\n<p>O procedimento de entrega da documenta\u00e7\u00e3o ser\u00e1 definido no Edital de Convoca\u00e7\u00e3o espec\u00edfico. A 2\u00aa etapa ocorrer\u00e1 conforme a necessidade da Secretaria Municipal de Sa\u00fade.<\/p>\n<p>Consulte o edital completo para conhecer os crit\u00e9rios detalhados de pontua\u00e7\u00e3o para exerc\u00edcio e qualifica\u00e7\u00e3o profissional, bem como os documentos aceitos para comprova\u00e7\u00e3o.<\/p>\n<h2>Resultados e Gabarito<\/h2>\n<p>O <strong>Resultado Final<\/strong> do Processo Seletivo Simplificado ser\u00e1 calculado pelo somat\u00f3rio dos pontos obtidos nas avalia\u00e7\u00f5es de Exerc\u00edcio Profissional e Qualifica\u00e7\u00e3o Profissional.<\/p>\n<p>A listagem de classifica\u00e7\u00e3o dos candidatos aprovados ser\u00e1 divulgada em <strong>ordem decrescente<\/strong> de pontua\u00e7\u00e3o no site <strong>selecao.vitoria.es.gov.br<\/strong>.<\/p>\n<p><strong>Crit\u00e9rios de desempate:<\/strong><\/p>\n<ul>\n<li>1\u00ba) Maior pontua\u00e7\u00e3o na \u00e1rea de Exerc\u00edcio Profissional<\/li>\n<li>2\u00ba) Maior idade<\/li>\n<\/ul>\n<p>Os candidatos aprovados para vagas destinadas a pessoas com defici\u00eancia ser\u00e3o avaliados pelo m\u00e9dico do trabalho do Munic\u00edpio antes da homologa\u00e7\u00e3o, para fins de enquadramento quanto \u00e0 defici\u00eancia declarada.<\/p>\n<p><strong>Validade do processo seletivo:<\/strong> O certame ter\u00e1 validade de <strong>12 (doze) meses<\/strong>, contados a partir da data de homologa\u00e7\u00e3o do resultado final, podendo ser prorrogado a crit\u00e9rio do Munic\u00edpio de Vit\u00f3ria.<\/p>\n<p>\u00c9 de <strong>responsabilidade exclusiva do candidato<\/strong> acompanhar todas as publica\u00e7\u00f5es referentes a este processo seletivo no site oficial. Fique atento \u00e0s convoca\u00e7\u00f5es e aos prazos estabelecidos para n\u00e3o perder nenhuma etapa.<\/p>\n","protected":false},"excerpt":{"rendered":"<p>Inscri\u00e7\u00f5es abrem 28\/01! Sel. Simplificada Pref. Vit\u00f3ria (ES) p\/ Farmac\u00eautico e Fisioterapeuta (Superior). Sal\u00e1rios at\u00e9 R$4.1k. Prepare-se e veja o edital!<\/p>\n","protected":false},"author":7,"featured_media":277554,"comment_status":"open","ping_status":"open","sticky":false,"template":"","format":"standard","meta":{"_acf_changed":false,"_breakdance_hide_in_design_set":false,"_breakdance_tags":"","footnotes":""},"categories":[106,17,18,23],"tags":[45],"_amplo":[],"destaque":[],"instituicoes":[],"class_list":["post-277555","post","type-post","status-publish","format-standard","has-post-thumbnail","hentry","category-bioquimica","category-farmacia","category-fisioterapia","category-nutricao","tag-espirito-santo"],"acf":{"_tipo_vagas":"vagas","_numero_vagas":"","_quadro_vagas":"","_cargos":"diversos","_cargos_especificos":"","_salario_max":"R$ 4109.52","_abertura":"20260128","_encerramento":"20260206","_inscricoes":"http:\/\/selecao.vitoria.es.gov.br","_executora_concurso":"","_instituicao_concurso":[],"_link_adicional":null,"_anexos":null,"_produtos":null,"_vagas":"04 vagas + CR","_salario_min":"R$ 3082.14","_instituicao":"Prefeitura de Vit\u00f3ria","_edital":"https:\/\/www.agrobase.com.br\/concursos\/wp-content\/uploads\/sites\/4\/2026\/02\/edital-03-2026-prefeitura-de-vitoria-es.pdf","_anexos_edital":"","_fund_incompleto":"","_fund_completo":"","_medio":"","_superior":"<div>\r\n<table class=\"quadro\">\r\n<thead>\r\n<tr>\r\n<th class=\"hcargo\">Cargo<\/th>\r\n<th class=\"hvagas\">Vagas<\/th>\r\n<th class=\"hremuneracao\">Remunera\u00e7\u00e3o<\/th>\r\n<\/tr>\r\n<\/thead>\r\n    <tbody>\r\n      <tr>\r\n<td class=\"ccargos\">\r\n<span data-balloon-length=\"medium\" aria-label=\"Curso superior completo em Farm\u00e1cia (forma\u00e7\u00e3o generalista); Registro profissional; Experi\u00eancia m\u00ednima de 6 meses.\" data-balloon-pos=\"up\">Farmac\u00eautico - Bioqu\u00edmico<\/span><\/td>\r\n<td class=\"cvagas\">01 + CR<\/td>\r\n<td class=\"cremuneracao\">R$ 3.082,14 \/30h<\/td>\r\n<\/tr><tr>\r\n<td class=\"ccargos\">\r\n<span data-balloon-length=\"medium\" aria-label=\"Curso superior completo em Farm\u00e1cia; Registro profissional; Experi\u00eancia m\u00ednima de 6 meses.\" data-balloon-pos=\"up\">Farmac\u00eautico - Farm\u00e1cia<\/span><\/td>\r\n<td class=\"cvagas\">01 + CR<\/td>\r\n<td class=\"cremuneracao\">R$ 4.109,52 \/40h<\/td>\r\n<\/tr><tr>\r\n<td class=\"ccargos\">\r\n<span data-balloon-length=\"medium\" aria-label=\"Curso superior completo em Fisioterapia; Registro profissional; Experi\u00eancia m\u00ednima de 6 meses.\" data-balloon-pos=\"up\">Fisioterapeuta<\/span><\/td>\r\n<td class=\"cvagas\">01 + CR<\/td>\r\n<td class=\"cremuneracao\">R$ 3.082,14 \/30h<\/td>\r\n<\/tr><tr>\r\n<td class=\"ccargos\">\r\n<span data-balloon-length=\"medium\" aria-label=\"Ensino Superior Completo em Nutri\u00e7\u00e3o; Registro profissional.\" data-balloon-pos=\"up\">Nutricionista<\/span><\/td>\r\n<td class=\"cvagas\">01 + CR<\/td>\r\n<td class=\"cremuneracao\">R$ 4.109,52 \/40h<\/td>\r\n<\/tr>\r\n    <\/tbody>\r\n  <\/table>\r\n<\/div>"},"_links":{"self":[{"href":"https:\/\/www.agrobase.com.br\/concursos\/wp-json\/wp\/v2\/posts\/277555","targetHints":{"allow":["GET"]}}],"collection":[{"href":"https:\/\/www.agrobase.com.br\/concursos\/wp-json\/wp\/v2\/posts"}],"about":[{"href":"https:\/\/www.agrobase.com.br\/concursos\/wp-json\/wp\/v2\/types\/post"}],"author":[{"embeddable":true,"href":"https:\/\/www.agrobase.com.br\/concursos\/wp-json\/wp\/v2\/users\/7"}],"replies":[{"embeddable":true,"href":"https:\/\/www.agrobase.com.br\/concursos\/wp-json\/wp\/v2\/comments?post=277555"}],"version-history":[{"count":1,"href":"https:\/\/www.agrobase.com.br\/concursos\/wp-json\/wp\/v2\/posts\/277555\/revisions"}],"predecessor-version":[{"id":277557,"href":"https:\/\/www.agrobase.com.br\/concursos\/wp-json\/wp\/v2\/posts\/277555\/revisions\/277557"}],"wp:featuredmedia":[{"embeddable":true,"href":"https:\/\/www.agrobase.com.br\/concursos\/wp-json\/wp\/v2\/media\/277554"}],"wp:attachment":[{"href":"https:\/\/www.agrobase.com.br\/concursos\/wp-json\/wp\/v2\/media?parent=277555"}],"wp:term":[{"taxonomy":"category","embeddable":true,"href":"https:\/\/www.agrobase.com.br\/concursos\/wp-json\/wp\/v2\/categories?post=277555"},{"taxonomy":"post_tag","embeddable":true,"href":"https:\/\/www.agrobase.com.br\/concursos\/wp-json\/wp\/v2\/tags?post=277555"},{"taxonomy":"_amplo","embeddable":true,"href":"https:\/\/www.agrobase.com.br\/concursos\/wp-json\/wp\/v2\/_amplo?post=277555"},{"taxonomy":"destaque","embeddable":true,"href":"https:\/\/www.agrobase.com.br\/concursos\/wp-json\/wp\/v2\/destaque?post=277555"},{"taxonomy":"instituicoes","embeddable":true,"href":"https:\/\/www.agrobase.com.br\/concursos\/wp-json\/wp\/v2\/instituicoes?post=277555"}],"curies":[{"name":"wp","href":"https:\/\/api.w.org\/{rel}","templated":true}]}}